{"id":1092,"date":"2022-10-24T13:20:09","date_gmt":"2022-10-24T13:20:09","guid":{"rendered":"https:\/\/obispadoarica.cl\/home\/?p=1092"},"modified":"2025-03-08T20:53:29","modified_gmt":"2025-03-09T00:53:29","slug":"bendicion-de-oratorio-en-rgto-de-arica","status":"publish","type":"post","link":"https:\/\/obispadoarica.cl\/home\/bendicion-de-oratorio-en-rgto-de-arica\/","title":{"rendered":"BENDICI\u00d3N DE ORATORIO EN RGTO. DE ARICA"},"content":{"rendered":"\n\n\n<p>El pasado lunes 17 de octubre de 2022, se realiz\u00f3 la ceremonia de Bendici\u00f3n del Oratorio del Rgto. Log\u00edstico N\u00b06 Pisagua de Arica.<\/p>\n\n\n\n<p>La bendici\u00f3n fue realizada por el Obispo del lugar&nbsp;<strong>Mons. Mois\u00e9s Atisha<\/strong>, junto a la presencia del Cdte. De la Unidad, oficiales y personal.<\/p>\n\n\n\n<p>La iniciativa realizada por el capell\u00e1n de la Zona Militar,&nbsp;<strong>el P. Jorge Mardones<\/strong>&nbsp;y secundada por el personal a Cargo de la unidad militar.<\/p>\n\n\n\n<p><strong>Seg\u00fan nos se\u00f1al\u00f3 el capell\u00e1n:<\/strong><\/p>\n\n\n\n<p><em><strong>\u201ctiene como objeto brindar al personal de la Unidad, un lugar de encuentro con Dios, un lugar reservado para poder orar y celebrar la fe, un lugar donde acudir en los momentos de tristeza y dolor\u201d.<\/strong><\/em><\/p>\n\n\n\n<p><strong>Oratorio (Lugar de Oraci\u00f3n)<\/strong><\/p>\n\n\n\n<p>Como t\u00e9rmino general, oratorio (lat\u00edn, oratorium, de orare, orar) significa un lugar de oraci\u00f3n, pero t\u00e9cnicamente significa una estructura que no es una iglesia parroquial, separada por la autoridad eclesi\u00e1stica para la oraci\u00f3n y la celebraci\u00f3n de la Misa. Los oratorios parecen haberse originado a partir de las capillas erigidas sobre las tumbas de los primeros m\u00e1rtires, a donde los fieles acud\u00edan a orar, y tambi\u00e9n por la necesidad de tener un lugar de culto para la gente de las zonas rurales, cuando las iglesias estaban restringidas a las ciudades catedralicias. Tambi\u00e9n encontramos menciones tempranas de oratorios privados para la celebraci\u00f3n de la Misa por obispos, y posteriormente, de oratorios unidos a los conventos y a las residencias de algunos nobles. En la Iglesia Oriental, donde la organizaci\u00f3n parroquial no es tan completa ni tan r\u00edgida como en Occidente, los oratorios privados eran tan numerosos que constitu\u00edan un abuso. En la Iglesia Latina los oratorios se clasifican en (1) p\u00fablicos, (2) semip\u00fablicos y (3) privados.<\/p>\n\n\n\n<figure class=\"wp-block-image size-full\"><a href=\"https:\/\/obispadoarica.cl\/home\/wp-content\/uploads\/2022\/10\/fotoint2634f799b4acbc_18102022_1014pm.jpeg\"><img fetchpriority=\"high\" decoding=\"async\" width=\"600\" height=\"450\" src=\"https:\/\/obispadoarica.cl\/home\/wp-content\/uploads\/2022\/10\/fotoint2634f799b4acbc_18102022_1014pm.jpeg\" alt=\"\" class=\"wp-image-1095\" srcset=\"https:\/\/obispadoarica.cl\/home\/wp-content\/uploads\/2022\/10\/fotoint2634f799b4acbc_18102022_1014pm.jpeg 600w, https:\/\/obispadoarica.cl\/home\/wp-content\/uploads\/2022\/10\/fotoint2634f799b4acbc_18102022_1014pm-300x225.jpeg 300w\" sizes=\"(max-width: 600px) 100vw, 600px\" \/><\/a><\/figure>\n\n\n\n<p><strong>Oratorios Semip\u00fablicos<\/strong><\/p>\n\n\n\n<p>Son aquellos que, aunque erigidos en un edificio privado, est\u00e1n destinados para el uso de una comunidad. Tales son los oratorios de los seminarios, congregaciones piadosas, colegios, hospitales, unidades de las Fuerzas Armadas y Carabineros, prisiones o instituciones afines. Empero, si hay varios oratorios en un edificio, s\u00f3lo aquel en el que se conserve el Sant\u00edsimo Sacramento tiene los privilegios de un oratorio semip\u00fablico. Todos los oratorios semip\u00fablicos (cuya clasificaci\u00f3n incluye t\u00e9cnicamente a la capilla privada de un obispo) est\u00e1n en pie de igualdad con los oratorios p\u00fablicos en lo que concierne a la celebraci\u00f3n de la Misa.<\/p>\n\n\n\n<p>Los oratorios p\u00fablicos y semip\u00fablicos est\u00e1n por lo regular bajo el control de un obispo (el Obispo Castrense de Chile). La Congregaci\u00f3n de Ritos declar\u00f3 (23 enero 1899): \u00abEn aquellos (oratorios) en que, por la autoridad del ordinario, se puede ofrecer el santo Sacrificio de la Misa, as\u00ed tambi\u00e9n todos los ah\u00ed presentes pueden satisfacer de ese modo el precepto que obliga a los fieles a participar en la Misa en los d\u00edas prescritos\u00bb. El mismo decreto tambi\u00e9n da una definici\u00f3n oficial de los tres tipos de oratorios.<\/p>\n","protected":false},"excerpt":{"rendered":"<p>El pasado lunes 17 de octubre de 2022, se realiz\u00f3 la ceremonia de Bendici\u00f3n del Oratorio del Rgto. Log\u00edstico N\u00b06 Pisagua de Arica. La bendici\u00f3n fue realizada por el Obispo del lugar&nbsp;Mons. Mois\u00e9s Atisha, junto a la presencia del Cdte. De la Unidad, oficiales y personal. La iniciativa realizada por el capell\u00e1n de la Zona [&#8230;]\n","protected":false},"author":2,"featured_media":1096,"comment_status":"closed","ping_status":"open","sticky":false,"template":"","format":"standard","meta":{"footnotes":""},"categories":[7],"tags":[],"class_list":["post-1092","post","type-post","status-publish","format-standard","has-post-thumbnail","hentry","category-noticias"],"yoast_head":"<!-- This site is optimized with the Yoast SEO plugin v24.6 - https:\/\/yoast.com\/wordpress\/plugins\/seo\/ -->\n<title>BENDICI\u00d3N DE ORATORIO EN RGTO. DE ARICA - Obispado San Marcos de Arica<\/title>\n<meta name=\"robots\" content=\"index, follow, max-snippet:-1, max-image-preview:large, max-video-preview:-1\" \/>\n<link rel=\"canonical\" href=\"https:\/\/obispadoarica.cl\/home\/bendicion-de-oratorio-en-rgto-de-arica\/\" \/>\n<meta property=\"og:locale\" content=\"es_ES\" \/>\n<meta property=\"og:type\" content=\"article\" \/>\n<meta property=\"og:title\" content=\"BENDICI\u00d3N DE ORATORIO EN RGTO. DE ARICA - Obispado San Marcos de Arica\" \/>\n<meta property=\"og:description\" content=\"El pasado lunes 17 de octubre de 2022, se realiz\u00f3 la ceremonia de Bendici\u00f3n del Oratorio del Rgto. Log\u00edstico N\u00b06 Pisagua de Arica. La bendici\u00f3n fue realizada por el Obispo del lugar&nbsp;Mons. Mois\u00e9s Atisha, junto a la presencia del Cdte. De la Unidad, oficiales y personal. La iniciativa realizada por el capell\u00e1n de la Zona [...]\" \/>\n<meta property=\"og:url\" content=\"https:\/\/obispadoarica.cl\/home\/bendicion-de-oratorio-en-rgto-de-arica\/\" \/>\n<meta property=\"og:site_name\" content=\"Obispado San Marcos de Arica\" \/>\n<meta property=\"article:published_time\" content=\"2022-10-24T13:20:09+00:00\" \/>\n<meta property=\"article:modified_time\" content=\"2025-03-09T00:53:29+00:00\" \/>\n<meta property=\"og:image\" content=\"https:\/\/obispadoarica.cl\/home\/wp-content\/uploads\/2022\/10\/fotoportada634f799b4acb9_18102022_1014pm.jpeg\" \/>\n\t<meta property=\"og:image:width\" content=\"600\" \/>\n\t<meta property=\"og:image:height\" content=\"450\" \/>\n\t<meta property=\"og:image:type\" content=\"image\/jpeg\" \/>\n<meta name=\"author\" content=\"Obispado de Arica\" \/>\n<meta name=\"twitter:card\" content=\"summary_large_image\" \/>\n<meta name=\"twitter:label1\" content=\"Escrito por\" \/>\n\t<meta name=\"twitter:data1\" content=\"Obispado de Arica\" \/>\n\t<meta name=\"twitter:label2\" content=\"Tiempo de lectura\" \/>\n\t<meta name=\"twitter:data2\" content=\"3 minutos\" \/>\n<script type=\"application\/ld+json\" class=\"yoast-schema-graph\">{\"@context\":\"https:\/\/schema.org\",\"@graph\":[{\"@type\":\"WebPage\",\"@id\":\"https:\/\/obispadoarica.cl\/home\/bendicion-de-oratorio-en-rgto-de-arica\/\",\"url\":\"https:\/\/obispadoarica.cl\/home\/bendicion-de-oratorio-en-rgto-de-arica\/\",\"name\":\"BENDICI\u00d3N DE ORATORIO EN RGTO. DE ARICA - Obispado San Marcos de Arica\",\"isPartOf\":{\"@id\":\"https:\/\/obispadoarica.cl\/home\/#website\"},\"primaryImageOfPage\":{\"@id\":\"https:\/\/obispadoarica.cl\/home\/bendicion-de-oratorio-en-rgto-de-arica\/#primaryimage\"},\"image\":{\"@id\":\"https:\/\/obispadoarica.cl\/home\/bendicion-de-oratorio-en-rgto-de-arica\/#primaryimage\"},\"thumbnailUrl\":\"https:\/\/obispadoarica.cl\/home\/wp-content\/uploads\/2022\/10\/fotoportada634f799b4acb9_18102022_1014pm.jpeg\",\"datePublished\":\"2022-10-24T13:20:09+00:00\",\"dateModified\":\"2025-03-09T00:53:29+00:00\",\"author\":{\"@id\":\"https:\/\/obispadoarica.cl\/home\/#\/schema\/person\/1a8f4c2a3418412187dff039ecf9d97e\"},\"breadcrumb\":{\"@id\":\"https:\/\/obispadoarica.cl\/home\/bendicion-de-oratorio-en-rgto-de-arica\/#breadcrumb\"},\"inLanguage\":\"es\",\"potentialAction\":[{\"@type\":\"ReadAction\",\"target\":[\"https:\/\/obispadoarica.cl\/home\/bendicion-de-oratorio-en-rgto-de-arica\/\"]}]},{\"@type\":\"ImageObject\",\"inLanguage\":\"es\",\"@id\":\"https:\/\/obispadoarica.cl\/home\/bendicion-de-oratorio-en-rgto-de-arica\/#primaryimage\",\"url\":\"https:\/\/obispadoarica.cl\/home\/wp-content\/uploads\/2022\/10\/fotoportada634f799b4acb9_18102022_1014pm.jpeg\",\"contentUrl\":\"https:\/\/obispadoarica.cl\/home\/wp-content\/uploads\/2022\/10\/fotoportada634f799b4acb9_18102022_1014pm.jpeg\",\"width\":600,\"height\":450},{\"@type\":\"BreadcrumbList\",\"@id\":\"https:\/\/obispadoarica.cl\/home\/bendicion-de-oratorio-en-rgto-de-arica\/#breadcrumb\",\"itemListElement\":[{\"@type\":\"ListItem\",\"position\":1,\"name\":\"Portada\",\"item\":\"https:\/\/obispadoarica.cl\/home\/\"},{\"@type\":\"ListItem\",\"position\":2,\"name\":\"BENDICI\u00d3N DE ORATORIO EN RGTO. DE ARICA\"}]},{\"@type\":\"WebSite\",\"@id\":\"https:\/\/obispadoarica.cl\/home\/#website\",\"url\":\"https:\/\/obispadoarica.cl\/home\/\",\"name\":\"Obispado San Marcos de Arica\",\"description\":\"Di\u00f3cesis San Marcos de Arica\",\"potentialAction\":[{\"@type\":\"SearchAction\",\"target\":{\"@type\":\"EntryPoint\",\"urlTemplate\":\"https:\/\/obispadoarica.cl\/home\/?s={search_term_string}\"},\"query-input\":{\"@type\":\"PropertyValueSpecification\",\"valueRequired\":true,\"valueName\":\"search_term_string\"}}],\"inLanguage\":\"es\"},{\"@type\":\"Person\",\"@id\":\"https:\/\/obispadoarica.cl\/home\/#\/schema\/person\/1a8f4c2a3418412187dff039ecf9d97e\",\"name\":\"Obispado de Arica\",\"image\":{\"@type\":\"ImageObject\",\"inLanguage\":\"es\",\"@id\":\"https:\/\/obispadoarica.cl\/home\/#\/schema\/person\/image\/\",\"url\":\"https:\/\/secure.gravatar.com\/avatar\/c75d5ceafb11502016ed664658884b0b1b183fa6f96260878f47ac58f950c8d9?s=96&d=mm&r=g\",\"contentUrl\":\"https:\/\/secure.gravatar.com\/avatar\/c75d5ceafb11502016ed664658884b0b1b183fa6f96260878f47ac58f950c8d9?s=96&d=mm&r=g\",\"caption\":\"Obispado de Arica\"},\"url\":\"https:\/\/obispadoarica.cl\/home\/author\/c1300590\/\"}]}<\/script>\n<!-- \/ Yoast SEO plugin. -->","yoast_head_json":{"title":"BENDICI\u00d3N DE ORATORIO EN RGTO. DE ARICA - Obispado San Marcos de Arica","robots":{"index":"index","follow":"follow","max-snippet":"max-snippet:-1","max-image-preview":"max-image-preview:large","max-video-preview":"max-video-preview:-1"},"canonical":"https:\/\/obispadoarica.cl\/home\/bendicion-de-oratorio-en-rgto-de-arica\/","og_locale":"es_ES","og_type":"article","og_title":"BENDICI\u00d3N DE ORATORIO EN RGTO. DE ARICA - Obispado San Marcos de Arica","og_description":"El pasado lunes 17 de octubre de 2022, se realiz\u00f3 la ceremonia de Bendici\u00f3n del Oratorio del Rgto. Log\u00edstico N\u00b06 Pisagua de Arica. La bendici\u00f3n fue realizada por el Obispo del lugar&nbsp;Mons. Mois\u00e9s Atisha, junto a la presencia del Cdte. De la Unidad, oficiales y personal. La iniciativa realizada por el capell\u00e1n de la Zona [...]","og_url":"https:\/\/obispadoarica.cl\/home\/bendicion-de-oratorio-en-rgto-de-arica\/","og_site_name":"Obispado San Marcos de Arica","article_published_time":"2022-10-24T13:20:09+00:00","article_modified_time":"2025-03-09T00:53:29+00:00","og_image":[{"width":600,"height":450,"url":"https:\/\/obispadoarica.cl\/home\/wp-content\/uploads\/2022\/10\/fotoportada634f799b4acb9_18102022_1014pm.jpeg","type":"image\/jpeg"}],"author":"Obispado de Arica","twitter_card":"summary_large_image","twitter_misc":{"Escrito por":"Obispado de Arica","Tiempo de lectura":"3 minutos"},"schema":{"@context":"https:\/\/schema.org","@graph":[{"@type":"WebPage","@id":"https:\/\/obispadoarica.cl\/home\/bendicion-de-oratorio-en-rgto-de-arica\/","url":"https:\/\/obispadoarica.cl\/home\/bendicion-de-oratorio-en-rgto-de-arica\/","name":"BENDICI\u00d3N DE ORATORIO EN RGTO. DE ARICA - Obispado San Marcos de Arica","isPartOf":{"@id":"https:\/\/obispadoarica.cl\/home\/#website"},"primaryImageOfPage":{"@id":"https:\/\/obispadoarica.cl\/home\/bendicion-de-oratorio-en-rgto-de-arica\/#primaryimage"},"image":{"@id":"https:\/\/obispadoarica.cl\/home\/bendicion-de-oratorio-en-rgto-de-arica\/#primaryimage"},"thumbnailUrl":"https:\/\/obispadoarica.cl\/home\/wp-content\/uploads\/2022\/10\/fotoportada634f799b4acb9_18102022_1014pm.jpeg","datePublished":"2022-10-24T13:20:09+00:00","dateModified":"2025-03-09T00:53:29+00:00","author":{"@id":"https:\/\/obispadoarica.cl\/home\/#\/schema\/person\/1a8f4c2a3418412187dff039ecf9d97e"},"breadcrumb":{"@id":"https:\/\/obispadoarica.cl\/home\/bendicion-de-oratorio-en-rgto-de-arica\/#breadcrumb"},"inLanguage":"es","potentialAction":[{"@type":"ReadAction","target":["https:\/\/obispadoarica.cl\/home\/bendicion-de-oratorio-en-rgto-de-arica\/"]}]},{"@type":"ImageObject","inLanguage":"es","@id":"https:\/\/obispadoarica.cl\/home\/bendicion-de-oratorio-en-rgto-de-arica\/#primaryimage","url":"https:\/\/obispadoarica.cl\/home\/wp-content\/uploads\/2022\/10\/fotoportada634f799b4acb9_18102022_1014pm.jpeg","contentUrl":"https:\/\/obispadoarica.cl\/home\/wp-content\/uploads\/2022\/10\/fotoportada634f799b4acb9_18102022_1014pm.jpeg","width":600,"height":450},{"@type":"BreadcrumbList","@id":"https:\/\/obispadoarica.cl\/home\/bendicion-de-oratorio-en-rgto-de-arica\/#breadcrumb","itemListElement":[{"@type":"ListItem","position":1,"name":"Portada","item":"https:\/\/obispadoarica.cl\/home\/"},{"@type":"ListItem","position":2,"name":"BENDICI\u00d3N DE ORATORIO EN RGTO. DE ARICA"}]},{"@type":"WebSite","@id":"https:\/\/obispadoarica.cl\/home\/#website","url":"https:\/\/obispadoarica.cl\/home\/","name":"Obispado San Marcos de Arica","description":"Di\u00f3cesis San Marcos de Arica","potentialAction":[{"@type":"SearchAction","target":{"@type":"EntryPoint","urlTemplate":"https:\/\/obispadoarica.cl\/home\/?s={search_term_string}"},"query-input":{"@type":"PropertyValueSpecification","valueRequired":true,"valueName":"search_term_string"}}],"inLanguage":"es"},{"@type":"Person","@id":"https:\/\/obispadoarica.cl\/home\/#\/schema\/person\/1a8f4c2a3418412187dff039ecf9d97e","name":"Obispado de Arica","image":{"@type":"ImageObject","inLanguage":"es","@id":"https:\/\/obispadoarica.cl\/home\/#\/schema\/person\/image\/","url":"https:\/\/secure.gravatar.com\/avatar\/c75d5ceafb11502016ed664658884b0b1b183fa6f96260878f47ac58f950c8d9?s=96&d=mm&r=g","contentUrl":"https:\/\/secure.gravatar.com\/avatar\/c75d5ceafb11502016ed664658884b0b1b183fa6f96260878f47ac58f950c8d9?s=96&d=mm&r=g","caption":"Obispado de Arica"},"url":"https:\/\/obispadoarica.cl\/home\/author\/c1300590\/"}]}},"_links":{"self":[{"href":"https:\/\/obispadoarica.cl\/home\/wp-json\/wp\/v2\/posts\/1092","targetHints":{"allow":["GET"]}}],"collection":[{"href":"https:\/\/obispadoarica.cl\/home\/wp-json\/wp\/v2\/posts"}],"about":[{"href":"https:\/\/obispadoarica.cl\/home\/wp-json\/wp\/v2\/types\/post"}],"author":[{"embeddable":true,"href":"https:\/\/obispadoarica.cl\/home\/wp-json\/wp\/v2\/users\/2"}],"replies":[{"embeddable":true,"href":"https:\/\/obispadoarica.cl\/home\/wp-json\/wp\/v2\/comments?post=1092"}],"version-history":[{"count":2,"href":"https:\/\/obispadoarica.cl\/home\/wp-json\/wp\/v2\/posts\/1092\/revisions"}],"predecessor-version":[{"id":1097,"href":"https:\/\/obispadoarica.cl\/home\/wp-json\/wp\/v2\/posts\/1092\/revisions\/1097"}],"wp:featuredmedia":[{"embeddable":true,"href":"https:\/\/obispadoarica.cl\/home\/wp-json\/wp\/v2\/media\/1096"}],"wp:attachment":[{"href":"https:\/\/obispadoarica.cl\/home\/wp-json\/wp\/v2\/media?parent=1092"}],"wp:term":[{"taxonomy":"category","embeddable":true,"href":"https:\/\/obispadoarica.cl\/home\/wp-json\/wp\/v2\/categories?post=1092"},{"taxonomy":"post_tag","embeddable":true,"href":"https:\/\/obispadoarica.cl\/home\/wp-json\/wp\/v2\/tags?post=1092"}],"curies":[{"name":"wp","href":"https:\/\/api.w.org\/{rel}","templated":true}]}}