{"id":1101,"date":"2022-10-26T20:26:00","date_gmt":"2022-10-26T20:26:00","guid":{"rendered":"https:\/\/obispadoarica.cl\/home\/?p=1101"},"modified":"2025-03-08T20:53:29","modified_gmt":"2025-03-09T00:53:29","slug":"infancia-y-adolescencia-misionera","status":"publish","type":"post","link":"https:\/\/obispadoarica.cl\/home\/infancia-y-adolescencia-misionera\/","title":{"rendered":"Infancia y Adolescencia Misionera"},"content":{"rendered":"\n\n\n<p>Con la Santa Misa en la Catedral, Mons. Mois\u00e9s Atisha junto a miembros de la infancia misionera celebraron el D\u00eda de la Misi\u00f3n Universal bajo el lema \u201cSer\u00e1n mis testigos\u201d. Reconociendo los frutos de la fe que se va forjando como semilla en nuestras vidas, mencionada el Obispo. Signo significativo de la evangelizaci\u00f3n de ni\u00f1os a trav\u00e9s de los ni\u00f1os para nuestra mundo.<\/p>\n\n\n\n<figure class=\"wp-block-gallery has-nested-images columns-default is-cropped wp-block-gallery-1 is-layout-flex wp-block-gallery-is-layout-flex\">\n<figure class=\"wp-block-image size-large\"><a href=\"https:\/\/obispadoarica.cl\/home\/wp-content\/uploads\/2022\/10\/311775423_5387572981340244_6790756332428583466_n.jpeg\"><img fetchpriority=\"high\" decoding=\"async\" width=\"1024\" height=\"768\" data-id=\"1105\" src=\"https:\/\/obispadoarica.cl\/home\/wp-content\/uploads\/2022\/10\/311775423_5387572981340244_6790756332428583466_n-1024x768.jpeg\" alt=\"\" class=\"wp-image-1105\" srcset=\"https:\/\/obispadoarica.cl\/home\/wp-content\/uploads\/2022\/10\/311775423_5387572981340244_6790756332428583466_n-1024x768.jpeg 1024w, https:\/\/obispadoarica.cl\/home\/wp-content\/uploads\/2022\/10\/311775423_5387572981340244_6790756332428583466_n-300x225.jpeg 300w, https:\/\/obispadoarica.cl\/home\/wp-content\/uploads\/2022\/10\/311775423_5387572981340244_6790756332428583466_n-768x576.jpeg 768w, https:\/\/obispadoarica.cl\/home\/wp-content\/uploads\/2022\/10\/311775423_5387572981340244_6790756332428583466_n-1536x1152.jpeg 1536w, https:\/\/obispadoarica.cl\/home\/wp-content\/uploads\/2022\/10\/311775423_5387572981340244_6790756332428583466_n.jpeg 2048w\" sizes=\"(max-width: 1024px) 100vw, 1024px\" \/><\/a><\/figure>\n\n\n\n<figure class=\"wp-block-image size-large\"><a href=\"https:\/\/obispadoarica.cl\/home\/wp-content\/uploads\/2022\/10\/312146574_5387589871338555_7291662252586694167_n.jpeg\"><img decoding=\"async\" width=\"1024\" height=\"768\" data-id=\"1107\" src=\"https:\/\/obispadoarica.cl\/home\/wp-content\/uploads\/2022\/10\/312146574_5387589871338555_7291662252586694167_n-1024x768.jpeg\" alt=\"\" class=\"wp-image-1107\" srcset=\"https:\/\/obispadoarica.cl\/home\/wp-content\/uploads\/2022\/10\/312146574_5387589871338555_7291662252586694167_n-1024x768.jpeg 1024w, https:\/\/obispadoarica.cl\/home\/wp-content\/uploads\/2022\/10\/312146574_5387589871338555_7291662252586694167_n-300x225.jpeg 300w, https:\/\/obispadoarica.cl\/home\/wp-content\/uploads\/2022\/10\/312146574_5387589871338555_7291662252586694167_n-768x576.jpeg 768w, https:\/\/obispadoarica.cl\/home\/wp-content\/uploads\/2022\/10\/312146574_5387589871338555_7291662252586694167_n-1536x1152.jpeg 1536w, https:\/\/obispadoarica.cl\/home\/wp-content\/uploads\/2022\/10\/312146574_5387589871338555_7291662252586694167_n.jpeg 2048w\" sizes=\"(max-width: 1024px) 100vw, 1024px\" \/><\/a><\/figure>\n<\/figure>\n","protected":false},"excerpt":{"rendered":"<p>Con la Santa Misa en la Catedral, Mons. Mois\u00e9s Atisha junto a miembros de la infancia misionera celebraron el D\u00eda de la Misi\u00f3n Universal bajo el lema \u201cSer\u00e1n mis testigos\u201d. Reconociendo los frutos de la fe que se va forjando como semilla en nuestras vidas, mencionada el Obispo. Signo significativo de la evangelizaci\u00f3n de ni\u00f1os [&#8230;]\n","protected":false},"author":2,"featured_media":1103,"comment_status":"closed","ping_status":"open","sticky":false,"template":"","format":"standard","meta":{"footnotes":""},"categories":[7],"tags":[],"class_list":["post-1101","post","type-post","status-publish","format-standard","has-post-thumbnail","hentry","category-noticias"],"yoast_head":"<!-- This site is optimized with the Yoast SEO plugin v24.6 - https:\/\/yoast.com\/wordpress\/plugins\/seo\/ -->\n<title>Infancia y Adolescencia Misionera - Obispado San Marcos de Arica<\/title>\n<meta name=\"robots\" content=\"index, follow, max-snippet:-1, max-image-preview:large, max-video-preview:-1\" \/>\n<link rel=\"canonical\" href=\"https:\/\/obispadoarica.cl\/home\/infancia-y-adolescencia-misionera\/\" \/>\n<meta property=\"og:locale\" content=\"es_ES\" \/>\n<meta property=\"og:type\" content=\"article\" \/>\n<meta property=\"og:title\" content=\"Infancia y Adolescencia Misionera - Obispado San Marcos de Arica\" \/>\n<meta property=\"og:description\" content=\"Con la Santa Misa en la Catedral, Mons. Mois\u00e9s Atisha junto a miembros de la infancia misionera celebraron el D\u00eda de la Misi\u00f3n Universal bajo el lema \u201cSer\u00e1n mis testigos\u201d. Reconociendo los frutos de la fe que se va forjando como semilla en nuestras vidas, mencionada el Obispo. Signo significativo de la evangelizaci\u00f3n de ni\u00f1os [...]\" \/>\n<meta property=\"og:url\" content=\"https:\/\/obispadoarica.cl\/home\/infancia-y-adolescencia-misionera\/\" \/>\n<meta property=\"og:site_name\" content=\"Obispado San Marcos de Arica\" \/>\n<meta property=\"article:published_time\" content=\"2022-10-26T20:26:00+00:00\" \/>\n<meta property=\"article:modified_time\" content=\"2025-03-09T00:53:29+00:00\" \/>\n<meta property=\"og:image\" content=\"https:\/\/obispadoarica.cl\/home\/wp-content\/uploads\/2022\/10\/311589492_5387571001340442_1073210001291154702_n.jpeg\" \/>\n\t<meta property=\"og:image:width\" content=\"2048\" \/>\n\t<meta property=\"og:image:height\" content=\"1536\" \/>\n\t<meta property=\"og:image:type\" content=\"image\/jpeg\" \/>\n<meta name=\"author\" content=\"Obispado de Arica\" \/>\n<meta name=\"twitter:card\" content=\"summary_large_image\" \/>\n<meta name=\"twitter:label1\" content=\"Escrito por\" \/>\n\t<meta name=\"twitter:data1\" content=\"Obispado de Arica\" \/>\n\t<meta name=\"twitter:label2\" content=\"Tiempo de lectura\" \/>\n\t<meta name=\"twitter:data2\" content=\"1 minuto\" \/>\n<script type=\"application\/ld+json\" class=\"yoast-schema-graph\">{\"@context\":\"https:\/\/schema.org\",\"@graph\":[{\"@type\":\"WebPage\",\"@id\":\"https:\/\/obispadoarica.cl\/home\/infancia-y-adolescencia-misionera\/\",\"url\":\"https:\/\/obispadoarica.cl\/home\/infancia-y-adolescencia-misionera\/\",\"name\":\"Infancia y Adolescencia Misionera - Obispado San Marcos de Arica\",\"isPartOf\":{\"@id\":\"https:\/\/obispadoarica.cl\/home\/#website\"},\"primaryImageOfPage\":{\"@id\":\"https:\/\/obispadoarica.cl\/home\/infancia-y-adolescencia-misionera\/#primaryimage\"},\"image\":{\"@id\":\"https:\/\/obispadoarica.cl\/home\/infancia-y-adolescencia-misionera\/#primaryimage\"},\"thumbnailUrl\":\"https:\/\/obispadoarica.cl\/home\/wp-content\/uploads\/2022\/10\/311589492_5387571001340442_1073210001291154702_n.jpeg\",\"datePublished\":\"2022-10-26T20:26:00+00:00\",\"dateModified\":\"2025-03-09T00:53:29+00:00\",\"author\":{\"@id\":\"https:\/\/obispadoarica.cl\/home\/#\/schema\/person\/1a8f4c2a3418412187dff039ecf9d97e\"},\"breadcrumb\":{\"@id\":\"https:\/\/obispadoarica.cl\/home\/infancia-y-adolescencia-misionera\/#breadcrumb\"},\"inLanguage\":\"es\",\"potentialAction\":[{\"@type\":\"ReadAction\",\"target\":[\"https:\/\/obispadoarica.cl\/home\/infancia-y-adolescencia-misionera\/\"]}]},{\"@type\":\"ImageObject\",\"inLanguage\":\"es\",\"@id\":\"https:\/\/obispadoarica.cl\/home\/infancia-y-adolescencia-misionera\/#primaryimage\",\"url\":\"https:\/\/obispadoarica.cl\/home\/wp-content\/uploads\/2022\/10\/311589492_5387571001340442_1073210001291154702_n.jpeg\",\"contentUrl\":\"https:\/\/obispadoarica.cl\/home\/wp-content\/uploads\/2022\/10\/311589492_5387571001340442_1073210001291154702_n.jpeg\",\"width\":2048,\"height\":1536},{\"@type\":\"BreadcrumbList\",\"@id\":\"https:\/\/obispadoarica.cl\/home\/infancia-y-adolescencia-misionera\/#breadcrumb\",\"itemListElement\":[{\"@type\":\"ListItem\",\"position\":1,\"name\":\"Portada\",\"item\":\"https:\/\/obispadoarica.cl\/home\/\"},{\"@type\":\"ListItem\",\"position\":2,\"name\":\"Infancia y Adolescencia Misionera\"}]},{\"@type\":\"WebSite\",\"@id\":\"https:\/\/obispadoarica.cl\/home\/#website\",\"url\":\"https:\/\/obispadoarica.cl\/home\/\",\"name\":\"Obispado San Marcos de Arica\",\"description\":\"Di\u00f3cesis San Marcos de Arica\",\"potentialAction\":[{\"@type\":\"SearchAction\",\"target\":{\"@type\":\"EntryPoint\",\"urlTemplate\":\"https:\/\/obispadoarica.cl\/home\/?s={search_term_string}\"},\"query-input\":{\"@type\":\"PropertyValueSpecification\",\"valueRequired\":true,\"valueName\":\"search_term_string\"}}],\"inLanguage\":\"es\"},{\"@type\":\"Person\",\"@id\":\"https:\/\/obispadoarica.cl\/home\/#\/schema\/person\/1a8f4c2a3418412187dff039ecf9d97e\",\"name\":\"Obispado de Arica\",\"image\":{\"@type\":\"ImageObject\",\"inLanguage\":\"es\",\"@id\":\"https:\/\/obispadoarica.cl\/home\/#\/schema\/person\/image\/\",\"url\":\"https:\/\/secure.gravatar.com\/avatar\/c75d5ceafb11502016ed664658884b0b1b183fa6f96260878f47ac58f950c8d9?s=96&d=mm&r=g\",\"contentUrl\":\"https:\/\/secure.gravatar.com\/avatar\/c75d5ceafb11502016ed664658884b0b1b183fa6f96260878f47ac58f950c8d9?s=96&d=mm&r=g\",\"caption\":\"Obispado de Arica\"},\"url\":\"https:\/\/obispadoarica.cl\/home\/author\/c1300590\/\"}]}<\/script>\n<!-- \/ Yoast SEO plugin. -->","yoast_head_json":{"title":"Infancia y Adolescencia Misionera - Obispado San Marcos de Arica","robots":{"index":"index","follow":"follow","max-snippet":"max-snippet:-1","max-image-preview":"max-image-preview:large","max-video-preview":"max-video-preview:-1"},"canonical":"https:\/\/obispadoarica.cl\/home\/infancia-y-adolescencia-misionera\/","og_locale":"es_ES","og_type":"article","og_title":"Infancia y Adolescencia Misionera - Obispado San Marcos de Arica","og_description":"Con la Santa Misa en la Catedral, Mons. Mois\u00e9s Atisha junto a miembros de la infancia misionera celebraron el D\u00eda de la Misi\u00f3n Universal bajo el lema \u201cSer\u00e1n mis testigos\u201d. Reconociendo los frutos de la fe que se va forjando como semilla en nuestras vidas, mencionada el Obispo. Signo significativo de la evangelizaci\u00f3n de ni\u00f1os [...]","og_url":"https:\/\/obispadoarica.cl\/home\/infancia-y-adolescencia-misionera\/","og_site_name":"Obispado San Marcos de Arica","article_published_time":"2022-10-26T20:26:00+00:00","article_modified_time":"2025-03-09T00:53:29+00:00","og_image":[{"width":2048,"height":1536,"url":"https:\/\/obispadoarica.cl\/home\/wp-content\/uploads\/2022\/10\/311589492_5387571001340442_1073210001291154702_n.jpeg","type":"image\/jpeg"}],"author":"Obispado de Arica","twitter_card":"summary_large_image","twitter_misc":{"Escrito por":"Obispado de Arica","Tiempo de lectura":"1 minuto"},"schema":{"@context":"https:\/\/schema.org","@graph":[{"@type":"WebPage","@id":"https:\/\/obispadoarica.cl\/home\/infancia-y-adolescencia-misionera\/","url":"https:\/\/obispadoarica.cl\/home\/infancia-y-adolescencia-misionera\/","name":"Infancia y Adolescencia Misionera - Obispado San Marcos de Arica","isPartOf":{"@id":"https:\/\/obispadoarica.cl\/home\/#website"},"primaryImageOfPage":{"@id":"https:\/\/obispadoarica.cl\/home\/infancia-y-adolescencia-misionera\/#primaryimage"},"image":{"@id":"https:\/\/obispadoarica.cl\/home\/infancia-y-adolescencia-misionera\/#primaryimage"},"thumbnailUrl":"https:\/\/obispadoarica.cl\/home\/wp-content\/uploads\/2022\/10\/311589492_5387571001340442_1073210001291154702_n.jpeg","datePublished":"2022-10-26T20:26:00+00:00","dateModified":"2025-03-09T00:53:29+00:00","author":{"@id":"https:\/\/obispadoarica.cl\/home\/#\/schema\/person\/1a8f4c2a3418412187dff039ecf9d97e"},"breadcrumb":{"@id":"https:\/\/obispadoarica.cl\/home\/infancia-y-adolescencia-misionera\/#breadcrumb"},"inLanguage":"es","potentialAction":[{"@type":"ReadAction","target":["https:\/\/obispadoarica.cl\/home\/infancia-y-adolescencia-misionera\/"]}]},{"@type":"ImageObject","inLanguage":"es","@id":"https:\/\/obispadoarica.cl\/home\/infancia-y-adolescencia-misionera\/#primaryimage","url":"https:\/\/obispadoarica.cl\/home\/wp-content\/uploads\/2022\/10\/311589492_5387571001340442_1073210001291154702_n.jpeg","contentUrl":"https:\/\/obispadoarica.cl\/home\/wp-content\/uploads\/2022\/10\/311589492_5387571001340442_1073210001291154702_n.jpeg","width":2048,"height":1536},{"@type":"BreadcrumbList","@id":"https:\/\/obispadoarica.cl\/home\/infancia-y-adolescencia-misionera\/#breadcrumb","itemListElement":[{"@type":"ListItem","position":1,"name":"Portada","item":"https:\/\/obispadoarica.cl\/home\/"},{"@type":"ListItem","position":2,"name":"Infancia y Adolescencia Misionera"}]},{"@type":"WebSite","@id":"https:\/\/obispadoarica.cl\/home\/#website","url":"https:\/\/obispadoarica.cl\/home\/","name":"Obispado San Marcos de Arica","description":"Di\u00f3cesis San Marcos de Arica","potentialAction":[{"@type":"SearchAction","target":{"@type":"EntryPoint","urlTemplate":"https:\/\/obispadoarica.cl\/home\/?s={search_term_string}"},"query-input":{"@type":"PropertyValueSpecification","valueRequired":true,"valueName":"search_term_string"}}],"inLanguage":"es"},{"@type":"Person","@id":"https:\/\/obispadoarica.cl\/home\/#\/schema\/person\/1a8f4c2a3418412187dff039ecf9d97e","name":"Obispado de Arica","image":{"@type":"ImageObject","inLanguage":"es","@id":"https:\/\/obispadoarica.cl\/home\/#\/schema\/person\/image\/","url":"https:\/\/secure.gravatar.com\/avatar\/c75d5ceafb11502016ed664658884b0b1b183fa6f96260878f47ac58f950c8d9?s=96&d=mm&r=g","contentUrl":"https:\/\/secure.gravatar.com\/avatar\/c75d5ceafb11502016ed664658884b0b1b183fa6f96260878f47ac58f950c8d9?s=96&d=mm&r=g","caption":"Obispado de Arica"},"url":"https:\/\/obispadoarica.cl\/home\/author\/c1300590\/"}]}},"_links":{"self":[{"href":"https:\/\/obispadoarica.cl\/home\/wp-json\/wp\/v2\/posts\/1101","targetHints":{"allow":["GET"]}}],"collection":[{"href":"https:\/\/obispadoarica.cl\/home\/wp-json\/wp\/v2\/posts"}],"about":[{"href":"https:\/\/obispadoarica.cl\/home\/wp-json\/wp\/v2\/types\/post"}],"author":[{"embeddable":true,"href":"https:\/\/obispadoarica.cl\/home\/wp-json\/wp\/v2\/users\/2"}],"replies":[{"embeddable":true,"href":"https:\/\/obispadoarica.cl\/home\/wp-json\/wp\/v2\/comments?post=1101"}],"version-history":[{"count":3,"href":"https:\/\/obispadoarica.cl\/home\/wp-json\/wp\/v2\/posts\/1101\/revisions"}],"predecessor-version":[{"id":1109,"href":"https:\/\/obispadoarica.cl\/home\/wp-json\/wp\/v2\/posts\/1101\/revisions\/1109"}],"wp:featuredmedia":[{"embeddable":true,"href":"https:\/\/obispadoarica.cl\/home\/wp-json\/wp\/v2\/media\/1103"}],"wp:attachment":[{"href":"https:\/\/obispadoarica.cl\/home\/wp-json\/wp\/v2\/media?parent=1101"}],"wp:term":[{"taxonomy":"category","embeddable":true,"href":"https:\/\/obispadoarica.cl\/home\/wp-json\/wp\/v2\/categories?post=1101"},{"taxonomy":"post_tag","embeddable":true,"href":"https:\/\/obispadoarica.cl\/home\/wp-json\/wp\/v2\/tags?post=1101"}],"curies":[{"name":"wp","href":"https:\/\/api.w.org\/{rel}","templated":true}]}}