{"id":1154,"date":"2022-12-01T22:52:43","date_gmt":"2022-12-01T22:52:43","guid":{"rendered":"https:\/\/obispadoarica.cl\/home\/?p=1154"},"modified":"2025-03-08T20:53:28","modified_gmt":"2025-03-09T00:53:28","slug":"invitacion-a-la-comunidad","status":"publish","type":"post","link":"https:\/\/obispadoarica.cl\/home\/invitacion-a-la-comunidad\/","title":{"rendered":"Invitaci\u00f3n a la comunidad"},"content":{"rendered":"\n\n\n<p><\/p>\n\n\n\n<p>La comunidad parroquial de San Pablo hace extensiva su invitaci\u00f3n para todos aquellos que ir preparando de mejor manera estos d\u00edas de adviento con una jornada de retiro.<\/p>\n\n\n\n<p>Mayor informaci\u00f3n, en la misma infograf\u00eda.<\/p>\n\n\n\n<figure class=\"wp-block-image size-large\"><a href=\"https:\/\/obispadoarica.cl\/home\/wp-content\/uploads\/2022\/12\/317071385_5483022768461931_7472955678427436791_n.jpeg\"><img fetchpriority=\"high\" decoding=\"async\" width=\"683\" height=\"1024\" src=\"https:\/\/obispadoarica.cl\/home\/wp-content\/uploads\/2022\/12\/317071385_5483022768461931_7472955678427436791_n-683x1024.jpeg\" alt=\"\" class=\"wp-image-1156\" srcset=\"https:\/\/obispadoarica.cl\/home\/wp-content\/uploads\/2022\/12\/317071385_5483022768461931_7472955678427436791_n-683x1024.jpeg 683w, https:\/\/obispadoarica.cl\/home\/wp-content\/uploads\/2022\/12\/317071385_5483022768461931_7472955678427436791_n-200x300.jpeg 200w, https:\/\/obispadoarica.cl\/home\/wp-content\/uploads\/2022\/12\/317071385_5483022768461931_7472955678427436791_n-768x1152.jpeg 768w, https:\/\/obispadoarica.cl\/home\/wp-content\/uploads\/2022\/12\/317071385_5483022768461931_7472955678427436791_n.jpeg 1000w\" sizes=\"(max-width: 683px) 100vw, 683px\" \/><\/a><\/figure>\n","protected":false},"excerpt":{"rendered":"<p>La comunidad parroquial de San Pablo hace extensiva su invitaci\u00f3n para todos aquellos que ir preparando de mejor manera estos d\u00edas de adviento con una jornada de retiro. Mayor informaci\u00f3n, en la misma infograf\u00eda.<\/p>\n","protected":false},"author":2,"featured_media":1155,"comment_status":"closed","ping_status":"open","sticky":false,"template":"","format":"standard","meta":{"footnotes":""},"categories":[7],"tags":[],"class_list":["post-1154","post","type-post","status-publish","format-standard","has-post-thumbnail","hentry","category-noticias"],"yoast_head":"<!-- This site is optimized with the Yoast SEO plugin v24.6 - https:\/\/yoast.com\/wordpress\/plugins\/seo\/ -->\n<title>Invitaci\u00f3n a la comunidad - Obispado San Marcos de Arica<\/title>\n<meta name=\"robots\" content=\"index, follow, max-snippet:-1, max-image-preview:large, max-video-preview:-1\" \/>\n<link rel=\"canonical\" href=\"https:\/\/obispadoarica.cl\/home\/invitacion-a-la-comunidad\/\" \/>\n<meta property=\"og:locale\" content=\"es_ES\" \/>\n<meta property=\"og:type\" content=\"article\" \/>\n<meta property=\"og:title\" content=\"Invitaci\u00f3n a la comunidad - Obispado San Marcos de Arica\" \/>\n<meta property=\"og:description\" content=\"La comunidad parroquial de San Pablo hace extensiva su invitaci\u00f3n para todos aquellos que ir preparando de mejor manera estos d\u00edas de adviento con una jornada de retiro. Mayor informaci\u00f3n, en la misma infograf\u00eda.\" \/>\n<meta property=\"og:url\" content=\"https:\/\/obispadoarica.cl\/home\/invitacion-a-la-comunidad\/\" \/>\n<meta property=\"og:site_name\" content=\"Obispado San Marcos de Arica\" \/>\n<meta property=\"article:published_time\" content=\"2022-12-01T22:52:43+00:00\" \/>\n<meta property=\"article:modified_time\" content=\"2025-03-09T00:53:28+00:00\" \/>\n<meta property=\"og:image\" content=\"https:\/\/obispadoarica.cl\/home\/wp-content\/uploads\/2022\/12\/317072289_5483022735128601_9177773878700448198_n.jpeg\" \/>\n\t<meta property=\"og:image:width\" content=\"1135\" \/>\n\t<meta property=\"og:image:height\" content=\"1600\" \/>\n\t<meta property=\"og:image:type\" content=\"image\/jpeg\" \/>\n<meta name=\"author\" content=\"Obispado de Arica\" \/>\n<meta name=\"twitter:card\" content=\"summary_large_image\" \/>\n<meta name=\"twitter:label1\" content=\"Escrito por\" \/>\n\t<meta name=\"twitter:data1\" content=\"Obispado de Arica\" \/>\n\t<meta name=\"twitter:label2\" content=\"Tiempo de lectura\" \/>\n\t<meta name=\"twitter:data2\" content=\"1 minuto\" \/>\n<script type=\"application\/ld+json\" class=\"yoast-schema-graph\">{\"@context\":\"https:\/\/schema.org\",\"@graph\":[{\"@type\":\"WebPage\",\"@id\":\"https:\/\/obispadoarica.cl\/home\/invitacion-a-la-comunidad\/\",\"url\":\"https:\/\/obispadoarica.cl\/home\/invitacion-a-la-comunidad\/\",\"name\":\"Invitaci\u00f3n a la comunidad - Obispado San Marcos de Arica\",\"isPartOf\":{\"@id\":\"https:\/\/obispadoarica.cl\/home\/#website\"},\"primaryImageOfPage\":{\"@id\":\"https:\/\/obispadoarica.cl\/home\/invitacion-a-la-comunidad\/#primaryimage\"},\"image\":{\"@id\":\"https:\/\/obispadoarica.cl\/home\/invitacion-a-la-comunidad\/#primaryimage\"},\"thumbnailUrl\":\"https:\/\/obispadoarica.cl\/home\/wp-content\/uploads\/2022\/12\/317072289_5483022735128601_9177773878700448198_n.jpeg\",\"datePublished\":\"2022-12-01T22:52:43+00:00\",\"dateModified\":\"2025-03-09T00:53:28+00:00\",\"author\":{\"@id\":\"https:\/\/obispadoarica.cl\/home\/#\/schema\/person\/1a8f4c2a3418412187dff039ecf9d97e\"},\"breadcrumb\":{\"@id\":\"https:\/\/obispadoarica.cl\/home\/invitacion-a-la-comunidad\/#breadcrumb\"},\"inLanguage\":\"es\",\"potentialAction\":[{\"@type\":\"ReadAction\",\"target\":[\"https:\/\/obispadoarica.cl\/home\/invitacion-a-la-comunidad\/\"]}]},{\"@type\":\"ImageObject\",\"inLanguage\":\"es\",\"@id\":\"https:\/\/obispadoarica.cl\/home\/invitacion-a-la-comunidad\/#primaryimage\",\"url\":\"https:\/\/obispadoarica.cl\/home\/wp-content\/uploads\/2022\/12\/317072289_5483022735128601_9177773878700448198_n.jpeg\",\"contentUrl\":\"https:\/\/obispadoarica.cl\/home\/wp-content\/uploads\/2022\/12\/317072289_5483022735128601_9177773878700448198_n.jpeg\",\"width\":1135,\"height\":1600},{\"@type\":\"BreadcrumbList\",\"@id\":\"https:\/\/obispadoarica.cl\/home\/invitacion-a-la-comunidad\/#breadcrumb\",\"itemListElement\":[{\"@type\":\"ListItem\",\"position\":1,\"name\":\"Portada\",\"item\":\"https:\/\/obispadoarica.cl\/home\/\"},{\"@type\":\"ListItem\",\"position\":2,\"name\":\"Invitaci\u00f3n a la comunidad\"}]},{\"@type\":\"WebSite\",\"@id\":\"https:\/\/obispadoarica.cl\/home\/#website\",\"url\":\"https:\/\/obispadoarica.cl\/home\/\",\"name\":\"Obispado San Marcos de Arica\",\"description\":\"Di\u00f3cesis San Marcos de Arica\",\"potentialAction\":[{\"@type\":\"SearchAction\",\"target\":{\"@type\":\"EntryPoint\",\"urlTemplate\":\"https:\/\/obispadoarica.cl\/home\/?s={search_term_string}\"},\"query-input\":{\"@type\":\"PropertyValueSpecification\",\"valueRequired\":true,\"valueName\":\"search_term_string\"}}],\"inLanguage\":\"es\"},{\"@type\":\"Person\",\"@id\":\"https:\/\/obispadoarica.cl\/home\/#\/schema\/person\/1a8f4c2a3418412187dff039ecf9d97e\",\"name\":\"Obispado de Arica\",\"image\":{\"@type\":\"ImageObject\",\"inLanguage\":\"es\",\"@id\":\"https:\/\/obispadoarica.cl\/home\/#\/schema\/person\/image\/\",\"url\":\"https:\/\/secure.gravatar.com\/avatar\/c75d5ceafb11502016ed664658884b0b1b183fa6f96260878f47ac58f950c8d9?s=96&d=mm&r=g\",\"contentUrl\":\"https:\/\/secure.gravatar.com\/avatar\/c75d5ceafb11502016ed664658884b0b1b183fa6f96260878f47ac58f950c8d9?s=96&d=mm&r=g\",\"caption\":\"Obispado de Arica\"},\"url\":\"https:\/\/obispadoarica.cl\/home\/author\/c1300590\/\"}]}<\/script>\n<!-- \/ Yoast SEO plugin. -->","yoast_head_json":{"title":"Invitaci\u00f3n a la comunidad - Obispado San Marcos de Arica","robots":{"index":"index","follow":"follow","max-snippet":"max-snippet:-1","max-image-preview":"max-image-preview:large","max-video-preview":"max-video-preview:-1"},"canonical":"https:\/\/obispadoarica.cl\/home\/invitacion-a-la-comunidad\/","og_locale":"es_ES","og_type":"article","og_title":"Invitaci\u00f3n a la comunidad - Obispado San Marcos de Arica","og_description":"La comunidad parroquial de San Pablo hace extensiva su invitaci\u00f3n para todos aquellos que ir preparando de mejor manera estos d\u00edas de adviento con una jornada de retiro. Mayor informaci\u00f3n, en la misma infograf\u00eda.","og_url":"https:\/\/obispadoarica.cl\/home\/invitacion-a-la-comunidad\/","og_site_name":"Obispado San Marcos de Arica","article_published_time":"2022-12-01T22:52:43+00:00","article_modified_time":"2025-03-09T00:53:28+00:00","og_image":[{"width":1135,"height":1600,"url":"https:\/\/obispadoarica.cl\/home\/wp-content\/uploads\/2022\/12\/317072289_5483022735128601_9177773878700448198_n.jpeg","type":"image\/jpeg"}],"author":"Obispado de Arica","twitter_card":"summary_large_image","twitter_misc":{"Escrito por":"Obispado de Arica","Tiempo de lectura":"1 minuto"},"schema":{"@context":"https:\/\/schema.org","@graph":[{"@type":"WebPage","@id":"https:\/\/obispadoarica.cl\/home\/invitacion-a-la-comunidad\/","url":"https:\/\/obispadoarica.cl\/home\/invitacion-a-la-comunidad\/","name":"Invitaci\u00f3n a la comunidad - Obispado San Marcos de Arica","isPartOf":{"@id":"https:\/\/obispadoarica.cl\/home\/#website"},"primaryImageOfPage":{"@id":"https:\/\/obispadoarica.cl\/home\/invitacion-a-la-comunidad\/#primaryimage"},"image":{"@id":"https:\/\/obispadoarica.cl\/home\/invitacion-a-la-comunidad\/#primaryimage"},"thumbnailUrl":"https:\/\/obispadoarica.cl\/home\/wp-content\/uploads\/2022\/12\/317072289_5483022735128601_9177773878700448198_n.jpeg","datePublished":"2022-12-01T22:52:43+00:00","dateModified":"2025-03-09T00:53:28+00:00","author":{"@id":"https:\/\/obispadoarica.cl\/home\/#\/schema\/person\/1a8f4c2a3418412187dff039ecf9d97e"},"breadcrumb":{"@id":"https:\/\/obispadoarica.cl\/home\/invitacion-a-la-comunidad\/#breadcrumb"},"inLanguage":"es","potentialAction":[{"@type":"ReadAction","target":["https:\/\/obispadoarica.cl\/home\/invitacion-a-la-comunidad\/"]}]},{"@type":"ImageObject","inLanguage":"es","@id":"https:\/\/obispadoarica.cl\/home\/invitacion-a-la-comunidad\/#primaryimage","url":"https:\/\/obispadoarica.cl\/home\/wp-content\/uploads\/2022\/12\/317072289_5483022735128601_9177773878700448198_n.jpeg","contentUrl":"https:\/\/obispadoarica.cl\/home\/wp-content\/uploads\/2022\/12\/317072289_5483022735128601_9177773878700448198_n.jpeg","width":1135,"height":1600},{"@type":"BreadcrumbList","@id":"https:\/\/obispadoarica.cl\/home\/invitacion-a-la-comunidad\/#breadcrumb","itemListElement":[{"@type":"ListItem","position":1,"name":"Portada","item":"https:\/\/obispadoarica.cl\/home\/"},{"@type":"ListItem","position":2,"name":"Invitaci\u00f3n a la comunidad"}]},{"@type":"WebSite","@id":"https:\/\/obispadoarica.cl\/home\/#website","url":"https:\/\/obispadoarica.cl\/home\/","name":"Obispado San Marcos de Arica","description":"Di\u00f3cesis San Marcos de Arica","potentialAction":[{"@type":"SearchAction","target":{"@type":"EntryPoint","urlTemplate":"https:\/\/obispadoarica.cl\/home\/?s={search_term_string}"},"query-input":{"@type":"PropertyValueSpecification","valueRequired":true,"valueName":"search_term_string"}}],"inLanguage":"es"},{"@type":"Person","@id":"https:\/\/obispadoarica.cl\/home\/#\/schema\/person\/1a8f4c2a3418412187dff039ecf9d97e","name":"Obispado de Arica","image":{"@type":"ImageObject","inLanguage":"es","@id":"https:\/\/obispadoarica.cl\/home\/#\/schema\/person\/image\/","url":"https:\/\/secure.gravatar.com\/avatar\/c75d5ceafb11502016ed664658884b0b1b183fa6f96260878f47ac58f950c8d9?s=96&d=mm&r=g","contentUrl":"https:\/\/secure.gravatar.com\/avatar\/c75d5ceafb11502016ed664658884b0b1b183fa6f96260878f47ac58f950c8d9?s=96&d=mm&r=g","caption":"Obispado de Arica"},"url":"https:\/\/obispadoarica.cl\/home\/author\/c1300590\/"}]}},"_links":{"self":[{"href":"https:\/\/obispadoarica.cl\/home\/wp-json\/wp\/v2\/posts\/1154","targetHints":{"allow":["GET"]}}],"collection":[{"href":"https:\/\/obispadoarica.cl\/home\/wp-json\/wp\/v2\/posts"}],"about":[{"href":"https:\/\/obispadoarica.cl\/home\/wp-json\/wp\/v2\/types\/post"}],"author":[{"embeddable":true,"href":"https:\/\/obispadoarica.cl\/home\/wp-json\/wp\/v2\/users\/2"}],"replies":[{"embeddable":true,"href":"https:\/\/obispadoarica.cl\/home\/wp-json\/wp\/v2\/comments?post=1154"}],"version-history":[{"count":1,"href":"https:\/\/obispadoarica.cl\/home\/wp-json\/wp\/v2\/posts\/1154\/revisions"}],"predecessor-version":[{"id":1157,"href":"https:\/\/obispadoarica.cl\/home\/wp-json\/wp\/v2\/posts\/1154\/revisions\/1157"}],"wp:featuredmedia":[{"embeddable":true,"href":"https:\/\/obispadoarica.cl\/home\/wp-json\/wp\/v2\/media\/1155"}],"wp:attachment":[{"href":"https:\/\/obispadoarica.cl\/home\/wp-json\/wp\/v2\/media?parent=1154"}],"wp:term":[{"taxonomy":"category","embeddable":true,"href":"https:\/\/obispadoarica.cl\/home\/wp-json\/wp\/v2\/categories?post=1154"},{"taxonomy":"post_tag","embeddable":true,"href":"https:\/\/obispadoarica.cl\/home\/wp-json\/wp\/v2\/tags?post=1154"}],"curies":[{"name":"wp","href":"https:\/\/api.w.org\/{rel}","templated":true}]}}