{"id":1192,"date":"2022-12-08T19:39:08","date_gmt":"2022-12-08T19:39:08","guid":{"rendered":"https:\/\/obispadoarica.cl\/home\/?p=1192"},"modified":"2025-03-08T20:53:27","modified_gmt":"2025-03-09T00:53:27","slug":"con-la-solemnidad-de-la-inmaculada-concepcion","status":"publish","type":"post","link":"https:\/\/obispadoarica.cl\/home\/con-la-solemnidad-de-la-inmaculada-concepcion\/","title":{"rendered":"Con la solemnidad de la Inmaculada Concepci\u00f3n"},"content":{"rendered":"\n<p>Catedral San Marcos Con la solemnidad de la Inmaculada Concepci\u00f3n, despu\u00e9s del rezo del rosario realizado afuera de la gruta distintas mujeres; el P. Mauricio C\u00e1ceres presidi\u00f3 la misa en honor a la madre del cielo.<\/p>\n\n\n\n<p>Al final, dio la bendici\u00f3n con aspersi\u00f3n de agua bendita a los presentes.<\/p>\n\n\n\n<figure class=\"wp-block-gallery has-nested-images columns-default is-cropped wp-block-gallery-1 is-layout-flex wp-block-gallery-is-layout-flex\">\n<figure class=\"wp-block-image size-large\"><a href=\"https:\/\/obispadoarica.cl\/home\/wp-content\/uploads\/2022\/12\/318494092_5510764722354402_4600445236589001756_n.jpeg\"><img fetchpriority=\"high\" decoding=\"async\" width=\"1024\" height=\"768\" data-id=\"1197\" src=\"https:\/\/obispadoarica.cl\/home\/wp-content\/uploads\/2022\/12\/318494092_5510764722354402_4600445236589001756_n-1024x768.jpeg\" alt=\"\" class=\"wp-image-1197\" srcset=\"https:\/\/obispadoarica.cl\/home\/wp-content\/uploads\/2022\/12\/318494092_5510764722354402_4600445236589001756_n-1024x768.jpeg 1024w, https:\/\/obispadoarica.cl\/home\/wp-content\/uploads\/2022\/12\/318494092_5510764722354402_4600445236589001756_n-300x225.jpeg 300w, https:\/\/obispadoarica.cl\/home\/wp-content\/uploads\/2022\/12\/318494092_5510764722354402_4600445236589001756_n-768x576.jpeg 768w, https:\/\/obispadoarica.cl\/home\/wp-content\/uploads\/2022\/12\/318494092_5510764722354402_4600445236589001756_n-1536x1152.jpeg 1536w, https:\/\/obispadoarica.cl\/home\/wp-content\/uploads\/2022\/12\/318494092_5510764722354402_4600445236589001756_n.jpeg 2048w\" sizes=\"(max-width: 1024px) 100vw, 1024px\" \/><\/a><\/figure>\n\n\n\n<figure class=\"wp-block-image size-large\"><a href=\"https:\/\/obispadoarica.cl\/home\/wp-content\/uploads\/2022\/12\/318539145_5510764065687801_5464999087441548930_n.jpeg\"><img decoding=\"async\" width=\"768\" height=\"1024\" data-id=\"1194\" src=\"https:\/\/obispadoarica.cl\/home\/wp-content\/uploads\/2022\/12\/318539145_5510764065687801_5464999087441548930_n-768x1024.jpeg\" alt=\"\" class=\"wp-image-1194\" srcset=\"https:\/\/obispadoarica.cl\/home\/wp-content\/uploads\/2022\/12\/318539145_5510764065687801_5464999087441548930_n-768x1024.jpeg 768w, https:\/\/obispadoarica.cl\/home\/wp-content\/uploads\/2022\/12\/318539145_5510764065687801_5464999087441548930_n-225x300.jpeg 225w, https:\/\/obispadoarica.cl\/home\/wp-content\/uploads\/2022\/12\/318539145_5510764065687801_5464999087441548930_n-1152x1536.jpeg 1152w, https:\/\/obispadoarica.cl\/home\/wp-content\/uploads\/2022\/12\/318539145_5510764065687801_5464999087441548930_n.jpeg 1536w\" sizes=\"(max-width: 768px) 100vw, 768px\" \/><\/a><\/figure>\n\n\n\n<figure class=\"wp-block-image size-large\"><a href=\"https:\/\/obispadoarica.cl\/home\/wp-content\/uploads\/2022\/12\/318596225_5510764779021063_6985101466107126706_n-1.jpeg\"><img decoding=\"async\" width=\"1024\" height=\"768\" data-id=\"1196\" src=\"https:\/\/obispadoarica.cl\/home\/wp-content\/uploads\/2022\/12\/318596225_5510764779021063_6985101466107126706_n-1-1024x768.jpeg\" alt=\"\" class=\"wp-image-1196\" srcset=\"https:\/\/obispadoarica.cl\/home\/wp-content\/uploads\/2022\/12\/318596225_5510764779021063_6985101466107126706_n-1-1024x768.jpeg 1024w, https:\/\/obispadoarica.cl\/home\/wp-content\/uploads\/2022\/12\/318596225_5510764779021063_6985101466107126706_n-1-300x225.jpeg 300w, https:\/\/obispadoarica.cl\/home\/wp-content\/uploads\/2022\/12\/318596225_5510764779021063_6985101466107126706_n-1-768x576.jpeg 768w, https:\/\/obispadoarica.cl\/home\/wp-content\/uploads\/2022\/12\/318596225_5510764779021063_6985101466107126706_n-1-1536x1152.jpeg 1536w, https:\/\/obispadoarica.cl\/home\/wp-content\/uploads\/2022\/12\/318596225_5510764779021063_6985101466107126706_n-1.jpeg 2048w\" sizes=\"(max-width: 1024px) 100vw, 1024px\" \/><\/a><\/figure>\n\n\n\n<figure class=\"wp-block-image size-large\"><a href=\"https:\/\/obispadoarica.cl\/home\/wp-content\/uploads\/2022\/12\/318646706_5510765242354350_3594329368012694989_n.jpeg\"><img loading=\"lazy\" decoding=\"async\" width=\"1024\" height=\"768\" data-id=\"1195\" src=\"https:\/\/obispadoarica.cl\/home\/wp-content\/uploads\/2022\/12\/318646706_5510765242354350_3594329368012694989_n-1024x768.jpeg\" alt=\"\" class=\"wp-image-1195\" srcset=\"https:\/\/obispadoarica.cl\/home\/wp-content\/uploads\/2022\/12\/318646706_5510765242354350_3594329368012694989_n-1024x768.jpeg 1024w, https:\/\/obispadoarica.cl\/home\/wp-content\/uploads\/2022\/12\/318646706_5510765242354350_3594329368012694989_n-300x225.jpeg 300w, https:\/\/obispadoarica.cl\/home\/wp-content\/uploads\/2022\/12\/318646706_5510765242354350_3594329368012694989_n-768x576.jpeg 768w, https:\/\/obispadoarica.cl\/home\/wp-content\/uploads\/2022\/12\/318646706_5510765242354350_3594329368012694989_n-1536x1152.jpeg 1536w, https:\/\/obispadoarica.cl\/home\/wp-content\/uploads\/2022\/12\/318646706_5510765242354350_3594329368012694989_n.jpeg 2048w\" sizes=\"(max-width: 1024px) 100vw, 1024px\" \/><\/a><\/figure>\n<\/figure>\n\n\n","protected":false},"excerpt":{"rendered":"<p>Catedral San Marcos Con la solemnidad de la Inmaculada Concepci\u00f3n, despu\u00e9s del rezo del rosario realizado afuera de la gruta distintas mujeres; el P. Mauricio C\u00e1ceres presidi\u00f3 la misa en honor a la madre del cielo. Al final, dio la bendici\u00f3n con aspersi\u00f3n de agua bendita a los presentes.<\/p>\n","protected":false},"author":2,"featured_media":1193,"comment_status":"closed","ping_status":"open","sticky":false,"template":"","format":"standard","meta":{"footnotes":""},"categories":[7],"tags":[],"class_list":["post-1192","post","type-post","status-publish","format-standard","has-post-thumbnail","hentry","category-noticias"],"yoast_head":"<!-- This site is optimized with the Yoast SEO plugin v24.6 - https:\/\/yoast.com\/wordpress\/plugins\/seo\/ -->\n<title>Con la solemnidad de la Inmaculada Concepci\u00f3n - Obispado San Marcos de Arica<\/title>\n<meta name=\"robots\" content=\"index, follow, max-snippet:-1, max-image-preview:large, max-video-preview:-1\" \/>\n<link rel=\"canonical\" href=\"https:\/\/obispadoarica.cl\/home\/con-la-solemnidad-de-la-inmaculada-concepcion\/\" \/>\n<meta property=\"og:locale\" content=\"es_ES\" \/>\n<meta property=\"og:type\" content=\"article\" \/>\n<meta property=\"og:title\" content=\"Con la solemnidad de la Inmaculada Concepci\u00f3n - Obispado San Marcos de Arica\" \/>\n<meta property=\"og:description\" content=\"Catedral San Marcos Con la solemnidad de la Inmaculada Concepci\u00f3n, despu\u00e9s del rezo del rosario realizado afuera de la gruta distintas mujeres; el P. Mauricio C\u00e1ceres presidi\u00f3 la misa en honor a la madre del cielo. Al final, dio la bendici\u00f3n con aspersi\u00f3n de agua bendita a los presentes.\" \/>\n<meta property=\"og:url\" content=\"https:\/\/obispadoarica.cl\/home\/con-la-solemnidad-de-la-inmaculada-concepcion\/\" \/>\n<meta property=\"og:site_name\" content=\"Obispado San Marcos de Arica\" \/>\n<meta property=\"article:published_time\" content=\"2022-12-08T19:39:08+00:00\" \/>\n<meta property=\"article:modified_time\" content=\"2025-03-09T00:53:27+00:00\" \/>\n<meta property=\"og:image\" content=\"https:\/\/obispadoarica.cl\/home\/wp-content\/uploads\/2022\/12\/318596225_5510764779021063_6985101466107126706_n.jpeg\" \/>\n\t<meta property=\"og:image:width\" content=\"2048\" \/>\n\t<meta property=\"og:image:height\" content=\"1536\" \/>\n\t<meta property=\"og:image:type\" content=\"image\/jpeg\" \/>\n<meta name=\"author\" content=\"Obispado de Arica\" \/>\n<meta name=\"twitter:card\" content=\"summary_large_image\" \/>\n<meta name=\"twitter:label1\" content=\"Escrito por\" \/>\n\t<meta name=\"twitter:data1\" content=\"Obispado de Arica\" \/>\n\t<meta name=\"twitter:label2\" content=\"Tiempo de lectura\" \/>\n\t<meta name=\"twitter:data2\" content=\"2 minutos\" \/>\n<script type=\"application\/ld+json\" class=\"yoast-schema-graph\">{\"@context\":\"https:\/\/schema.org\",\"@graph\":[{\"@type\":\"WebPage\",\"@id\":\"https:\/\/obispadoarica.cl\/home\/con-la-solemnidad-de-la-inmaculada-concepcion\/\",\"url\":\"https:\/\/obispadoarica.cl\/home\/con-la-solemnidad-de-la-inmaculada-concepcion\/\",\"name\":\"Con la solemnidad de la Inmaculada Concepci\u00f3n - Obispado San Marcos de Arica\",\"isPartOf\":{\"@id\":\"https:\/\/obispadoarica.cl\/home\/#website\"},\"primaryImageOfPage\":{\"@id\":\"https:\/\/obispadoarica.cl\/home\/con-la-solemnidad-de-la-inmaculada-concepcion\/#primaryimage\"},\"image\":{\"@id\":\"https:\/\/obispadoarica.cl\/home\/con-la-solemnidad-de-la-inmaculada-concepcion\/#primaryimage\"},\"thumbnailUrl\":\"https:\/\/obispadoarica.cl\/home\/wp-content\/uploads\/2022\/12\/318596225_5510764779021063_6985101466107126706_n.jpeg\",\"datePublished\":\"2022-12-08T19:39:08+00:00\",\"dateModified\":\"2025-03-09T00:53:27+00:00\",\"author\":{\"@id\":\"https:\/\/obispadoarica.cl\/home\/#\/schema\/person\/1a8f4c2a3418412187dff039ecf9d97e\"},\"breadcrumb\":{\"@id\":\"https:\/\/obispadoarica.cl\/home\/con-la-solemnidad-de-la-inmaculada-concepcion\/#breadcrumb\"},\"inLanguage\":\"es\",\"potentialAction\":[{\"@type\":\"ReadAction\",\"target\":[\"https:\/\/obispadoarica.cl\/home\/con-la-solemnidad-de-la-inmaculada-concepcion\/\"]}]},{\"@type\":\"ImageObject\",\"inLanguage\":\"es\",\"@id\":\"https:\/\/obispadoarica.cl\/home\/con-la-solemnidad-de-la-inmaculada-concepcion\/#primaryimage\",\"url\":\"https:\/\/obispadoarica.cl\/home\/wp-content\/uploads\/2022\/12\/318596225_5510764779021063_6985101466107126706_n.jpeg\",\"contentUrl\":\"https:\/\/obispadoarica.cl\/home\/wp-content\/uploads\/2022\/12\/318596225_5510764779021063_6985101466107126706_n.jpeg\",\"width\":2048,\"height\":1536},{\"@type\":\"BreadcrumbList\",\"@id\":\"https:\/\/obispadoarica.cl\/home\/con-la-solemnidad-de-la-inmaculada-concepcion\/#breadcrumb\",\"itemListElement\":[{\"@type\":\"ListItem\",\"position\":1,\"name\":\"Portada\",\"item\":\"https:\/\/obispadoarica.cl\/home\/\"},{\"@type\":\"ListItem\",\"position\":2,\"name\":\"Con la solemnidad de la Inmaculada Concepci\u00f3n\"}]},{\"@type\":\"WebSite\",\"@id\":\"https:\/\/obispadoarica.cl\/home\/#website\",\"url\":\"https:\/\/obispadoarica.cl\/home\/\",\"name\":\"Obispado San Marcos de Arica\",\"description\":\"Di\u00f3cesis San Marcos de Arica\",\"potentialAction\":[{\"@type\":\"SearchAction\",\"target\":{\"@type\":\"EntryPoint\",\"urlTemplate\":\"https:\/\/obispadoarica.cl\/home\/?s={search_term_string}\"},\"query-input\":{\"@type\":\"PropertyValueSpecification\",\"valueRequired\":true,\"valueName\":\"search_term_string\"}}],\"inLanguage\":\"es\"},{\"@type\":\"Person\",\"@id\":\"https:\/\/obispadoarica.cl\/home\/#\/schema\/person\/1a8f4c2a3418412187dff039ecf9d97e\",\"name\":\"Obispado de Arica\",\"image\":{\"@type\":\"ImageObject\",\"inLanguage\":\"es\",\"@id\":\"https:\/\/obispadoarica.cl\/home\/#\/schema\/person\/image\/\",\"url\":\"https:\/\/secure.gravatar.com\/avatar\/c75d5ceafb11502016ed664658884b0b1b183fa6f96260878f47ac58f950c8d9?s=96&d=mm&r=g\",\"contentUrl\":\"https:\/\/secure.gravatar.com\/avatar\/c75d5ceafb11502016ed664658884b0b1b183fa6f96260878f47ac58f950c8d9?s=96&d=mm&r=g\",\"caption\":\"Obispado de Arica\"},\"url\":\"https:\/\/obispadoarica.cl\/home\/author\/c1300590\/\"}]}<\/script>\n<!-- \/ Yoast SEO plugin. -->","yoast_head_json":{"title":"Con la solemnidad de la Inmaculada Concepci\u00f3n - Obispado San Marcos de Arica","robots":{"index":"index","follow":"follow","max-snippet":"max-snippet:-1","max-image-preview":"max-image-preview:large","max-video-preview":"max-video-preview:-1"},"canonical":"https:\/\/obispadoarica.cl\/home\/con-la-solemnidad-de-la-inmaculada-concepcion\/","og_locale":"es_ES","og_type":"article","og_title":"Con la solemnidad de la Inmaculada Concepci\u00f3n - Obispado San Marcos de Arica","og_description":"Catedral San Marcos Con la solemnidad de la Inmaculada Concepci\u00f3n, despu\u00e9s del rezo del rosario realizado afuera de la gruta distintas mujeres; el P. Mauricio C\u00e1ceres presidi\u00f3 la misa en honor a la madre del cielo. Al final, dio la bendici\u00f3n con aspersi\u00f3n de agua bendita a los presentes.","og_url":"https:\/\/obispadoarica.cl\/home\/con-la-solemnidad-de-la-inmaculada-concepcion\/","og_site_name":"Obispado San Marcos de Arica","article_published_time":"2022-12-08T19:39:08+00:00","article_modified_time":"2025-03-09T00:53:27+00:00","og_image":[{"width":2048,"height":1536,"url":"https:\/\/obispadoarica.cl\/home\/wp-content\/uploads\/2022\/12\/318596225_5510764779021063_6985101466107126706_n.jpeg","type":"image\/jpeg"}],"author":"Obispado de Arica","twitter_card":"summary_large_image","twitter_misc":{"Escrito por":"Obispado de Arica","Tiempo de lectura":"2 minutos"},"schema":{"@context":"https:\/\/schema.org","@graph":[{"@type":"WebPage","@id":"https:\/\/obispadoarica.cl\/home\/con-la-solemnidad-de-la-inmaculada-concepcion\/","url":"https:\/\/obispadoarica.cl\/home\/con-la-solemnidad-de-la-inmaculada-concepcion\/","name":"Con la solemnidad de la Inmaculada Concepci\u00f3n - Obispado San Marcos de Arica","isPartOf":{"@id":"https:\/\/obispadoarica.cl\/home\/#website"},"primaryImageOfPage":{"@id":"https:\/\/obispadoarica.cl\/home\/con-la-solemnidad-de-la-inmaculada-concepcion\/#primaryimage"},"image":{"@id":"https:\/\/obispadoarica.cl\/home\/con-la-solemnidad-de-la-inmaculada-concepcion\/#primaryimage"},"thumbnailUrl":"https:\/\/obispadoarica.cl\/home\/wp-content\/uploads\/2022\/12\/318596225_5510764779021063_6985101466107126706_n.jpeg","datePublished":"2022-12-08T19:39:08+00:00","dateModified":"2025-03-09T00:53:27+00:00","author":{"@id":"https:\/\/obispadoarica.cl\/home\/#\/schema\/person\/1a8f4c2a3418412187dff039ecf9d97e"},"breadcrumb":{"@id":"https:\/\/obispadoarica.cl\/home\/con-la-solemnidad-de-la-inmaculada-concepcion\/#breadcrumb"},"inLanguage":"es","potentialAction":[{"@type":"ReadAction","target":["https:\/\/obispadoarica.cl\/home\/con-la-solemnidad-de-la-inmaculada-concepcion\/"]}]},{"@type":"ImageObject","inLanguage":"es","@id":"https:\/\/obispadoarica.cl\/home\/con-la-solemnidad-de-la-inmaculada-concepcion\/#primaryimage","url":"https:\/\/obispadoarica.cl\/home\/wp-content\/uploads\/2022\/12\/318596225_5510764779021063_6985101466107126706_n.jpeg","contentUrl":"https:\/\/obispadoarica.cl\/home\/wp-content\/uploads\/2022\/12\/318596225_5510764779021063_6985101466107126706_n.jpeg","width":2048,"height":1536},{"@type":"BreadcrumbList","@id":"https:\/\/obispadoarica.cl\/home\/con-la-solemnidad-de-la-inmaculada-concepcion\/#breadcrumb","itemListElement":[{"@type":"ListItem","position":1,"name":"Portada","item":"https:\/\/obispadoarica.cl\/home\/"},{"@type":"ListItem","position":2,"name":"Con la solemnidad de la Inmaculada Concepci\u00f3n"}]},{"@type":"WebSite","@id":"https:\/\/obispadoarica.cl\/home\/#website","url":"https:\/\/obispadoarica.cl\/home\/","name":"Obispado San Marcos de Arica","description":"Di\u00f3cesis San Marcos de Arica","potentialAction":[{"@type":"SearchAction","target":{"@type":"EntryPoint","urlTemplate":"https:\/\/obispadoarica.cl\/home\/?s={search_term_string}"},"query-input":{"@type":"PropertyValueSpecification","valueRequired":true,"valueName":"search_term_string"}}],"inLanguage":"es"},{"@type":"Person","@id":"https:\/\/obispadoarica.cl\/home\/#\/schema\/person\/1a8f4c2a3418412187dff039ecf9d97e","name":"Obispado de Arica","image":{"@type":"ImageObject","inLanguage":"es","@id":"https:\/\/obispadoarica.cl\/home\/#\/schema\/person\/image\/","url":"https:\/\/secure.gravatar.com\/avatar\/c75d5ceafb11502016ed664658884b0b1b183fa6f96260878f47ac58f950c8d9?s=96&d=mm&r=g","contentUrl":"https:\/\/secure.gravatar.com\/avatar\/c75d5ceafb11502016ed664658884b0b1b183fa6f96260878f47ac58f950c8d9?s=96&d=mm&r=g","caption":"Obispado de Arica"},"url":"https:\/\/obispadoarica.cl\/home\/author\/c1300590\/"}]}},"_links":{"self":[{"href":"https:\/\/obispadoarica.cl\/home\/wp-json\/wp\/v2\/posts\/1192","targetHints":{"allow":["GET"]}}],"collection":[{"href":"https:\/\/obispadoarica.cl\/home\/wp-json\/wp\/v2\/posts"}],"about":[{"href":"https:\/\/obispadoarica.cl\/home\/wp-json\/wp\/v2\/types\/post"}],"author":[{"embeddable":true,"href":"https:\/\/obispadoarica.cl\/home\/wp-json\/wp\/v2\/users\/2"}],"replies":[{"embeddable":true,"href":"https:\/\/obispadoarica.cl\/home\/wp-json\/wp\/v2\/comments?post=1192"}],"version-history":[{"count":1,"href":"https:\/\/obispadoarica.cl\/home\/wp-json\/wp\/v2\/posts\/1192\/revisions"}],"predecessor-version":[{"id":1198,"href":"https:\/\/obispadoarica.cl\/home\/wp-json\/wp\/v2\/posts\/1192\/revisions\/1198"}],"wp:featuredmedia":[{"embeddable":true,"href":"https:\/\/obispadoarica.cl\/home\/wp-json\/wp\/v2\/media\/1193"}],"wp:attachment":[{"href":"https:\/\/obispadoarica.cl\/home\/wp-json\/wp\/v2\/media?parent=1192"}],"wp:term":[{"taxonomy":"category","embeddable":true,"href":"https:\/\/obispadoarica.cl\/home\/wp-json\/wp\/v2\/categories?post=1192"},{"taxonomy":"post_tag","embeddable":true,"href":"https:\/\/obispadoarica.cl\/home\/wp-json\/wp\/v2\/tags?post=1192"}],"curies":[{"name":"wp","href":"https:\/\/api.w.org\/{rel}","templated":true}]}}