{"id":1200,"date":"2022-12-22T21:28:47","date_gmt":"2022-12-22T21:28:47","guid":{"rendered":"https:\/\/obispadoarica.cl\/home\/?p=1200"},"modified":"2025-03-08T20:52:20","modified_gmt":"2025-03-09T00:52:20","slug":"concierto-coral-navidad-universidad-de-tarapaca","status":"publish","type":"post","link":"https:\/\/obispadoarica.cl\/home\/concierto-coral-navidad-universidad-de-tarapaca\/","title":{"rendered":"Concierto coral Navidad Universidad de Tarapaca"},"content":{"rendered":"\n\n\n<p>Est\u00e1n todos invitados a nuestro tradicional concierto navide\u00f1o. En esta ocasi\u00f3n, tendremos la participaci\u00f3n especial de miembros de la comunidad arique\u00f1a, con quienes cantaremos bellos villancicos tradicionales en conjunto con el ensamble de cuerdas la UTA. \u00a1Les esperamos! &#x1f384;&#x1f936;&#x1f385;&#x1f3b6;<\/p>\n\n\n\n<p><\/p>\n","protected":false},"excerpt":{"rendered":"<p>Est\u00e1n todos invitados a nuestro tradicional concierto navide\u00f1o. En esta ocasi\u00f3n, tendremos la participaci\u00f3n especial de miembros de la comunidad arique\u00f1a, con quienes cantaremos bellos villancicos tradicionales en conjunto con el ensamble de cuerdas la UTA. \u00a1Les esperamos! &#x1f384;&#x1f936;&#x1f385;&#x1f3b6;<\/p>\n","protected":false},"author":2,"featured_media":1203,"comment_status":"closed","ping_status":"open","sticky":false,"template":"","format":"standard","meta":{"footnotes":""},"categories":[7],"tags":[],"class_list":["post-1200","post","type-post","status-publish","format-standard","has-post-thumbnail","hentry","category-noticias"],"yoast_head":"<!-- This site is optimized with the Yoast SEO plugin v24.6 - https:\/\/yoast.com\/wordpress\/plugins\/seo\/ -->\n<title>Concierto coral Navidad Universidad de Tarapaca - Obispado San Marcos de Arica<\/title>\n<meta name=\"robots\" content=\"index, follow, max-snippet:-1, max-image-preview:large, max-video-preview:-1\" \/>\n<link rel=\"canonical\" href=\"https:\/\/obispadoarica.cl\/home\/concierto-coral-navidad-universidad-de-tarapaca\/\" \/>\n<meta property=\"og:locale\" content=\"es_ES\" \/>\n<meta property=\"og:type\" content=\"article\" \/>\n<meta property=\"og:title\" content=\"Concierto coral Navidad Universidad de Tarapaca - Obispado San Marcos de Arica\" \/>\n<meta property=\"og:description\" content=\"Est\u00e1n todos invitados a nuestro tradicional concierto navide\u00f1o. En esta ocasi\u00f3n, tendremos la participaci\u00f3n especial de miembros de la comunidad arique\u00f1a, con quienes cantaremos bellos villancicos tradicionales en conjunto con el ensamble de cuerdas la UTA. \u00a1Les esperamos! &#x1f384;&#x1f936;&#x1f385;&#x1f3b6;\" \/>\n<meta property=\"og:url\" content=\"https:\/\/obispadoarica.cl\/home\/concierto-coral-navidad-universidad-de-tarapaca\/\" \/>\n<meta property=\"og:site_name\" content=\"Obispado San Marcos de Arica\" \/>\n<meta property=\"article:published_time\" content=\"2022-12-22T21:28:47+00:00\" \/>\n<meta property=\"article:modified_time\" content=\"2025-03-09T00:52:20+00:00\" \/>\n<meta property=\"og:image\" content=\"https:\/\/obispadoarica.cl\/home\/wp-content\/uploads\/2022\/12\/274cade5-9110-4d89-9fc0-d72a2dab3e3c.jpeg\" \/>\n\t<meta property=\"og:image:width\" content=\"991\" \/>\n\t<meta property=\"og:image:height\" content=\"1280\" \/>\n\t<meta property=\"og:image:type\" content=\"image\/jpeg\" \/>\n<meta name=\"author\" content=\"Obispado de Arica\" \/>\n<meta name=\"twitter:card\" content=\"summary_large_image\" \/>\n<meta name=\"twitter:label1\" content=\"Escrito por\" \/>\n\t<meta name=\"twitter:data1\" content=\"Obispado de Arica\" \/>\n\t<meta name=\"twitter:label2\" content=\"Tiempo de lectura\" \/>\n\t<meta name=\"twitter:data2\" content=\"1 minuto\" \/>\n<script type=\"application\/ld+json\" class=\"yoast-schema-graph\">{\"@context\":\"https:\/\/schema.org\",\"@graph\":[{\"@type\":\"WebPage\",\"@id\":\"https:\/\/obispadoarica.cl\/home\/concierto-coral-navidad-universidad-de-tarapaca\/\",\"url\":\"https:\/\/obispadoarica.cl\/home\/concierto-coral-navidad-universidad-de-tarapaca\/\",\"name\":\"Concierto coral Navidad Universidad de Tarapaca - Obispado San Marcos de Arica\",\"isPartOf\":{\"@id\":\"https:\/\/obispadoarica.cl\/home\/#website\"},\"primaryImageOfPage\":{\"@id\":\"https:\/\/obispadoarica.cl\/home\/concierto-coral-navidad-universidad-de-tarapaca\/#primaryimage\"},\"image\":{\"@id\":\"https:\/\/obispadoarica.cl\/home\/concierto-coral-navidad-universidad-de-tarapaca\/#primaryimage\"},\"thumbnailUrl\":\"https:\/\/obispadoarica.cl\/home\/wp-content\/uploads\/2022\/12\/274cade5-9110-4d89-9fc0-d72a2dab3e3c.jpeg\",\"datePublished\":\"2022-12-22T21:28:47+00:00\",\"dateModified\":\"2025-03-09T00:52:20+00:00\",\"author\":{\"@id\":\"https:\/\/obispadoarica.cl\/home\/#\/schema\/person\/1a8f4c2a3418412187dff039ecf9d97e\"},\"breadcrumb\":{\"@id\":\"https:\/\/obispadoarica.cl\/home\/concierto-coral-navidad-universidad-de-tarapaca\/#breadcrumb\"},\"inLanguage\":\"es\",\"potentialAction\":[{\"@type\":\"ReadAction\",\"target\":[\"https:\/\/obispadoarica.cl\/home\/concierto-coral-navidad-universidad-de-tarapaca\/\"]}]},{\"@type\":\"ImageObject\",\"inLanguage\":\"es\",\"@id\":\"https:\/\/obispadoarica.cl\/home\/concierto-coral-navidad-universidad-de-tarapaca\/#primaryimage\",\"url\":\"https:\/\/obispadoarica.cl\/home\/wp-content\/uploads\/2022\/12\/274cade5-9110-4d89-9fc0-d72a2dab3e3c.jpeg\",\"contentUrl\":\"https:\/\/obispadoarica.cl\/home\/wp-content\/uploads\/2022\/12\/274cade5-9110-4d89-9fc0-d72a2dab3e3c.jpeg\",\"width\":991,\"height\":1280},{\"@type\":\"BreadcrumbList\",\"@id\":\"https:\/\/obispadoarica.cl\/home\/concierto-coral-navidad-universidad-de-tarapaca\/#breadcrumb\",\"itemListElement\":[{\"@type\":\"ListItem\",\"position\":1,\"name\":\"Portada\",\"item\":\"https:\/\/obispadoarica.cl\/home\/\"},{\"@type\":\"ListItem\",\"position\":2,\"name\":\"Concierto coral Navidad Universidad de Tarapaca\"}]},{\"@type\":\"WebSite\",\"@id\":\"https:\/\/obispadoarica.cl\/home\/#website\",\"url\":\"https:\/\/obispadoarica.cl\/home\/\",\"name\":\"Obispado San Marcos de Arica\",\"description\":\"Di\u00f3cesis San Marcos de Arica\",\"potentialAction\":[{\"@type\":\"SearchAction\",\"target\":{\"@type\":\"EntryPoint\",\"urlTemplate\":\"https:\/\/obispadoarica.cl\/home\/?s={search_term_string}\"},\"query-input\":{\"@type\":\"PropertyValueSpecification\",\"valueRequired\":true,\"valueName\":\"search_term_string\"}}],\"inLanguage\":\"es\"},{\"@type\":\"Person\",\"@id\":\"https:\/\/obispadoarica.cl\/home\/#\/schema\/person\/1a8f4c2a3418412187dff039ecf9d97e\",\"name\":\"Obispado de Arica\",\"image\":{\"@type\":\"ImageObject\",\"inLanguage\":\"es\",\"@id\":\"https:\/\/obispadoarica.cl\/home\/#\/schema\/person\/image\/\",\"url\":\"https:\/\/secure.gravatar.com\/avatar\/c75d5ceafb11502016ed664658884b0b1b183fa6f96260878f47ac58f950c8d9?s=96&d=mm&r=g\",\"contentUrl\":\"https:\/\/secure.gravatar.com\/avatar\/c75d5ceafb11502016ed664658884b0b1b183fa6f96260878f47ac58f950c8d9?s=96&d=mm&r=g\",\"caption\":\"Obispado de Arica\"},\"url\":\"https:\/\/obispadoarica.cl\/home\/author\/c1300590\/\"}]}<\/script>\n<!-- \/ Yoast SEO plugin. -->","yoast_head_json":{"title":"Concierto coral Navidad Universidad de Tarapaca - Obispado San Marcos de Arica","robots":{"index":"index","follow":"follow","max-snippet":"max-snippet:-1","max-image-preview":"max-image-preview:large","max-video-preview":"max-video-preview:-1"},"canonical":"https:\/\/obispadoarica.cl\/home\/concierto-coral-navidad-universidad-de-tarapaca\/","og_locale":"es_ES","og_type":"article","og_title":"Concierto coral Navidad Universidad de Tarapaca - Obispado San Marcos de Arica","og_description":"Est\u00e1n todos invitados a nuestro tradicional concierto navide\u00f1o. En esta ocasi\u00f3n, tendremos la participaci\u00f3n especial de miembros de la comunidad arique\u00f1a, con quienes cantaremos bellos villancicos tradicionales en conjunto con el ensamble de cuerdas la UTA. \u00a1Les esperamos! &#x1f384;&#x1f936;&#x1f385;&#x1f3b6;","og_url":"https:\/\/obispadoarica.cl\/home\/concierto-coral-navidad-universidad-de-tarapaca\/","og_site_name":"Obispado San Marcos de Arica","article_published_time":"2022-12-22T21:28:47+00:00","article_modified_time":"2025-03-09T00:52:20+00:00","og_image":[{"width":991,"height":1280,"url":"https:\/\/obispadoarica.cl\/home\/wp-content\/uploads\/2022\/12\/274cade5-9110-4d89-9fc0-d72a2dab3e3c.jpeg","type":"image\/jpeg"}],"author":"Obispado de Arica","twitter_card":"summary_large_image","twitter_misc":{"Escrito por":"Obispado de Arica","Tiempo de lectura":"1 minuto"},"schema":{"@context":"https:\/\/schema.org","@graph":[{"@type":"WebPage","@id":"https:\/\/obispadoarica.cl\/home\/concierto-coral-navidad-universidad-de-tarapaca\/","url":"https:\/\/obispadoarica.cl\/home\/concierto-coral-navidad-universidad-de-tarapaca\/","name":"Concierto coral Navidad Universidad de Tarapaca - Obispado San Marcos de Arica","isPartOf":{"@id":"https:\/\/obispadoarica.cl\/home\/#website"},"primaryImageOfPage":{"@id":"https:\/\/obispadoarica.cl\/home\/concierto-coral-navidad-universidad-de-tarapaca\/#primaryimage"},"image":{"@id":"https:\/\/obispadoarica.cl\/home\/concierto-coral-navidad-universidad-de-tarapaca\/#primaryimage"},"thumbnailUrl":"https:\/\/obispadoarica.cl\/home\/wp-content\/uploads\/2022\/12\/274cade5-9110-4d89-9fc0-d72a2dab3e3c.jpeg","datePublished":"2022-12-22T21:28:47+00:00","dateModified":"2025-03-09T00:52:20+00:00","author":{"@id":"https:\/\/obispadoarica.cl\/home\/#\/schema\/person\/1a8f4c2a3418412187dff039ecf9d97e"},"breadcrumb":{"@id":"https:\/\/obispadoarica.cl\/home\/concierto-coral-navidad-universidad-de-tarapaca\/#breadcrumb"},"inLanguage":"es","potentialAction":[{"@type":"ReadAction","target":["https:\/\/obispadoarica.cl\/home\/concierto-coral-navidad-universidad-de-tarapaca\/"]}]},{"@type":"ImageObject","inLanguage":"es","@id":"https:\/\/obispadoarica.cl\/home\/concierto-coral-navidad-universidad-de-tarapaca\/#primaryimage","url":"https:\/\/obispadoarica.cl\/home\/wp-content\/uploads\/2022\/12\/274cade5-9110-4d89-9fc0-d72a2dab3e3c.jpeg","contentUrl":"https:\/\/obispadoarica.cl\/home\/wp-content\/uploads\/2022\/12\/274cade5-9110-4d89-9fc0-d72a2dab3e3c.jpeg","width":991,"height":1280},{"@type":"BreadcrumbList","@id":"https:\/\/obispadoarica.cl\/home\/concierto-coral-navidad-universidad-de-tarapaca\/#breadcrumb","itemListElement":[{"@type":"ListItem","position":1,"name":"Portada","item":"https:\/\/obispadoarica.cl\/home\/"},{"@type":"ListItem","position":2,"name":"Concierto coral Navidad Universidad de Tarapaca"}]},{"@type":"WebSite","@id":"https:\/\/obispadoarica.cl\/home\/#website","url":"https:\/\/obispadoarica.cl\/home\/","name":"Obispado San Marcos de Arica","description":"Di\u00f3cesis San Marcos de Arica","potentialAction":[{"@type":"SearchAction","target":{"@type":"EntryPoint","urlTemplate":"https:\/\/obispadoarica.cl\/home\/?s={search_term_string}"},"query-input":{"@type":"PropertyValueSpecification","valueRequired":true,"valueName":"search_term_string"}}],"inLanguage":"es"},{"@type":"Person","@id":"https:\/\/obispadoarica.cl\/home\/#\/schema\/person\/1a8f4c2a3418412187dff039ecf9d97e","name":"Obispado de Arica","image":{"@type":"ImageObject","inLanguage":"es","@id":"https:\/\/obispadoarica.cl\/home\/#\/schema\/person\/image\/","url":"https:\/\/secure.gravatar.com\/avatar\/c75d5ceafb11502016ed664658884b0b1b183fa6f96260878f47ac58f950c8d9?s=96&d=mm&r=g","contentUrl":"https:\/\/secure.gravatar.com\/avatar\/c75d5ceafb11502016ed664658884b0b1b183fa6f96260878f47ac58f950c8d9?s=96&d=mm&r=g","caption":"Obispado de Arica"},"url":"https:\/\/obispadoarica.cl\/home\/author\/c1300590\/"}]}},"_links":{"self":[{"href":"https:\/\/obispadoarica.cl\/home\/wp-json\/wp\/v2\/posts\/1200","targetHints":{"allow":["GET"]}}],"collection":[{"href":"https:\/\/obispadoarica.cl\/home\/wp-json\/wp\/v2\/posts"}],"about":[{"href":"https:\/\/obispadoarica.cl\/home\/wp-json\/wp\/v2\/types\/post"}],"author":[{"embeddable":true,"href":"https:\/\/obispadoarica.cl\/home\/wp-json\/wp\/v2\/users\/2"}],"replies":[{"embeddable":true,"href":"https:\/\/obispadoarica.cl\/home\/wp-json\/wp\/v2\/comments?post=1200"}],"version-history":[{"count":1,"href":"https:\/\/obispadoarica.cl\/home\/wp-json\/wp\/v2\/posts\/1200\/revisions"}],"predecessor-version":[{"id":1204,"href":"https:\/\/obispadoarica.cl\/home\/wp-json\/wp\/v2\/posts\/1200\/revisions\/1204"}],"wp:featuredmedia":[{"embeddable":true,"href":"https:\/\/obispadoarica.cl\/home\/wp-json\/wp\/v2\/media\/1203"}],"wp:attachment":[{"href":"https:\/\/obispadoarica.cl\/home\/wp-json\/wp\/v2\/media?parent=1200"}],"wp:term":[{"taxonomy":"category","embeddable":true,"href":"https:\/\/obispadoarica.cl\/home\/wp-json\/wp\/v2\/categories?post=1200"},{"taxonomy":"post_tag","embeddable":true,"href":"https:\/\/obispadoarica.cl\/home\/wp-json\/wp\/v2\/tags?post=1200"}],"curies":[{"name":"wp","href":"https:\/\/api.w.org\/{rel}","templated":true}]}}