{"id":1220,"date":"2023-01-04T00:49:43","date_gmt":"2023-01-04T00:49:43","guid":{"rendered":"https:\/\/obispadoarica.cl\/home\/?p=1220"},"modified":"2025-03-08T20:52:19","modified_gmt":"2025-03-09T00:52:19","slug":"adios-a-benedicto-xvi-humilde-trabajador-de-la-vina-del-senor","status":"publish","type":"post","link":"https:\/\/obispadoarica.cl\/home\/adios-a-benedicto-xvi-humilde-trabajador-de-la-vina-del-senor\/","title":{"rendered":"Adi\u00f3s a Benedicto XVI, humilde trabajador de la vi\u00f1a del Se\u00f1or"},"content":{"rendered":"\n\n\n<p>El Papa em\u00e9rito, de 95 a\u00f1os, falleci\u00f3 este s\u00e1bado, 31 de diciembre, a las 9:34 horas, en el Monasterio Mater Ecclesiae del Vaticano. El jueves 5 de enero, a las 9.30 horas, en la Plaza de San Pedro, el Papa Francisco presidir\u00e1 el rito de las exequias<\/p>\n\n\n\n<p><\/p>\n\n\n\n<p>Benedicto XVI ha vuelto a la Casa del Padre. La Oficina de Prensa del Vaticano ha anunciado hace unos minutos que el fallecimiento se ha producido a las 9:34 horas, en la residencia del Monasterio Mater Ecclesiae del Vaticano, que el Papa em\u00e9rito, de 95 a\u00f1os, hab\u00eda elegido como residencia tras renunciar al ministerio petrino en 2013.<\/p>\n\n\n\n<p><em>\u201cCon pesar doy a conocer que el Papa em\u00e9rito Benedicto XVI ha fallecido hoy a las 9:34 horas en el Monasterio Mater Ecclesiae del Vaticano. Apenas sea posible se proporcionar\u00e1 mayor informaci\u00f3n\u201d<\/em>, se lee en la nota de prensa del Director de la Oficina de Prensa de la Santa Sede, Matteo Bruni, dada a conocer esta ma\u00f1ana.&nbsp;Bruni inform\u00f3 tambi\u00e9n de que \u00aba partir de la ma\u00f1ana del lunes 2 de enero de 2023, el cuerpo del Papa em\u00e9rito estar\u00e1 en la bas\u00edlica de San Pedro del Vaticano para la despedida de los fieles\u00bb.&nbsp;<\/p>\n\n\n\n<iframe width=\"560\" height=\"315\" src=\"https:\/\/www.youtube.com\/embed\/XPKrR-427tc\" title=\"YouTube video player\" frameborder=\"0\" allow=\"accelerometer; autoplay; clipboard-write; encrypted-media; gyroscope; picture-in-picture; web-share\" allowfullscreen><\/iframe>\n\n\n\n<h2 class=\"wp-block-heading\"><strong>Funeral el 5 de enero<\/strong><\/h2>\n\n\n\n<p>Los restos mortales del Papa em\u00e9rito Benedicto XVI descansar\u00e1n en el monasterio Mater Ecclesiae hasta la madrugada del lunes 2 de enero; no est\u00e1n previstas visitas oficiales ni oraciones p\u00fablicas. Ese mismo d\u00eda, a partir de las 9.00 horas, el cuerpo ser\u00e1 expuesto para la visita de los fieles en la Bas\u00edlica de San Pedro.<\/p>\n\n\n\n<p>El lunes, la Bas\u00edlica estar\u00e1 abierta de 9.00 a 19.00 horas; el martes y el mi\u00e9rcoles, de 7.00 a 19.00 horas.<\/p>\n\n\n\n<p>El 5 de enero de 2023, a las 9.30 horas, en el parvis de la Bas\u00edlica de San Pedro, el Santo Padre Francisco presidir\u00e1 la Misa Exequial por el difunto Sumo Pont\u00edfice Em\u00e9rito Benedicto XVI.&nbsp;&nbsp;No se facilitar\u00e1n entradas para asistir. Quienes deseen concelebrar pueden dirigirse a la Oficina de Celebraciones Lit\u00fargicas del Sumo Pont\u00edfice.<\/p>\n\n\n\n<p>Al final de la Celebraci\u00f3n Eucar\u00edstica tendr\u00e1 lugar la Ultima Commendatio y la Valedictio. El f\u00e9retro del Sumo Pont\u00edfice Em\u00e9rito ser\u00e1 trasladado a la Bas\u00edlica de San Pedro y despu\u00e9s a las Grutas Vaticanas para su inhumaci\u00f3n.<\/p>\n\n\n\n<p>Las Delegaciones oficiales presentes ser\u00e1n las de Alemania e Italia.<\/p>\n\n\n\n<p>\u00a0Benedicto recibi\u00f3 la Unci\u00f3n de los Enfermos el pasado mi\u00e9rcoles al final de la Misa en el Monasterio y en presencia de las Memores Domini, que lo asist\u00edan diariamente desde hace a\u00f1os. Antes de su muerte, el Papa em\u00e9rito pidi\u00f3 que todo estuviera marcado por la sencillez, una cualidad con la que \u00e9l vivi\u00f3.<\/p>\n\n\n\n<h2 class=\"wp-block-heading\"><strong>El deterioro de las condiciones<\/strong><\/h2>\n\n\n\n<p>Desde hac\u00eda ya varios d\u00edas el estado de salud del Papa em\u00e9rito hab\u00eda ido empeorando debido al avance de la edad, tal y como hab\u00eda informado la Oficina de Prensa actualizando la evoluci\u00f3n de la situaci\u00f3n.<\/p>\n\n\n\n<p>El propio Papa Francisco hab\u00eda querido compartir p\u00fablicamente la noticia sobre el empeoramiento del estado de salud de su predecesor al final de la \u00faltima audiencia general del a\u00f1o, el pasado 28 de diciembre, cuando invit\u00f3 a rezar por el Papa em\u00e9rito, \u00abmuy enfermo\u00bb, para que el Se\u00f1or le consuele y le sostenga \u00aben este testimonio de amor a la Iglesia hasta el final\u00bb. Y en todos los continentes se multiplicaron inmediatamente las iniciativas de oraci\u00f3n con mensajes de solidaridad y cercan\u00eda tambi\u00e9n desde el mundo no eclesial.<\/p>\n\n\n\n<p><a href=\"https:\/\/www.vaticannews.va\/es\/vaticano\/news\/2022-12\/padre-federico-lombiardi-muerte-benedicto-xvi-31-diciembre-22.html\"><\/a><a href=\"https:\/\/www.vaticannews.va\/es\/vaticano\/news\/2022-12\/padre-federico-lombiardi-muerte-benedicto-xvi-31-diciembre-22.html\"><\/a><\/p>\n","protected":false},"excerpt":{"rendered":"<p>El Papa em\u00e9rito, de 95 a\u00f1os, falleci\u00f3 este s\u00e1bado, 31 de diciembre, a las 9:34 horas, en el Monasterio Mater Ecclesiae del Vaticano. El jueves 5 de enero, a las 9.30 horas, en la Plaza de San Pedro, el Papa Francisco presidir\u00e1 el rito de las exequias Benedicto XVI ha vuelto a la Casa del [&#8230;]\n","protected":false},"author":2,"featured_media":1223,"comment_status":"closed","ping_status":"open","sticky":false,"template":"","format":"standard","meta":{"footnotes":""},"categories":[7],"tags":[],"class_list":["post-1220","post","type-post","status-publish","format-standard","has-post-thumbnail","hentry","category-noticias"],"yoast_head":"<!-- This site is optimized with the Yoast SEO plugin v24.6 - https:\/\/yoast.com\/wordpress\/plugins\/seo\/ -->\n<title>Adi\u00f3s a Benedicto XVI, humilde trabajador de la vi\u00f1a del Se\u00f1or - Obispado San Marcos de Arica<\/title>\n<meta name=\"robots\" content=\"index, follow, max-snippet:-1, max-image-preview:large, max-video-preview:-1\" \/>\n<link rel=\"canonical\" href=\"https:\/\/obispadoarica.cl\/home\/adios-a-benedicto-xvi-humilde-trabajador-de-la-vina-del-senor\/\" \/>\n<meta property=\"og:locale\" content=\"es_ES\" \/>\n<meta property=\"og:type\" content=\"article\" \/>\n<meta property=\"og:title\" content=\"Adi\u00f3s a Benedicto XVI, humilde trabajador de la vi\u00f1a del Se\u00f1or - Obispado San Marcos de Arica\" \/>\n<meta property=\"og:description\" content=\"El Papa em\u00e9rito, de 95 a\u00f1os, falleci\u00f3 este s\u00e1bado, 31 de diciembre, a las 9:34 horas, en el Monasterio Mater Ecclesiae del Vaticano. El jueves 5 de enero, a las 9.30 horas, en la Plaza de San Pedro, el Papa Francisco presidir\u00e1 el rito de las exequias Benedicto XVI ha vuelto a la Casa del [...]\" \/>\n<meta property=\"og:url\" content=\"https:\/\/obispadoarica.cl\/home\/adios-a-benedicto-xvi-humilde-trabajador-de-la-vina-del-senor\/\" \/>\n<meta property=\"og:site_name\" content=\"Obispado San Marcos de Arica\" \/>\n<meta property=\"article:published_time\" content=\"2023-01-04T00:49:43+00:00\" \/>\n<meta property=\"article:modified_time\" content=\"2025-03-09T00:52:19+00:00\" \/>\n<meta property=\"og:image\" content=\"https:\/\/obispadoarica.cl\/home\/wp-content\/uploads\/2023\/01\/cq5dam.thumbnail.cropped.1000.563.jpeg\" \/>\n\t<meta property=\"og:image:width\" content=\"1000\" \/>\n\t<meta property=\"og:image:height\" content=\"563\" \/>\n\t<meta property=\"og:image:type\" content=\"image\/jpeg\" \/>\n<meta name=\"author\" content=\"Obispado de Arica\" \/>\n<meta name=\"twitter:card\" content=\"summary_large_image\" \/>\n<meta name=\"twitter:label1\" content=\"Escrito por\" \/>\n\t<meta name=\"twitter:data1\" content=\"Obispado de Arica\" \/>\n\t<meta name=\"twitter:label2\" content=\"Tiempo de lectura\" \/>\n\t<meta name=\"twitter:data2\" content=\"3 minutos\" \/>\n<script type=\"application\/ld+json\" class=\"yoast-schema-graph\">{\"@context\":\"https:\/\/schema.org\",\"@graph\":[{\"@type\":\"WebPage\",\"@id\":\"https:\/\/obispadoarica.cl\/home\/adios-a-benedicto-xvi-humilde-trabajador-de-la-vina-del-senor\/\",\"url\":\"https:\/\/obispadoarica.cl\/home\/adios-a-benedicto-xvi-humilde-trabajador-de-la-vina-del-senor\/\",\"name\":\"Adi\u00f3s a Benedicto XVI, humilde trabajador de la vi\u00f1a del Se\u00f1or - Obispado San Marcos de Arica\",\"isPartOf\":{\"@id\":\"https:\/\/obispadoarica.cl\/home\/#website\"},\"primaryImageOfPage\":{\"@id\":\"https:\/\/obispadoarica.cl\/home\/adios-a-benedicto-xvi-humilde-trabajador-de-la-vina-del-senor\/#primaryimage\"},\"image\":{\"@id\":\"https:\/\/obispadoarica.cl\/home\/adios-a-benedicto-xvi-humilde-trabajador-de-la-vina-del-senor\/#primaryimage\"},\"thumbnailUrl\":\"https:\/\/obispadoarica.cl\/home\/wp-content\/uploads\/2023\/01\/cq5dam.thumbnail.cropped.1000.563.jpeg\",\"datePublished\":\"2023-01-04T00:49:43+00:00\",\"dateModified\":\"2025-03-09T00:52:19+00:00\",\"author\":{\"@id\":\"https:\/\/obispadoarica.cl\/home\/#\/schema\/person\/1a8f4c2a3418412187dff039ecf9d97e\"},\"breadcrumb\":{\"@id\":\"https:\/\/obispadoarica.cl\/home\/adios-a-benedicto-xvi-humilde-trabajador-de-la-vina-del-senor\/#breadcrumb\"},\"inLanguage\":\"es\",\"potentialAction\":[{\"@type\":\"ReadAction\",\"target\":[\"https:\/\/obispadoarica.cl\/home\/adios-a-benedicto-xvi-humilde-trabajador-de-la-vina-del-senor\/\"]}]},{\"@type\":\"ImageObject\",\"inLanguage\":\"es\",\"@id\":\"https:\/\/obispadoarica.cl\/home\/adios-a-benedicto-xvi-humilde-trabajador-de-la-vina-del-senor\/#primaryimage\",\"url\":\"https:\/\/obispadoarica.cl\/home\/wp-content\/uploads\/2023\/01\/cq5dam.thumbnail.cropped.1000.563.jpeg\",\"contentUrl\":\"https:\/\/obispadoarica.cl\/home\/wp-content\/uploads\/2023\/01\/cq5dam.thumbnail.cropped.1000.563.jpeg\",\"width\":1000,\"height\":563},{\"@type\":\"BreadcrumbList\",\"@id\":\"https:\/\/obispadoarica.cl\/home\/adios-a-benedicto-xvi-humilde-trabajador-de-la-vina-del-senor\/#breadcrumb\",\"itemListElement\":[{\"@type\":\"ListItem\",\"position\":1,\"name\":\"Portada\",\"item\":\"https:\/\/obispadoarica.cl\/home\/\"},{\"@type\":\"ListItem\",\"position\":2,\"name\":\"Adi\u00f3s a Benedicto XVI, humilde trabajador de la vi\u00f1a del Se\u00f1or\"}]},{\"@type\":\"WebSite\",\"@id\":\"https:\/\/obispadoarica.cl\/home\/#website\",\"url\":\"https:\/\/obispadoarica.cl\/home\/\",\"name\":\"Obispado San Marcos de Arica\",\"description\":\"Di\u00f3cesis San Marcos de Arica\",\"potentialAction\":[{\"@type\":\"SearchAction\",\"target\":{\"@type\":\"EntryPoint\",\"urlTemplate\":\"https:\/\/obispadoarica.cl\/home\/?s={search_term_string}\"},\"query-input\":{\"@type\":\"PropertyValueSpecification\",\"valueRequired\":true,\"valueName\":\"search_term_string\"}}],\"inLanguage\":\"es\"},{\"@type\":\"Person\",\"@id\":\"https:\/\/obispadoarica.cl\/home\/#\/schema\/person\/1a8f4c2a3418412187dff039ecf9d97e\",\"name\":\"Obispado de Arica\",\"image\":{\"@type\":\"ImageObject\",\"inLanguage\":\"es\",\"@id\":\"https:\/\/obispadoarica.cl\/home\/#\/schema\/person\/image\/\",\"url\":\"https:\/\/secure.gravatar.com\/avatar\/c75d5ceafb11502016ed664658884b0b1b183fa6f96260878f47ac58f950c8d9?s=96&d=mm&r=g\",\"contentUrl\":\"https:\/\/secure.gravatar.com\/avatar\/c75d5ceafb11502016ed664658884b0b1b183fa6f96260878f47ac58f950c8d9?s=96&d=mm&r=g\",\"caption\":\"Obispado de Arica\"},\"url\":\"https:\/\/obispadoarica.cl\/home\/author\/c1300590\/\"}]}<\/script>\n<!-- \/ Yoast SEO plugin. -->","yoast_head_json":{"title":"Adi\u00f3s a Benedicto XVI, humilde trabajador de la vi\u00f1a del Se\u00f1or - Obispado San Marcos de Arica","robots":{"index":"index","follow":"follow","max-snippet":"max-snippet:-1","max-image-preview":"max-image-preview:large","max-video-preview":"max-video-preview:-1"},"canonical":"https:\/\/obispadoarica.cl\/home\/adios-a-benedicto-xvi-humilde-trabajador-de-la-vina-del-senor\/","og_locale":"es_ES","og_type":"article","og_title":"Adi\u00f3s a Benedicto XVI, humilde trabajador de la vi\u00f1a del Se\u00f1or - Obispado San Marcos de Arica","og_description":"El Papa em\u00e9rito, de 95 a\u00f1os, falleci\u00f3 este s\u00e1bado, 31 de diciembre, a las 9:34 horas, en el Monasterio Mater Ecclesiae del Vaticano. El jueves 5 de enero, a las 9.30 horas, en la Plaza de San Pedro, el Papa Francisco presidir\u00e1 el rito de las exequias Benedicto XVI ha vuelto a la Casa del [...]","og_url":"https:\/\/obispadoarica.cl\/home\/adios-a-benedicto-xvi-humilde-trabajador-de-la-vina-del-senor\/","og_site_name":"Obispado San Marcos de Arica","article_published_time":"2023-01-04T00:49:43+00:00","article_modified_time":"2025-03-09T00:52:19+00:00","og_image":[{"width":1000,"height":563,"url":"https:\/\/obispadoarica.cl\/home\/wp-content\/uploads\/2023\/01\/cq5dam.thumbnail.cropped.1000.563.jpeg","type":"image\/jpeg"}],"author":"Obispado de Arica","twitter_card":"summary_large_image","twitter_misc":{"Escrito por":"Obispado de Arica","Tiempo de lectura":"3 minutos"},"schema":{"@context":"https:\/\/schema.org","@graph":[{"@type":"WebPage","@id":"https:\/\/obispadoarica.cl\/home\/adios-a-benedicto-xvi-humilde-trabajador-de-la-vina-del-senor\/","url":"https:\/\/obispadoarica.cl\/home\/adios-a-benedicto-xvi-humilde-trabajador-de-la-vina-del-senor\/","name":"Adi\u00f3s a Benedicto XVI, humilde trabajador de la vi\u00f1a del Se\u00f1or - Obispado San Marcos de Arica","isPartOf":{"@id":"https:\/\/obispadoarica.cl\/home\/#website"},"primaryImageOfPage":{"@id":"https:\/\/obispadoarica.cl\/home\/adios-a-benedicto-xvi-humilde-trabajador-de-la-vina-del-senor\/#primaryimage"},"image":{"@id":"https:\/\/obispadoarica.cl\/home\/adios-a-benedicto-xvi-humilde-trabajador-de-la-vina-del-senor\/#primaryimage"},"thumbnailUrl":"https:\/\/obispadoarica.cl\/home\/wp-content\/uploads\/2023\/01\/cq5dam.thumbnail.cropped.1000.563.jpeg","datePublished":"2023-01-04T00:49:43+00:00","dateModified":"2025-03-09T00:52:19+00:00","author":{"@id":"https:\/\/obispadoarica.cl\/home\/#\/schema\/person\/1a8f4c2a3418412187dff039ecf9d97e"},"breadcrumb":{"@id":"https:\/\/obispadoarica.cl\/home\/adios-a-benedicto-xvi-humilde-trabajador-de-la-vina-del-senor\/#breadcrumb"},"inLanguage":"es","potentialAction":[{"@type":"ReadAction","target":["https:\/\/obispadoarica.cl\/home\/adios-a-benedicto-xvi-humilde-trabajador-de-la-vina-del-senor\/"]}]},{"@type":"ImageObject","inLanguage":"es","@id":"https:\/\/obispadoarica.cl\/home\/adios-a-benedicto-xvi-humilde-trabajador-de-la-vina-del-senor\/#primaryimage","url":"https:\/\/obispadoarica.cl\/home\/wp-content\/uploads\/2023\/01\/cq5dam.thumbnail.cropped.1000.563.jpeg","contentUrl":"https:\/\/obispadoarica.cl\/home\/wp-content\/uploads\/2023\/01\/cq5dam.thumbnail.cropped.1000.563.jpeg","width":1000,"height":563},{"@type":"BreadcrumbList","@id":"https:\/\/obispadoarica.cl\/home\/adios-a-benedicto-xvi-humilde-trabajador-de-la-vina-del-senor\/#breadcrumb","itemListElement":[{"@type":"ListItem","position":1,"name":"Portada","item":"https:\/\/obispadoarica.cl\/home\/"},{"@type":"ListItem","position":2,"name":"Adi\u00f3s a Benedicto XVI, humilde trabajador de la vi\u00f1a del Se\u00f1or"}]},{"@type":"WebSite","@id":"https:\/\/obispadoarica.cl\/home\/#website","url":"https:\/\/obispadoarica.cl\/home\/","name":"Obispado San Marcos de Arica","description":"Di\u00f3cesis San Marcos de Arica","potentialAction":[{"@type":"SearchAction","target":{"@type":"EntryPoint","urlTemplate":"https:\/\/obispadoarica.cl\/home\/?s={search_term_string}"},"query-input":{"@type":"PropertyValueSpecification","valueRequired":true,"valueName":"search_term_string"}}],"inLanguage":"es"},{"@type":"Person","@id":"https:\/\/obispadoarica.cl\/home\/#\/schema\/person\/1a8f4c2a3418412187dff039ecf9d97e","name":"Obispado de Arica","image":{"@type":"ImageObject","inLanguage":"es","@id":"https:\/\/obispadoarica.cl\/home\/#\/schema\/person\/image\/","url":"https:\/\/secure.gravatar.com\/avatar\/c75d5ceafb11502016ed664658884b0b1b183fa6f96260878f47ac58f950c8d9?s=96&d=mm&r=g","contentUrl":"https:\/\/secure.gravatar.com\/avatar\/c75d5ceafb11502016ed664658884b0b1b183fa6f96260878f47ac58f950c8d9?s=96&d=mm&r=g","caption":"Obispado de Arica"},"url":"https:\/\/obispadoarica.cl\/home\/author\/c1300590\/"}]}},"_links":{"self":[{"href":"https:\/\/obispadoarica.cl\/home\/wp-json\/wp\/v2\/posts\/1220","targetHints":{"allow":["GET"]}}],"collection":[{"href":"https:\/\/obispadoarica.cl\/home\/wp-json\/wp\/v2\/posts"}],"about":[{"href":"https:\/\/obispadoarica.cl\/home\/wp-json\/wp\/v2\/types\/post"}],"author":[{"embeddable":true,"href":"https:\/\/obispadoarica.cl\/home\/wp-json\/wp\/v2\/users\/2"}],"replies":[{"embeddable":true,"href":"https:\/\/obispadoarica.cl\/home\/wp-json\/wp\/v2\/comments?post=1220"}],"version-history":[{"count":2,"href":"https:\/\/obispadoarica.cl\/home\/wp-json\/wp\/v2\/posts\/1220\/revisions"}],"predecessor-version":[{"id":1228,"href":"https:\/\/obispadoarica.cl\/home\/wp-json\/wp\/v2\/posts\/1220\/revisions\/1228"}],"wp:featuredmedia":[{"embeddable":true,"href":"https:\/\/obispadoarica.cl\/home\/wp-json\/wp\/v2\/media\/1223"}],"wp:attachment":[{"href":"https:\/\/obispadoarica.cl\/home\/wp-json\/wp\/v2\/media?parent=1220"}],"wp:term":[{"taxonomy":"category","embeddable":true,"href":"https:\/\/obispadoarica.cl\/home\/wp-json\/wp\/v2\/categories?post=1220"},{"taxonomy":"post_tag","embeddable":true,"href":"https:\/\/obispadoarica.cl\/home\/wp-json\/wp\/v2\/tags?post=1220"}],"curies":[{"name":"wp","href":"https:\/\/api.w.org\/{rel}","templated":true}]}}