{"id":1235,"date":"2023-01-04T01:08:47","date_gmt":"2023-01-04T01:08:47","guid":{"rendered":"https:\/\/obispadoarica.cl\/home\/?p=1235"},"modified":"2025-03-08T20:52:19","modified_gmt":"2025-03-09T00:52:19","slug":"parroquia-sagrada-familia","status":"publish","type":"post","link":"https:\/\/obispadoarica.cl\/home\/parroquia-sagrada-familia\/","title":{"rendered":"Parroquia Sagrada Familia"},"content":{"rendered":"\n<p>Con eucarist\u00eda se dio inicio a la Escuela de Verano para nuestros agentes pastorales<\/p>\n\n\n\n\n\n<p>En ella, Mons.!Mois\u00e9s Atisha rezo junto a la Di\u00f3cesis por el alma de Benedicto XVI, el papa em\u00e9rito que ha partido a la casa del Padre celestial.<\/p>\n\n\n\n<p>Momento significativo donde el Obispo exhort\u00f3 dejar huellas en el camino, as\u00ed como lo ha hecho el bien recordado Papa em\u00e9rito Benedicto XVI.<\/p>\n\n\n\n<figure class=\"wp-block-image size-large is-resized\"><img fetchpriority=\"high\" decoding=\"async\" src=\"https:\/\/scontent.fari1-1.fna.fbcdn.net\/v\/t39.30808-6\/323996970_1124081938301693_2180326321263108571_n.jpg?_nc_cat=107&amp;ccb=1-7&amp;_nc_sid=8bfeb9&amp;_nc_ohc=QviTD-q8bXwAX_k71WD&amp;_nc_ht=scontent.fari1-1.fna&amp;oh=00_AfCRXMSQ2DqrwN_i5DpEWsIllBIV-smW4k0YwjJdtyyqmw&amp;oe=63B9FDDD\" alt=\"\" width=\"840\" height=\"630\"\/><\/figure>\n\n\n\n<figure class=\"wp-block-image size-large\"><img decoding=\"async\" src=\"https:\/\/scontent.fari1-1.fna.fbcdn.net\/v\/t39.30808-6\/322258931_711920107169224_8149041956844868946_n.jpg?_nc_cat=104&amp;ccb=1-7&amp;_nc_sid=8bfeb9&amp;_nc_ohc=s7kUZ_JtKtUAX9aaxQW&amp;tn=7znpTiRcSagcWw53&amp;_nc_ht=scontent.fari1-1.fna&amp;oh=00_AfB3DG_dpDPkGCSWg0iIy3HH3-oTR2oCvQR7NCfV9lzBGw&amp;oe=63B8E3E2\" alt=\"\"\/><\/figure>\n","protected":false},"excerpt":{"rendered":"<p>Con eucarist\u00eda se dio inicio a la Escuela de Verano para nuestros agentes pastorales En ella, Mons.!Mois\u00e9s Atisha rezo junto a la Di\u00f3cesis por el alma de Benedicto XVI, el papa em\u00e9rito que ha partido a la casa del Padre celestial. Momento significativo donde el Obispo exhort\u00f3 dejar huellas en el camino, as\u00ed como lo [&#8230;]\n","protected":false},"author":2,"featured_media":1236,"comment_status":"closed","ping_status":"open","sticky":false,"template":"","format":"standard","meta":{"footnotes":""},"categories":[7],"tags":[],"class_list":["post-1235","post","type-post","status-publish","format-standard","has-post-thumbnail","hentry","category-noticias"],"yoast_head":"<!-- This site is optimized with the Yoast SEO plugin v24.6 - https:\/\/yoast.com\/wordpress\/plugins\/seo\/ -->\n<title>Parroquia Sagrada Familia - Obispado San Marcos de Arica<\/title>\n<meta name=\"robots\" content=\"index, follow, max-snippet:-1, max-image-preview:large, max-video-preview:-1\" \/>\n<link rel=\"canonical\" href=\"https:\/\/obispadoarica.cl\/home\/parroquia-sagrada-familia\/\" \/>\n<meta property=\"og:locale\" content=\"es_ES\" \/>\n<meta property=\"og:type\" content=\"article\" \/>\n<meta property=\"og:title\" content=\"Parroquia Sagrada Familia - Obispado San Marcos de Arica\" \/>\n<meta property=\"og:description\" content=\"Con eucarist\u00eda se dio inicio a la Escuela de Verano para nuestros agentes pastorales En ella, Mons.!Mois\u00e9s Atisha rezo junto a la Di\u00f3cesis por el alma de Benedicto XVI, el papa em\u00e9rito que ha partido a la casa del Padre celestial. Momento significativo donde el Obispo exhort\u00f3 dejar huellas en el camino, as\u00ed como lo [...]\" \/>\n<meta property=\"og:url\" content=\"https:\/\/obispadoarica.cl\/home\/parroquia-sagrada-familia\/\" \/>\n<meta property=\"og:site_name\" content=\"Obispado San Marcos de Arica\" \/>\n<meta property=\"article:published_time\" content=\"2023-01-04T01:08:47+00:00\" \/>\n<meta property=\"article:modified_time\" content=\"2025-03-09T00:52:19+00:00\" \/>\n<meta property=\"og:image\" content=\"https:\/\/obispadoarica.cl\/home\/wp-content\/uploads\/2023\/01\/322563707_713902446963847_4152159944397943588_n.jpeg\" \/>\n\t<meta property=\"og:image:width\" content=\"1600\" \/>\n\t<meta property=\"og:image:height\" content=\"1200\" \/>\n\t<meta property=\"og:image:type\" content=\"image\/jpeg\" \/>\n<meta name=\"author\" content=\"Obispado de Arica\" \/>\n<meta name=\"twitter:card\" content=\"summary_large_image\" \/>\n<meta name=\"twitter:label1\" content=\"Escrito por\" \/>\n\t<meta name=\"twitter:data1\" content=\"Obispado de Arica\" \/>\n\t<meta name=\"twitter:label2\" content=\"Tiempo de lectura\" \/>\n\t<meta name=\"twitter:data2\" content=\"1 minuto\" \/>\n<script type=\"application\/ld+json\" class=\"yoast-schema-graph\">{\"@context\":\"https:\/\/schema.org\",\"@graph\":[{\"@type\":\"WebPage\",\"@id\":\"https:\/\/obispadoarica.cl\/home\/parroquia-sagrada-familia\/\",\"url\":\"https:\/\/obispadoarica.cl\/home\/parroquia-sagrada-familia\/\",\"name\":\"Parroquia Sagrada Familia - Obispado San Marcos de Arica\",\"isPartOf\":{\"@id\":\"https:\/\/obispadoarica.cl\/home\/#website\"},\"primaryImageOfPage\":{\"@id\":\"https:\/\/obispadoarica.cl\/home\/parroquia-sagrada-familia\/#primaryimage\"},\"image\":{\"@id\":\"https:\/\/obispadoarica.cl\/home\/parroquia-sagrada-familia\/#primaryimage\"},\"thumbnailUrl\":\"https:\/\/obispadoarica.cl\/home\/wp-content\/uploads\/2023\/01\/322563707_713902446963847_4152159944397943588_n.jpeg\",\"datePublished\":\"2023-01-04T01:08:47+00:00\",\"dateModified\":\"2025-03-09T00:52:19+00:00\",\"author\":{\"@id\":\"https:\/\/obispadoarica.cl\/home\/#\/schema\/person\/1a8f4c2a3418412187dff039ecf9d97e\"},\"breadcrumb\":{\"@id\":\"https:\/\/obispadoarica.cl\/home\/parroquia-sagrada-familia\/#breadcrumb\"},\"inLanguage\":\"es\",\"potentialAction\":[{\"@type\":\"ReadAction\",\"target\":[\"https:\/\/obispadoarica.cl\/home\/parroquia-sagrada-familia\/\"]}]},{\"@type\":\"ImageObject\",\"inLanguage\":\"es\",\"@id\":\"https:\/\/obispadoarica.cl\/home\/parroquia-sagrada-familia\/#primaryimage\",\"url\":\"https:\/\/obispadoarica.cl\/home\/wp-content\/uploads\/2023\/01\/322563707_713902446963847_4152159944397943588_n.jpeg\",\"contentUrl\":\"https:\/\/obispadoarica.cl\/home\/wp-content\/uploads\/2023\/01\/322563707_713902446963847_4152159944397943588_n.jpeg\",\"width\":1600,\"height\":1200},{\"@type\":\"BreadcrumbList\",\"@id\":\"https:\/\/obispadoarica.cl\/home\/parroquia-sagrada-familia\/#breadcrumb\",\"itemListElement\":[{\"@type\":\"ListItem\",\"position\":1,\"name\":\"Portada\",\"item\":\"https:\/\/obispadoarica.cl\/home\/\"},{\"@type\":\"ListItem\",\"position\":2,\"name\":\"Parroquia Sagrada Familia\"}]},{\"@type\":\"WebSite\",\"@id\":\"https:\/\/obispadoarica.cl\/home\/#website\",\"url\":\"https:\/\/obispadoarica.cl\/home\/\",\"name\":\"Obispado San Marcos de Arica\",\"description\":\"Di\u00f3cesis San Marcos de Arica\",\"potentialAction\":[{\"@type\":\"SearchAction\",\"target\":{\"@type\":\"EntryPoint\",\"urlTemplate\":\"https:\/\/obispadoarica.cl\/home\/?s={search_term_string}\"},\"query-input\":{\"@type\":\"PropertyValueSpecification\",\"valueRequired\":true,\"valueName\":\"search_term_string\"}}],\"inLanguage\":\"es\"},{\"@type\":\"Person\",\"@id\":\"https:\/\/obispadoarica.cl\/home\/#\/schema\/person\/1a8f4c2a3418412187dff039ecf9d97e\",\"name\":\"Obispado de Arica\",\"image\":{\"@type\":\"ImageObject\",\"inLanguage\":\"es\",\"@id\":\"https:\/\/obispadoarica.cl\/home\/#\/schema\/person\/image\/\",\"url\":\"https:\/\/secure.gravatar.com\/avatar\/c75d5ceafb11502016ed664658884b0b1b183fa6f96260878f47ac58f950c8d9?s=96&d=mm&r=g\",\"contentUrl\":\"https:\/\/secure.gravatar.com\/avatar\/c75d5ceafb11502016ed664658884b0b1b183fa6f96260878f47ac58f950c8d9?s=96&d=mm&r=g\",\"caption\":\"Obispado de Arica\"},\"url\":\"https:\/\/obispadoarica.cl\/home\/author\/c1300590\/\"}]}<\/script>\n<!-- \/ Yoast SEO plugin. -->","yoast_head_json":{"title":"Parroquia Sagrada Familia - Obispado San Marcos de Arica","robots":{"index":"index","follow":"follow","max-snippet":"max-snippet:-1","max-image-preview":"max-image-preview:large","max-video-preview":"max-video-preview:-1"},"canonical":"https:\/\/obispadoarica.cl\/home\/parroquia-sagrada-familia\/","og_locale":"es_ES","og_type":"article","og_title":"Parroquia Sagrada Familia - Obispado San Marcos de Arica","og_description":"Con eucarist\u00eda se dio inicio a la Escuela de Verano para nuestros agentes pastorales En ella, Mons.!Mois\u00e9s Atisha rezo junto a la Di\u00f3cesis por el alma de Benedicto XVI, el papa em\u00e9rito que ha partido a la casa del Padre celestial. Momento significativo donde el Obispo exhort\u00f3 dejar huellas en el camino, as\u00ed como lo [...]","og_url":"https:\/\/obispadoarica.cl\/home\/parroquia-sagrada-familia\/","og_site_name":"Obispado San Marcos de Arica","article_published_time":"2023-01-04T01:08:47+00:00","article_modified_time":"2025-03-09T00:52:19+00:00","og_image":[{"width":1600,"height":1200,"url":"https:\/\/obispadoarica.cl\/home\/wp-content\/uploads\/2023\/01\/322563707_713902446963847_4152159944397943588_n.jpeg","type":"image\/jpeg"}],"author":"Obispado de Arica","twitter_card":"summary_large_image","twitter_misc":{"Escrito por":"Obispado de Arica","Tiempo de lectura":"1 minuto"},"schema":{"@context":"https:\/\/schema.org","@graph":[{"@type":"WebPage","@id":"https:\/\/obispadoarica.cl\/home\/parroquia-sagrada-familia\/","url":"https:\/\/obispadoarica.cl\/home\/parroquia-sagrada-familia\/","name":"Parroquia Sagrada Familia - Obispado San Marcos de Arica","isPartOf":{"@id":"https:\/\/obispadoarica.cl\/home\/#website"},"primaryImageOfPage":{"@id":"https:\/\/obispadoarica.cl\/home\/parroquia-sagrada-familia\/#primaryimage"},"image":{"@id":"https:\/\/obispadoarica.cl\/home\/parroquia-sagrada-familia\/#primaryimage"},"thumbnailUrl":"https:\/\/obispadoarica.cl\/home\/wp-content\/uploads\/2023\/01\/322563707_713902446963847_4152159944397943588_n.jpeg","datePublished":"2023-01-04T01:08:47+00:00","dateModified":"2025-03-09T00:52:19+00:00","author":{"@id":"https:\/\/obispadoarica.cl\/home\/#\/schema\/person\/1a8f4c2a3418412187dff039ecf9d97e"},"breadcrumb":{"@id":"https:\/\/obispadoarica.cl\/home\/parroquia-sagrada-familia\/#breadcrumb"},"inLanguage":"es","potentialAction":[{"@type":"ReadAction","target":["https:\/\/obispadoarica.cl\/home\/parroquia-sagrada-familia\/"]}]},{"@type":"ImageObject","inLanguage":"es","@id":"https:\/\/obispadoarica.cl\/home\/parroquia-sagrada-familia\/#primaryimage","url":"https:\/\/obispadoarica.cl\/home\/wp-content\/uploads\/2023\/01\/322563707_713902446963847_4152159944397943588_n.jpeg","contentUrl":"https:\/\/obispadoarica.cl\/home\/wp-content\/uploads\/2023\/01\/322563707_713902446963847_4152159944397943588_n.jpeg","width":1600,"height":1200},{"@type":"BreadcrumbList","@id":"https:\/\/obispadoarica.cl\/home\/parroquia-sagrada-familia\/#breadcrumb","itemListElement":[{"@type":"ListItem","position":1,"name":"Portada","item":"https:\/\/obispadoarica.cl\/home\/"},{"@type":"ListItem","position":2,"name":"Parroquia Sagrada Familia"}]},{"@type":"WebSite","@id":"https:\/\/obispadoarica.cl\/home\/#website","url":"https:\/\/obispadoarica.cl\/home\/","name":"Obispado San Marcos de Arica","description":"Di\u00f3cesis San Marcos de Arica","potentialAction":[{"@type":"SearchAction","target":{"@type":"EntryPoint","urlTemplate":"https:\/\/obispadoarica.cl\/home\/?s={search_term_string}"},"query-input":{"@type":"PropertyValueSpecification","valueRequired":true,"valueName":"search_term_string"}}],"inLanguage":"es"},{"@type":"Person","@id":"https:\/\/obispadoarica.cl\/home\/#\/schema\/person\/1a8f4c2a3418412187dff039ecf9d97e","name":"Obispado de Arica","image":{"@type":"ImageObject","inLanguage":"es","@id":"https:\/\/obispadoarica.cl\/home\/#\/schema\/person\/image\/","url":"https:\/\/secure.gravatar.com\/avatar\/c75d5ceafb11502016ed664658884b0b1b183fa6f96260878f47ac58f950c8d9?s=96&d=mm&r=g","contentUrl":"https:\/\/secure.gravatar.com\/avatar\/c75d5ceafb11502016ed664658884b0b1b183fa6f96260878f47ac58f950c8d9?s=96&d=mm&r=g","caption":"Obispado de Arica"},"url":"https:\/\/obispadoarica.cl\/home\/author\/c1300590\/"}]}},"_links":{"self":[{"href":"https:\/\/obispadoarica.cl\/home\/wp-json\/wp\/v2\/posts\/1235","targetHints":{"allow":["GET"]}}],"collection":[{"href":"https:\/\/obispadoarica.cl\/home\/wp-json\/wp\/v2\/posts"}],"about":[{"href":"https:\/\/obispadoarica.cl\/home\/wp-json\/wp\/v2\/types\/post"}],"author":[{"embeddable":true,"href":"https:\/\/obispadoarica.cl\/home\/wp-json\/wp\/v2\/users\/2"}],"replies":[{"embeddable":true,"href":"https:\/\/obispadoarica.cl\/home\/wp-json\/wp\/v2\/comments?post=1235"}],"version-history":[{"count":1,"href":"https:\/\/obispadoarica.cl\/home\/wp-json\/wp\/v2\/posts\/1235\/revisions"}],"predecessor-version":[{"id":1237,"href":"https:\/\/obispadoarica.cl\/home\/wp-json\/wp\/v2\/posts\/1235\/revisions\/1237"}],"wp:featuredmedia":[{"embeddable":true,"href":"https:\/\/obispadoarica.cl\/home\/wp-json\/wp\/v2\/media\/1236"}],"wp:attachment":[{"href":"https:\/\/obispadoarica.cl\/home\/wp-json\/wp\/v2\/media?parent=1235"}],"wp:term":[{"taxonomy":"category","embeddable":true,"href":"https:\/\/obispadoarica.cl\/home\/wp-json\/wp\/v2\/categories?post=1235"},{"taxonomy":"post_tag","embeddable":true,"href":"https:\/\/obispadoarica.cl\/home\/wp-json\/wp\/v2\/tags?post=1235"}],"curies":[{"name":"wp","href":"https:\/\/api.w.org\/{rel}","templated":true}]}}