{"id":1616,"date":"2023-04-07T18:44:36","date_gmt":"2023-04-07T18:44:36","guid":{"rendered":"https:\/\/obispadoarica.cl\/home\/?p=1616"},"modified":"2025-03-08T20:51:19","modified_gmt":"2025-03-09T00:51:19","slug":"meditaciones-para-semana-santa","status":"publish","type":"post","link":"https:\/\/obispadoarica.cl\/home\/meditaciones-para-semana-santa\/","title":{"rendered":"Meditaciones para Semana Santa"},"content":{"rendered":"\n\n\n<figure class=\"wp-block-image size-large\"><a href=\"https:\/\/obispadoarica.cl\/home\/wp-content\/uploads\/2023\/04\/unnamed-1.jpeg\"><img fetchpriority=\"high\" decoding=\"async\" width=\"1024\" height=\"576\" src=\"https:\/\/obispadoarica.cl\/home\/wp-content\/uploads\/2023\/04\/unnamed-1-1024x576.jpeg\" alt=\"\" class=\"wp-image-1618\" srcset=\"https:\/\/obispadoarica.cl\/home\/wp-content\/uploads\/2023\/04\/unnamed-1-1024x576.jpeg 1024w, https:\/\/obispadoarica.cl\/home\/wp-content\/uploads\/2023\/04\/unnamed-1-300x169.jpeg 300w, https:\/\/obispadoarica.cl\/home\/wp-content\/uploads\/2023\/04\/unnamed-1-768x432.jpeg 768w, https:\/\/obispadoarica.cl\/home\/wp-content\/uploads\/2023\/04\/unnamed-1.jpeg 1280w\" sizes=\"(max-width: 1024px) 100vw, 1024px\" \/><\/a><\/figure>\n\n\n\n<blockquote class=\"wp-block-quote is-layout-flow wp-block-quote-is-layout-flow\">\n<figure class=\"wp-block-table\"><table><tbody><tr><td>Para nosotros la Semana Santa no es el recuerdo de un hecho hist\u00f3rico cualquiera, es la contemplaci\u00f3n del amor de Dios que permite el sacrificio de su Hijo, el dolor de ver a Jes\u00fas crucificado, la esperanza de ver a Cristo que vuelve a la vida y el j\u00fabilo de su Resurrecci\u00f3n.<\/td><\/tr><\/tbody><\/table><\/figure>\n<\/blockquote>\n\n\n\n\n\n<p><a href=\"https:\/\/ver.formed.lat\/meditaciones-para-semana-santa?eti=9302\">https:\/\/ver.formed.lat\/meditaciones-para-semana-santa?eti=9302<\/a><\/p>\n","protected":false},"excerpt":{"rendered":"<p>Para nosotros la Semana Santa no es el recuerdo de un hecho hist\u00f3rico cualquiera, es la contemplaci\u00f3n del amor de Dios que permite el sacrificio de su Hijo, el dolor de ver a Jes\u00fas crucificado, la esperanza de ver a Cristo que vuelve a la vida y el j\u00fabilo de su Resurrecci\u00f3n. https:\/\/ver.formed.lat\/meditaciones-para-semana-santa?eti=9302<\/p>\n","protected":false},"author":2,"featured_media":1618,"comment_status":"closed","ping_status":"open","sticky":false,"template":"","format":"standard","meta":{"footnotes":""},"categories":[7],"tags":[],"class_list":["post-1616","post","type-post","status-publish","format-standard","has-post-thumbnail","hentry","category-noticias"],"yoast_head":"<!-- This site is optimized with the Yoast SEO plugin v24.6 - https:\/\/yoast.com\/wordpress\/plugins\/seo\/ -->\n<title>Meditaciones para Semana Santa - Obispado San Marcos de Arica<\/title>\n<meta name=\"robots\" content=\"index, follow, max-snippet:-1, max-image-preview:large, max-video-preview:-1\" \/>\n<link rel=\"canonical\" href=\"https:\/\/obispadoarica.cl\/home\/meditaciones-para-semana-santa\/\" \/>\n<meta property=\"og:locale\" content=\"es_ES\" \/>\n<meta property=\"og:type\" content=\"article\" \/>\n<meta property=\"og:title\" content=\"Meditaciones para Semana Santa - Obispado San Marcos de Arica\" \/>\n<meta property=\"og:description\" content=\"Para nosotros la Semana Santa no es el recuerdo de un hecho hist\u00f3rico cualquiera, es la contemplaci\u00f3n del amor de Dios que permite el sacrificio de su Hijo, el dolor de ver a Jes\u00fas crucificado, la esperanza de ver a Cristo que vuelve a la vida y el j\u00fabilo de su Resurrecci\u00f3n. https:\/\/ver.formed.lat\/meditaciones-para-semana-santa?eti=9302\" \/>\n<meta property=\"og:url\" content=\"https:\/\/obispadoarica.cl\/home\/meditaciones-para-semana-santa\/\" \/>\n<meta property=\"og:site_name\" content=\"Obispado San Marcos de Arica\" \/>\n<meta property=\"article:published_time\" content=\"2023-04-07T18:44:36+00:00\" \/>\n<meta property=\"article:modified_time\" content=\"2025-03-09T00:51:19+00:00\" \/>\n<meta property=\"og:image\" content=\"https:\/\/obispadoarica.cl\/home\/wp-content\/uploads\/2023\/04\/unnamed-1.jpeg\" \/>\n\t<meta property=\"og:image:width\" content=\"1280\" \/>\n\t<meta property=\"og:image:height\" content=\"720\" \/>\n\t<meta property=\"og:image:type\" content=\"image\/jpeg\" \/>\n<meta name=\"author\" content=\"Obispado de Arica\" \/>\n<meta name=\"twitter:card\" content=\"summary_large_image\" \/>\n<meta name=\"twitter:label1\" content=\"Escrito por\" \/>\n\t<meta name=\"twitter:data1\" content=\"Obispado de Arica\" \/>\n<script type=\"application\/ld+json\" class=\"yoast-schema-graph\">{\"@context\":\"https:\/\/schema.org\",\"@graph\":[{\"@type\":\"WebPage\",\"@id\":\"https:\/\/obispadoarica.cl\/home\/meditaciones-para-semana-santa\/\",\"url\":\"https:\/\/obispadoarica.cl\/home\/meditaciones-para-semana-santa\/\",\"name\":\"Meditaciones para Semana Santa - Obispado San Marcos de Arica\",\"isPartOf\":{\"@id\":\"https:\/\/obispadoarica.cl\/home\/#website\"},\"primaryImageOfPage\":{\"@id\":\"https:\/\/obispadoarica.cl\/home\/meditaciones-para-semana-santa\/#primaryimage\"},\"image\":{\"@id\":\"https:\/\/obispadoarica.cl\/home\/meditaciones-para-semana-santa\/#primaryimage\"},\"thumbnailUrl\":\"https:\/\/obispadoarica.cl\/home\/wp-content\/uploads\/2023\/04\/unnamed-1.jpeg\",\"datePublished\":\"2023-04-07T18:44:36+00:00\",\"dateModified\":\"2025-03-09T00:51:19+00:00\",\"author\":{\"@id\":\"https:\/\/obispadoarica.cl\/home\/#\/schema\/person\/1a8f4c2a3418412187dff039ecf9d97e\"},\"breadcrumb\":{\"@id\":\"https:\/\/obispadoarica.cl\/home\/meditaciones-para-semana-santa\/#breadcrumb\"},\"inLanguage\":\"es\",\"potentialAction\":[{\"@type\":\"ReadAction\",\"target\":[\"https:\/\/obispadoarica.cl\/home\/meditaciones-para-semana-santa\/\"]}]},{\"@type\":\"ImageObject\",\"inLanguage\":\"es\",\"@id\":\"https:\/\/obispadoarica.cl\/home\/meditaciones-para-semana-santa\/#primaryimage\",\"url\":\"https:\/\/obispadoarica.cl\/home\/wp-content\/uploads\/2023\/04\/unnamed-1.jpeg\",\"contentUrl\":\"https:\/\/obispadoarica.cl\/home\/wp-content\/uploads\/2023\/04\/unnamed-1.jpeg\",\"width\":1280,\"height\":720},{\"@type\":\"BreadcrumbList\",\"@id\":\"https:\/\/obispadoarica.cl\/home\/meditaciones-para-semana-santa\/#breadcrumb\",\"itemListElement\":[{\"@type\":\"ListItem\",\"position\":1,\"name\":\"Portada\",\"item\":\"https:\/\/obispadoarica.cl\/home\/\"},{\"@type\":\"ListItem\",\"position\":2,\"name\":\"Meditaciones para Semana Santa\"}]},{\"@type\":\"WebSite\",\"@id\":\"https:\/\/obispadoarica.cl\/home\/#website\",\"url\":\"https:\/\/obispadoarica.cl\/home\/\",\"name\":\"Obispado San Marcos de Arica\",\"description\":\"Di\u00f3cesis San Marcos de Arica\",\"potentialAction\":[{\"@type\":\"SearchAction\",\"target\":{\"@type\":\"EntryPoint\",\"urlTemplate\":\"https:\/\/obispadoarica.cl\/home\/?s={search_term_string}\"},\"query-input\":{\"@type\":\"PropertyValueSpecification\",\"valueRequired\":true,\"valueName\":\"search_term_string\"}}],\"inLanguage\":\"es\"},{\"@type\":\"Person\",\"@id\":\"https:\/\/obispadoarica.cl\/home\/#\/schema\/person\/1a8f4c2a3418412187dff039ecf9d97e\",\"name\":\"Obispado de Arica\",\"image\":{\"@type\":\"ImageObject\",\"inLanguage\":\"es\",\"@id\":\"https:\/\/obispadoarica.cl\/home\/#\/schema\/person\/image\/\",\"url\":\"https:\/\/secure.gravatar.com\/avatar\/c75d5ceafb11502016ed664658884b0b1b183fa6f96260878f47ac58f950c8d9?s=96&d=mm&r=g\",\"contentUrl\":\"https:\/\/secure.gravatar.com\/avatar\/c75d5ceafb11502016ed664658884b0b1b183fa6f96260878f47ac58f950c8d9?s=96&d=mm&r=g\",\"caption\":\"Obispado de Arica\"},\"url\":\"https:\/\/obispadoarica.cl\/home\/author\/c1300590\/\"}]}<\/script>\n<!-- \/ Yoast SEO plugin. -->","yoast_head_json":{"title":"Meditaciones para Semana Santa - Obispado San Marcos de Arica","robots":{"index":"index","follow":"follow","max-snippet":"max-snippet:-1","max-image-preview":"max-image-preview:large","max-video-preview":"max-video-preview:-1"},"canonical":"https:\/\/obispadoarica.cl\/home\/meditaciones-para-semana-santa\/","og_locale":"es_ES","og_type":"article","og_title":"Meditaciones para Semana Santa - Obispado San Marcos de Arica","og_description":"Para nosotros la Semana Santa no es el recuerdo de un hecho hist\u00f3rico cualquiera, es la contemplaci\u00f3n del amor de Dios que permite el sacrificio de su Hijo, el dolor de ver a Jes\u00fas crucificado, la esperanza de ver a Cristo que vuelve a la vida y el j\u00fabilo de su Resurrecci\u00f3n. https:\/\/ver.formed.lat\/meditaciones-para-semana-santa?eti=9302","og_url":"https:\/\/obispadoarica.cl\/home\/meditaciones-para-semana-santa\/","og_site_name":"Obispado San Marcos de Arica","article_published_time":"2023-04-07T18:44:36+00:00","article_modified_time":"2025-03-09T00:51:19+00:00","og_image":[{"width":1280,"height":720,"url":"https:\/\/obispadoarica.cl\/home\/wp-content\/uploads\/2023\/04\/unnamed-1.jpeg","type":"image\/jpeg"}],"author":"Obispado de Arica","twitter_card":"summary_large_image","twitter_misc":{"Escrito por":"Obispado de Arica"},"schema":{"@context":"https:\/\/schema.org","@graph":[{"@type":"WebPage","@id":"https:\/\/obispadoarica.cl\/home\/meditaciones-para-semana-santa\/","url":"https:\/\/obispadoarica.cl\/home\/meditaciones-para-semana-santa\/","name":"Meditaciones para Semana Santa - Obispado San Marcos de Arica","isPartOf":{"@id":"https:\/\/obispadoarica.cl\/home\/#website"},"primaryImageOfPage":{"@id":"https:\/\/obispadoarica.cl\/home\/meditaciones-para-semana-santa\/#primaryimage"},"image":{"@id":"https:\/\/obispadoarica.cl\/home\/meditaciones-para-semana-santa\/#primaryimage"},"thumbnailUrl":"https:\/\/obispadoarica.cl\/home\/wp-content\/uploads\/2023\/04\/unnamed-1.jpeg","datePublished":"2023-04-07T18:44:36+00:00","dateModified":"2025-03-09T00:51:19+00:00","author":{"@id":"https:\/\/obispadoarica.cl\/home\/#\/schema\/person\/1a8f4c2a3418412187dff039ecf9d97e"},"breadcrumb":{"@id":"https:\/\/obispadoarica.cl\/home\/meditaciones-para-semana-santa\/#breadcrumb"},"inLanguage":"es","potentialAction":[{"@type":"ReadAction","target":["https:\/\/obispadoarica.cl\/home\/meditaciones-para-semana-santa\/"]}]},{"@type":"ImageObject","inLanguage":"es","@id":"https:\/\/obispadoarica.cl\/home\/meditaciones-para-semana-santa\/#primaryimage","url":"https:\/\/obispadoarica.cl\/home\/wp-content\/uploads\/2023\/04\/unnamed-1.jpeg","contentUrl":"https:\/\/obispadoarica.cl\/home\/wp-content\/uploads\/2023\/04\/unnamed-1.jpeg","width":1280,"height":720},{"@type":"BreadcrumbList","@id":"https:\/\/obispadoarica.cl\/home\/meditaciones-para-semana-santa\/#breadcrumb","itemListElement":[{"@type":"ListItem","position":1,"name":"Portada","item":"https:\/\/obispadoarica.cl\/home\/"},{"@type":"ListItem","position":2,"name":"Meditaciones para Semana Santa"}]},{"@type":"WebSite","@id":"https:\/\/obispadoarica.cl\/home\/#website","url":"https:\/\/obispadoarica.cl\/home\/","name":"Obispado San Marcos de Arica","description":"Di\u00f3cesis San Marcos de Arica","potentialAction":[{"@type":"SearchAction","target":{"@type":"EntryPoint","urlTemplate":"https:\/\/obispadoarica.cl\/home\/?s={search_term_string}"},"query-input":{"@type":"PropertyValueSpecification","valueRequired":true,"valueName":"search_term_string"}}],"inLanguage":"es"},{"@type":"Person","@id":"https:\/\/obispadoarica.cl\/home\/#\/schema\/person\/1a8f4c2a3418412187dff039ecf9d97e","name":"Obispado de Arica","image":{"@type":"ImageObject","inLanguage":"es","@id":"https:\/\/obispadoarica.cl\/home\/#\/schema\/person\/image\/","url":"https:\/\/secure.gravatar.com\/avatar\/c75d5ceafb11502016ed664658884b0b1b183fa6f96260878f47ac58f950c8d9?s=96&d=mm&r=g","contentUrl":"https:\/\/secure.gravatar.com\/avatar\/c75d5ceafb11502016ed664658884b0b1b183fa6f96260878f47ac58f950c8d9?s=96&d=mm&r=g","caption":"Obispado de Arica"},"url":"https:\/\/obispadoarica.cl\/home\/author\/c1300590\/"}]}},"_links":{"self":[{"href":"https:\/\/obispadoarica.cl\/home\/wp-json\/wp\/v2\/posts\/1616","targetHints":{"allow":["GET"]}}],"collection":[{"href":"https:\/\/obispadoarica.cl\/home\/wp-json\/wp\/v2\/posts"}],"about":[{"href":"https:\/\/obispadoarica.cl\/home\/wp-json\/wp\/v2\/types\/post"}],"author":[{"embeddable":true,"href":"https:\/\/obispadoarica.cl\/home\/wp-json\/wp\/v2\/users\/2"}],"replies":[{"embeddable":true,"href":"https:\/\/obispadoarica.cl\/home\/wp-json\/wp\/v2\/comments?post=1616"}],"version-history":[{"count":3,"href":"https:\/\/obispadoarica.cl\/home\/wp-json\/wp\/v2\/posts\/1616\/revisions"}],"predecessor-version":[{"id":1622,"href":"https:\/\/obispadoarica.cl\/home\/wp-json\/wp\/v2\/posts\/1616\/revisions\/1622"}],"wp:featuredmedia":[{"embeddable":true,"href":"https:\/\/obispadoarica.cl\/home\/wp-json\/wp\/v2\/media\/1618"}],"wp:attachment":[{"href":"https:\/\/obispadoarica.cl\/home\/wp-json\/wp\/v2\/media?parent=1616"}],"wp:term":[{"taxonomy":"category","embeddable":true,"href":"https:\/\/obispadoarica.cl\/home\/wp-json\/wp\/v2\/categories?post=1616"},{"taxonomy":"post_tag","embeddable":true,"href":"https:\/\/obispadoarica.cl\/home\/wp-json\/wp\/v2\/tags?post=1616"}],"curies":[{"name":"wp","href":"https:\/\/api.w.org\/{rel}","templated":true}]}}