{"id":1641,"date":"2023-04-21T21:05:49","date_gmt":"2023-04-21T21:05:49","guid":{"rendered":"https:\/\/obispadoarica.cl\/home\/?p=1641"},"modified":"2025-03-08T20:51:19","modified_gmt":"2025-03-09T00:51:19","slug":"los-obispos-invitan-a-ser-constructores-de-paz-y-sembradores-de-esperanza","status":"publish","type":"post","link":"https:\/\/obispadoarica.cl\/home\/los-obispos-invitan-a-ser-constructores-de-paz-y-sembradores-de-esperanza\/","title":{"rendered":"Los Obispos invitan a ser constructores de paz y sembradores de esperanza"},"content":{"rendered":"\n\n\n<p><em>Una especial preocupaci\u00f3n por el dolor, la angustia y la incertidumbre que provoca la grave crisis de seguridad que enfrenta nuestro pa\u00eds, manifestaron los obispos en su mensaje conclusivo de la 127\u00aa asamblea plenaria realizada en Santiago.<\/em><\/p>\n\n\n\n<iframe width=\"860\" height=\"515\" src=\"https:\/\/www.youtube.com\/embed\/hYI-i6YjlZ4\" title=\"YouTube video player\" frameborder=\"0\" allow=\"accelerometer; autoplay; clipboard-write; encrypted-media; gyroscope; picture-in-picture; web-share\" allowfullscreen><\/iframe>\n\n\n\n<p>Este viernes 21 de abril concluy\u00f3 en la casa de retiros de Lo Ca\u00f1as, la 127\u00aa asamblea plenaria de la Conferencia Episcopal de Chile. Este encuentro que reuni\u00f3 a los Obispos y Administradores diocesanos de Chile inici\u00f3 el lunes 17, instancia en la que pudieron reflexionar sobre la acci\u00f3n de la Iglesia en el contexto nacional especialmente marcado por la crisis de seguridad. Adem\u00e1s, avanzaron en torno a las futuras orientaciones pastorales para el per\u00edodo 2023-2026.<\/p>\n\n\n\n<p><strong>Crisis de seguridad<\/strong><br>En su mensaje conclusivo, los obispos realizaron un especial llamado a ser constructores de paz y sembradores de esperanza, a trav\u00e9s de la recuperaci\u00f3n de la confianza en las instituciones y el fortalecimiento del tejido social. Unidos al dolor y angustia de muchos habitantes del pa\u00eds afectados por la incertidumbre que provoca la delincuencia y que ha tenido como consecuencia la muerte personas, en este texto los Obispos hacen referencia a los niveles de violencia con que han actuado los delincuentes, y que hasta ahora eran desconocidos en nuestra sociedad. Destacando al respecto los efectos que el narcotr\u00e1fico, y la narcolcultura que se desarrolla a partir de estos delitos, genera y se transforma en un grave germen de corrupci\u00f3n.<\/p>\n\n\n\n<p><strong>Pr\u00f3ximas orientaciones pastorales<\/strong><br>Durante esta semana tambi\u00e9n pudieron avanzar en el discernimiento sobre las pr\u00f3ximas orientaciones, que se dar\u00e1n a conocer en detalle pr\u00f3ximamente, las que iluminar\u00e1n la conducci\u00f3n pastoral de las Iglesias locales en Chile del a\u00f1o 2023 al 2026, y que tendr\u00e1n como base el largo camino de discernimiento y escucha iniciado el a\u00f1o 2018, a ra\u00edz de la crisis eclesial.<br>En el mensaje conclusivo de la Asamblea se indica que las orientaciones pastorales definidas son las siguientes:<br>&#8211; Renovar nuestros procesos evangelizadores desde la centralidad de Jesucristo.<br>&#8211; Generar relaciones evang\u00e9licas con esp\u00edritu de sinodalidad en nuestra manera de ser Iglesia.<br>&#8211; Renovar nuestro compromiso de evangelizar la cultura y salir al encuentro de los pobres y j\u00f3venes.<br>&#8211; Promover una cultura del cuidado y buen trato, erradicando el abuso en nuestras comunidades.<\/p>\n\n\n\n<figure class=\"wp-block-image size-full\"><a href=\"https:\/\/obispadoarica.cl\/home\/wp-content\/uploads\/2023\/04\/Gale6442caa443cd8_21042023_140pm.jpg\"><img fetchpriority=\"high\" decoding=\"async\" width=\"1000\" height=\"639\" src=\"https:\/\/obispadoarica.cl\/home\/wp-content\/uploads\/2023\/04\/Gale6442caa443cd8_21042023_140pm.jpg\" alt=\"\" class=\"wp-image-1643\" srcset=\"https:\/\/obispadoarica.cl\/home\/wp-content\/uploads\/2023\/04\/Gale6442caa443cd8_21042023_140pm.jpg 1000w, https:\/\/obispadoarica.cl\/home\/wp-content\/uploads\/2023\/04\/Gale6442caa443cd8_21042023_140pm-300x192.jpg 300w, https:\/\/obispadoarica.cl\/home\/wp-content\/uploads\/2023\/04\/Gale6442caa443cd8_21042023_140pm-768x491.jpg 768w\" sizes=\"(max-width: 1000px) 100vw, 1000px\" \/><\/a><\/figure>\n\n\n\n<p><strong>Proceso constitucional<\/strong><br>En el referido mensaje, los pastores tambi\u00e9n hicieron un especial llamado a concurrir con el voto, de manera informada, en las pr\u00f3ximas elecciones que realizar\u00e1n el domingo 7 de mayo, en el marco del proceso constitucional que se desarrolla en el pa\u00eds, destacando la importancia de la participaci\u00f3n m\u00e1s all\u00e1 de la obligatoriedad del voto.<\/p>\n\n\n\n<p><strong>Una semana de encuentros y di\u00e1logos<\/strong><br>Durante estos d\u00edas los pastores reflexionaron sobre diversas tem\u00e1ticas. En unas de las primeras sesiones reflexionaron sobre la acci\u00f3n de la Iglesia en el contexto de la realidad nacional. Para ello contaron con la mirada de dos invitados que ayudaron a dialogar sobre la seguridad y el delito como tema prioritario de la sociedad chilena. En la ocasi\u00f3n, juntos con el abogado y ex senador Felipe Harboe y el profesor de las c\u00e1tedras sobre derecho y sociolog\u00eda, Rodrigo P\u00e9rez de Arce; se abordaron las repercusiones de esta situaci\u00f3n, en la vida social y pol\u00edtica, y caminos para enfrentarla.<\/p>\n\n\n\n<p>Como se se\u00f1al\u00f3 en el mensaje final del Episcopado, otro tema central fue el avanzar en el discernimiento y elaboraci\u00f3n de las orientaciones pastorales para el per\u00edodo 2023-2026, que buscan recoger los procesos de discernimiento y sinodalidad que se han estado viviendo en los \u00faltimos a\u00f1os.<\/p>\n\n\n\n<p>Tambi\u00e9n se revis\u00f3 el documento \u201cFrecuentemos el futuro\u201d, en la que los obispos profundizaron en las conversiones que la Iglesia est\u00e1 llamada a avanzar desde los j\u00f3venes, y en las pistas que emergen para la renovaci\u00f3n de los procesos de pastoral y acompa\u00f1amiento de la juventud.<\/p>\n\n\n\n<p>Otro tema relevante fue la presentaci\u00f3n de los resultados de la Consulta Nacional a los Presb\u00edteros impulsada por la Comisi\u00f3n nacional de pastoral Presbiteral, con el fin de realizar un mejor acompa\u00f1amiento a la vida, vocaci\u00f3n y ejercicio del ministerio de los sacerdotes en el pa\u00eds.<\/p>\n\n\n\n<p>En otra de las sesiones, el Consejo Nacional de Prevenci\u00f3n de Abusos y Acompa\u00f1amiento a las V\u00edctimas dio cuenta de los avances en el seguimiento a la implementaci\u00f3n diocesana de las L\u00edneas Gu\u00eda Cuidado y Esperanza. Adem\u00e1s, se entreg\u00f3 informaci\u00f3n sobre el encuentro de Conferencias Episcopales de Latinoam\u00e9rica, convocado por la CECh y el Consejo, que se realizar\u00e1 durante el presente a\u00f1o en el pa\u00eds, donde se har\u00e1 la presentaci\u00f3n p\u00fablica del estudio completo del Consejo nacional de prevenci\u00f3n \u201cDin\u00e1micas relacionales de abuso sexual en contexto eclesial en Chile\u201d.<\/p>\n\n\n\n<p>Destac\u00f3 tambi\u00e9n el encuentro con religiosas contemplativas, para profundizar algunos aspectos de la Instrucci\u00f3n \u201dCor orans\u201d, sobre la vida contemplativa femenina en la Iglesia, en lo que concierne a la relaci\u00f3n entre los monasterios y los obispos diocesanos.<\/p>\n\n\n\n<p>Finalmente, en sesi\u00f3n de la Asamblea Nacional de Caritas, se inform\u00f3 de los\u00a0<strong><a href=\"http:\/\/www.iglesia.cl\/45461-campanas-de-caritas-chile-por-incendios-forestales-reunen-mas-de-517-millones-de-pesos.html\" target=\"_blank\" rel=\"noreferrer noopener\">resultados de las campa\u00f1as humanitarias<\/a><\/strong>\u00a0implementadas durante el verano, en respuesta a los incendios forestales ocurridos en la zona centro sur del pa\u00eds.<\/p>\n\n\n\n<figure class=\"wp-block-image size-full\"><a href=\"https:\/\/obispadoarica.cl\/home\/wp-content\/uploads\/2023\/04\/Gale6442caa42fb4d_21042023_140pm.jpg\"><img decoding=\"async\" width=\"911\" height=\"603\" src=\"https:\/\/obispadoarica.cl\/home\/wp-content\/uploads\/2023\/04\/Gale6442caa42fb4d_21042023_140pm.jpg\" alt=\"\" class=\"wp-image-1644\" srcset=\"https:\/\/obispadoarica.cl\/home\/wp-content\/uploads\/2023\/04\/Gale6442caa42fb4d_21042023_140pm.jpg 911w, https:\/\/obispadoarica.cl\/home\/wp-content\/uploads\/2023\/04\/Gale6442caa42fb4d_21042023_140pm-300x199.jpg 300w, https:\/\/obispadoarica.cl\/home\/wp-content\/uploads\/2023\/04\/Gale6442caa42fb4d_21042023_140pm-768x508.jpg 768w\" sizes=\"(max-width: 911px) 100vw, 911px\" \/><\/a><\/figure>\n\n\n\n<p><a href=\"http:\/\/www.iglesia.cl\/documentos_sac\/21042023_130pm_6442c83e1fe22.pdf\">http:\/\/www.iglesia.cl\/documentos_sac\/21042023_130pm_6442c83e1fe22.pdf<\/a><\/p>\n\n\n\n<p><a href=\"http:\/\/www.iglesia.cl\/documentos_sac\/21042023_130pm_6442c83e1fe22.pdf\">\u00a0\u00a0 Mensaje conclusivo 127\u00aa Asamblea Plenaria CECh &#8211; 21.04.2022 (pdf)<\/a><\/p>\n","protected":false},"excerpt":{"rendered":"<p>Una especial preocupaci\u00f3n por el dolor, la angustia y la incertidumbre que provoca la grave crisis de seguridad que enfrenta nuestro pa\u00eds, manifestaron los obispos en su mensaje conclusivo de la 127\u00aa asamblea plenaria realizada en Santiago. Este viernes 21 de abril concluy\u00f3 en la casa de retiros de Lo Ca\u00f1as, la 127\u00aa asamblea plenaria [&#8230;]\n","protected":false},"author":2,"featured_media":1642,"comment_status":"closed","ping_status":"open","sticky":false,"template":"","format":"standard","meta":{"footnotes":""},"categories":[7],"tags":[],"class_list":["post-1641","post","type-post","status-publish","format-standard","has-post-thumbnail","hentry","category-noticias"],"yoast_head":"<!-- This site is optimized with the Yoast SEO plugin v24.6 - https:\/\/yoast.com\/wordpress\/plugins\/seo\/ -->\n<title>Los Obispos invitan a ser constructores de paz y sembradores de esperanza - Obispado San Marcos de Arica<\/title>\n<meta name=\"robots\" content=\"index, follow, max-snippet:-1, max-image-preview:large, max-video-preview:-1\" \/>\n<link rel=\"canonical\" href=\"https:\/\/obispadoarica.cl\/home\/los-obispos-invitan-a-ser-constructores-de-paz-y-sembradores-de-esperanza\/\" \/>\n<meta property=\"og:locale\" content=\"es_ES\" \/>\n<meta property=\"og:type\" content=\"article\" \/>\n<meta property=\"og:title\" content=\"Los Obispos invitan a ser constructores de paz y sembradores de esperanza - Obispado San Marcos de Arica\" \/>\n<meta property=\"og:description\" content=\"Una especial preocupaci\u00f3n por el dolor, la angustia y la incertidumbre que provoca la grave crisis de seguridad que enfrenta nuestro pa\u00eds, manifestaron los obispos en su mensaje conclusivo de la 127\u00aa asamblea plenaria realizada en Santiago. Este viernes 21 de abril concluy\u00f3 en la casa de retiros de Lo Ca\u00f1as, la 127\u00aa asamblea plenaria [...]\" \/>\n<meta property=\"og:url\" content=\"https:\/\/obispadoarica.cl\/home\/los-obispos-invitan-a-ser-constructores-de-paz-y-sembradores-de-esperanza\/\" \/>\n<meta property=\"og:site_name\" content=\"Obispado San Marcos de Arica\" \/>\n<meta property=\"article:published_time\" content=\"2023-04-21T21:05:49+00:00\" \/>\n<meta property=\"article:modified_time\" content=\"2025-03-09T00:51:19+00:00\" \/>\n<meta property=\"og:image\" content=\"https:\/\/obispadoarica.cl\/home\/wp-content\/uploads\/2023\/04\/Gale6442c7dfbb854_21042023_129pm.jpg\" \/>\n\t<meta property=\"og:image:width\" content=\"1000\" \/>\n\t<meta property=\"og:image:height\" content=\"635\" \/>\n\t<meta property=\"og:image:type\" content=\"image\/jpeg\" \/>\n<meta name=\"author\" content=\"Obispado de Arica\" \/>\n<meta name=\"twitter:card\" content=\"summary_large_image\" \/>\n<meta name=\"twitter:label1\" content=\"Escrito por\" \/>\n\t<meta name=\"twitter:data1\" content=\"Obispado de Arica\" \/>\n\t<meta name=\"twitter:label2\" content=\"Tiempo de lectura\" \/>\n\t<meta name=\"twitter:data2\" content=\"5 minutos\" \/>\n<script type=\"application\/ld+json\" class=\"yoast-schema-graph\">{\"@context\":\"https:\/\/schema.org\",\"@graph\":[{\"@type\":\"WebPage\",\"@id\":\"https:\/\/obispadoarica.cl\/home\/los-obispos-invitan-a-ser-constructores-de-paz-y-sembradores-de-esperanza\/\",\"url\":\"https:\/\/obispadoarica.cl\/home\/los-obispos-invitan-a-ser-constructores-de-paz-y-sembradores-de-esperanza\/\",\"name\":\"Los Obispos invitan a ser constructores de paz y sembradores de esperanza - Obispado San Marcos de Arica\",\"isPartOf\":{\"@id\":\"https:\/\/obispadoarica.cl\/home\/#website\"},\"primaryImageOfPage\":{\"@id\":\"https:\/\/obispadoarica.cl\/home\/los-obispos-invitan-a-ser-constructores-de-paz-y-sembradores-de-esperanza\/#primaryimage\"},\"image\":{\"@id\":\"https:\/\/obispadoarica.cl\/home\/los-obispos-invitan-a-ser-constructores-de-paz-y-sembradores-de-esperanza\/#primaryimage\"},\"thumbnailUrl\":\"https:\/\/obispadoarica.cl\/home\/wp-content\/uploads\/2023\/04\/Gale6442c7dfbb854_21042023_129pm.jpg\",\"datePublished\":\"2023-04-21T21:05:49+00:00\",\"dateModified\":\"2025-03-09T00:51:19+00:00\",\"author\":{\"@id\":\"https:\/\/obispadoarica.cl\/home\/#\/schema\/person\/1a8f4c2a3418412187dff039ecf9d97e\"},\"breadcrumb\":{\"@id\":\"https:\/\/obispadoarica.cl\/home\/los-obispos-invitan-a-ser-constructores-de-paz-y-sembradores-de-esperanza\/#breadcrumb\"},\"inLanguage\":\"es\",\"potentialAction\":[{\"@type\":\"ReadAction\",\"target\":[\"https:\/\/obispadoarica.cl\/home\/los-obispos-invitan-a-ser-constructores-de-paz-y-sembradores-de-esperanza\/\"]}]},{\"@type\":\"ImageObject\",\"inLanguage\":\"es\",\"@id\":\"https:\/\/obispadoarica.cl\/home\/los-obispos-invitan-a-ser-constructores-de-paz-y-sembradores-de-esperanza\/#primaryimage\",\"url\":\"https:\/\/obispadoarica.cl\/home\/wp-content\/uploads\/2023\/04\/Gale6442c7dfbb854_21042023_129pm.jpg\",\"contentUrl\":\"https:\/\/obispadoarica.cl\/home\/wp-content\/uploads\/2023\/04\/Gale6442c7dfbb854_21042023_129pm.jpg\",\"width\":1000,\"height\":635},{\"@type\":\"BreadcrumbList\",\"@id\":\"https:\/\/obispadoarica.cl\/home\/los-obispos-invitan-a-ser-constructores-de-paz-y-sembradores-de-esperanza\/#breadcrumb\",\"itemListElement\":[{\"@type\":\"ListItem\",\"position\":1,\"name\":\"Portada\",\"item\":\"https:\/\/obispadoarica.cl\/home\/\"},{\"@type\":\"ListItem\",\"position\":2,\"name\":\"Los Obispos invitan a ser constructores de paz y sembradores de esperanza\"}]},{\"@type\":\"WebSite\",\"@id\":\"https:\/\/obispadoarica.cl\/home\/#website\",\"url\":\"https:\/\/obispadoarica.cl\/home\/\",\"name\":\"Obispado San Marcos de Arica\",\"description\":\"Di\u00f3cesis San Marcos de Arica\",\"potentialAction\":[{\"@type\":\"SearchAction\",\"target\":{\"@type\":\"EntryPoint\",\"urlTemplate\":\"https:\/\/obispadoarica.cl\/home\/?s={search_term_string}\"},\"query-input\":{\"@type\":\"PropertyValueSpecification\",\"valueRequired\":true,\"valueName\":\"search_term_string\"}}],\"inLanguage\":\"es\"},{\"@type\":\"Person\",\"@id\":\"https:\/\/obispadoarica.cl\/home\/#\/schema\/person\/1a8f4c2a3418412187dff039ecf9d97e\",\"name\":\"Obispado de Arica\",\"image\":{\"@type\":\"ImageObject\",\"inLanguage\":\"es\",\"@id\":\"https:\/\/obispadoarica.cl\/home\/#\/schema\/person\/image\/\",\"url\":\"https:\/\/secure.gravatar.com\/avatar\/c75d5ceafb11502016ed664658884b0b1b183fa6f96260878f47ac58f950c8d9?s=96&d=mm&r=g\",\"contentUrl\":\"https:\/\/secure.gravatar.com\/avatar\/c75d5ceafb11502016ed664658884b0b1b183fa6f96260878f47ac58f950c8d9?s=96&d=mm&r=g\",\"caption\":\"Obispado de Arica\"},\"url\":\"https:\/\/obispadoarica.cl\/home\/author\/c1300590\/\"}]}<\/script>\n<!-- \/ Yoast SEO plugin. -->","yoast_head_json":{"title":"Los Obispos invitan a ser constructores de paz y sembradores de esperanza - Obispado San Marcos de Arica","robots":{"index":"index","follow":"follow","max-snippet":"max-snippet:-1","max-image-preview":"max-image-preview:large","max-video-preview":"max-video-preview:-1"},"canonical":"https:\/\/obispadoarica.cl\/home\/los-obispos-invitan-a-ser-constructores-de-paz-y-sembradores-de-esperanza\/","og_locale":"es_ES","og_type":"article","og_title":"Los Obispos invitan a ser constructores de paz y sembradores de esperanza - Obispado San Marcos de Arica","og_description":"Una especial preocupaci\u00f3n por el dolor, la angustia y la incertidumbre que provoca la grave crisis de seguridad que enfrenta nuestro pa\u00eds, manifestaron los obispos en su mensaje conclusivo de la 127\u00aa asamblea plenaria realizada en Santiago. Este viernes 21 de abril concluy\u00f3 en la casa de retiros de Lo Ca\u00f1as, la 127\u00aa asamblea plenaria [...]","og_url":"https:\/\/obispadoarica.cl\/home\/los-obispos-invitan-a-ser-constructores-de-paz-y-sembradores-de-esperanza\/","og_site_name":"Obispado San Marcos de Arica","article_published_time":"2023-04-21T21:05:49+00:00","article_modified_time":"2025-03-09T00:51:19+00:00","og_image":[{"width":1000,"height":635,"url":"https:\/\/obispadoarica.cl\/home\/wp-content\/uploads\/2023\/04\/Gale6442c7dfbb854_21042023_129pm.jpg","type":"image\/jpeg"}],"author":"Obispado de Arica","twitter_card":"summary_large_image","twitter_misc":{"Escrito por":"Obispado de Arica","Tiempo de lectura":"5 minutos"},"schema":{"@context":"https:\/\/schema.org","@graph":[{"@type":"WebPage","@id":"https:\/\/obispadoarica.cl\/home\/los-obispos-invitan-a-ser-constructores-de-paz-y-sembradores-de-esperanza\/","url":"https:\/\/obispadoarica.cl\/home\/los-obispos-invitan-a-ser-constructores-de-paz-y-sembradores-de-esperanza\/","name":"Los Obispos invitan a ser constructores de paz y sembradores de esperanza - Obispado San Marcos de Arica","isPartOf":{"@id":"https:\/\/obispadoarica.cl\/home\/#website"},"primaryImageOfPage":{"@id":"https:\/\/obispadoarica.cl\/home\/los-obispos-invitan-a-ser-constructores-de-paz-y-sembradores-de-esperanza\/#primaryimage"},"image":{"@id":"https:\/\/obispadoarica.cl\/home\/los-obispos-invitan-a-ser-constructores-de-paz-y-sembradores-de-esperanza\/#primaryimage"},"thumbnailUrl":"https:\/\/obispadoarica.cl\/home\/wp-content\/uploads\/2023\/04\/Gale6442c7dfbb854_21042023_129pm.jpg","datePublished":"2023-04-21T21:05:49+00:00","dateModified":"2025-03-09T00:51:19+00:00","author":{"@id":"https:\/\/obispadoarica.cl\/home\/#\/schema\/person\/1a8f4c2a3418412187dff039ecf9d97e"},"breadcrumb":{"@id":"https:\/\/obispadoarica.cl\/home\/los-obispos-invitan-a-ser-constructores-de-paz-y-sembradores-de-esperanza\/#breadcrumb"},"inLanguage":"es","potentialAction":[{"@type":"ReadAction","target":["https:\/\/obispadoarica.cl\/home\/los-obispos-invitan-a-ser-constructores-de-paz-y-sembradores-de-esperanza\/"]}]},{"@type":"ImageObject","inLanguage":"es","@id":"https:\/\/obispadoarica.cl\/home\/los-obispos-invitan-a-ser-constructores-de-paz-y-sembradores-de-esperanza\/#primaryimage","url":"https:\/\/obispadoarica.cl\/home\/wp-content\/uploads\/2023\/04\/Gale6442c7dfbb854_21042023_129pm.jpg","contentUrl":"https:\/\/obispadoarica.cl\/home\/wp-content\/uploads\/2023\/04\/Gale6442c7dfbb854_21042023_129pm.jpg","width":1000,"height":635},{"@type":"BreadcrumbList","@id":"https:\/\/obispadoarica.cl\/home\/los-obispos-invitan-a-ser-constructores-de-paz-y-sembradores-de-esperanza\/#breadcrumb","itemListElement":[{"@type":"ListItem","position":1,"name":"Portada","item":"https:\/\/obispadoarica.cl\/home\/"},{"@type":"ListItem","position":2,"name":"Los Obispos invitan a ser constructores de paz y sembradores de esperanza"}]},{"@type":"WebSite","@id":"https:\/\/obispadoarica.cl\/home\/#website","url":"https:\/\/obispadoarica.cl\/home\/","name":"Obispado San Marcos de Arica","description":"Di\u00f3cesis San Marcos de Arica","potentialAction":[{"@type":"SearchAction","target":{"@type":"EntryPoint","urlTemplate":"https:\/\/obispadoarica.cl\/home\/?s={search_term_string}"},"query-input":{"@type":"PropertyValueSpecification","valueRequired":true,"valueName":"search_term_string"}}],"inLanguage":"es"},{"@type":"Person","@id":"https:\/\/obispadoarica.cl\/home\/#\/schema\/person\/1a8f4c2a3418412187dff039ecf9d97e","name":"Obispado de Arica","image":{"@type":"ImageObject","inLanguage":"es","@id":"https:\/\/obispadoarica.cl\/home\/#\/schema\/person\/image\/","url":"https:\/\/secure.gravatar.com\/avatar\/c75d5ceafb11502016ed664658884b0b1b183fa6f96260878f47ac58f950c8d9?s=96&d=mm&r=g","contentUrl":"https:\/\/secure.gravatar.com\/avatar\/c75d5ceafb11502016ed664658884b0b1b183fa6f96260878f47ac58f950c8d9?s=96&d=mm&r=g","caption":"Obispado de Arica"},"url":"https:\/\/obispadoarica.cl\/home\/author\/c1300590\/"}]}},"_links":{"self":[{"href":"https:\/\/obispadoarica.cl\/home\/wp-json\/wp\/v2\/posts\/1641","targetHints":{"allow":["GET"]}}],"collection":[{"href":"https:\/\/obispadoarica.cl\/home\/wp-json\/wp\/v2\/posts"}],"about":[{"href":"https:\/\/obispadoarica.cl\/home\/wp-json\/wp\/v2\/types\/post"}],"author":[{"embeddable":true,"href":"https:\/\/obispadoarica.cl\/home\/wp-json\/wp\/v2\/users\/2"}],"replies":[{"embeddable":true,"href":"https:\/\/obispadoarica.cl\/home\/wp-json\/wp\/v2\/comments?post=1641"}],"version-history":[{"count":3,"href":"https:\/\/obispadoarica.cl\/home\/wp-json\/wp\/v2\/posts\/1641\/revisions"}],"predecessor-version":[{"id":1647,"href":"https:\/\/obispadoarica.cl\/home\/wp-json\/wp\/v2\/posts\/1641\/revisions\/1647"}],"wp:featuredmedia":[{"embeddable":true,"href":"https:\/\/obispadoarica.cl\/home\/wp-json\/wp\/v2\/media\/1642"}],"wp:attachment":[{"href":"https:\/\/obispadoarica.cl\/home\/wp-json\/wp\/v2\/media?parent=1641"}],"wp:term":[{"taxonomy":"category","embeddable":true,"href":"https:\/\/obispadoarica.cl\/home\/wp-json\/wp\/v2\/categories?post=1641"},{"taxonomy":"post_tag","embeddable":true,"href":"https:\/\/obispadoarica.cl\/home\/wp-json\/wp\/v2\/tags?post=1641"}],"curies":[{"name":"wp","href":"https:\/\/api.w.org\/{rel}","templated":true}]}}