{"id":1788,"date":"2023-07-11T13:12:16","date_gmt":"2023-07-11T17:12:16","guid":{"rendered":"https:\/\/obispadoarica.cl\/home\/?p=1788"},"modified":"2025-03-08T20:50:39","modified_gmt":"2025-03-09T00:50:39","slug":"procesion-de-santa-ana-y-san-joaquin","status":"publish","type":"post","link":"https:\/\/obispadoarica.cl\/home\/procesion-de-santa-ana-y-san-joaquin\/","title":{"rendered":"Procesi\u00f3n de Santa Ana y San Joaqu\u00edn"},"content":{"rendered":"\n\n\n<p>\u00a1Celebremos juntos el D\u00eda de los Abuelitos! Te invitamos a unirte a la emocionante procesi\u00f3n de Santa Ana y San Joaqu\u00edn, donde abuelos y nietos estar\u00e1n unidos en la fe y el amor. La procesi\u00f3n se llevar\u00e1 a cabo el s\u00e1bado 22 de julio, a partir de las 11:00 hrs, con salida desde la hermosa Catedral San Marcos.<\/p>\n\n\n\n<p>Durante el recorrido, que seguir\u00e1 por las pintorescas calles de Bolognesi y 21 de Mayo, crearemos un ambiente de alegr\u00eda y devoci\u00f3n. Finalmente, nos congregaremos en la acogedora Capilla San Ana para concluir la celebraci\u00f3n.<\/p>\n\n\n\n<p>Bajo el lema \u00abSu misericordia se extiende de generaci\u00f3n en generaci\u00f3n\u00bb (Lc 1,50), rendiremos homenaje a nuestros queridos abuelitos y abuelitas, reconociendo su invaluable papel en nuestras vidas y la importancia de su legado de fe.<\/p>\n\n\n\n<p>\u00a1No te pierdas esta jornada especial llena de fe, amor y gratitud hacia nuestros abuelitos y abuelitas! Te esperamos el 22 de julio a las 11:00 hrs para compartir momentos inolvidables en honor a ellos.<\/p>\n","protected":false},"excerpt":{"rendered":"<p>\u00a1Celebremos juntos el D\u00eda de los Abuelitos! Te invitamos a unirte a la emocionante procesi\u00f3n de Santa Ana y San Joaqu\u00edn, donde abuelos y nietos estar\u00e1n unidos en la fe y el amor. La procesi\u00f3n se llevar\u00e1 a cabo el s\u00e1bado 22 de julio, a partir de las 11:00 hrs, con salida desde la hermosa [&#8230;]\n","protected":false},"author":2,"featured_media":1790,"comment_status":"closed","ping_status":"open","sticky":false,"template":"","format":"standard","meta":{"footnotes":""},"categories":[7],"tags":[],"class_list":["post-1788","post","type-post","status-publish","format-standard","has-post-thumbnail","hentry","category-noticias"],"yoast_head":"<!-- This site is optimized with the Yoast SEO plugin v24.6 - https:\/\/yoast.com\/wordpress\/plugins\/seo\/ -->\n<title>Procesi\u00f3n de Santa Ana y San Joaqu\u00edn - Obispado San Marcos de Arica<\/title>\n<meta name=\"robots\" content=\"index, follow, max-snippet:-1, max-image-preview:large, max-video-preview:-1\" \/>\n<link rel=\"canonical\" href=\"https:\/\/obispadoarica.cl\/home\/procesion-de-santa-ana-y-san-joaquin\/\" \/>\n<meta property=\"og:locale\" content=\"es_ES\" \/>\n<meta property=\"og:type\" content=\"article\" \/>\n<meta property=\"og:title\" content=\"Procesi\u00f3n de Santa Ana y San Joaqu\u00edn - Obispado San Marcos de Arica\" \/>\n<meta property=\"og:description\" content=\"\u00a1Celebremos juntos el D\u00eda de los Abuelitos! Te invitamos a unirte a la emocionante procesi\u00f3n de Santa Ana y San Joaqu\u00edn, donde abuelos y nietos estar\u00e1n unidos en la fe y el amor. La procesi\u00f3n se llevar\u00e1 a cabo el s\u00e1bado 22 de julio, a partir de las 11:00 hrs, con salida desde la hermosa [...]\" \/>\n<meta property=\"og:url\" content=\"https:\/\/obispadoarica.cl\/home\/procesion-de-santa-ana-y-san-joaquin\/\" \/>\n<meta property=\"og:site_name\" content=\"Obispado San Marcos de Arica\" \/>\n<meta property=\"article:published_time\" content=\"2023-07-11T17:12:16+00:00\" \/>\n<meta property=\"article:modified_time\" content=\"2025-03-09T00:50:39+00:00\" \/>\n<meta property=\"og:image\" content=\"https:\/\/obispadoarica.cl\/home\/wp-content\/uploads\/2023\/07\/procesion-de-Santa-Ana-y-San-Joaquin.jpeg\" \/>\n\t<meta property=\"og:image:width\" content=\"1600\" \/>\n\t<meta property=\"og:image:height\" content=\"901\" \/>\n\t<meta property=\"og:image:type\" content=\"image\/jpeg\" \/>\n<meta name=\"author\" content=\"Obispado de Arica\" \/>\n<meta name=\"twitter:card\" content=\"summary_large_image\" \/>\n<meta name=\"twitter:label1\" content=\"Escrito por\" \/>\n\t<meta name=\"twitter:data1\" content=\"Obispado de Arica\" \/>\n\t<meta name=\"twitter:label2\" content=\"Tiempo de lectura\" \/>\n\t<meta name=\"twitter:data2\" content=\"1 minuto\" \/>\n<script type=\"application\/ld+json\" class=\"yoast-schema-graph\">{\"@context\":\"https:\/\/schema.org\",\"@graph\":[{\"@type\":\"WebPage\",\"@id\":\"https:\/\/obispadoarica.cl\/home\/procesion-de-santa-ana-y-san-joaquin\/\",\"url\":\"https:\/\/obispadoarica.cl\/home\/procesion-de-santa-ana-y-san-joaquin\/\",\"name\":\"Procesi\u00f3n de Santa Ana y San Joaqu\u00edn - Obispado San Marcos de Arica\",\"isPartOf\":{\"@id\":\"https:\/\/obispadoarica.cl\/home\/#website\"},\"primaryImageOfPage\":{\"@id\":\"https:\/\/obispadoarica.cl\/home\/procesion-de-santa-ana-y-san-joaquin\/#primaryimage\"},\"image\":{\"@id\":\"https:\/\/obispadoarica.cl\/home\/procesion-de-santa-ana-y-san-joaquin\/#primaryimage\"},\"thumbnailUrl\":\"https:\/\/obispadoarica.cl\/home\/wp-content\/uploads\/2023\/07\/procesion-de-Santa-Ana-y-San-Joaquin.jpeg\",\"datePublished\":\"2023-07-11T17:12:16+00:00\",\"dateModified\":\"2025-03-09T00:50:39+00:00\",\"author\":{\"@id\":\"https:\/\/obispadoarica.cl\/home\/#\/schema\/person\/1a8f4c2a3418412187dff039ecf9d97e\"},\"breadcrumb\":{\"@id\":\"https:\/\/obispadoarica.cl\/home\/procesion-de-santa-ana-y-san-joaquin\/#breadcrumb\"},\"inLanguage\":\"es\",\"potentialAction\":[{\"@type\":\"ReadAction\",\"target\":[\"https:\/\/obispadoarica.cl\/home\/procesion-de-santa-ana-y-san-joaquin\/\"]}]},{\"@type\":\"ImageObject\",\"inLanguage\":\"es\",\"@id\":\"https:\/\/obispadoarica.cl\/home\/procesion-de-santa-ana-y-san-joaquin\/#primaryimage\",\"url\":\"https:\/\/obispadoarica.cl\/home\/wp-content\/uploads\/2023\/07\/procesion-de-Santa-Ana-y-San-Joaquin.jpeg\",\"contentUrl\":\"https:\/\/obispadoarica.cl\/home\/wp-content\/uploads\/2023\/07\/procesion-de-Santa-Ana-y-San-Joaquin.jpeg\",\"width\":1600,\"height\":901},{\"@type\":\"BreadcrumbList\",\"@id\":\"https:\/\/obispadoarica.cl\/home\/procesion-de-santa-ana-y-san-joaquin\/#breadcrumb\",\"itemListElement\":[{\"@type\":\"ListItem\",\"position\":1,\"name\":\"Portada\",\"item\":\"https:\/\/obispadoarica.cl\/home\/\"},{\"@type\":\"ListItem\",\"position\":2,\"name\":\"Procesi\u00f3n de Santa Ana y San Joaqu\u00edn\"}]},{\"@type\":\"WebSite\",\"@id\":\"https:\/\/obispadoarica.cl\/home\/#website\",\"url\":\"https:\/\/obispadoarica.cl\/home\/\",\"name\":\"Obispado San Marcos de Arica\",\"description\":\"Di\u00f3cesis San Marcos de Arica\",\"potentialAction\":[{\"@type\":\"SearchAction\",\"target\":{\"@type\":\"EntryPoint\",\"urlTemplate\":\"https:\/\/obispadoarica.cl\/home\/?s={search_term_string}\"},\"query-input\":{\"@type\":\"PropertyValueSpecification\",\"valueRequired\":true,\"valueName\":\"search_term_string\"}}],\"inLanguage\":\"es\"},{\"@type\":\"Person\",\"@id\":\"https:\/\/obispadoarica.cl\/home\/#\/schema\/person\/1a8f4c2a3418412187dff039ecf9d97e\",\"name\":\"Obispado de Arica\",\"image\":{\"@type\":\"ImageObject\",\"inLanguage\":\"es\",\"@id\":\"https:\/\/obispadoarica.cl\/home\/#\/schema\/person\/image\/\",\"url\":\"https:\/\/secure.gravatar.com\/avatar\/c75d5ceafb11502016ed664658884b0b1b183fa6f96260878f47ac58f950c8d9?s=96&d=mm&r=g\",\"contentUrl\":\"https:\/\/secure.gravatar.com\/avatar\/c75d5ceafb11502016ed664658884b0b1b183fa6f96260878f47ac58f950c8d9?s=96&d=mm&r=g\",\"caption\":\"Obispado de Arica\"},\"url\":\"https:\/\/obispadoarica.cl\/home\/author\/c1300590\/\"}]}<\/script>\n<!-- \/ Yoast SEO plugin. -->","yoast_head_json":{"title":"Procesi\u00f3n de Santa Ana y San Joaqu\u00edn - Obispado San Marcos de Arica","robots":{"index":"index","follow":"follow","max-snippet":"max-snippet:-1","max-image-preview":"max-image-preview:large","max-video-preview":"max-video-preview:-1"},"canonical":"https:\/\/obispadoarica.cl\/home\/procesion-de-santa-ana-y-san-joaquin\/","og_locale":"es_ES","og_type":"article","og_title":"Procesi\u00f3n de Santa Ana y San Joaqu\u00edn - Obispado San Marcos de Arica","og_description":"\u00a1Celebremos juntos el D\u00eda de los Abuelitos! Te invitamos a unirte a la emocionante procesi\u00f3n de Santa Ana y San Joaqu\u00edn, donde abuelos y nietos estar\u00e1n unidos en la fe y el amor. La procesi\u00f3n se llevar\u00e1 a cabo el s\u00e1bado 22 de julio, a partir de las 11:00 hrs, con salida desde la hermosa [...]","og_url":"https:\/\/obispadoarica.cl\/home\/procesion-de-santa-ana-y-san-joaquin\/","og_site_name":"Obispado San Marcos de Arica","article_published_time":"2023-07-11T17:12:16+00:00","article_modified_time":"2025-03-09T00:50:39+00:00","og_image":[{"width":1600,"height":901,"url":"https:\/\/obispadoarica.cl\/home\/wp-content\/uploads\/2023\/07\/procesion-de-Santa-Ana-y-San-Joaquin.jpeg","type":"image\/jpeg"}],"author":"Obispado de Arica","twitter_card":"summary_large_image","twitter_misc":{"Escrito por":"Obispado de Arica","Tiempo de lectura":"1 minuto"},"schema":{"@context":"https:\/\/schema.org","@graph":[{"@type":"WebPage","@id":"https:\/\/obispadoarica.cl\/home\/procesion-de-santa-ana-y-san-joaquin\/","url":"https:\/\/obispadoarica.cl\/home\/procesion-de-santa-ana-y-san-joaquin\/","name":"Procesi\u00f3n de Santa Ana y San Joaqu\u00edn - Obispado San Marcos de Arica","isPartOf":{"@id":"https:\/\/obispadoarica.cl\/home\/#website"},"primaryImageOfPage":{"@id":"https:\/\/obispadoarica.cl\/home\/procesion-de-santa-ana-y-san-joaquin\/#primaryimage"},"image":{"@id":"https:\/\/obispadoarica.cl\/home\/procesion-de-santa-ana-y-san-joaquin\/#primaryimage"},"thumbnailUrl":"https:\/\/obispadoarica.cl\/home\/wp-content\/uploads\/2023\/07\/procesion-de-Santa-Ana-y-San-Joaquin.jpeg","datePublished":"2023-07-11T17:12:16+00:00","dateModified":"2025-03-09T00:50:39+00:00","author":{"@id":"https:\/\/obispadoarica.cl\/home\/#\/schema\/person\/1a8f4c2a3418412187dff039ecf9d97e"},"breadcrumb":{"@id":"https:\/\/obispadoarica.cl\/home\/procesion-de-santa-ana-y-san-joaquin\/#breadcrumb"},"inLanguage":"es","potentialAction":[{"@type":"ReadAction","target":["https:\/\/obispadoarica.cl\/home\/procesion-de-santa-ana-y-san-joaquin\/"]}]},{"@type":"ImageObject","inLanguage":"es","@id":"https:\/\/obispadoarica.cl\/home\/procesion-de-santa-ana-y-san-joaquin\/#primaryimage","url":"https:\/\/obispadoarica.cl\/home\/wp-content\/uploads\/2023\/07\/procesion-de-Santa-Ana-y-San-Joaquin.jpeg","contentUrl":"https:\/\/obispadoarica.cl\/home\/wp-content\/uploads\/2023\/07\/procesion-de-Santa-Ana-y-San-Joaquin.jpeg","width":1600,"height":901},{"@type":"BreadcrumbList","@id":"https:\/\/obispadoarica.cl\/home\/procesion-de-santa-ana-y-san-joaquin\/#breadcrumb","itemListElement":[{"@type":"ListItem","position":1,"name":"Portada","item":"https:\/\/obispadoarica.cl\/home\/"},{"@type":"ListItem","position":2,"name":"Procesi\u00f3n de Santa Ana y San Joaqu\u00edn"}]},{"@type":"WebSite","@id":"https:\/\/obispadoarica.cl\/home\/#website","url":"https:\/\/obispadoarica.cl\/home\/","name":"Obispado San Marcos de Arica","description":"Di\u00f3cesis San Marcos de Arica","potentialAction":[{"@type":"SearchAction","target":{"@type":"EntryPoint","urlTemplate":"https:\/\/obispadoarica.cl\/home\/?s={search_term_string}"},"query-input":{"@type":"PropertyValueSpecification","valueRequired":true,"valueName":"search_term_string"}}],"inLanguage":"es"},{"@type":"Person","@id":"https:\/\/obispadoarica.cl\/home\/#\/schema\/person\/1a8f4c2a3418412187dff039ecf9d97e","name":"Obispado de Arica","image":{"@type":"ImageObject","inLanguage":"es","@id":"https:\/\/obispadoarica.cl\/home\/#\/schema\/person\/image\/","url":"https:\/\/secure.gravatar.com\/avatar\/c75d5ceafb11502016ed664658884b0b1b183fa6f96260878f47ac58f950c8d9?s=96&d=mm&r=g","contentUrl":"https:\/\/secure.gravatar.com\/avatar\/c75d5ceafb11502016ed664658884b0b1b183fa6f96260878f47ac58f950c8d9?s=96&d=mm&r=g","caption":"Obispado de Arica"},"url":"https:\/\/obispadoarica.cl\/home\/author\/c1300590\/"}]}},"_links":{"self":[{"href":"https:\/\/obispadoarica.cl\/home\/wp-json\/wp\/v2\/posts\/1788","targetHints":{"allow":["GET"]}}],"collection":[{"href":"https:\/\/obispadoarica.cl\/home\/wp-json\/wp\/v2\/posts"}],"about":[{"href":"https:\/\/obispadoarica.cl\/home\/wp-json\/wp\/v2\/types\/post"}],"author":[{"embeddable":true,"href":"https:\/\/obispadoarica.cl\/home\/wp-json\/wp\/v2\/users\/2"}],"replies":[{"embeddable":true,"href":"https:\/\/obispadoarica.cl\/home\/wp-json\/wp\/v2\/comments?post=1788"}],"version-history":[{"count":1,"href":"https:\/\/obispadoarica.cl\/home\/wp-json\/wp\/v2\/posts\/1788\/revisions"}],"predecessor-version":[{"id":1791,"href":"https:\/\/obispadoarica.cl\/home\/wp-json\/wp\/v2\/posts\/1788\/revisions\/1791"}],"wp:featuredmedia":[{"embeddable":true,"href":"https:\/\/obispadoarica.cl\/home\/wp-json\/wp\/v2\/media\/1790"}],"wp:attachment":[{"href":"https:\/\/obispadoarica.cl\/home\/wp-json\/wp\/v2\/media?parent=1788"}],"wp:term":[{"taxonomy":"category","embeddable":true,"href":"https:\/\/obispadoarica.cl\/home\/wp-json\/wp\/v2\/categories?post=1788"},{"taxonomy":"post_tag","embeddable":true,"href":"https:\/\/obispadoarica.cl\/home\/wp-json\/wp\/v2\/tags?post=1788"}],"curies":[{"name":"wp","href":"https:\/\/api.w.org\/{rel}","templated":true}]}}