{"id":1853,"date":"2023-07-21T23:43:13","date_gmt":"2023-07-22T03:43:13","guid":{"rendered":"https:\/\/obispadoarica.cl\/home\/?p=1853"},"modified":"2025-03-08T20:50:39","modified_gmt":"2025-03-09T00:50:39","slug":"vivamos-el-evangelio-de-la-verdad-amor-perdon-justicia-y-misericordia","status":"publish","type":"post","link":"https:\/\/obispadoarica.cl\/home\/vivamos-el-evangelio-de-la-verdad-amor-perdon-justicia-y-misericordia\/","title":{"rendered":"Vivamos el Evangelio de la verdad, amor, perd\u00f3n, justicia y misericordia"},"content":{"rendered":"\n\n\n<p><strong>Obispos en Misa por la Patria<\/strong><\/p>\n\n\n\n<p><em>Este viernes 21 de julio los obispos oraron por la paz, la reconciliaci\u00f3n y la unidad en el pa\u00eds; en una Misa con ocasi\u00f3n de la conmemoraci\u00f3n de los 50 a\u00f1os del Golpe de Estado en Chile. \u00abPedimos que quienes tienen informaci\u00f3n acerca de hechos y v\u00edctimas, en nombre de Dios, h\u00e1ganla saber porque es camino y modo para aliviar el sufrimiento de muchos\u201d, solicit\u00f3 el cardenal A\u00f3s en su homil\u00eda.<\/em><\/p>\n\n\n<p><iframe width=\"825\" height=\"464\" src=\"https:\/\/www.youtube.com\/embed\/pr43HJ2DFFA\" title=\"Misa por la Patria - 21 de julio 2023\" frameborder=\"0\" allow=\"accelerometer; autoplay; clipboard-write; encrypted-media; gyroscope; picture-in-picture; web-share\" allowfullscreen><\/iframe><\/p>\n\n\n\n<div style=\"height:8px\" aria-hidden=\"true\" class=\"wp-block-spacer\"><\/div>\n\n\n\n<p>La Eucarist\u00eda se desarroll\u00f3 en la Casa de ejercicios espirituales de Padre Hurtado, al finalizar la semana de retiro del Episcopado nacional -en la que participaron la mayor parte de los obispos en ejercicio y algunos obispos em\u00e9ritos- el que fue predicado por el cardenal Daniel Sturla sdb, arzobispo de Montevideo (Uruguay).<\/p>\n\n\n\n<p>En la oportunidad, los obispos quisieron pedir al Se\u00f1or por la Patria, no s\u00f3lo por los desaf\u00edos presentes, sino tambi\u00e9n los de nuestra historia en el contexto de la conmemoraci\u00f3n de los 50 a\u00f1os del Golpe de Estado, encomendando a la Virgen del Carmen a todo el pueblo chileno.<\/p>\n\n\n\n<div style=\"height:16px\" aria-hidden=\"true\" class=\"wp-block-spacer\"><\/div>\n\n\n\n<h2 class=\"wp-block-heading\"><strong>El da\u00f1o m\u00e1s grande es quitar la vida<\/strong><\/h2>\n\n\n\n<p>Al iniciar su homil\u00eda, el cardenal Arzobispo de Santiago, Celestino A\u00f3s OFMCap; abord\u00f3 el tema del pecado, recordando que en la misa \u201cal encontrarnos con Jesucristo resucitado que muestra las llagas ya gloriosas, nos damos cuenta de que nuestros actos no son s\u00f3lo quebrantamiento de un c\u00f3digo de urbanidad o convivencia, no s\u00f3lo son un da\u00f1o para el vecino\u201d, agregando que el da\u00f1o m\u00e1s grande es quitar la vida \u201ccuando a\u00fan es un embri\u00f3n o cuando tiene 33 a\u00f1os, cuando se lo elimina porque nos parece demasiado viejo o enfermo\u201d.<\/p>\n\n\n\n<p>\u201cQuitar la vida, o quitar la dignidad, con la tortura, la degradaci\u00f3n, el destierro o el extra\u00f1amiento, neg\u00e1ndole la justicia o cometiendo injusticias contra su persona. etc. Hay errores, hay actuaciones que son imperfectas y dolorosas por nuestra limitaci\u00f3n y superficialidad. Pero hay m\u00e1s: hay en nosotros maldad, pecado. Nosotros tenemos fe: hemos pecado contra Dios; \u201che pecado contra el cielo y contra ti\u201d es la confesi\u00f3n que prepara el hijo pr\u00f3digo: he pecado contra el cielo, contra Dios. Hoy, Se\u00f1or, te pedimos perd\u00f3n por nuestros pecados, porque nos opusimos o retrasamos t\u00fa plan de salvaci\u00f3n\u201d, implor\u00f3 el obispo.<\/p>\n\n\n\n<div style=\"height:9px\" aria-hidden=\"true\" class=\"wp-block-spacer\"><\/div>\n\n\n\n<h2 class=\"wp-block-heading\"><strong>Orar es amar: llevamos el Evangelio del perd\u00f3n y la reconciliaci\u00f3n<\/strong><\/h2>\n\n\n\n<p>Luego, el pastor enfatiz\u00f3 que \u201corar es amar, orar pidiendo perd\u00f3n es amar a Dios y a los dem\u00e1s, y amar a Chile. Somos sacerdotes en el plan de Dios, para ofrecer sacrificios por sus propios pecados y por los pecados del pueblo\u201d, a\u00f1adiendo que la misi\u00f3n primera de los obispos es rezar y desde la oraci\u00f3n iluminar el futuro: \u201c\u00bfa d\u00f3nde queremos ir? E iluminar el presente. Esto \u00bfva a ayudar a sanar? O seguimos haciendo lo mismo, cuando han pasado ya 50 a\u00f1os\u201d.<\/p>\n\n\n\n<p>\u201cSomos mensajeros de la Buena Nueva, queremos y debemos compartir el gozo del Evangelio. Llevamos el Evangelio del perd\u00f3n y la reconciliaci\u00f3n. Y eso exige arrepentimiento, deseo de reparar el da\u00f1o causado, y prop\u00f3sito de no volver a cometer ese pecado. Conversi\u00f3n. Nuestro pecado es grande, las p\u00e1ginas son negras. Mientras se trabajaba con generosidad por la reconciliaci\u00f3n, por la paz, otros seguir\u00e1n abusando y delinquiendo. El pecado no fue cosa de un d\u00eda, ni del tiempo pasado; tambi\u00e9n hoy, y de muchas maneras estamos en pecados. Todos estamos ensuciados, pero eso no puede servir como excusa sino como revulsivo para avanzar y mejorar\u201d, manifest\u00f3 el arzobispo.<\/p>\n\n\n\n<div style=\"height:14px\" aria-hidden=\"true\" class=\"wp-block-spacer\"><\/div>\n\n\n\n<h2 class=\"wp-block-heading\"><strong>Quienes tienen informaci\u00f3n, en nombre de Dios, h\u00e1ganla saber<\/strong><\/h2>\n\n\n\n<p>Celestino A\u00f3s tambi\u00e9n destac\u00f3 que cada persona debe poner de su parte en esa tarea: \u201cnuestros gobernantes y legisladores y jueces revisen sus modos, nuestros pol\u00edticos y comunicadores busquen y respeten la verdad. Los sacerdotes y los religiosos, y nosotros los obispos proclamemos y vivamos el Evangelio de la verdad y del amor y del perd\u00f3n, de la justicia y la misericordia. \u00bfsomos m\u00e1s justos? \u00bfsomos m\u00e1s misericordiosos? El evangelio es claro y exigente: t\u00fa pon verdad, tu pon justicia, t\u00fa se honesto, tu ama; Ama, a tus enemigos\u201d.<\/p>\n\n\n\n<p>Junto con ello, el presidente de la Conferencia Episcopal de Chile, en el contexto de la Eucarist\u00eda a 50 a\u00f1os del Golpe de Estado en el pa\u00eds, manifest\u00f3: \u201cComo obispos ofrecemos nuestro servicio de acogida, respeto, silencio y secreto, pero pedimos que quienes tienen informaci\u00f3n acerca de los hechos y de las v\u00edctimas, en nombre de Dios, h\u00e1ganla saber porque es camino y modo para aliviar el sufrimiento de muchos\u201d.<\/p>\n\n\n\n<p>Asimismo, el cardenal record\u00f3 que \u201cmuchos obispos, sacerdotes, religiosos y laicos rezaron, dieron ayuda a v\u00edctimas directas y a tantas otras v\u00edctimas indirectas y que entraron en la pobreza, la marginaci\u00f3n etc., aconsejaron. \u00bfPudimos hacer m\u00e1s? \u00bfEra mejor hacerlo de otro modo? Pedimos perd\u00f3n por lo que ten\u00edamos que hacer y no hicimos, pedimos perd\u00f3n por lo que hicimos mal, pedimos perd\u00f3n por haber guardado silencio cuando debimos hablar, o haber hablado mal, juzgado y condenado\u201d.<\/p>\n\n\n\n<div style=\"height:3px\" aria-hidden=\"true\" class=\"wp-block-spacer\"><\/div>\n\n\n\n<h2 class=\"wp-block-heading\"><strong>Ofrecer gu\u00eda y \u00e1nimo a los fieles y la sociedad<\/strong><\/h2>\n\n\n\n<p>Luego, el obispo anim\u00f3 a ser sembradores de justicia, honradez, respeto, y colaboraci\u00f3n, relevando que hoy \u201cnos toca iluminar el presente: hemos ofrecido nuestro aporte a los Constituyentes, y seguiremos ofreciendo el gozo del evangelio, la verdad que poseemos y que libera, aunque duela\u201d, recordando a sus hermanos en el Episcopado: \u201csomos obispos, nos toca enfocar la vida desde el evangelio, nos toca ofrecer gu\u00eda y \u00e1nimo a los fieles y a la sociedad. Somos padres de todos\u201d.<\/p>\n\n\n\n<p>\u201cTodos estamos convocados en esta hora grande y hermosa de nuestra historia a ofrecer nuestro aporte, a dar lo mejor de nosotros mismos para construir un Chile mejor. No piense que los otros son quienes har\u00e1n. Los otros pondr\u00e1n lo suyo, y nosotros debemos poner lo nuestro. Como la Virgen Mar\u00eda, Madre de Jes\u00fas y Madre de todos nosotros; a sus pies nos reconocemos \u201cSanta Mar\u00eda, Madre de Dios, ruega por nosotros pecadores ahora y en la hora de nuestra muerte\u201d, concluy\u00f3 el arzobispo Celestino A\u00f3s.<\/p>\n\n\n\n<p>En la Eucarist\u00eda participaron integrantes de los equipos y comisiones de la Conferencia Episcopal, as\u00ed como representantes de la Conferencia de Religiosas y Religiosos de Chile, Conferre. Adem\u00e1s, se cont\u00f3 la presencia del Coro&nbsp;<em>\u00abLaurus Vocali\u00bb<\/em>. La&nbsp;<strong>\u201cMisa por la Patria\u201d<\/strong>&nbsp;&#8211; que fue trasmitida en vivo por las se\u00f1ales de&nbsp;<strong><a href=\"https:\/\/www.radiomaria.cl\/\" target=\"_blank\" rel=\"noreferrer noopener\">Radio Mar\u00eda<\/a><\/strong>, adem\u00e1s de una red de emisoras de diversas di\u00f3cesis del pa\u00eds, y retransmitida por el canal de&nbsp;<strong><a href=\"https:\/\/www.canalisb.cl\/\" target=\"_blank\" rel=\"noreferrer noopener\">ISB TV<\/a><\/strong>&nbsp;&#8211; puede ser revivida de manera completa en el canal de&nbsp;<strong><a href=\"https:\/\/www.youtube.com\/watch?v=pr43HJ2DFFA\" target=\"_blank\" rel=\"noreferrer noopener\">Youtube Iglesia Cat\u00f3lica Chile<\/a><\/strong>.<\/p>\n\n\n\n<p><strong>Fuente: Comunicaciones CECh<\/strong><br><em>CECh, 21-07-2023<\/em><\/p>\n","protected":false},"excerpt":{"rendered":"<p>Obispos en Misa por la Patria Este viernes 21 de julio los obispos oraron por la paz, la reconciliaci\u00f3n y la unidad en el pa\u00eds; en una Misa con ocasi\u00f3n de la conmemoraci\u00f3n de los 50 a\u00f1os del Golpe de Estado en Chile. \u00abPedimos que quienes tienen informaci\u00f3n acerca de hechos y v\u00edctimas, en nombre [&#8230;]\n","protected":false},"author":2,"featured_media":1854,"comment_status":"closed","ping_status":"open","sticky":false,"template":"","format":"standard","meta":{"footnotes":""},"categories":[7],"tags":[],"class_list":["post-1853","post","type-post","status-publish","format-standard","has-post-thumbnail","hentry","category-noticias"],"yoast_head":"<!-- This site is optimized with the Yoast SEO plugin v24.6 - https:\/\/yoast.com\/wordpress\/plugins\/seo\/ -->\n<title>Vivamos el Evangelio de la verdad, amor, perd\u00f3n, justicia y misericordia - Obispado San Marcos de Arica<\/title>\n<meta name=\"robots\" content=\"index, follow, max-snippet:-1, max-image-preview:large, max-video-preview:-1\" \/>\n<link rel=\"canonical\" href=\"https:\/\/obispadoarica.cl\/home\/vivamos-el-evangelio-de-la-verdad-amor-perdon-justicia-y-misericordia\/\" \/>\n<meta property=\"og:locale\" content=\"es_ES\" \/>\n<meta property=\"og:type\" content=\"article\" \/>\n<meta property=\"og:title\" content=\"Vivamos el Evangelio de la verdad, amor, perd\u00f3n, justicia y misericordia - Obispado San Marcos de Arica\" \/>\n<meta property=\"og:description\" content=\"Obispos en Misa por la Patria Este viernes 21 de julio los obispos oraron por la paz, la reconciliaci\u00f3n y la unidad en el pa\u00eds; en una Misa con ocasi\u00f3n de la conmemoraci\u00f3n de los 50 a\u00f1os del Golpe de Estado en Chile. \u00abPedimos que quienes tienen informaci\u00f3n acerca de hechos y v\u00edctimas, en nombre [...]\" \/>\n<meta property=\"og:url\" content=\"https:\/\/obispadoarica.cl\/home\/vivamos-el-evangelio-de-la-verdad-amor-perdon-justicia-y-misericordia\/\" \/>\n<meta property=\"og:site_name\" content=\"Obispado San Marcos de Arica\" \/>\n<meta property=\"article:published_time\" content=\"2023-07-22T03:43:13+00:00\" \/>\n<meta property=\"article:modified_time\" content=\"2025-03-09T00:50:39+00:00\" \/>\n<meta property=\"og:image\" content=\"https:\/\/obispadoarica.cl\/home\/wp-content\/uploads\/2023\/07\/Misa-por-la-patria-mini.jpeg\" \/>\n\t<meta property=\"og:image:width\" content=\"1000\" \/>\n\t<meta property=\"og:image:height\" content=\"563\" \/>\n\t<meta property=\"og:image:type\" content=\"image\/jpeg\" \/>\n<meta name=\"author\" content=\"Obispado de Arica\" \/>\n<meta name=\"twitter:card\" content=\"summary_large_image\" \/>\n<meta name=\"twitter:label1\" content=\"Escrito por\" \/>\n\t<meta name=\"twitter:data1\" content=\"Obispado de Arica\" \/>\n\t<meta name=\"twitter:label2\" content=\"Tiempo de lectura\" \/>\n\t<meta name=\"twitter:data2\" content=\"5 minutos\" \/>\n<script type=\"application\/ld+json\" class=\"yoast-schema-graph\">{\"@context\":\"https:\/\/schema.org\",\"@graph\":[{\"@type\":\"WebPage\",\"@id\":\"https:\/\/obispadoarica.cl\/home\/vivamos-el-evangelio-de-la-verdad-amor-perdon-justicia-y-misericordia\/\",\"url\":\"https:\/\/obispadoarica.cl\/home\/vivamos-el-evangelio-de-la-verdad-amor-perdon-justicia-y-misericordia\/\",\"name\":\"Vivamos el Evangelio de la verdad, amor, perd\u00f3n, justicia y misericordia - Obispado San Marcos de Arica\",\"isPartOf\":{\"@id\":\"https:\/\/obispadoarica.cl\/home\/#website\"},\"primaryImageOfPage\":{\"@id\":\"https:\/\/obispadoarica.cl\/home\/vivamos-el-evangelio-de-la-verdad-amor-perdon-justicia-y-misericordia\/#primaryimage\"},\"image\":{\"@id\":\"https:\/\/obispadoarica.cl\/home\/vivamos-el-evangelio-de-la-verdad-amor-perdon-justicia-y-misericordia\/#primaryimage\"},\"thumbnailUrl\":\"https:\/\/obispadoarica.cl\/home\/wp-content\/uploads\/2023\/07\/Misa-por-la-patria-mini.jpeg\",\"datePublished\":\"2023-07-22T03:43:13+00:00\",\"dateModified\":\"2025-03-09T00:50:39+00:00\",\"author\":{\"@id\":\"https:\/\/obispadoarica.cl\/home\/#\/schema\/person\/1a8f4c2a3418412187dff039ecf9d97e\"},\"breadcrumb\":{\"@id\":\"https:\/\/obispadoarica.cl\/home\/vivamos-el-evangelio-de-la-verdad-amor-perdon-justicia-y-misericordia\/#breadcrumb\"},\"inLanguage\":\"es\",\"potentialAction\":[{\"@type\":\"ReadAction\",\"target\":[\"https:\/\/obispadoarica.cl\/home\/vivamos-el-evangelio-de-la-verdad-amor-perdon-justicia-y-misericordia\/\"]}]},{\"@type\":\"ImageObject\",\"inLanguage\":\"es\",\"@id\":\"https:\/\/obispadoarica.cl\/home\/vivamos-el-evangelio-de-la-verdad-amor-perdon-justicia-y-misericordia\/#primaryimage\",\"url\":\"https:\/\/obispadoarica.cl\/home\/wp-content\/uploads\/2023\/07\/Misa-por-la-patria-mini.jpeg\",\"contentUrl\":\"https:\/\/obispadoarica.cl\/home\/wp-content\/uploads\/2023\/07\/Misa-por-la-patria-mini.jpeg\",\"width\":1000,\"height\":563},{\"@type\":\"BreadcrumbList\",\"@id\":\"https:\/\/obispadoarica.cl\/home\/vivamos-el-evangelio-de-la-verdad-amor-perdon-justicia-y-misericordia\/#breadcrumb\",\"itemListElement\":[{\"@type\":\"ListItem\",\"position\":1,\"name\":\"Portada\",\"item\":\"https:\/\/obispadoarica.cl\/home\/\"},{\"@type\":\"ListItem\",\"position\":2,\"name\":\"Vivamos el Evangelio de la verdad, amor, perd\u00f3n, justicia y misericordia\"}]},{\"@type\":\"WebSite\",\"@id\":\"https:\/\/obispadoarica.cl\/home\/#website\",\"url\":\"https:\/\/obispadoarica.cl\/home\/\",\"name\":\"Obispado San Marcos de Arica\",\"description\":\"Di\u00f3cesis San Marcos de Arica\",\"potentialAction\":[{\"@type\":\"SearchAction\",\"target\":{\"@type\":\"EntryPoint\",\"urlTemplate\":\"https:\/\/obispadoarica.cl\/home\/?s={search_term_string}\"},\"query-input\":{\"@type\":\"PropertyValueSpecification\",\"valueRequired\":true,\"valueName\":\"search_term_string\"}}],\"inLanguage\":\"es\"},{\"@type\":\"Person\",\"@id\":\"https:\/\/obispadoarica.cl\/home\/#\/schema\/person\/1a8f4c2a3418412187dff039ecf9d97e\",\"name\":\"Obispado de Arica\",\"image\":{\"@type\":\"ImageObject\",\"inLanguage\":\"es\",\"@id\":\"https:\/\/obispadoarica.cl\/home\/#\/schema\/person\/image\/\",\"url\":\"https:\/\/secure.gravatar.com\/avatar\/c75d5ceafb11502016ed664658884b0b1b183fa6f96260878f47ac58f950c8d9?s=96&d=mm&r=g\",\"contentUrl\":\"https:\/\/secure.gravatar.com\/avatar\/c75d5ceafb11502016ed664658884b0b1b183fa6f96260878f47ac58f950c8d9?s=96&d=mm&r=g\",\"caption\":\"Obispado de Arica\"},\"url\":\"https:\/\/obispadoarica.cl\/home\/author\/c1300590\/\"}]}<\/script>\n<!-- \/ Yoast SEO plugin. -->","yoast_head_json":{"title":"Vivamos el Evangelio de la verdad, amor, perd\u00f3n, justicia y misericordia - Obispado San Marcos de Arica","robots":{"index":"index","follow":"follow","max-snippet":"max-snippet:-1","max-image-preview":"max-image-preview:large","max-video-preview":"max-video-preview:-1"},"canonical":"https:\/\/obispadoarica.cl\/home\/vivamos-el-evangelio-de-la-verdad-amor-perdon-justicia-y-misericordia\/","og_locale":"es_ES","og_type":"article","og_title":"Vivamos el Evangelio de la verdad, amor, perd\u00f3n, justicia y misericordia - Obispado San Marcos de Arica","og_description":"Obispos en Misa por la Patria Este viernes 21 de julio los obispos oraron por la paz, la reconciliaci\u00f3n y la unidad en el pa\u00eds; en una Misa con ocasi\u00f3n de la conmemoraci\u00f3n de los 50 a\u00f1os del Golpe de Estado en Chile. \u00abPedimos que quienes tienen informaci\u00f3n acerca de hechos y v\u00edctimas, en nombre [...]","og_url":"https:\/\/obispadoarica.cl\/home\/vivamos-el-evangelio-de-la-verdad-amor-perdon-justicia-y-misericordia\/","og_site_name":"Obispado San Marcos de Arica","article_published_time":"2023-07-22T03:43:13+00:00","article_modified_time":"2025-03-09T00:50:39+00:00","og_image":[{"width":1000,"height":563,"url":"https:\/\/obispadoarica.cl\/home\/wp-content\/uploads\/2023\/07\/Misa-por-la-patria-mini.jpeg","type":"image\/jpeg"}],"author":"Obispado de Arica","twitter_card":"summary_large_image","twitter_misc":{"Escrito por":"Obispado de Arica","Tiempo de lectura":"5 minutos"},"schema":{"@context":"https:\/\/schema.org","@graph":[{"@type":"WebPage","@id":"https:\/\/obispadoarica.cl\/home\/vivamos-el-evangelio-de-la-verdad-amor-perdon-justicia-y-misericordia\/","url":"https:\/\/obispadoarica.cl\/home\/vivamos-el-evangelio-de-la-verdad-amor-perdon-justicia-y-misericordia\/","name":"Vivamos el Evangelio de la verdad, amor, perd\u00f3n, justicia y misericordia - Obispado San Marcos de Arica","isPartOf":{"@id":"https:\/\/obispadoarica.cl\/home\/#website"},"primaryImageOfPage":{"@id":"https:\/\/obispadoarica.cl\/home\/vivamos-el-evangelio-de-la-verdad-amor-perdon-justicia-y-misericordia\/#primaryimage"},"image":{"@id":"https:\/\/obispadoarica.cl\/home\/vivamos-el-evangelio-de-la-verdad-amor-perdon-justicia-y-misericordia\/#primaryimage"},"thumbnailUrl":"https:\/\/obispadoarica.cl\/home\/wp-content\/uploads\/2023\/07\/Misa-por-la-patria-mini.jpeg","datePublished":"2023-07-22T03:43:13+00:00","dateModified":"2025-03-09T00:50:39+00:00","author":{"@id":"https:\/\/obispadoarica.cl\/home\/#\/schema\/person\/1a8f4c2a3418412187dff039ecf9d97e"},"breadcrumb":{"@id":"https:\/\/obispadoarica.cl\/home\/vivamos-el-evangelio-de-la-verdad-amor-perdon-justicia-y-misericordia\/#breadcrumb"},"inLanguage":"es","potentialAction":[{"@type":"ReadAction","target":["https:\/\/obispadoarica.cl\/home\/vivamos-el-evangelio-de-la-verdad-amor-perdon-justicia-y-misericordia\/"]}]},{"@type":"ImageObject","inLanguage":"es","@id":"https:\/\/obispadoarica.cl\/home\/vivamos-el-evangelio-de-la-verdad-amor-perdon-justicia-y-misericordia\/#primaryimage","url":"https:\/\/obispadoarica.cl\/home\/wp-content\/uploads\/2023\/07\/Misa-por-la-patria-mini.jpeg","contentUrl":"https:\/\/obispadoarica.cl\/home\/wp-content\/uploads\/2023\/07\/Misa-por-la-patria-mini.jpeg","width":1000,"height":563},{"@type":"BreadcrumbList","@id":"https:\/\/obispadoarica.cl\/home\/vivamos-el-evangelio-de-la-verdad-amor-perdon-justicia-y-misericordia\/#breadcrumb","itemListElement":[{"@type":"ListItem","position":1,"name":"Portada","item":"https:\/\/obispadoarica.cl\/home\/"},{"@type":"ListItem","position":2,"name":"Vivamos el Evangelio de la verdad, amor, perd\u00f3n, justicia y misericordia"}]},{"@type":"WebSite","@id":"https:\/\/obispadoarica.cl\/home\/#website","url":"https:\/\/obispadoarica.cl\/home\/","name":"Obispado San Marcos de Arica","description":"Di\u00f3cesis San Marcos de Arica","potentialAction":[{"@type":"SearchAction","target":{"@type":"EntryPoint","urlTemplate":"https:\/\/obispadoarica.cl\/home\/?s={search_term_string}"},"query-input":{"@type":"PropertyValueSpecification","valueRequired":true,"valueName":"search_term_string"}}],"inLanguage":"es"},{"@type":"Person","@id":"https:\/\/obispadoarica.cl\/home\/#\/schema\/person\/1a8f4c2a3418412187dff039ecf9d97e","name":"Obispado de Arica","image":{"@type":"ImageObject","inLanguage":"es","@id":"https:\/\/obispadoarica.cl\/home\/#\/schema\/person\/image\/","url":"https:\/\/secure.gravatar.com\/avatar\/c75d5ceafb11502016ed664658884b0b1b183fa6f96260878f47ac58f950c8d9?s=96&d=mm&r=g","contentUrl":"https:\/\/secure.gravatar.com\/avatar\/c75d5ceafb11502016ed664658884b0b1b183fa6f96260878f47ac58f950c8d9?s=96&d=mm&r=g","caption":"Obispado de Arica"},"url":"https:\/\/obispadoarica.cl\/home\/author\/c1300590\/"}]}},"_links":{"self":[{"href":"https:\/\/obispadoarica.cl\/home\/wp-json\/wp\/v2\/posts\/1853","targetHints":{"allow":["GET"]}}],"collection":[{"href":"https:\/\/obispadoarica.cl\/home\/wp-json\/wp\/v2\/posts"}],"about":[{"href":"https:\/\/obispadoarica.cl\/home\/wp-json\/wp\/v2\/types\/post"}],"author":[{"embeddable":true,"href":"https:\/\/obispadoarica.cl\/home\/wp-json\/wp\/v2\/users\/2"}],"replies":[{"embeddable":true,"href":"https:\/\/obispadoarica.cl\/home\/wp-json\/wp\/v2\/comments?post=1853"}],"version-history":[{"count":1,"href":"https:\/\/obispadoarica.cl\/home\/wp-json\/wp\/v2\/posts\/1853\/revisions"}],"predecessor-version":[{"id":1855,"href":"https:\/\/obispadoarica.cl\/home\/wp-json\/wp\/v2\/posts\/1853\/revisions\/1855"}],"wp:featuredmedia":[{"embeddable":true,"href":"https:\/\/obispadoarica.cl\/home\/wp-json\/wp\/v2\/media\/1854"}],"wp:attachment":[{"href":"https:\/\/obispadoarica.cl\/home\/wp-json\/wp\/v2\/media?parent=1853"}],"wp:term":[{"taxonomy":"category","embeddable":true,"href":"https:\/\/obispadoarica.cl\/home\/wp-json\/wp\/v2\/categories?post=1853"},{"taxonomy":"post_tag","embeddable":true,"href":"https:\/\/obispadoarica.cl\/home\/wp-json\/wp\/v2\/tags?post=1853"}],"curies":[{"name":"wp","href":"https:\/\/api.w.org\/{rel}","templated":true}]}}