{"id":190,"date":"2022-03-03T06:05:23","date_gmt":"2022-03-03T06:05:23","guid":{"rendered":"https:\/\/obispadoarica.cl\/home\/?p=190"},"modified":"2025-03-08T20:54:41","modified_gmt":"2025-03-09T00:54:41","slug":"miercoles-de-ceniza-el-papa-la-oracion-caridad-y-ayuno-pueden-cambiar-la-historia","status":"publish","type":"post","link":"https:\/\/obispadoarica.cl\/home\/miercoles-de-ceniza-el-papa-la-oracion-caridad-y-ayuno-pueden-cambiar-la-historia\/","title":{"rendered":"Mi\u00e9rcoles de Ceniza. El Papa: La oraci\u00f3n, caridad y ayuno pueden cambiar la historia"},"content":{"rendered":"\n\n\n<p>Este 2 de marzo, Mi\u00e9rcoles de Ceniza, el Santo Padre se\u00f1al\u00f3 en su homil\u00eda le\u00edda por el Cardenal Pietro Parolin, Secretario de Estado Vaticano, en la Bas\u00edlica de Santa Sabina de Roma que, \u201cla oraci\u00f3n, la caridad y el ayuno son las armas del esp\u00edritu, y es con ellas que, en esta jornada de oraci\u00f3n y ayuno por Ucrania, imploramos a Dios esa paz que los hombres solos no pueden construir\u201d.<\/p>\n\n\n\n<p><strong>Renato Martinez &#8211; Ciudad del Vaticano<\/strong><\/p>\n\n\n\n<p><em>\u201cOh Se\u00f1or, t\u00fa que ves en lo secreto y nos recompensas m\u00e1s all\u00e1 de todas nuestras expectativas, escucha las oraciones de todos los que conf\u00edan en ti, especialmente de los m\u00e1s humildes, de los m\u00e1s probados, de los que sufren y huyen bajo el estruendo de las armas. Devuelve la paz a nuestros corazones, da de nuevo tu paz a nuestros d\u00edas. Am\u00e9n\u201d.&nbsp;<\/em>Es la oraci\u00f3n que elev\u00f3 el Papa Francisco en su homil\u00eda \u2013 le\u00edda por el Cardenal Pietro Parolin, Secretario de Estado Vaticano, en la Bas\u00edlica de Santa Sabina de Roma \u2013 durante la Santa Misa con el rito de bendici\u00f3n e imposici\u00f3n de las Cenizas, con el cual se da inicio al Tiempo de Cuaresma y Jornada de oraci\u00f3n y ayuno por la paz en Ucrania.<\/p>\n\n\n\n<figure class=\"wp-block-image\"><img decoding=\"async\" src=\"https:\/\/www.vaticannews.va\/content\/dam\/vaticannews\/agenzie\/images\/srv\/2022\/03\/02\/2022-03-02-mercoledi-delle-ceneri\/1646236944877.JPG\/_jcr_content\/renditions\/cq5dam.thumbnail.cropped.750.422.jpeg\" alt=\"Procesi\u00f3n penitencial\"\/><\/figure>\n\n\n\n<p>Procesi\u00f3n penitencial<\/p>\n\n\n\n<h2 class=\"wp-block-heading\"><strong>La sed de alcanzar una recompensa<\/strong><\/h2>\n\n\n\n<p>Como cada a\u00f1o, la celebraci\u00f3n del Mi\u00e9rcoles de Ceniza en la Bas\u00edlica de Santa Sabina de Roma estuvo precedida por una procesi\u00f3n penitencial, con el canto de las letan\u00edas de los Santos desde la cercana iglesia de San Anselmo. El Cardenal Secretario de Estado, Pietro Parolin presidi\u00f3 la celebraci\u00f3n en lugar del Santo Padre, quien a causa de una gonalgia aguda, es decir, un dolor agudo en la rodilla, no pudo presidir la Eucarist\u00eda y contin\u00faa con el periodo de reposo prescrito por el m\u00e9dico. En su homil\u00eda, el Pont\u00edfice record\u00f3 que, \u201cnormalmente, en el Mi\u00e9rcoles de Ceniza nuestra atenci\u00f3n se centra en el compromiso que requiere el camino de fe, m\u00e1s que en la recompensa a la que conduce. Sin embargo, hoy el discurso de Jes\u00fas vuelve siempre a este t\u00e9rmino, la recompensa, que parece ser el resorte principal de nuestra acci\u00f3n\u201d.<\/p>\n\n\n\n<blockquote class=\"wp-block-quote is-layout-flow wp-block-quote-is-layout-flow\"><p>\u201cHay en nosotros, en nuestro coraz\u00f3n, una sed, un deseo de alcanzar una recompensa, que nos atrae e impulsa todo lo que hacemos\u201d<\/p><\/blockquote>\n\n\n\n<h2 class=\"wp-block-heading\"><strong>La recompensa del Padre y la de los hombres<\/strong><\/h2>\n\n\n\n<p>En este sentido, el Papa Francisco se\u00f1al\u00f3 que se pueden distinguir dos tipos de recompensa a la que puede aspirar la vida de una persona; por un lado, est\u00e1 la recompensa del Padre y, por otro, la recompensa de los hombres. La primera es eterna, es la verdadera y definitiva recompensa, el prop\u00f3sito de la vida. La segunda, en cambio, es transitoria, es un disparate al que tendemos cuando la admiraci\u00f3n de los hombres y el \u00e9xito mundano son lo m\u00e1s importante para nosotros, la mayor gratificaci\u00f3n. Pero es una ilusi\u00f3n, es como un espejismo que, una vez alcanzado, nos deja con las manos vac\u00edas. Los que buscan la recompensa del mundo nunca encuentran la paz, ni saben tampoco c\u00f3mo promoverla.<\/p>\n\n\n\n<blockquote class=\"wp-block-quote is-layout-flow wp-block-quote-is-layout-flow\"><p>\u201cTienen la posibilidad de disfrutar de una recompensa infinita, una recompensa sin parang\u00f3n: tengan cuidado, pues, de no dejarse deslumbrar por las apariencias, persiguiendo recompensas baratas, que se desvanecen en vuestras manos\u201d<\/p><\/blockquote>\n\n\n\n<figure class=\"wp-block-image\"><img decoding=\"async\" src=\"https:\/\/www.vaticannews.va\/content\/dam\/vaticannews\/agenzie\/images\/srv\/2022\/03\/02\/2022-03-02-mercoledi-delle-ceneri\/1646236946039.JPG\/_jcr_content\/renditions\/cq5dam.thumbnail.cropped.750.422.jpeg\" alt=\"Mi\u00e9rcoles de Ceniza en la Bas\u00edlica de Santa Sabina de Roma\"\/><\/figure>\n\n\n\n<p>Mi\u00e9rcoles de Ceniza en la Bas\u00edlica de Santa Sabina de Roma<\/p>\n\n\n\n<h2 class=\"wp-block-heading\"><strong>Una medicina para curar la enfermedad de la apariencia<\/strong><\/h2>\n\n\n\n<p>Es por ello que, el rito de la ceniza, que recibimos sobre la cabeza, afirm\u00f3 el Santo Padre, tiene por objeto salvarnos del error de anteponer la recompensa de los hombres a la recompensa del Padre. Este signo austero, que nos lleva a reflexionar sobre la caducidad de nuestra condici\u00f3n humana, es como una medicina amarga pero eficaz para curar la enfermedad de la apariencia. Es una enfermedad espiritual, que esclaviza a la persona, llev\u00e1ndola a depender de la admiraci\u00f3n de los dem\u00e1s. Es una verdadera \u201cesclavitud de los ojos y de la mente\u201d, que lleva a vivir bajo el signo de la vanagloria, de modo que lo que cuenta no es la limpieza del coraz\u00f3n, sino la admiraci\u00f3n de la gente; no la mirada de Dios sobre nosotros, sino c\u00f3mo nos miran los dem\u00e1s. Y no se puede vivir bien content\u00e1ndose con esta recompensa.<\/p>\n\n\n\n<blockquote class=\"wp-block-quote is-layout-flow wp-block-quote-is-layout-flow\"><p>\u201cEl problema es que esta enfermedad de la apariencia socava incluso los \u00e1mbitos m\u00e1s sagrados. Y es sobre esto en lo que Jes\u00fas insiste hoy\u201d<\/p><\/blockquote>\n\n\n\n<h2 class=\"wp-block-heading\"><strong>Atenci\u00f3n a la carcoma de la autosatisfacci\u00f3n<\/strong><\/h2>\n\n\n\n<p>Incluso la oraci\u00f3n, la caridad y el ayuno, subray\u00f3 el Papa Francisco, pueden volverse autorreferenciales. En cada gesto, inclusive en el m\u00e1s bello, puede esconderse la carcoma de la autosatisfacci\u00f3n. Entonces el coraz\u00f3n no es completamente libre porque no busca el amor al Padre y a los hermanos, sino la aprobaci\u00f3n humana, el aplauso de la gente, la propia gloria. Y todo puede convertirse en una especie de fingimiento ante Dios, ante uno mismo y ante los dem\u00e1s. Por eso la Palabra de Dios nos invita a mirar dentro de nosotros mismos, para ver nuestras hipocres\u00edas.<\/p>\n\n\n\n<blockquote class=\"wp-block-quote is-layout-flow wp-block-quote-is-layout-flow\"><p>\u201cHagamos un diagn\u00f3stico de las apariencias que buscamos; tratemos de desenmascararlas. Nos har\u00e1 bien\u201d<\/p><\/blockquote>\n\n\n\n<figure class=\"wp-block-image\"><img decoding=\"async\" src=\"https:\/\/www.vaticannews.va\/content\/dam\/vaticannews\/agenzie\/images\/srv\/2022\/03\/02\/2022-03-02-mercoledi-delle-ceneri\/1646237543533.JPG\/_jcr_content\/renditions\/cq5dam.thumbnail.cropped.750.422.jpeg\" alt=\"Cardenal Pietro Parolin\"\/><\/figure>\n\n\n\n<p>Cardenal Pietro Parolin<\/p>\n\n\n\n<h2 class=\"wp-block-heading\"><strong>La mundanidad es como el polvo<\/strong><\/h2>\n\n\n\n<p>La ceniza, indic\u00f3 el Pont\u00edfice, saca a la luz la nada que se esconde detr\u00e1s de la b\u00fasqueda fren\u00e9tica de recompensas mundanas. Nos recuerdan que la mundanidad es como el polvo, que un poco de viento es suficiente para llev\u00e1rsela. Hermanas, hermanos, no estamos en este mundo para perseguir el viento; nuestros corazones tienen sed de eternidad. La Cuaresma es un tiempo que el Se\u00f1or nos da para volver a la vida, para curarnos interiormente y caminar hacia la Pascua, hacia lo que permanece, hacia la recompensa del Padre. Es un camino de curaci\u00f3n. No para cambiar todo de la noche a la ma\u00f1ana, sino para vivir cada d\u00eda con un esp\u00edritu nuevo, con un estilo diferente. Este es el prop\u00f3sito de la oraci\u00f3n, la caridad y el ayuno.<\/p>\n\n\n\n<blockquote class=\"wp-block-quote is-layout-flow wp-block-quote-is-layout-flow\"><p>\u201cPurificados por la ceniza cuaresmal, purificados de la hipocres\u00eda de las apariencias, recobran toda su fuerza y regeneran una relaci\u00f3n viva con Dios, con los hermanos y consigo mismos\u201d<\/p><\/blockquote>\n\n\n\n<h2 class=\"wp-block-heading\"><strong>Redescubramos el di\u00e1logo \u00edntimo con el Se\u00f1or<\/strong><\/h2>\n\n\n\n<p>Es por ello, se\u00f1al\u00f3 el Papa Francisco, la oraci\u00f3n humilde, hecha \u00aben lo secreto\u00bb, en el recogimiento de la propia habitaci\u00f3n, se convierte en el secreto para hacer que la vida florezca hacia afuera. Es un c\u00e1lido di\u00e1logo de afecto y confianza, que reconforta y abre el coraz\u00f3n. Especialmente en este per\u00edodo de Cuaresma, oremos mirando el Crucifijo: dej\u00e9monos invadir por la conmovedora ternura de Dios y pongamos en sus llagas nuestras heridas y las del mundo. No nos dejemos llevar por la prisa, estemos en silencio ante \u00c9l. Redescubramos la fecunda esencialidad del di\u00e1logo \u00edntimo con el Se\u00f1or. Porque a Dios no le gustan las cosas ostentosas, sino que le gusta dejarse encontrar en lo secreto. Es \u201cel secreto del amor\u201d, lejos de toda ostentaci\u00f3n y de tonos llamativos.<\/p>\n\n\n\n<blockquote class=\"wp-block-quote is-layout-flow wp-block-quote-is-layout-flow\"><p>\u201cLa caridad cuaresmal, purificada por la ceniza, nos devuelve a lo esencial, a la \u00edntima alegr\u00eda de dar. La limosna, hecha sin llamar la atenci\u00f3n de los dem\u00e1s, da paz y esperanza al coraz\u00f3n\u201d<\/p><\/blockquote>\n\n\n\n<h2 class=\"wp-block-heading\"><strong>El ayuno no es una dieta<\/strong><\/h2>\n\n\n\n<p>Por \u00faltimo, el Santo Padre dijo que, el ayuno no es una dieta, sino que m\u00e1s bien nos libera de la autorreferencialidad de la b\u00fasqueda obsesiva de bienestar f\u00edsico, para ayudarnos a mantener en forma no el cuerpo sino el esp\u00edritu. El ayuno nos reconduce a darle a las cosas su valor correcto. En concreto, nos recuerda que la vida no debe estar sujeta a la escena pasajera de este mundo. El ayuno no debe limitarse s\u00f3lo a la comida; en Cuaresma debemos ayunar, sobre todo, de lo que nos hace dependientes; que cada uno reflexione sobre esto, para hacer un ayuno que realmente tenga un impacto en la vida concreta de cada uno.<\/p>\n\n\n\n<blockquote class=\"wp-block-quote is-layout-flow wp-block-quote-is-layout-flow\"><p>\u201cLa oraci\u00f3n, la caridad y el ayuno no son medicamentos s\u00f3lo para nosotros, sino para todos; de hecho, pueden cambiar la historia. En primer lugar, porque quien experimenta sus efectos, casi sin darse cuenta, los transmite a los dem\u00e1s; y, sobre todo, porque la oraci\u00f3n, la caridad y el ayuno son las principales v\u00edas que permiten a Dios intervenir en nuestras vidas y en la vida del mundo. Son las armas del esp\u00edritu, y es con ellas que, en esta jornada de oraci\u00f3n y ayuno por Ucrania, imploramos a Dios esa paz que los hombres solos no pueden construir\u201d<\/p><\/blockquote>\n\n\n\n<figure class=\"wp-block-image\"><img decoding=\"async\" src=\"https:\/\/www.vaticannews.va\/content\/dam\/vaticannews\/agenzie\/images\/srv\/2022\/03\/02\/2022-03-02-mercoledi-delle-ceneri\/1646237548653.JPG\/_jcr_content\/renditions\/cq5dam.thumbnail.cropped.750.422.jpeg\" alt=\"Celebraci\u00f3n del Mi\u00e9rcoles de Ceniza \"\/><\/figure>\n\n\n\n<p>Celebraci\u00f3n del Mi\u00e9rcoles de Ceniza<\/p>\n","protected":false},"excerpt":{"rendered":"<p>Este 2 de marzo, Mi\u00e9rcoles de Ceniza, el Santo Padre se\u00f1al\u00f3 en su homil\u00eda le\u00edda por el Cardenal Pietro Parolin, Secretario de Estado Vaticano, en la Bas\u00edlica de Santa Sabina de Roma que, \u201cla oraci\u00f3n, la caridad y el ayuno son las armas del esp\u00edritu, y es con ellas que, en esta jornada de oraci\u00f3n [&#8230;]\n","protected":false},"author":2,"featured_media":191,"comment_status":"closed","ping_status":"open","sticky":false,"template":"","format":"standard","meta":{"footnotes":""},"categories":[7],"tags":[],"class_list":["post-190","post","type-post","status-publish","format-standard","has-post-thumbnail","hentry","category-noticias"],"yoast_head":"<!-- This site is optimized with the Yoast SEO plugin v24.6 - https:\/\/yoast.com\/wordpress\/plugins\/seo\/ -->\n<title>Mi\u00e9rcoles de Ceniza. El Papa: La oraci\u00f3n, caridad y ayuno pueden cambiar la historia - Obispado San Marcos de Arica<\/title>\n<meta name=\"robots\" content=\"index, follow, max-snippet:-1, max-image-preview:large, max-video-preview:-1\" \/>\n<link rel=\"canonical\" href=\"https:\/\/obispadoarica.cl\/home\/miercoles-de-ceniza-el-papa-la-oracion-caridad-y-ayuno-pueden-cambiar-la-historia\/\" \/>\n<meta property=\"og:locale\" content=\"es_ES\" \/>\n<meta property=\"og:type\" content=\"article\" \/>\n<meta property=\"og:title\" content=\"Mi\u00e9rcoles de Ceniza. El Papa: La oraci\u00f3n, caridad y ayuno pueden cambiar la historia - Obispado San Marcos de Arica\" \/>\n<meta property=\"og:description\" content=\"Este 2 de marzo, Mi\u00e9rcoles de Ceniza, el Santo Padre se\u00f1al\u00f3 en su homil\u00eda le\u00edda por el Cardenal Pietro Parolin, Secretario de Estado Vaticano, en la Bas\u00edlica de Santa Sabina de Roma que, \u201cla oraci\u00f3n, la caridad y el ayuno son las armas del esp\u00edritu, y es con ellas que, en esta jornada de oraci\u00f3n [...]\" \/>\n<meta property=\"og:url\" content=\"https:\/\/obispadoarica.cl\/home\/miercoles-de-ceniza-el-papa-la-oracion-caridad-y-ayuno-pueden-cambiar-la-historia\/\" \/>\n<meta property=\"og:site_name\" content=\"Obispado San Marcos de Arica\" \/>\n<meta property=\"article:published_time\" content=\"2022-03-03T06:05:23+00:00\" \/>\n<meta property=\"article:modified_time\" content=\"2025-03-09T00:54:41+00:00\" \/>\n<meta property=\"og:image\" content=\"https:\/\/obispadoarica.cl\/home\/wp-content\/uploads\/2022\/03\/cq5dam.thumbnail.cropped.750.422.jpeg\" \/>\n\t<meta property=\"og:image:width\" content=\"750\" \/>\n\t<meta property=\"og:image:height\" content=\"422\" \/>\n\t<meta property=\"og:image:type\" content=\"image\/jpeg\" \/>\n<meta name=\"author\" content=\"Obispado de Arica\" \/>\n<meta name=\"twitter:card\" content=\"summary_large_image\" \/>\n<meta name=\"twitter:label1\" content=\"Escrito por\" \/>\n\t<meta name=\"twitter:data1\" content=\"Obispado de Arica\" \/>\n\t<meta name=\"twitter:label2\" content=\"Tiempo de lectura\" \/>\n\t<meta name=\"twitter:data2\" content=\"8 minutos\" \/>\n<script type=\"application\/ld+json\" class=\"yoast-schema-graph\">{\"@context\":\"https:\/\/schema.org\",\"@graph\":[{\"@type\":\"WebPage\",\"@id\":\"https:\/\/obispadoarica.cl\/home\/miercoles-de-ceniza-el-papa-la-oracion-caridad-y-ayuno-pueden-cambiar-la-historia\/\",\"url\":\"https:\/\/obispadoarica.cl\/home\/miercoles-de-ceniza-el-papa-la-oracion-caridad-y-ayuno-pueden-cambiar-la-historia\/\",\"name\":\"Mi\u00e9rcoles de Ceniza. El Papa: La oraci\u00f3n, caridad y ayuno pueden cambiar la historia - Obispado San Marcos de Arica\",\"isPartOf\":{\"@id\":\"https:\/\/obispadoarica.cl\/home\/#website\"},\"primaryImageOfPage\":{\"@id\":\"https:\/\/obispadoarica.cl\/home\/miercoles-de-ceniza-el-papa-la-oracion-caridad-y-ayuno-pueden-cambiar-la-historia\/#primaryimage\"},\"image\":{\"@id\":\"https:\/\/obispadoarica.cl\/home\/miercoles-de-ceniza-el-papa-la-oracion-caridad-y-ayuno-pueden-cambiar-la-historia\/#primaryimage\"},\"thumbnailUrl\":\"https:\/\/obispadoarica.cl\/home\/wp-content\/uploads\/2022\/03\/cq5dam.thumbnail.cropped.750.422.jpeg\",\"datePublished\":\"2022-03-03T06:05:23+00:00\",\"dateModified\":\"2025-03-09T00:54:41+00:00\",\"author\":{\"@id\":\"https:\/\/obispadoarica.cl\/home\/#\/schema\/person\/1a8f4c2a3418412187dff039ecf9d97e\"},\"breadcrumb\":{\"@id\":\"https:\/\/obispadoarica.cl\/home\/miercoles-de-ceniza-el-papa-la-oracion-caridad-y-ayuno-pueden-cambiar-la-historia\/#breadcrumb\"},\"inLanguage\":\"es\",\"potentialAction\":[{\"@type\":\"ReadAction\",\"target\":[\"https:\/\/obispadoarica.cl\/home\/miercoles-de-ceniza-el-papa-la-oracion-caridad-y-ayuno-pueden-cambiar-la-historia\/\"]}]},{\"@type\":\"ImageObject\",\"inLanguage\":\"es\",\"@id\":\"https:\/\/obispadoarica.cl\/home\/miercoles-de-ceniza-el-papa-la-oracion-caridad-y-ayuno-pueden-cambiar-la-historia\/#primaryimage\",\"url\":\"https:\/\/obispadoarica.cl\/home\/wp-content\/uploads\/2022\/03\/cq5dam.thumbnail.cropped.750.422.jpeg\",\"contentUrl\":\"https:\/\/obispadoarica.cl\/home\/wp-content\/uploads\/2022\/03\/cq5dam.thumbnail.cropped.750.422.jpeg\",\"width\":750,\"height\":422},{\"@type\":\"BreadcrumbList\",\"@id\":\"https:\/\/obispadoarica.cl\/home\/miercoles-de-ceniza-el-papa-la-oracion-caridad-y-ayuno-pueden-cambiar-la-historia\/#breadcrumb\",\"itemListElement\":[{\"@type\":\"ListItem\",\"position\":1,\"name\":\"Portada\",\"item\":\"https:\/\/obispadoarica.cl\/home\/\"},{\"@type\":\"ListItem\",\"position\":2,\"name\":\"Mi\u00e9rcoles de Ceniza. El Papa: La oraci\u00f3n, caridad y ayuno pueden cambiar la historia\"}]},{\"@type\":\"WebSite\",\"@id\":\"https:\/\/obispadoarica.cl\/home\/#website\",\"url\":\"https:\/\/obispadoarica.cl\/home\/\",\"name\":\"Obispado San Marcos de Arica\",\"description\":\"Di\u00f3cesis San Marcos de Arica\",\"potentialAction\":[{\"@type\":\"SearchAction\",\"target\":{\"@type\":\"EntryPoint\",\"urlTemplate\":\"https:\/\/obispadoarica.cl\/home\/?s={search_term_string}\"},\"query-input\":{\"@type\":\"PropertyValueSpecification\",\"valueRequired\":true,\"valueName\":\"search_term_string\"}}],\"inLanguage\":\"es\"},{\"@type\":\"Person\",\"@id\":\"https:\/\/obispadoarica.cl\/home\/#\/schema\/person\/1a8f4c2a3418412187dff039ecf9d97e\",\"name\":\"Obispado de Arica\",\"image\":{\"@type\":\"ImageObject\",\"inLanguage\":\"es\",\"@id\":\"https:\/\/obispadoarica.cl\/home\/#\/schema\/person\/image\/\",\"url\":\"https:\/\/secure.gravatar.com\/avatar\/c75d5ceafb11502016ed664658884b0b1b183fa6f96260878f47ac58f950c8d9?s=96&d=mm&r=g\",\"contentUrl\":\"https:\/\/secure.gravatar.com\/avatar\/c75d5ceafb11502016ed664658884b0b1b183fa6f96260878f47ac58f950c8d9?s=96&d=mm&r=g\",\"caption\":\"Obispado de Arica\"},\"url\":\"https:\/\/obispadoarica.cl\/home\/author\/c1300590\/\"}]}<\/script>\n<!-- \/ Yoast SEO plugin. -->","yoast_head_json":{"title":"Mi\u00e9rcoles de Ceniza. El Papa: La oraci\u00f3n, caridad y ayuno pueden cambiar la historia - Obispado San Marcos de Arica","robots":{"index":"index","follow":"follow","max-snippet":"max-snippet:-1","max-image-preview":"max-image-preview:large","max-video-preview":"max-video-preview:-1"},"canonical":"https:\/\/obispadoarica.cl\/home\/miercoles-de-ceniza-el-papa-la-oracion-caridad-y-ayuno-pueden-cambiar-la-historia\/","og_locale":"es_ES","og_type":"article","og_title":"Mi\u00e9rcoles de Ceniza. El Papa: La oraci\u00f3n, caridad y ayuno pueden cambiar la historia - Obispado San Marcos de Arica","og_description":"Este 2 de marzo, Mi\u00e9rcoles de Ceniza, el Santo Padre se\u00f1al\u00f3 en su homil\u00eda le\u00edda por el Cardenal Pietro Parolin, Secretario de Estado Vaticano, en la Bas\u00edlica de Santa Sabina de Roma que, \u201cla oraci\u00f3n, la caridad y el ayuno son las armas del esp\u00edritu, y es con ellas que, en esta jornada de oraci\u00f3n [...]","og_url":"https:\/\/obispadoarica.cl\/home\/miercoles-de-ceniza-el-papa-la-oracion-caridad-y-ayuno-pueden-cambiar-la-historia\/","og_site_name":"Obispado San Marcos de Arica","article_published_time":"2022-03-03T06:05:23+00:00","article_modified_time":"2025-03-09T00:54:41+00:00","og_image":[{"width":750,"height":422,"url":"https:\/\/obispadoarica.cl\/home\/wp-content\/uploads\/2022\/03\/cq5dam.thumbnail.cropped.750.422.jpeg","type":"image\/jpeg"}],"author":"Obispado de Arica","twitter_card":"summary_large_image","twitter_misc":{"Escrito por":"Obispado de Arica","Tiempo de lectura":"8 minutos"},"schema":{"@context":"https:\/\/schema.org","@graph":[{"@type":"WebPage","@id":"https:\/\/obispadoarica.cl\/home\/miercoles-de-ceniza-el-papa-la-oracion-caridad-y-ayuno-pueden-cambiar-la-historia\/","url":"https:\/\/obispadoarica.cl\/home\/miercoles-de-ceniza-el-papa-la-oracion-caridad-y-ayuno-pueden-cambiar-la-historia\/","name":"Mi\u00e9rcoles de Ceniza. El Papa: La oraci\u00f3n, caridad y ayuno pueden cambiar la historia - Obispado San Marcos de Arica","isPartOf":{"@id":"https:\/\/obispadoarica.cl\/home\/#website"},"primaryImageOfPage":{"@id":"https:\/\/obispadoarica.cl\/home\/miercoles-de-ceniza-el-papa-la-oracion-caridad-y-ayuno-pueden-cambiar-la-historia\/#primaryimage"},"image":{"@id":"https:\/\/obispadoarica.cl\/home\/miercoles-de-ceniza-el-papa-la-oracion-caridad-y-ayuno-pueden-cambiar-la-historia\/#primaryimage"},"thumbnailUrl":"https:\/\/obispadoarica.cl\/home\/wp-content\/uploads\/2022\/03\/cq5dam.thumbnail.cropped.750.422.jpeg","datePublished":"2022-03-03T06:05:23+00:00","dateModified":"2025-03-09T00:54:41+00:00","author":{"@id":"https:\/\/obispadoarica.cl\/home\/#\/schema\/person\/1a8f4c2a3418412187dff039ecf9d97e"},"breadcrumb":{"@id":"https:\/\/obispadoarica.cl\/home\/miercoles-de-ceniza-el-papa-la-oracion-caridad-y-ayuno-pueden-cambiar-la-historia\/#breadcrumb"},"inLanguage":"es","potentialAction":[{"@type":"ReadAction","target":["https:\/\/obispadoarica.cl\/home\/miercoles-de-ceniza-el-papa-la-oracion-caridad-y-ayuno-pueden-cambiar-la-historia\/"]}]},{"@type":"ImageObject","inLanguage":"es","@id":"https:\/\/obispadoarica.cl\/home\/miercoles-de-ceniza-el-papa-la-oracion-caridad-y-ayuno-pueden-cambiar-la-historia\/#primaryimage","url":"https:\/\/obispadoarica.cl\/home\/wp-content\/uploads\/2022\/03\/cq5dam.thumbnail.cropped.750.422.jpeg","contentUrl":"https:\/\/obispadoarica.cl\/home\/wp-content\/uploads\/2022\/03\/cq5dam.thumbnail.cropped.750.422.jpeg","width":750,"height":422},{"@type":"BreadcrumbList","@id":"https:\/\/obispadoarica.cl\/home\/miercoles-de-ceniza-el-papa-la-oracion-caridad-y-ayuno-pueden-cambiar-la-historia\/#breadcrumb","itemListElement":[{"@type":"ListItem","position":1,"name":"Portada","item":"https:\/\/obispadoarica.cl\/home\/"},{"@type":"ListItem","position":2,"name":"Mi\u00e9rcoles de Ceniza. El Papa: La oraci\u00f3n, caridad y ayuno pueden cambiar la historia"}]},{"@type":"WebSite","@id":"https:\/\/obispadoarica.cl\/home\/#website","url":"https:\/\/obispadoarica.cl\/home\/","name":"Obispado San Marcos de Arica","description":"Di\u00f3cesis San Marcos de Arica","potentialAction":[{"@type":"SearchAction","target":{"@type":"EntryPoint","urlTemplate":"https:\/\/obispadoarica.cl\/home\/?s={search_term_string}"},"query-input":{"@type":"PropertyValueSpecification","valueRequired":true,"valueName":"search_term_string"}}],"inLanguage":"es"},{"@type":"Person","@id":"https:\/\/obispadoarica.cl\/home\/#\/schema\/person\/1a8f4c2a3418412187dff039ecf9d97e","name":"Obispado de Arica","image":{"@type":"ImageObject","inLanguage":"es","@id":"https:\/\/obispadoarica.cl\/home\/#\/schema\/person\/image\/","url":"https:\/\/secure.gravatar.com\/avatar\/c75d5ceafb11502016ed664658884b0b1b183fa6f96260878f47ac58f950c8d9?s=96&d=mm&r=g","contentUrl":"https:\/\/secure.gravatar.com\/avatar\/c75d5ceafb11502016ed664658884b0b1b183fa6f96260878f47ac58f950c8d9?s=96&d=mm&r=g","caption":"Obispado de Arica"},"url":"https:\/\/obispadoarica.cl\/home\/author\/c1300590\/"}]}},"_links":{"self":[{"href":"https:\/\/obispadoarica.cl\/home\/wp-json\/wp\/v2\/posts\/190","targetHints":{"allow":["GET"]}}],"collection":[{"href":"https:\/\/obispadoarica.cl\/home\/wp-json\/wp\/v2\/posts"}],"about":[{"href":"https:\/\/obispadoarica.cl\/home\/wp-json\/wp\/v2\/types\/post"}],"author":[{"embeddable":true,"href":"https:\/\/obispadoarica.cl\/home\/wp-json\/wp\/v2\/users\/2"}],"replies":[{"embeddable":true,"href":"https:\/\/obispadoarica.cl\/home\/wp-json\/wp\/v2\/comments?post=190"}],"version-history":[{"count":1,"href":"https:\/\/obispadoarica.cl\/home\/wp-json\/wp\/v2\/posts\/190\/revisions"}],"predecessor-version":[{"id":192,"href":"https:\/\/obispadoarica.cl\/home\/wp-json\/wp\/v2\/posts\/190\/revisions\/192"}],"wp:featuredmedia":[{"embeddable":true,"href":"https:\/\/obispadoarica.cl\/home\/wp-json\/wp\/v2\/media\/191"}],"wp:attachment":[{"href":"https:\/\/obispadoarica.cl\/home\/wp-json\/wp\/v2\/media?parent=190"}],"wp:term":[{"taxonomy":"category","embeddable":true,"href":"https:\/\/obispadoarica.cl\/home\/wp-json\/wp\/v2\/categories?post=190"},{"taxonomy":"post_tag","embeddable":true,"href":"https:\/\/obispadoarica.cl\/home\/wp-json\/wp\/v2\/tags?post=190"}],"curies":[{"name":"wp","href":"https:\/\/api.w.org\/{rel}","templated":true}]}}