{"id":2032,"date":"2023-10-18T15:56:42","date_gmt":"2023-10-18T19:56:42","guid":{"rendered":"https:\/\/obispadoarica.cl\/home\/?p=2032"},"modified":"2025-03-08T20:50:02","modified_gmt":"2025-03-09T00:50:02","slug":"invitacion-a-encuentro-de-oracion-por-la-paz","status":"publish","type":"post","link":"https:\/\/obispadoarica.cl\/home\/invitacion-a-encuentro-de-oracion-por-la-paz\/","title":{"rendered":"Invitaci\u00f3n a encuentro de oraci\u00f3n por la Paz"},"content":{"rendered":"\n\n\n<hr class=\"wp-block-separator has-alpha-channel-opacity\"\/>\n\n\n\n<p>Queridos Sacerdotes, Di\u00e1conos, Religiosas, Hermanos\/ as<\/p>\n\n\n\n<p>Con motivo de los lamentables y dolorosos acontecimientos que est\u00e1n viviendo hermanos<br>nuestros, producto de los hechos de Guerra por todos conocidos y los reiterados llamados de nuestro pastor, el Papa Francisco, a \u201cOrar fervientemente por la Paz\u201d, es que como Iglesia<br>Diocesana hemos organizado un \u00abEncuentro de Oraci\u00f3n\u201d, este pr\u00f3ximo viernes 03 de noviembre<\/p>\n\n\n\n<p>Desde las 19.00 hrs. hasta el s\u00e1bado 04 a las 12.00 hrs. en la Catedral San Marcos de nuestra<br>ciudad.<\/p>\n\n\n\n<p>Una vez finalizada esta Oraci\u00f3n por la Paz, como Iglesia Cat\u00f3lica, nos trasladaremos en procesi\u00f3n,<br>hasta la Plaza Col\u00f3n, para el \u00abActo de Clausura\u201d con la participaci\u00f3n de Invitados y otros Credos<br>Religiosos no cat\u00f3licos.<\/p>\n\n\n\n<p>Considerando lo anterior, es muy importante el reunirnos como un solo cuerpo, por lo que les<br>invito a Organizarnos como Comunidades Parroquiales, Capillas y Movimientos, a fin de participar<br>activamente en este encuentro comunitario.<\/p>\n\n\n\n<p>A f\u00edn de coordinar lo anterior, nos reuniremos este jueves 19 de octubre a las 18.30 hrs. en las<br>dependencias de nuestra Radio Montecarmelo, ubicada en calle Gallo n\u00bb. 390 (entre 21 de Mayo y<br>Sotomayor), por lo que les solicito la presencia de a lo menos un representante de su comunidad<br>educativa.<\/p>\n\n\n\n<p>Para m\u00e1s informaci\u00f3n y\/o inscribir su participaci\u00f3n, comunicarse con Juan Carlos Basay G. al<br>tel\u00e9fono +56 9 89004869 o al tel\u00e9fono de la Radio n\u00famero 58-2251786.<\/p>\n\n\n\n<hr class=\"wp-block-separator has-alpha-channel-opacity\"\/>\n\n\n<div class=\"_df_book df-lite\" id=\"df_2034\"  _slug=\"carta-invitacion-a-la-paz\" data-title=\"carta-invitacion-a-la-paz\" wpoptions=\"true\" thumbtype=\"\" ><\/div><script class=\"df-shortcode-script\" nowprocket type=\"application\/javascript\">window.option_df_2034 = {\"outline\":[],\"autoEnableOutline\":\"false\",\"autoEnableThumbnail\":\"false\",\"overwritePDFOutline\":\"false\",\"direction\":\"1\",\"pageSize\":\"0\",\"source\":\"https:\\\/\\\/obispadoarica.cl\\\/home\\\/wp-content\\\/uploads\\\/2023\\\/10\\\/Carta-Invitacion-encuentro-de-Oracion-por-la-paz-a-Consagrados.pdf\",\"wpOptions\":\"true\"}; if(window.DFLIP && window.DFLIP.parseBooks){window.DFLIP.parseBooks();}<\/script>\n","protected":false},"excerpt":{"rendered":"<p>Queridos Sacerdotes, Di\u00e1conos, Religiosas, Hermanos\/ as Con motivo de los lamentables y dolorosos acontecimientos que est\u00e1n viviendo hermanosnuestros, producto de los hechos de Guerra por todos conocidos y los reiterados llamados de nuestro pastor, el Papa Francisco, a \u201cOrar fervientemente por la Paz\u201d, es que como IglesiaDiocesana hemos organizado un \u00abEncuentro de Oraci\u00f3n\u201d, este pr\u00f3ximo [&#8230;]\n","protected":false},"author":2,"featured_media":2038,"comment_status":"closed","ping_status":"open","sticky":false,"template":"","format":"standard","meta":{"footnotes":""},"categories":[7],"tags":[],"class_list":["post-2032","post","type-post","status-publish","format-standard","has-post-thumbnail","hentry","category-noticias"],"yoast_head":"<!-- This site is optimized with the Yoast SEO plugin v24.6 - https:\/\/yoast.com\/wordpress\/plugins\/seo\/ -->\n<title>Invitaci\u00f3n a encuentro de oraci\u00f3n por la Paz - Obispado San Marcos de Arica<\/title>\n<meta name=\"robots\" content=\"index, follow, max-snippet:-1, max-image-preview:large, max-video-preview:-1\" \/>\n<link rel=\"canonical\" href=\"https:\/\/obispadoarica.cl\/home\/invitacion-a-encuentro-de-oracion-por-la-paz\/\" \/>\n<meta property=\"og:locale\" content=\"es_ES\" \/>\n<meta property=\"og:type\" content=\"article\" \/>\n<meta property=\"og:title\" content=\"Invitaci\u00f3n a encuentro de oraci\u00f3n por la Paz - Obispado San Marcos de Arica\" \/>\n<meta property=\"og:description\" content=\"Queridos Sacerdotes, Di\u00e1conos, Religiosas, Hermanos\/ as Con motivo de los lamentables y dolorosos acontecimientos que est\u00e1n viviendo hermanosnuestros, producto de los hechos de Guerra por todos conocidos y los reiterados llamados de nuestro pastor, el Papa Francisco, a \u201cOrar fervientemente por la Paz\u201d, es que como IglesiaDiocesana hemos organizado un \u00abEncuentro de Oraci\u00f3n\u201d, este pr\u00f3ximo [...]\" \/>\n<meta property=\"og:url\" content=\"https:\/\/obispadoarica.cl\/home\/invitacion-a-encuentro-de-oracion-por-la-paz\/\" \/>\n<meta property=\"og:site_name\" content=\"Obispado San Marcos de Arica\" \/>\n<meta property=\"article:published_time\" content=\"2023-10-18T19:56:42+00:00\" \/>\n<meta property=\"article:modified_time\" content=\"2025-03-09T00:50:02+00:00\" \/>\n<meta property=\"og:image\" content=\"https:\/\/obispadoarica.cl\/home\/wp-content\/uploads\/2023\/10\/paz.jpg\" \/>\n\t<meta property=\"og:image:width\" content=\"850\" \/>\n\t<meta property=\"og:image:height\" content=\"310\" \/>\n\t<meta property=\"og:image:type\" content=\"image\/jpeg\" \/>\n<meta name=\"author\" content=\"Obispado de Arica\" \/>\n<meta name=\"twitter:card\" content=\"summary_large_image\" \/>\n<meta name=\"twitter:label1\" content=\"Escrito por\" \/>\n\t<meta name=\"twitter:data1\" content=\"Obispado de Arica\" \/>\n\t<meta name=\"twitter:label2\" content=\"Tiempo de lectura\" \/>\n\t<meta name=\"twitter:data2\" content=\"2 minutos\" \/>\n<script type=\"application\/ld+json\" class=\"yoast-schema-graph\">{\"@context\":\"https:\/\/schema.org\",\"@graph\":[{\"@type\":\"WebPage\",\"@id\":\"https:\/\/obispadoarica.cl\/home\/invitacion-a-encuentro-de-oracion-por-la-paz\/\",\"url\":\"https:\/\/obispadoarica.cl\/home\/invitacion-a-encuentro-de-oracion-por-la-paz\/\",\"name\":\"Invitaci\u00f3n a encuentro de oraci\u00f3n por la Paz - Obispado San Marcos de Arica\",\"isPartOf\":{\"@id\":\"https:\/\/obispadoarica.cl\/home\/#website\"},\"primaryImageOfPage\":{\"@id\":\"https:\/\/obispadoarica.cl\/home\/invitacion-a-encuentro-de-oracion-por-la-paz\/#primaryimage\"},\"image\":{\"@id\":\"https:\/\/obispadoarica.cl\/home\/invitacion-a-encuentro-de-oracion-por-la-paz\/#primaryimage\"},\"thumbnailUrl\":\"https:\/\/obispadoarica.cl\/home\/wp-content\/uploads\/2023\/10\/paz.jpg\",\"datePublished\":\"2023-10-18T19:56:42+00:00\",\"dateModified\":\"2025-03-09T00:50:02+00:00\",\"author\":{\"@id\":\"https:\/\/obispadoarica.cl\/home\/#\/schema\/person\/1a8f4c2a3418412187dff039ecf9d97e\"},\"breadcrumb\":{\"@id\":\"https:\/\/obispadoarica.cl\/home\/invitacion-a-encuentro-de-oracion-por-la-paz\/#breadcrumb\"},\"inLanguage\":\"es\",\"potentialAction\":[{\"@type\":\"ReadAction\",\"target\":[\"https:\/\/obispadoarica.cl\/home\/invitacion-a-encuentro-de-oracion-por-la-paz\/\"]}]},{\"@type\":\"ImageObject\",\"inLanguage\":\"es\",\"@id\":\"https:\/\/obispadoarica.cl\/home\/invitacion-a-encuentro-de-oracion-por-la-paz\/#primaryimage\",\"url\":\"https:\/\/obispadoarica.cl\/home\/wp-content\/uploads\/2023\/10\/paz.jpg\",\"contentUrl\":\"https:\/\/obispadoarica.cl\/home\/wp-content\/uploads\/2023\/10\/paz.jpg\",\"width\":850,\"height\":310},{\"@type\":\"BreadcrumbList\",\"@id\":\"https:\/\/obispadoarica.cl\/home\/invitacion-a-encuentro-de-oracion-por-la-paz\/#breadcrumb\",\"itemListElement\":[{\"@type\":\"ListItem\",\"position\":1,\"name\":\"Portada\",\"item\":\"https:\/\/obispadoarica.cl\/home\/\"},{\"@type\":\"ListItem\",\"position\":2,\"name\":\"Invitaci\u00f3n a encuentro de oraci\u00f3n por la Paz\"}]},{\"@type\":\"WebSite\",\"@id\":\"https:\/\/obispadoarica.cl\/home\/#website\",\"url\":\"https:\/\/obispadoarica.cl\/home\/\",\"name\":\"Obispado San Marcos de Arica\",\"description\":\"Di\u00f3cesis San Marcos de Arica\",\"potentialAction\":[{\"@type\":\"SearchAction\",\"target\":{\"@type\":\"EntryPoint\",\"urlTemplate\":\"https:\/\/obispadoarica.cl\/home\/?s={search_term_string}\"},\"query-input\":{\"@type\":\"PropertyValueSpecification\",\"valueRequired\":true,\"valueName\":\"search_term_string\"}}],\"inLanguage\":\"es\"},{\"@type\":\"Person\",\"@id\":\"https:\/\/obispadoarica.cl\/home\/#\/schema\/person\/1a8f4c2a3418412187dff039ecf9d97e\",\"name\":\"Obispado de Arica\",\"image\":{\"@type\":\"ImageObject\",\"inLanguage\":\"es\",\"@id\":\"https:\/\/obispadoarica.cl\/home\/#\/schema\/person\/image\/\",\"url\":\"https:\/\/secure.gravatar.com\/avatar\/c75d5ceafb11502016ed664658884b0b1b183fa6f96260878f47ac58f950c8d9?s=96&d=mm&r=g\",\"contentUrl\":\"https:\/\/secure.gravatar.com\/avatar\/c75d5ceafb11502016ed664658884b0b1b183fa6f96260878f47ac58f950c8d9?s=96&d=mm&r=g\",\"caption\":\"Obispado de Arica\"},\"url\":\"https:\/\/obispadoarica.cl\/home\/author\/c1300590\/\"}]}<\/script>\n<!-- \/ Yoast SEO plugin. -->","yoast_head_json":{"title":"Invitaci\u00f3n a encuentro de oraci\u00f3n por la Paz - Obispado San Marcos de Arica","robots":{"index":"index","follow":"follow","max-snippet":"max-snippet:-1","max-image-preview":"max-image-preview:large","max-video-preview":"max-video-preview:-1"},"canonical":"https:\/\/obispadoarica.cl\/home\/invitacion-a-encuentro-de-oracion-por-la-paz\/","og_locale":"es_ES","og_type":"article","og_title":"Invitaci\u00f3n a encuentro de oraci\u00f3n por la Paz - Obispado San Marcos de Arica","og_description":"Queridos Sacerdotes, Di\u00e1conos, Religiosas, Hermanos\/ as Con motivo de los lamentables y dolorosos acontecimientos que est\u00e1n viviendo hermanosnuestros, producto de los hechos de Guerra por todos conocidos y los reiterados llamados de nuestro pastor, el Papa Francisco, a \u201cOrar fervientemente por la Paz\u201d, es que como IglesiaDiocesana hemos organizado un \u00abEncuentro de Oraci\u00f3n\u201d, este pr\u00f3ximo [...]","og_url":"https:\/\/obispadoarica.cl\/home\/invitacion-a-encuentro-de-oracion-por-la-paz\/","og_site_name":"Obispado San Marcos de Arica","article_published_time":"2023-10-18T19:56:42+00:00","article_modified_time":"2025-03-09T00:50:02+00:00","og_image":[{"width":850,"height":310,"url":"https:\/\/obispadoarica.cl\/home\/wp-content\/uploads\/2023\/10\/paz.jpg","type":"image\/jpeg"}],"author":"Obispado de Arica","twitter_card":"summary_large_image","twitter_misc":{"Escrito por":"Obispado de Arica","Tiempo de lectura":"2 minutos"},"schema":{"@context":"https:\/\/schema.org","@graph":[{"@type":"WebPage","@id":"https:\/\/obispadoarica.cl\/home\/invitacion-a-encuentro-de-oracion-por-la-paz\/","url":"https:\/\/obispadoarica.cl\/home\/invitacion-a-encuentro-de-oracion-por-la-paz\/","name":"Invitaci\u00f3n a encuentro de oraci\u00f3n por la Paz - Obispado San Marcos de Arica","isPartOf":{"@id":"https:\/\/obispadoarica.cl\/home\/#website"},"primaryImageOfPage":{"@id":"https:\/\/obispadoarica.cl\/home\/invitacion-a-encuentro-de-oracion-por-la-paz\/#primaryimage"},"image":{"@id":"https:\/\/obispadoarica.cl\/home\/invitacion-a-encuentro-de-oracion-por-la-paz\/#primaryimage"},"thumbnailUrl":"https:\/\/obispadoarica.cl\/home\/wp-content\/uploads\/2023\/10\/paz.jpg","datePublished":"2023-10-18T19:56:42+00:00","dateModified":"2025-03-09T00:50:02+00:00","author":{"@id":"https:\/\/obispadoarica.cl\/home\/#\/schema\/person\/1a8f4c2a3418412187dff039ecf9d97e"},"breadcrumb":{"@id":"https:\/\/obispadoarica.cl\/home\/invitacion-a-encuentro-de-oracion-por-la-paz\/#breadcrumb"},"inLanguage":"es","potentialAction":[{"@type":"ReadAction","target":["https:\/\/obispadoarica.cl\/home\/invitacion-a-encuentro-de-oracion-por-la-paz\/"]}]},{"@type":"ImageObject","inLanguage":"es","@id":"https:\/\/obispadoarica.cl\/home\/invitacion-a-encuentro-de-oracion-por-la-paz\/#primaryimage","url":"https:\/\/obispadoarica.cl\/home\/wp-content\/uploads\/2023\/10\/paz.jpg","contentUrl":"https:\/\/obispadoarica.cl\/home\/wp-content\/uploads\/2023\/10\/paz.jpg","width":850,"height":310},{"@type":"BreadcrumbList","@id":"https:\/\/obispadoarica.cl\/home\/invitacion-a-encuentro-de-oracion-por-la-paz\/#breadcrumb","itemListElement":[{"@type":"ListItem","position":1,"name":"Portada","item":"https:\/\/obispadoarica.cl\/home\/"},{"@type":"ListItem","position":2,"name":"Invitaci\u00f3n a encuentro de oraci\u00f3n por la Paz"}]},{"@type":"WebSite","@id":"https:\/\/obispadoarica.cl\/home\/#website","url":"https:\/\/obispadoarica.cl\/home\/","name":"Obispado San Marcos de Arica","description":"Di\u00f3cesis San Marcos de Arica","potentialAction":[{"@type":"SearchAction","target":{"@type":"EntryPoint","urlTemplate":"https:\/\/obispadoarica.cl\/home\/?s={search_term_string}"},"query-input":{"@type":"PropertyValueSpecification","valueRequired":true,"valueName":"search_term_string"}}],"inLanguage":"es"},{"@type":"Person","@id":"https:\/\/obispadoarica.cl\/home\/#\/schema\/person\/1a8f4c2a3418412187dff039ecf9d97e","name":"Obispado de Arica","image":{"@type":"ImageObject","inLanguage":"es","@id":"https:\/\/obispadoarica.cl\/home\/#\/schema\/person\/image\/","url":"https:\/\/secure.gravatar.com\/avatar\/c75d5ceafb11502016ed664658884b0b1b183fa6f96260878f47ac58f950c8d9?s=96&d=mm&r=g","contentUrl":"https:\/\/secure.gravatar.com\/avatar\/c75d5ceafb11502016ed664658884b0b1b183fa6f96260878f47ac58f950c8d9?s=96&d=mm&r=g","caption":"Obispado de Arica"},"url":"https:\/\/obispadoarica.cl\/home\/author\/c1300590\/"}]}},"_links":{"self":[{"href":"https:\/\/obispadoarica.cl\/home\/wp-json\/wp\/v2\/posts\/2032","targetHints":{"allow":["GET"]}}],"collection":[{"href":"https:\/\/obispadoarica.cl\/home\/wp-json\/wp\/v2\/posts"}],"about":[{"href":"https:\/\/obispadoarica.cl\/home\/wp-json\/wp\/v2\/types\/post"}],"author":[{"embeddable":true,"href":"https:\/\/obispadoarica.cl\/home\/wp-json\/wp\/v2\/users\/2"}],"replies":[{"embeddable":true,"href":"https:\/\/obispadoarica.cl\/home\/wp-json\/wp\/v2\/comments?post=2032"}],"version-history":[{"count":2,"href":"https:\/\/obispadoarica.cl\/home\/wp-json\/wp\/v2\/posts\/2032\/revisions"}],"predecessor-version":[{"id":2039,"href":"https:\/\/obispadoarica.cl\/home\/wp-json\/wp\/v2\/posts\/2032\/revisions\/2039"}],"wp:featuredmedia":[{"embeddable":true,"href":"https:\/\/obispadoarica.cl\/home\/wp-json\/wp\/v2\/media\/2038"}],"wp:attachment":[{"href":"https:\/\/obispadoarica.cl\/home\/wp-json\/wp\/v2\/media?parent=2032"}],"wp:term":[{"taxonomy":"category","embeddable":true,"href":"https:\/\/obispadoarica.cl\/home\/wp-json\/wp\/v2\/categories?post=2032"},{"taxonomy":"post_tag","embeddable":true,"href":"https:\/\/obispadoarica.cl\/home\/wp-json\/wp\/v2\/tags?post=2032"}],"curies":[{"name":"wp","href":"https:\/\/api.w.org\/{rel}","templated":true}]}}