{"id":2040,"date":"2023-10-22T18:05:19","date_gmt":"2023-10-22T22:05:19","guid":{"rendered":"https:\/\/obispadoarica.cl\/home\/?p=2040"},"modified":"2025-03-08T20:50:02","modified_gmt":"2025-03-09T00:50:02","slug":"domingo-universal-de-misiones-2023-corazones-fervientes-pies-en-camino","status":"publish","type":"post","link":"https:\/\/obispadoarica.cl\/home\/domingo-universal-de-misiones-2023-corazones-fervientes-pies-en-camino\/","title":{"rendered":"Domingo Universal de Misiones 2023: \u00abCorazones fervientes, pies en camino\u00bb"},"content":{"rendered":"\n\n\n<p><em>Este 22 de octubre se celebrar\u00e1 el Domingo Universal de Misiones (DUM). Como otros a\u00f1os, ese d\u00eda se realizar\u00e1 la colecta destinada a las misiones. El aporte generoso de cada comunidad, ser\u00e1 de mucha utilidad para las comunidades en tierras de misi\u00f3n en diversas partes del mundo.<\/em><\/p>\n\n\n\n<hr class=\"wp-block-separator has-alpha-channel-opacity\"\/>\n\n\n\n<p><strong>\u201cCorazones fervientes, pies en camino\u201d<\/strong><\/p>\n\n\n\n<p>Desde la Direcci\u00f3n Nacional de las Obras Misionales Pontificias y Episcopales, me dirijo a ustedes con mucha alegr\u00eda para expresarles mis cordiales saludos de gratitud por su comprometido servicio en la animaci\u00f3n pastoral y misionera en sus respectivas comunidades.<\/p>\n\n\n\n<p>El Papa Francisco, nos dice: \u201cDespu\u00e9s de haber escuchado a los dos disc\u00edpulos en el camino de Ema\u00fas, Jes\u00fas resucitado (\u2026) les interpret\u00f3 en todas las Escrituras lo que se refer\u00eda a \u00c9l\u201d (Francisco. Mensaje DUM 2023). El Resucitado, a trav\u00e9s de la Palabra y la mesa compartida, renueva nuestro coraz\u00f3n y nos pone de nuevo en camino, para ser testigos de su resurrecci\u00f3n. De este hermoso texto inspirador, del Evangelio de Lucas, el Papa Francisco, nos regala el lema para el mes misionero de este a\u00f1o; \u201cCorazones fervientes, pies en camino\u201d.<\/p>\n\n\n\n<p>\u201cLa Iglesia peregrinante es misionera por su naturaleza\u2026\u201d (AG 2). La Iglesia, como comunidad de disc\u00edpulos de Cristo, no tiene otra misi\u00f3n, que testimoniar y anunciar a Cristo resucitado. Este a\u00f1o 2023, nuestro desaf\u00edo misionero est\u00e1 inserto en una comunidad multicultural, es ah\u00ed, donde tenemos que vivir nuestra fe y sentir la presencia de Cristo que camina a nuestro lado.<\/p>\n\n\n\n<p>Es mi deseo que este tiempo de gracia misionera, sea muy fecundo y ayude a nuestras comunidades a experimentar la presencia de Cristo, que camina a nuestro lado y a vivir la misi\u00f3n universal de la Iglesia, contribuyendo con mayor intensidad a trav\u00e9s de la Oraci\u00f3n y la Caridad.<\/p>\n\n\n\n<p>El pr\u00f3ximo 22 de octubre se celebrar\u00e1 el Domingo Universal de Misiones (DUM). Como otros a\u00f1os, ese d\u00eda se realizar\u00e1 la colecta destinada a las misiones. El aporte generoso de cada comunidad, ser\u00e1 de mucha utilidad para las comunidades en tierras de misi\u00f3n en diversas partes del mundo.<\/p>\n\n\n\n<p>Desde ya le agradezco infinitamente, en nombre del Santo Padre, su colaboraci\u00f3n en promover y animar en sus comunidades esta importante Colecta Pontificia de ayuda a la Iglesia Misionera. Todo aporte generoso que den sus comunidades, debe ser enviado a trav\u00e9s de la Curia Diocesana, la cual deber\u00e1&nbsp;<strong>depositar a nombre de Obras Misionales Pontificias Cuenta Corriente Banco BCI N\u00b0 29239176, Rut 70.287.263-4.<\/strong><\/p>\n\n\n\n<p><strong>+ JORGE PATRICIO VEGA V. svd<\/strong><br>Obispo de Valpara\u00edso<br>Director Nacional Obras Misionales Pontificias \u2013 Chile<\/p>\n\n\n\n<p>&#8211; M\u00e1s informaciones y materiales en&nbsp;<a href=\"http:\/\/www.omp.cl\/dum2023\" target=\"_blank\" rel=\"noreferrer noopener\">www.omp.cl\/dum2023<\/a><\/p>\n\n\n\n<p><strong>Fuentes:<\/strong><br><a href=\"http:\/\/www.omp.cl\/\" target=\"_blank\" rel=\"noreferrer noopener\">www.omp.cl<\/a><br><a href=\"https:\/\/iglesia.cl\/46406-domingo-universal-de-misiones-2023-corazones-fervientes-pies-en-camino.html\">https:\/\/iglesia.cl\/46406-domingo-universal-de-misiones-2023-corazones-fervientes-pies-en-camino.html<\/a><br><em>Arica, 22-10-2023<\/em><\/p>\n","protected":false},"excerpt":{"rendered":"<p>Este 22 de octubre se celebrar\u00e1 el Domingo Universal de Misiones (DUM). Como otros a\u00f1os, ese d\u00eda se realizar\u00e1 la colecta destinada a las misiones. El aporte generoso de cada comunidad, ser\u00e1 de mucha utilidad para las comunidades en tierras de misi\u00f3n en diversas partes del mundo. \u201cCorazones fervientes, pies en camino\u201d Desde la Direcci\u00f3n [&#8230;]\n","protected":false},"author":2,"featured_media":2041,"comment_status":"closed","ping_status":"open","sticky":false,"template":"","format":"standard","meta":{"footnotes":""},"categories":[7],"tags":[],"class_list":["post-2040","post","type-post","status-publish","format-standard","has-post-thumbnail","hentry","category-noticias"],"yoast_head":"<!-- This site is optimized with the Yoast SEO plugin v24.6 - https:\/\/yoast.com\/wordpress\/plugins\/seo\/ -->\n<title>Domingo Universal de Misiones 2023: \u00abCorazones fervientes, pies en camino\u00bb - Obispado San Marcos de Arica<\/title>\n<meta name=\"robots\" content=\"index, follow, max-snippet:-1, max-image-preview:large, max-video-preview:-1\" \/>\n<link rel=\"canonical\" href=\"https:\/\/obispadoarica.cl\/home\/domingo-universal-de-misiones-2023-corazones-fervientes-pies-en-camino\/\" \/>\n<meta property=\"og:locale\" content=\"es_ES\" \/>\n<meta property=\"og:type\" content=\"article\" \/>\n<meta property=\"og:title\" content=\"Domingo Universal de Misiones 2023: \u00abCorazones fervientes, pies en camino\u00bb - Obispado San Marcos de Arica\" \/>\n<meta property=\"og:description\" content=\"Este 22 de octubre se celebrar\u00e1 el Domingo Universal de Misiones (DUM). Como otros a\u00f1os, ese d\u00eda se realizar\u00e1 la colecta destinada a las misiones. El aporte generoso de cada comunidad, ser\u00e1 de mucha utilidad para las comunidades en tierras de misi\u00f3n en diversas partes del mundo. \u201cCorazones fervientes, pies en camino\u201d Desde la Direcci\u00f3n [...]\" \/>\n<meta property=\"og:url\" content=\"https:\/\/obispadoarica.cl\/home\/domingo-universal-de-misiones-2023-corazones-fervientes-pies-en-camino\/\" \/>\n<meta property=\"og:site_name\" content=\"Obispado San Marcos de Arica\" \/>\n<meta property=\"article:published_time\" content=\"2023-10-22T22:05:19+00:00\" \/>\n<meta property=\"article:modified_time\" content=\"2025-03-09T00:50:02+00:00\" \/>\n<meta property=\"og:image\" content=\"https:\/\/obispadoarica.cl\/home\/wp-content\/uploads\/2023\/10\/domingo-universal-de-misiones.png\" \/>\n\t<meta property=\"og:image:width\" content=\"682\" \/>\n\t<meta property=\"og:image:height\" content=\"1024\" \/>\n\t<meta property=\"og:image:type\" content=\"image\/png\" \/>\n<meta name=\"author\" content=\"Obispado de Arica\" \/>\n<meta name=\"twitter:card\" content=\"summary_large_image\" \/>\n<meta name=\"twitter:label1\" content=\"Escrito por\" \/>\n\t<meta name=\"twitter:data1\" content=\"Obispado de Arica\" \/>\n\t<meta name=\"twitter:label2\" content=\"Tiempo de lectura\" \/>\n\t<meta name=\"twitter:data2\" content=\"2 minutos\" \/>\n<script type=\"application\/ld+json\" class=\"yoast-schema-graph\">{\"@context\":\"https:\/\/schema.org\",\"@graph\":[{\"@type\":\"WebPage\",\"@id\":\"https:\/\/obispadoarica.cl\/home\/domingo-universal-de-misiones-2023-corazones-fervientes-pies-en-camino\/\",\"url\":\"https:\/\/obispadoarica.cl\/home\/domingo-universal-de-misiones-2023-corazones-fervientes-pies-en-camino\/\",\"name\":\"Domingo Universal de Misiones 2023: \u00abCorazones fervientes, pies en camino\u00bb - Obispado San Marcos de Arica\",\"isPartOf\":{\"@id\":\"https:\/\/obispadoarica.cl\/home\/#website\"},\"primaryImageOfPage\":{\"@id\":\"https:\/\/obispadoarica.cl\/home\/domingo-universal-de-misiones-2023-corazones-fervientes-pies-en-camino\/#primaryimage\"},\"image\":{\"@id\":\"https:\/\/obispadoarica.cl\/home\/domingo-universal-de-misiones-2023-corazones-fervientes-pies-en-camino\/#primaryimage\"},\"thumbnailUrl\":\"https:\/\/obispadoarica.cl\/home\/wp-content\/uploads\/2023\/10\/domingo-universal-de-misiones.png\",\"datePublished\":\"2023-10-22T22:05:19+00:00\",\"dateModified\":\"2025-03-09T00:50:02+00:00\",\"author\":{\"@id\":\"https:\/\/obispadoarica.cl\/home\/#\/schema\/person\/1a8f4c2a3418412187dff039ecf9d97e\"},\"breadcrumb\":{\"@id\":\"https:\/\/obispadoarica.cl\/home\/domingo-universal-de-misiones-2023-corazones-fervientes-pies-en-camino\/#breadcrumb\"},\"inLanguage\":\"es\",\"potentialAction\":[{\"@type\":\"ReadAction\",\"target\":[\"https:\/\/obispadoarica.cl\/home\/domingo-universal-de-misiones-2023-corazones-fervientes-pies-en-camino\/\"]}]},{\"@type\":\"ImageObject\",\"inLanguage\":\"es\",\"@id\":\"https:\/\/obispadoarica.cl\/home\/domingo-universal-de-misiones-2023-corazones-fervientes-pies-en-camino\/#primaryimage\",\"url\":\"https:\/\/obispadoarica.cl\/home\/wp-content\/uploads\/2023\/10\/domingo-universal-de-misiones.png\",\"contentUrl\":\"https:\/\/obispadoarica.cl\/home\/wp-content\/uploads\/2023\/10\/domingo-universal-de-misiones.png\",\"width\":682,\"height\":1024},{\"@type\":\"BreadcrumbList\",\"@id\":\"https:\/\/obispadoarica.cl\/home\/domingo-universal-de-misiones-2023-corazones-fervientes-pies-en-camino\/#breadcrumb\",\"itemListElement\":[{\"@type\":\"ListItem\",\"position\":1,\"name\":\"Portada\",\"item\":\"https:\/\/obispadoarica.cl\/home\/\"},{\"@type\":\"ListItem\",\"position\":2,\"name\":\"Domingo Universal de Misiones 2023: \u00abCorazones fervientes, pies en camino\u00bb\"}]},{\"@type\":\"WebSite\",\"@id\":\"https:\/\/obispadoarica.cl\/home\/#website\",\"url\":\"https:\/\/obispadoarica.cl\/home\/\",\"name\":\"Obispado San Marcos de Arica\",\"description\":\"Di\u00f3cesis San Marcos de Arica\",\"potentialAction\":[{\"@type\":\"SearchAction\",\"target\":{\"@type\":\"EntryPoint\",\"urlTemplate\":\"https:\/\/obispadoarica.cl\/home\/?s={search_term_string}\"},\"query-input\":{\"@type\":\"PropertyValueSpecification\",\"valueRequired\":true,\"valueName\":\"search_term_string\"}}],\"inLanguage\":\"es\"},{\"@type\":\"Person\",\"@id\":\"https:\/\/obispadoarica.cl\/home\/#\/schema\/person\/1a8f4c2a3418412187dff039ecf9d97e\",\"name\":\"Obispado de Arica\",\"image\":{\"@type\":\"ImageObject\",\"inLanguage\":\"es\",\"@id\":\"https:\/\/obispadoarica.cl\/home\/#\/schema\/person\/image\/\",\"url\":\"https:\/\/secure.gravatar.com\/avatar\/c75d5ceafb11502016ed664658884b0b1b183fa6f96260878f47ac58f950c8d9?s=96&d=mm&r=g\",\"contentUrl\":\"https:\/\/secure.gravatar.com\/avatar\/c75d5ceafb11502016ed664658884b0b1b183fa6f96260878f47ac58f950c8d9?s=96&d=mm&r=g\",\"caption\":\"Obispado de Arica\"},\"url\":\"https:\/\/obispadoarica.cl\/home\/author\/c1300590\/\"}]}<\/script>\n<!-- \/ Yoast SEO plugin. -->","yoast_head_json":{"title":"Domingo Universal de Misiones 2023: \u00abCorazones fervientes, pies en camino\u00bb - Obispado San Marcos de Arica","robots":{"index":"index","follow":"follow","max-snippet":"max-snippet:-1","max-image-preview":"max-image-preview:large","max-video-preview":"max-video-preview:-1"},"canonical":"https:\/\/obispadoarica.cl\/home\/domingo-universal-de-misiones-2023-corazones-fervientes-pies-en-camino\/","og_locale":"es_ES","og_type":"article","og_title":"Domingo Universal de Misiones 2023: \u00abCorazones fervientes, pies en camino\u00bb - Obispado San Marcos de Arica","og_description":"Este 22 de octubre se celebrar\u00e1 el Domingo Universal de Misiones (DUM). Como otros a\u00f1os, ese d\u00eda se realizar\u00e1 la colecta destinada a las misiones. El aporte generoso de cada comunidad, ser\u00e1 de mucha utilidad para las comunidades en tierras de misi\u00f3n en diversas partes del mundo. \u201cCorazones fervientes, pies en camino\u201d Desde la Direcci\u00f3n [...]","og_url":"https:\/\/obispadoarica.cl\/home\/domingo-universal-de-misiones-2023-corazones-fervientes-pies-en-camino\/","og_site_name":"Obispado San Marcos de Arica","article_published_time":"2023-10-22T22:05:19+00:00","article_modified_time":"2025-03-09T00:50:02+00:00","og_image":[{"width":682,"height":1024,"url":"https:\/\/obispadoarica.cl\/home\/wp-content\/uploads\/2023\/10\/domingo-universal-de-misiones.png","type":"image\/png"}],"author":"Obispado de Arica","twitter_card":"summary_large_image","twitter_misc":{"Escrito por":"Obispado de Arica","Tiempo de lectura":"2 minutos"},"schema":{"@context":"https:\/\/schema.org","@graph":[{"@type":"WebPage","@id":"https:\/\/obispadoarica.cl\/home\/domingo-universal-de-misiones-2023-corazones-fervientes-pies-en-camino\/","url":"https:\/\/obispadoarica.cl\/home\/domingo-universal-de-misiones-2023-corazones-fervientes-pies-en-camino\/","name":"Domingo Universal de Misiones 2023: \u00abCorazones fervientes, pies en camino\u00bb - Obispado San Marcos de Arica","isPartOf":{"@id":"https:\/\/obispadoarica.cl\/home\/#website"},"primaryImageOfPage":{"@id":"https:\/\/obispadoarica.cl\/home\/domingo-universal-de-misiones-2023-corazones-fervientes-pies-en-camino\/#primaryimage"},"image":{"@id":"https:\/\/obispadoarica.cl\/home\/domingo-universal-de-misiones-2023-corazones-fervientes-pies-en-camino\/#primaryimage"},"thumbnailUrl":"https:\/\/obispadoarica.cl\/home\/wp-content\/uploads\/2023\/10\/domingo-universal-de-misiones.png","datePublished":"2023-10-22T22:05:19+00:00","dateModified":"2025-03-09T00:50:02+00:00","author":{"@id":"https:\/\/obispadoarica.cl\/home\/#\/schema\/person\/1a8f4c2a3418412187dff039ecf9d97e"},"breadcrumb":{"@id":"https:\/\/obispadoarica.cl\/home\/domingo-universal-de-misiones-2023-corazones-fervientes-pies-en-camino\/#breadcrumb"},"inLanguage":"es","potentialAction":[{"@type":"ReadAction","target":["https:\/\/obispadoarica.cl\/home\/domingo-universal-de-misiones-2023-corazones-fervientes-pies-en-camino\/"]}]},{"@type":"ImageObject","inLanguage":"es","@id":"https:\/\/obispadoarica.cl\/home\/domingo-universal-de-misiones-2023-corazones-fervientes-pies-en-camino\/#primaryimage","url":"https:\/\/obispadoarica.cl\/home\/wp-content\/uploads\/2023\/10\/domingo-universal-de-misiones.png","contentUrl":"https:\/\/obispadoarica.cl\/home\/wp-content\/uploads\/2023\/10\/domingo-universal-de-misiones.png","width":682,"height":1024},{"@type":"BreadcrumbList","@id":"https:\/\/obispadoarica.cl\/home\/domingo-universal-de-misiones-2023-corazones-fervientes-pies-en-camino\/#breadcrumb","itemListElement":[{"@type":"ListItem","position":1,"name":"Portada","item":"https:\/\/obispadoarica.cl\/home\/"},{"@type":"ListItem","position":2,"name":"Domingo Universal de Misiones 2023: \u00abCorazones fervientes, pies en camino\u00bb"}]},{"@type":"WebSite","@id":"https:\/\/obispadoarica.cl\/home\/#website","url":"https:\/\/obispadoarica.cl\/home\/","name":"Obispado San Marcos de Arica","description":"Di\u00f3cesis San Marcos de Arica","potentialAction":[{"@type":"SearchAction","target":{"@type":"EntryPoint","urlTemplate":"https:\/\/obispadoarica.cl\/home\/?s={search_term_string}"},"query-input":{"@type":"PropertyValueSpecification","valueRequired":true,"valueName":"search_term_string"}}],"inLanguage":"es"},{"@type":"Person","@id":"https:\/\/obispadoarica.cl\/home\/#\/schema\/person\/1a8f4c2a3418412187dff039ecf9d97e","name":"Obispado de Arica","image":{"@type":"ImageObject","inLanguage":"es","@id":"https:\/\/obispadoarica.cl\/home\/#\/schema\/person\/image\/","url":"https:\/\/secure.gravatar.com\/avatar\/c75d5ceafb11502016ed664658884b0b1b183fa6f96260878f47ac58f950c8d9?s=96&d=mm&r=g","contentUrl":"https:\/\/secure.gravatar.com\/avatar\/c75d5ceafb11502016ed664658884b0b1b183fa6f96260878f47ac58f950c8d9?s=96&d=mm&r=g","caption":"Obispado de Arica"},"url":"https:\/\/obispadoarica.cl\/home\/author\/c1300590\/"}]}},"_links":{"self":[{"href":"https:\/\/obispadoarica.cl\/home\/wp-json\/wp\/v2\/posts\/2040","targetHints":{"allow":["GET"]}}],"collection":[{"href":"https:\/\/obispadoarica.cl\/home\/wp-json\/wp\/v2\/posts"}],"about":[{"href":"https:\/\/obispadoarica.cl\/home\/wp-json\/wp\/v2\/types\/post"}],"author":[{"embeddable":true,"href":"https:\/\/obispadoarica.cl\/home\/wp-json\/wp\/v2\/users\/2"}],"replies":[{"embeddable":true,"href":"https:\/\/obispadoarica.cl\/home\/wp-json\/wp\/v2\/comments?post=2040"}],"version-history":[{"count":2,"href":"https:\/\/obispadoarica.cl\/home\/wp-json\/wp\/v2\/posts\/2040\/revisions"}],"predecessor-version":[{"id":2043,"href":"https:\/\/obispadoarica.cl\/home\/wp-json\/wp\/v2\/posts\/2040\/revisions\/2043"}],"wp:featuredmedia":[{"embeddable":true,"href":"https:\/\/obispadoarica.cl\/home\/wp-json\/wp\/v2\/media\/2041"}],"wp:attachment":[{"href":"https:\/\/obispadoarica.cl\/home\/wp-json\/wp\/v2\/media?parent=2040"}],"wp:term":[{"taxonomy":"category","embeddable":true,"href":"https:\/\/obispadoarica.cl\/home\/wp-json\/wp\/v2\/categories?post=2040"},{"taxonomy":"post_tag","embeddable":true,"href":"https:\/\/obispadoarica.cl\/home\/wp-json\/wp\/v2\/tags?post=2040"}],"curies":[{"name":"wp","href":"https:\/\/api.w.org\/{rel}","templated":true}]}}