{"id":2047,"date":"2023-10-24T14:55:35","date_gmt":"2023-10-24T18:55:35","guid":{"rendered":"https:\/\/obispadoarica.cl\/home\/?p=2047"},"modified":"2025-03-08T20:50:02","modified_gmt":"2025-03-09T00:50:02","slug":"el-cardenal-alvaro-ramazzini-es-nombrado-nuevo-presidente-de-la-red-clamor","status":"publish","type":"post","link":"https:\/\/obispadoarica.cl\/home\/el-cardenal-alvaro-ramazzini-es-nombrado-nuevo-presidente-de-la-red-clamor\/","title":{"rendered":"El Cardenal \u00c1lvaro Ramazzini es nombrado nuevo presidente de la Red CLAMOR"},"content":{"rendered":"\n\n\n<p>El Cardenal \u00c1lvaro Ramazzini, obispo de la Di\u00f3cesis de Huehuetenango, fue elegido como presidente de la Red CLAMOR para el per\u00edodo 2023-2027.<\/p>\n\n\n\n<p>Durante la VI Asamblea General de la Red Eclesial Latinoamericana y Caribe\u00f1a de Migraci\u00f3n, Desplazamiento, Refugio y Trata de Personas (Red CLAMOR), celebrada en la sede del Consejo Episcopal Latinoamericano (<a href=\"https:\/\/celam.org\/\">CELAM<\/a>) en Bogot\u00e1 del 11 al 15 de septiembre de 2023, el Cardenal Ramazzini recibi\u00f3 el apoyo un\u00e1nime para ser elegido como nuevo presidente de la red, lo cual fue aprobado por la presidencia del Consejo Episcopal Latinoamericano, seg\u00fan lo establecen los estatutos de la Red CLAMOR en el N\u00ba 32.<\/p>\n\n\n\n<figure class=\"wp-block-image size-large is-resized\"><a href=\"https:\/\/obispadoarica.cl\/home\/wp-content\/uploads\/2023\/10\/CLAMOR-ELECCIOn.jpg\"><img fetchpriority=\"high\" decoding=\"async\" width=\"1024\" height=\"1024\" src=\"https:\/\/obispadoarica.cl\/home\/wp-content\/uploads\/2023\/10\/CLAMOR-ELECCIOn-1024x1024.jpg\" alt=\"\" class=\"wp-image-2049\" style=\"aspect-ratio:1;width:839px;height:auto\" srcset=\"https:\/\/obispadoarica.cl\/home\/wp-content\/uploads\/2023\/10\/CLAMOR-ELECCIOn-1024x1024.jpg 1024w, https:\/\/obispadoarica.cl\/home\/wp-content\/uploads\/2023\/10\/CLAMOR-ELECCIOn-300x300.jpg 300w, https:\/\/obispadoarica.cl\/home\/wp-content\/uploads\/2023\/10\/CLAMOR-ELECCIOn-150x150.jpg 150w, https:\/\/obispadoarica.cl\/home\/wp-content\/uploads\/2023\/10\/CLAMOR-ELECCIOn-768x768.jpg 768w, https:\/\/obispadoarica.cl\/home\/wp-content\/uploads\/2023\/10\/CLAMOR-ELECCIOn.jpg 1080w\" sizes=\"(max-width: 1024px) 100vw, 1024px\" \/><\/a><\/figure>\n\n\n\n<p>A trav\u00e9s de la resoluci\u00f3n N\u00b0081-2023-CELAM firmada por el presidente del CELAM, Mons. Jaime Spengler Arzobispo de Porto Alegre, Brasil, y por Mons. Lizardo Estrada Herrera, O.S.A. Obispo Auxiliar de Cusco Secretario General la presidencia del CELAM comparti\u00f3 con benepl\u00e1cito esta buena noticia.<\/p>\n\n\n\n<p>Durante la asamblea, que cont\u00f3 con la participaci\u00f3n de 81 delegados incluyendo obispos, sacerdotes, di\u00e1conos, religiosas y laicos provenientes de 18 pa\u00edses de Am\u00e9rica Latina, Estados Unidos, Canad\u00e1 e Italia, se llevaron a cabo diversas discusiones y actividades enfocadas en abordar los desaf\u00edos actuales relacionados con migraci\u00f3n, desplazamiento, refugio y trata de personas en nuestra regi\u00f3n.<\/p>\n\n\n\n<p>La Red CLAMOR agradece a Mons. Gustavo Rodr\u00edguez Vega, quien estuvo en la presidencia desde el 2017, sumando al crecimiento y fortalecimiento de esta red de redes.<\/p>\n\n\n\n<h2 class=\"wp-block-heading\"><strong>OBISPOS RESPONSABLES DE LAS ZONAS<\/strong><\/h2>\n\n\n\n<p>Adem\u00e1s del nombramiento del Cardenal \u00c1lvaro Ramazzini como presidente, tambi\u00e9n se realizaron otros importantes nombramientos en la Red CLAMOR para el per\u00edodo 2023-2027 a saber:<\/p>\n\n\n\n<ul class=\"wp-block-list\">\n<li><strong>Mons. Guadalupe Torres Campos<\/strong>, Obispo de Ciudad Ju\u00e1rez, M\u00e9xico, Obispo Asesor de Centroam\u00e9rica y M\u00e9xico<\/li>\n\n\n\n<li><strong>Mons. Jaime Villarroel<\/strong>, Obispo de Car\u00fapano, Venezuela, Obispo Asesor de los pa\u00edses Bolivarianos y de El Caribe.<\/li>\n\n\n\n<li><strong>Mons. Mois\u00e9s Carlos Atisha<\/strong>, Obispo de Arica, Chile, Obispo Asesor del Cono Sur.<\/li>\n<\/ul>\n\n\n\n<p>En la secretar\u00eda ejecutiva continuar\u00e1 prestando su servicio el laico venezolano Elvy Monzant \u00c1rraga.<\/p>\n\n\n\n<p>La Red CLAMOR reafirma su compromiso de trabajar en colaboraci\u00f3n con todas las instituciones eclesi\u00e1sticas y sociales, as\u00ed como con las autoridades civiles y organizaciones de la sociedad civil, para abordar de manera integral las problem\u00e1ticas relacionadas con la migraci\u00f3n, el desplazamiento, el refugio y la trata de personas en nuestra regi\u00f3n.<\/p>\n\n\n\n<figure class=\"wp-block-video\"><video autoplay controls src=\"https:\/\/obispadoarica.cl\/home\/wp-content\/uploads\/2023\/10\/CLAMOR-VIDEO.mp4\"><\/video><\/figure>\n\n\n\n<p>&#x1f4cc; Accede a la nota completa a continuaci\u00f3n:<br>https:\/\/redclamor.org\/2023\/10\/24\/el-cardenal-alvaro-ramazzini-es-nombrado-nuevo-presidente-de-la-red-clamor\/<\/p>\n","protected":false},"excerpt":{"rendered":"<p>El Cardenal \u00c1lvaro Ramazzini, obispo de la Di\u00f3cesis de Huehuetenango, fue elegido como presidente de la Red CLAMOR para el per\u00edodo 2023-2027. Durante la VI Asamblea General de la Red Eclesial Latinoamericana y Caribe\u00f1a de Migraci\u00f3n, Desplazamiento, Refugio y Trata de Personas (Red CLAMOR), celebrada en la sede del Consejo Episcopal Latinoamericano (CELAM) en Bogot\u00e1 [&#8230;]\n","protected":false},"author":2,"featured_media":2048,"comment_status":"closed","ping_status":"closed","sticky":false,"template":"","format":"standard","meta":{"footnotes":""},"categories":[7],"tags":[],"class_list":["post-2047","post","type-post","status-publish","format-standard","has-post-thumbnail","hentry","category-noticias"],"yoast_head":"<!-- This site is optimized with the Yoast SEO plugin v24.6 - https:\/\/yoast.com\/wordpress\/plugins\/seo\/ -->\n<title>El Cardenal \u00c1lvaro Ramazzini es nombrado nuevo presidente de la Red CLAMOR - Obispado San Marcos de Arica<\/title>\n<meta name=\"robots\" content=\"index, follow, max-snippet:-1, max-image-preview:large, max-video-preview:-1\" \/>\n<link rel=\"canonical\" href=\"https:\/\/obispadoarica.cl\/home\/el-cardenal-alvaro-ramazzini-es-nombrado-nuevo-presidente-de-la-red-clamor\/\" \/>\n<meta property=\"og:locale\" content=\"es_ES\" \/>\n<meta property=\"og:type\" content=\"article\" \/>\n<meta property=\"og:title\" content=\"El Cardenal \u00c1lvaro Ramazzini es nombrado nuevo presidente de la Red CLAMOR - Obispado San Marcos de Arica\" \/>\n<meta property=\"og:description\" content=\"El Cardenal \u00c1lvaro Ramazzini, obispo de la Di\u00f3cesis de Huehuetenango, fue elegido como presidente de la Red CLAMOR para el per\u00edodo 2023-2027. Durante la VI Asamblea General de la Red Eclesial Latinoamericana y Caribe\u00f1a de Migraci\u00f3n, Desplazamiento, Refugio y Trata de Personas (Red CLAMOR), celebrada en la sede del Consejo Episcopal Latinoamericano (CELAM) en Bogot\u00e1 [...]\" \/>\n<meta property=\"og:url\" content=\"https:\/\/obispadoarica.cl\/home\/el-cardenal-alvaro-ramazzini-es-nombrado-nuevo-presidente-de-la-red-clamor\/\" \/>\n<meta property=\"og:site_name\" content=\"Obispado San Marcos de Arica\" \/>\n<meta property=\"article:published_time\" content=\"2023-10-24T18:55:35+00:00\" \/>\n<meta property=\"article:modified_time\" content=\"2025-03-09T00:50:02+00:00\" \/>\n<meta property=\"og:image\" content=\"https:\/\/obispadoarica.cl\/home\/wp-content\/uploads\/2023\/10\/VI-Asamblea-RedCLAMOR-130923-53-scaled.jpg\" \/>\n\t<meta property=\"og:image:width\" content=\"2560\" \/>\n\t<meta property=\"og:image:height\" content=\"1707\" \/>\n\t<meta property=\"og:image:type\" content=\"image\/jpeg\" \/>\n<meta name=\"author\" content=\"Obispado de Arica\" \/>\n<meta name=\"twitter:card\" content=\"summary_large_image\" \/>\n<meta name=\"twitter:label1\" content=\"Escrito por\" \/>\n\t<meta name=\"twitter:data1\" content=\"Obispado de Arica\" \/>\n\t<meta name=\"twitter:label2\" content=\"Tiempo de lectura\" \/>\n\t<meta name=\"twitter:data2\" content=\"2 minutos\" \/>\n<script type=\"application\/ld+json\" class=\"yoast-schema-graph\">{\"@context\":\"https:\/\/schema.org\",\"@graph\":[{\"@type\":\"WebPage\",\"@id\":\"https:\/\/obispadoarica.cl\/home\/el-cardenal-alvaro-ramazzini-es-nombrado-nuevo-presidente-de-la-red-clamor\/\",\"url\":\"https:\/\/obispadoarica.cl\/home\/el-cardenal-alvaro-ramazzini-es-nombrado-nuevo-presidente-de-la-red-clamor\/\",\"name\":\"El Cardenal \u00c1lvaro Ramazzini es nombrado nuevo presidente de la Red CLAMOR - Obispado San Marcos de Arica\",\"isPartOf\":{\"@id\":\"https:\/\/obispadoarica.cl\/home\/#website\"},\"primaryImageOfPage\":{\"@id\":\"https:\/\/obispadoarica.cl\/home\/el-cardenal-alvaro-ramazzini-es-nombrado-nuevo-presidente-de-la-red-clamor\/#primaryimage\"},\"image\":{\"@id\":\"https:\/\/obispadoarica.cl\/home\/el-cardenal-alvaro-ramazzini-es-nombrado-nuevo-presidente-de-la-red-clamor\/#primaryimage\"},\"thumbnailUrl\":\"https:\/\/obispadoarica.cl\/home\/wp-content\/uploads\/2023\/10\/VI-Asamblea-RedCLAMOR-130923-53-scaled.jpg\",\"datePublished\":\"2023-10-24T18:55:35+00:00\",\"dateModified\":\"2025-03-09T00:50:02+00:00\",\"author\":{\"@id\":\"https:\/\/obispadoarica.cl\/home\/#\/schema\/person\/1a8f4c2a3418412187dff039ecf9d97e\"},\"breadcrumb\":{\"@id\":\"https:\/\/obispadoarica.cl\/home\/el-cardenal-alvaro-ramazzini-es-nombrado-nuevo-presidente-de-la-red-clamor\/#breadcrumb\"},\"inLanguage\":\"es\",\"potentialAction\":[{\"@type\":\"ReadAction\",\"target\":[\"https:\/\/obispadoarica.cl\/home\/el-cardenal-alvaro-ramazzini-es-nombrado-nuevo-presidente-de-la-red-clamor\/\"]}]},{\"@type\":\"ImageObject\",\"inLanguage\":\"es\",\"@id\":\"https:\/\/obispadoarica.cl\/home\/el-cardenal-alvaro-ramazzini-es-nombrado-nuevo-presidente-de-la-red-clamor\/#primaryimage\",\"url\":\"https:\/\/obispadoarica.cl\/home\/wp-content\/uploads\/2023\/10\/VI-Asamblea-RedCLAMOR-130923-53-scaled.jpg\",\"contentUrl\":\"https:\/\/obispadoarica.cl\/home\/wp-content\/uploads\/2023\/10\/VI-Asamblea-RedCLAMOR-130923-53-scaled.jpg\",\"width\":2560,\"height\":1707},{\"@type\":\"BreadcrumbList\",\"@id\":\"https:\/\/obispadoarica.cl\/home\/el-cardenal-alvaro-ramazzini-es-nombrado-nuevo-presidente-de-la-red-clamor\/#breadcrumb\",\"itemListElement\":[{\"@type\":\"ListItem\",\"position\":1,\"name\":\"Portada\",\"item\":\"https:\/\/obispadoarica.cl\/home\/\"},{\"@type\":\"ListItem\",\"position\":2,\"name\":\"El Cardenal \u00c1lvaro Ramazzini es nombrado nuevo presidente de la Red CLAMOR\"}]},{\"@type\":\"WebSite\",\"@id\":\"https:\/\/obispadoarica.cl\/home\/#website\",\"url\":\"https:\/\/obispadoarica.cl\/home\/\",\"name\":\"Obispado San Marcos de Arica\",\"description\":\"Di\u00f3cesis San Marcos de Arica\",\"potentialAction\":[{\"@type\":\"SearchAction\",\"target\":{\"@type\":\"EntryPoint\",\"urlTemplate\":\"https:\/\/obispadoarica.cl\/home\/?s={search_term_string}\"},\"query-input\":{\"@type\":\"PropertyValueSpecification\",\"valueRequired\":true,\"valueName\":\"search_term_string\"}}],\"inLanguage\":\"es\"},{\"@type\":\"Person\",\"@id\":\"https:\/\/obispadoarica.cl\/home\/#\/schema\/person\/1a8f4c2a3418412187dff039ecf9d97e\",\"name\":\"Obispado de Arica\",\"image\":{\"@type\":\"ImageObject\",\"inLanguage\":\"es\",\"@id\":\"https:\/\/obispadoarica.cl\/home\/#\/schema\/person\/image\/\",\"url\":\"https:\/\/secure.gravatar.com\/avatar\/c75d5ceafb11502016ed664658884b0b1b183fa6f96260878f47ac58f950c8d9?s=96&d=mm&r=g\",\"contentUrl\":\"https:\/\/secure.gravatar.com\/avatar\/c75d5ceafb11502016ed664658884b0b1b183fa6f96260878f47ac58f950c8d9?s=96&d=mm&r=g\",\"caption\":\"Obispado de Arica\"},\"url\":\"https:\/\/obispadoarica.cl\/home\/author\/c1300590\/\"}]}<\/script>\n<!-- \/ Yoast SEO plugin. -->","yoast_head_json":{"title":"El Cardenal \u00c1lvaro Ramazzini es nombrado nuevo presidente de la Red CLAMOR - Obispado San Marcos de Arica","robots":{"index":"index","follow":"follow","max-snippet":"max-snippet:-1","max-image-preview":"max-image-preview:large","max-video-preview":"max-video-preview:-1"},"canonical":"https:\/\/obispadoarica.cl\/home\/el-cardenal-alvaro-ramazzini-es-nombrado-nuevo-presidente-de-la-red-clamor\/","og_locale":"es_ES","og_type":"article","og_title":"El Cardenal \u00c1lvaro Ramazzini es nombrado nuevo presidente de la Red CLAMOR - Obispado San Marcos de Arica","og_description":"El Cardenal \u00c1lvaro Ramazzini, obispo de la Di\u00f3cesis de Huehuetenango, fue elegido como presidente de la Red CLAMOR para el per\u00edodo 2023-2027. Durante la VI Asamblea General de la Red Eclesial Latinoamericana y Caribe\u00f1a de Migraci\u00f3n, Desplazamiento, Refugio y Trata de Personas (Red CLAMOR), celebrada en la sede del Consejo Episcopal Latinoamericano (CELAM) en Bogot\u00e1 [...]","og_url":"https:\/\/obispadoarica.cl\/home\/el-cardenal-alvaro-ramazzini-es-nombrado-nuevo-presidente-de-la-red-clamor\/","og_site_name":"Obispado San Marcos de Arica","article_published_time":"2023-10-24T18:55:35+00:00","article_modified_time":"2025-03-09T00:50:02+00:00","og_image":[{"width":2560,"height":1707,"url":"https:\/\/obispadoarica.cl\/home\/wp-content\/uploads\/2023\/10\/VI-Asamblea-RedCLAMOR-130923-53-scaled.jpg","type":"image\/jpeg"}],"author":"Obispado de Arica","twitter_card":"summary_large_image","twitter_misc":{"Escrito por":"Obispado de Arica","Tiempo de lectura":"2 minutos"},"schema":{"@context":"https:\/\/schema.org","@graph":[{"@type":"WebPage","@id":"https:\/\/obispadoarica.cl\/home\/el-cardenal-alvaro-ramazzini-es-nombrado-nuevo-presidente-de-la-red-clamor\/","url":"https:\/\/obispadoarica.cl\/home\/el-cardenal-alvaro-ramazzini-es-nombrado-nuevo-presidente-de-la-red-clamor\/","name":"El Cardenal \u00c1lvaro Ramazzini es nombrado nuevo presidente de la Red CLAMOR - Obispado San Marcos de Arica","isPartOf":{"@id":"https:\/\/obispadoarica.cl\/home\/#website"},"primaryImageOfPage":{"@id":"https:\/\/obispadoarica.cl\/home\/el-cardenal-alvaro-ramazzini-es-nombrado-nuevo-presidente-de-la-red-clamor\/#primaryimage"},"image":{"@id":"https:\/\/obispadoarica.cl\/home\/el-cardenal-alvaro-ramazzini-es-nombrado-nuevo-presidente-de-la-red-clamor\/#primaryimage"},"thumbnailUrl":"https:\/\/obispadoarica.cl\/home\/wp-content\/uploads\/2023\/10\/VI-Asamblea-RedCLAMOR-130923-53-scaled.jpg","datePublished":"2023-10-24T18:55:35+00:00","dateModified":"2025-03-09T00:50:02+00:00","author":{"@id":"https:\/\/obispadoarica.cl\/home\/#\/schema\/person\/1a8f4c2a3418412187dff039ecf9d97e"},"breadcrumb":{"@id":"https:\/\/obispadoarica.cl\/home\/el-cardenal-alvaro-ramazzini-es-nombrado-nuevo-presidente-de-la-red-clamor\/#breadcrumb"},"inLanguage":"es","potentialAction":[{"@type":"ReadAction","target":["https:\/\/obispadoarica.cl\/home\/el-cardenal-alvaro-ramazzini-es-nombrado-nuevo-presidente-de-la-red-clamor\/"]}]},{"@type":"ImageObject","inLanguage":"es","@id":"https:\/\/obispadoarica.cl\/home\/el-cardenal-alvaro-ramazzini-es-nombrado-nuevo-presidente-de-la-red-clamor\/#primaryimage","url":"https:\/\/obispadoarica.cl\/home\/wp-content\/uploads\/2023\/10\/VI-Asamblea-RedCLAMOR-130923-53-scaled.jpg","contentUrl":"https:\/\/obispadoarica.cl\/home\/wp-content\/uploads\/2023\/10\/VI-Asamblea-RedCLAMOR-130923-53-scaled.jpg","width":2560,"height":1707},{"@type":"BreadcrumbList","@id":"https:\/\/obispadoarica.cl\/home\/el-cardenal-alvaro-ramazzini-es-nombrado-nuevo-presidente-de-la-red-clamor\/#breadcrumb","itemListElement":[{"@type":"ListItem","position":1,"name":"Portada","item":"https:\/\/obispadoarica.cl\/home\/"},{"@type":"ListItem","position":2,"name":"El Cardenal \u00c1lvaro Ramazzini es nombrado nuevo presidente de la Red CLAMOR"}]},{"@type":"WebSite","@id":"https:\/\/obispadoarica.cl\/home\/#website","url":"https:\/\/obispadoarica.cl\/home\/","name":"Obispado San Marcos de Arica","description":"Di\u00f3cesis San Marcos de Arica","potentialAction":[{"@type":"SearchAction","target":{"@type":"EntryPoint","urlTemplate":"https:\/\/obispadoarica.cl\/home\/?s={search_term_string}"},"query-input":{"@type":"PropertyValueSpecification","valueRequired":true,"valueName":"search_term_string"}}],"inLanguage":"es"},{"@type":"Person","@id":"https:\/\/obispadoarica.cl\/home\/#\/schema\/person\/1a8f4c2a3418412187dff039ecf9d97e","name":"Obispado de Arica","image":{"@type":"ImageObject","inLanguage":"es","@id":"https:\/\/obispadoarica.cl\/home\/#\/schema\/person\/image\/","url":"https:\/\/secure.gravatar.com\/avatar\/c75d5ceafb11502016ed664658884b0b1b183fa6f96260878f47ac58f950c8d9?s=96&d=mm&r=g","contentUrl":"https:\/\/secure.gravatar.com\/avatar\/c75d5ceafb11502016ed664658884b0b1b183fa6f96260878f47ac58f950c8d9?s=96&d=mm&r=g","caption":"Obispado de Arica"},"url":"https:\/\/obispadoarica.cl\/home\/author\/c1300590\/"}]}},"_links":{"self":[{"href":"https:\/\/obispadoarica.cl\/home\/wp-json\/wp\/v2\/posts\/2047","targetHints":{"allow":["GET"]}}],"collection":[{"href":"https:\/\/obispadoarica.cl\/home\/wp-json\/wp\/v2\/posts"}],"about":[{"href":"https:\/\/obispadoarica.cl\/home\/wp-json\/wp\/v2\/types\/post"}],"author":[{"embeddable":true,"href":"https:\/\/obispadoarica.cl\/home\/wp-json\/wp\/v2\/users\/2"}],"replies":[{"embeddable":true,"href":"https:\/\/obispadoarica.cl\/home\/wp-json\/wp\/v2\/comments?post=2047"}],"version-history":[{"count":3,"href":"https:\/\/obispadoarica.cl\/home\/wp-json\/wp\/v2\/posts\/2047\/revisions"}],"predecessor-version":[{"id":2053,"href":"https:\/\/obispadoarica.cl\/home\/wp-json\/wp\/v2\/posts\/2047\/revisions\/2053"}],"wp:featuredmedia":[{"embeddable":true,"href":"https:\/\/obispadoarica.cl\/home\/wp-json\/wp\/v2\/media\/2048"}],"wp:attachment":[{"href":"https:\/\/obispadoarica.cl\/home\/wp-json\/wp\/v2\/media?parent=2047"}],"wp:term":[{"taxonomy":"category","embeddable":true,"href":"https:\/\/obispadoarica.cl\/home\/wp-json\/wp\/v2\/categories?post=2047"},{"taxonomy":"post_tag","embeddable":true,"href":"https:\/\/obispadoarica.cl\/home\/wp-json\/wp\/v2\/tags?post=2047"}],"curies":[{"name":"wp","href":"https:\/\/api.w.org\/{rel}","templated":true}]}}