{"id":2055,"date":"2023-11-08T11:50:44","date_gmt":"2023-11-08T15:50:44","guid":{"rendered":"https:\/\/obispadoarica.cl\/home\/?p=2055"},"modified":"2025-03-08T20:50:02","modified_gmt":"2025-03-09T00:50:02","slug":"caritas-chile-agradece-cifra-record-de-100-millones-de-pesos-en-su-colecta-nacional","status":"publish","type":"post","link":"https:\/\/obispadoarica.cl\/home\/caritas-chile-agradece-cifra-record-de-100-millones-de-pesos-en-su-colecta-nacional\/","title":{"rendered":"Caritas Chile agradece cifra r\u00e9cord de 100 millones de pesos en su colecta nacional"},"content":{"rendered":"\n\n\n<p><strong>\u201cAbre tu coraz\u00f3n y multiplica solidaridad\u201d fue el lema de la colecta que por segundo a\u00f1o se realiz\u00f3 de manera presencial y digital, superando por primera vez los 100 millones de pesos en recaudaci\u00f3n, cifra que permitir\u00e1 ayudar a miles de personas en situaci\u00f3n de vulnerabilidad, a lo largo del pa\u00eds.<\/strong><\/p>\n\n\n\n<p>A un mes de realizada la Colecta Nacional, Caritas Chile dio a conocer la cifra consolidada de los resultados de la colecta 2023 en las diversas di\u00f3cesis del pa\u00eds, que alcanz\u00f3 los $103.632.874. Dicho monto significa un aumento de 18% respecto del a\u00f1o anterior, destacando tambi\u00e9n el importante aumento de las donaciones digitales, que superaron los 22 millones de pesos. Cabe destacar que la colecta se realiz\u00f3 de manera presencial entre el 6 y 8 de octubre, en tanto de manera digital se extendi\u00f3 del 29 de septiembre al 8 de octubre.<\/p>\n\n\n\n<p><strong>Fruto de un trabajo en red<\/strong><br>Jos\u00e9 Tom\u00e1s Silva, encargado de Gesti\u00f3n de Recursos de Caritas, junto con compartir con alegr\u00eda estas cifras y agradecer a todos quienes \u201cabrieron solidariamente su coraz\u00f3n\u201d relev\u00f3 que estos recursos permitir\u00e1n fortalecer la acci\u00f3n diocesana en pastoral social, destinados a los programas de emergencia, sociales y de promoci\u00f3n humana, contribuyendo de esta manera a mejorar las condiciones de vida de miles de personas, a trav\u00e9s de la adquisici\u00f3n de medicinas, art\u00edculos ortop\u00e9dicos, alimentos, enseres de casa, y materiales para reparaci\u00f3n de viviendas.<\/p>\n\n\n\n<p>Silva destac\u00f3 adem\u00e1s que esta colecta \u201cpermite fortalecer nuestra identidad de C\u00e1ritas, ya que trabajamos en red, reforzando nuestros v\u00ednculos y haciendo visible el rol de C\u00e1ritas en el mundo p\u00fablico\u201d, resaltando el crucial papel de los m\u00e1s de mil voluntarios en todas las regiones del pa\u00eds y \u201cagradeciendo sobre todo el trabajo de las personas mayores que normalmente colaboran y est\u00e1n en la calle con nosotros\u00bb.<\/p>\n\n\n\n<p><strong>Signo de una cultura solidaria en Chile<\/strong><br>Por su parte Lorenzo Figueroa, director de Caritas Chile, junto con sumarse a la gratitud hacia voluntarias y voluntarios que hacen posible la colecta, a\u00f1ade: \u201cdestacar\u00eda esta campa\u00f1a como un esfuerzo en red, con presencia a nivel nacional, con un aporte muy significativo del voluntariado. Y con un aporte a nuestra realidad y cultura actual. Ello porque la colecta se desarrolla en un momento econ\u00f3micamente complejo y dif\u00edcil\u201d, agregando que en ese sentido, \u201ces muy valorable que a\u00fan en esas condiciones hay un gesto solidario de muchas personas que tienen necesidades, pero que est\u00e1n dispuestas a compartir de lo suyo con quienes m\u00e1s lo necesitan y m\u00e1s sufren. Esa se\u00f1al de una cultura solidaria, de reconocer tambi\u00e9n que somos parte de una comunidad, y hacernos cargo que somos familia, somos un pa\u00eds, una naci\u00f3n, es un signo importante; especialmente en momentos que el pa\u00eds busca una nueva manera de organizar su convivencia. Es entonces no solo un aporte a quienes m\u00e1s lo necesitan, sino al pa\u00eds en su conjunto\u201d.<\/p>\n\n\n\n<p>Se invita a quienes quieran seguir apoyando la labor de Caritas Chile a sumarse como donante o socio por medio del sitio web&nbsp;<a href=\"http:\/\/www.caritaschile.org\/\" target=\"_blank\" rel=\"noreferrer noopener\">www.caritaschile.org<\/a>&nbsp;o a colaborar a trav\u00e9s de:<\/p>\n\n\n\n<p>Cuenta Corriente 117-01 del Banco de Chile<br>Nombre: Caritas Chile<br>RUT: 70.020.800-1<br>E-mail: donaciones@caritaschile.org<\/p>\n\n\n\n<p><strong>Fuente: Caritas Chile<\/strong><br><a href=\"https:\/\/caritaschile.org\/detalle.php?id=46479\" target=\"_blank\" rel=\"noreferrer noopener\">https:\/\/caritaschile.org\/detalle.php?id=46479<br><\/a><em>CECh, 07-11-2023<\/em><\/p>\n","protected":false},"excerpt":{"rendered":"<p>\u201cAbre tu coraz\u00f3n y multiplica solidaridad\u201d fue el lema de la colecta que por segundo a\u00f1o se realiz\u00f3 de manera presencial y digital, superando por primera vez los 100 millones de pesos en recaudaci\u00f3n, cifra que permitir\u00e1 ayudar a miles de personas en situaci\u00f3n de vulnerabilidad, a lo largo del pa\u00eds. A un mes de [&#8230;]\n","protected":false},"author":2,"featured_media":2056,"comment_status":"closed","ping_status":"closed","sticky":false,"template":"","format":"standard","meta":{"footnotes":""},"categories":[7],"tags":[],"class_list":["post-2055","post","type-post","status-publish","format-standard","has-post-thumbnail","hentry","category-noticias"],"yoast_head":"<!-- This site is optimized with the Yoast SEO plugin v24.6 - https:\/\/yoast.com\/wordpress\/plugins\/seo\/ -->\n<title>Caritas Chile agradece cifra r\u00e9cord de 100 millones de pesos en su colecta nacional - Obispado San Marcos de Arica<\/title>\n<meta name=\"robots\" content=\"index, follow, max-snippet:-1, max-image-preview:large, max-video-preview:-1\" \/>\n<link rel=\"canonical\" href=\"https:\/\/obispadoarica.cl\/home\/caritas-chile-agradece-cifra-record-de-100-millones-de-pesos-en-su-colecta-nacional\/\" \/>\n<meta property=\"og:locale\" content=\"es_ES\" \/>\n<meta property=\"og:type\" content=\"article\" \/>\n<meta property=\"og:title\" content=\"Caritas Chile agradece cifra r\u00e9cord de 100 millones de pesos en su colecta nacional - Obispado San Marcos de Arica\" \/>\n<meta property=\"og:description\" content=\"\u201cAbre tu coraz\u00f3n y multiplica solidaridad\u201d fue el lema de la colecta que por segundo a\u00f1o se realiz\u00f3 de manera presencial y digital, superando por primera vez los 100 millones de pesos en recaudaci\u00f3n, cifra que permitir\u00e1 ayudar a miles de personas en situaci\u00f3n de vulnerabilidad, a lo largo del pa\u00eds. A un mes de [...]\" \/>\n<meta property=\"og:url\" content=\"https:\/\/obispadoarica.cl\/home\/caritas-chile-agradece-cifra-record-de-100-millones-de-pesos-en-su-colecta-nacional\/\" \/>\n<meta property=\"og:site_name\" content=\"Obispado San Marcos de Arica\" \/>\n<meta property=\"article:published_time\" content=\"2023-11-08T15:50:44+00:00\" \/>\n<meta property=\"article:modified_time\" content=\"2025-03-09T00:50:02+00:00\" \/>\n<meta property=\"og:image\" content=\"https:\/\/obispadoarica.cl\/home\/wp-content\/uploads\/2023\/11\/caritas-recuadado.jpeg\" \/>\n\t<meta property=\"og:image:width\" content=\"1080\" \/>\n\t<meta property=\"og:image:height\" content=\"1080\" \/>\n\t<meta property=\"og:image:type\" content=\"image\/jpeg\" \/>\n<meta name=\"author\" content=\"Obispado de Arica\" \/>\n<meta name=\"twitter:card\" content=\"summary_large_image\" \/>\n<meta name=\"twitter:label1\" content=\"Escrito por\" \/>\n\t<meta name=\"twitter:data1\" content=\"Obispado de Arica\" \/>\n\t<meta name=\"twitter:label2\" content=\"Tiempo de lectura\" \/>\n\t<meta name=\"twitter:data2\" content=\"3 minutos\" \/>\n<script type=\"application\/ld+json\" class=\"yoast-schema-graph\">{\"@context\":\"https:\/\/schema.org\",\"@graph\":[{\"@type\":\"WebPage\",\"@id\":\"https:\/\/obispadoarica.cl\/home\/caritas-chile-agradece-cifra-record-de-100-millones-de-pesos-en-su-colecta-nacional\/\",\"url\":\"https:\/\/obispadoarica.cl\/home\/caritas-chile-agradece-cifra-record-de-100-millones-de-pesos-en-su-colecta-nacional\/\",\"name\":\"Caritas Chile agradece cifra r\u00e9cord de 100 millones de pesos en su colecta nacional - Obispado San Marcos de Arica\",\"isPartOf\":{\"@id\":\"https:\/\/obispadoarica.cl\/home\/#website\"},\"primaryImageOfPage\":{\"@id\":\"https:\/\/obispadoarica.cl\/home\/caritas-chile-agradece-cifra-record-de-100-millones-de-pesos-en-su-colecta-nacional\/#primaryimage\"},\"image\":{\"@id\":\"https:\/\/obispadoarica.cl\/home\/caritas-chile-agradece-cifra-record-de-100-millones-de-pesos-en-su-colecta-nacional\/#primaryimage\"},\"thumbnailUrl\":\"https:\/\/obispadoarica.cl\/home\/wp-content\/uploads\/2023\/11\/caritas-recuadado.jpeg\",\"datePublished\":\"2023-11-08T15:50:44+00:00\",\"dateModified\":\"2025-03-09T00:50:02+00:00\",\"author\":{\"@id\":\"https:\/\/obispadoarica.cl\/home\/#\/schema\/person\/1a8f4c2a3418412187dff039ecf9d97e\"},\"breadcrumb\":{\"@id\":\"https:\/\/obispadoarica.cl\/home\/caritas-chile-agradece-cifra-record-de-100-millones-de-pesos-en-su-colecta-nacional\/#breadcrumb\"},\"inLanguage\":\"es\",\"potentialAction\":[{\"@type\":\"ReadAction\",\"target\":[\"https:\/\/obispadoarica.cl\/home\/caritas-chile-agradece-cifra-record-de-100-millones-de-pesos-en-su-colecta-nacional\/\"]}]},{\"@type\":\"ImageObject\",\"inLanguage\":\"es\",\"@id\":\"https:\/\/obispadoarica.cl\/home\/caritas-chile-agradece-cifra-record-de-100-millones-de-pesos-en-su-colecta-nacional\/#primaryimage\",\"url\":\"https:\/\/obispadoarica.cl\/home\/wp-content\/uploads\/2023\/11\/caritas-recuadado.jpeg\",\"contentUrl\":\"https:\/\/obispadoarica.cl\/home\/wp-content\/uploads\/2023\/11\/caritas-recuadado.jpeg\",\"width\":1080,\"height\":1080},{\"@type\":\"BreadcrumbList\",\"@id\":\"https:\/\/obispadoarica.cl\/home\/caritas-chile-agradece-cifra-record-de-100-millones-de-pesos-en-su-colecta-nacional\/#breadcrumb\",\"itemListElement\":[{\"@type\":\"ListItem\",\"position\":1,\"name\":\"Portada\",\"item\":\"https:\/\/obispadoarica.cl\/home\/\"},{\"@type\":\"ListItem\",\"position\":2,\"name\":\"Caritas Chile agradece cifra r\u00e9cord de 100 millones de pesos en su colecta nacional\"}]},{\"@type\":\"WebSite\",\"@id\":\"https:\/\/obispadoarica.cl\/home\/#website\",\"url\":\"https:\/\/obispadoarica.cl\/home\/\",\"name\":\"Obispado San Marcos de Arica\",\"description\":\"Di\u00f3cesis San Marcos de Arica\",\"potentialAction\":[{\"@type\":\"SearchAction\",\"target\":{\"@type\":\"EntryPoint\",\"urlTemplate\":\"https:\/\/obispadoarica.cl\/home\/?s={search_term_string}\"},\"query-input\":{\"@type\":\"PropertyValueSpecification\",\"valueRequired\":true,\"valueName\":\"search_term_string\"}}],\"inLanguage\":\"es\"},{\"@type\":\"Person\",\"@id\":\"https:\/\/obispadoarica.cl\/home\/#\/schema\/person\/1a8f4c2a3418412187dff039ecf9d97e\",\"name\":\"Obispado de Arica\",\"image\":{\"@type\":\"ImageObject\",\"inLanguage\":\"es\",\"@id\":\"https:\/\/obispadoarica.cl\/home\/#\/schema\/person\/image\/\",\"url\":\"https:\/\/secure.gravatar.com\/avatar\/c75d5ceafb11502016ed664658884b0b1b183fa6f96260878f47ac58f950c8d9?s=96&d=mm&r=g\",\"contentUrl\":\"https:\/\/secure.gravatar.com\/avatar\/c75d5ceafb11502016ed664658884b0b1b183fa6f96260878f47ac58f950c8d9?s=96&d=mm&r=g\",\"caption\":\"Obispado de Arica\"},\"url\":\"https:\/\/obispadoarica.cl\/home\/author\/c1300590\/\"}]}<\/script>\n<!-- \/ Yoast SEO plugin. -->","yoast_head_json":{"title":"Caritas Chile agradece cifra r\u00e9cord de 100 millones de pesos en su colecta nacional - Obispado San Marcos de Arica","robots":{"index":"index","follow":"follow","max-snippet":"max-snippet:-1","max-image-preview":"max-image-preview:large","max-video-preview":"max-video-preview:-1"},"canonical":"https:\/\/obispadoarica.cl\/home\/caritas-chile-agradece-cifra-record-de-100-millones-de-pesos-en-su-colecta-nacional\/","og_locale":"es_ES","og_type":"article","og_title":"Caritas Chile agradece cifra r\u00e9cord de 100 millones de pesos en su colecta nacional - Obispado San Marcos de Arica","og_description":"\u201cAbre tu coraz\u00f3n y multiplica solidaridad\u201d fue el lema de la colecta que por segundo a\u00f1o se realiz\u00f3 de manera presencial y digital, superando por primera vez los 100 millones de pesos en recaudaci\u00f3n, cifra que permitir\u00e1 ayudar a miles de personas en situaci\u00f3n de vulnerabilidad, a lo largo del pa\u00eds. A un mes de [...]","og_url":"https:\/\/obispadoarica.cl\/home\/caritas-chile-agradece-cifra-record-de-100-millones-de-pesos-en-su-colecta-nacional\/","og_site_name":"Obispado San Marcos de Arica","article_published_time":"2023-11-08T15:50:44+00:00","article_modified_time":"2025-03-09T00:50:02+00:00","og_image":[{"width":1080,"height":1080,"url":"https:\/\/obispadoarica.cl\/home\/wp-content\/uploads\/2023\/11\/caritas-recuadado.jpeg","type":"image\/jpeg"}],"author":"Obispado de Arica","twitter_card":"summary_large_image","twitter_misc":{"Escrito por":"Obispado de Arica","Tiempo de lectura":"3 minutos"},"schema":{"@context":"https:\/\/schema.org","@graph":[{"@type":"WebPage","@id":"https:\/\/obispadoarica.cl\/home\/caritas-chile-agradece-cifra-record-de-100-millones-de-pesos-en-su-colecta-nacional\/","url":"https:\/\/obispadoarica.cl\/home\/caritas-chile-agradece-cifra-record-de-100-millones-de-pesos-en-su-colecta-nacional\/","name":"Caritas Chile agradece cifra r\u00e9cord de 100 millones de pesos en su colecta nacional - Obispado San Marcos de Arica","isPartOf":{"@id":"https:\/\/obispadoarica.cl\/home\/#website"},"primaryImageOfPage":{"@id":"https:\/\/obispadoarica.cl\/home\/caritas-chile-agradece-cifra-record-de-100-millones-de-pesos-en-su-colecta-nacional\/#primaryimage"},"image":{"@id":"https:\/\/obispadoarica.cl\/home\/caritas-chile-agradece-cifra-record-de-100-millones-de-pesos-en-su-colecta-nacional\/#primaryimage"},"thumbnailUrl":"https:\/\/obispadoarica.cl\/home\/wp-content\/uploads\/2023\/11\/caritas-recuadado.jpeg","datePublished":"2023-11-08T15:50:44+00:00","dateModified":"2025-03-09T00:50:02+00:00","author":{"@id":"https:\/\/obispadoarica.cl\/home\/#\/schema\/person\/1a8f4c2a3418412187dff039ecf9d97e"},"breadcrumb":{"@id":"https:\/\/obispadoarica.cl\/home\/caritas-chile-agradece-cifra-record-de-100-millones-de-pesos-en-su-colecta-nacional\/#breadcrumb"},"inLanguage":"es","potentialAction":[{"@type":"ReadAction","target":["https:\/\/obispadoarica.cl\/home\/caritas-chile-agradece-cifra-record-de-100-millones-de-pesos-en-su-colecta-nacional\/"]}]},{"@type":"ImageObject","inLanguage":"es","@id":"https:\/\/obispadoarica.cl\/home\/caritas-chile-agradece-cifra-record-de-100-millones-de-pesos-en-su-colecta-nacional\/#primaryimage","url":"https:\/\/obispadoarica.cl\/home\/wp-content\/uploads\/2023\/11\/caritas-recuadado.jpeg","contentUrl":"https:\/\/obispadoarica.cl\/home\/wp-content\/uploads\/2023\/11\/caritas-recuadado.jpeg","width":1080,"height":1080},{"@type":"BreadcrumbList","@id":"https:\/\/obispadoarica.cl\/home\/caritas-chile-agradece-cifra-record-de-100-millones-de-pesos-en-su-colecta-nacional\/#breadcrumb","itemListElement":[{"@type":"ListItem","position":1,"name":"Portada","item":"https:\/\/obispadoarica.cl\/home\/"},{"@type":"ListItem","position":2,"name":"Caritas Chile agradece cifra r\u00e9cord de 100 millones de pesos en su colecta nacional"}]},{"@type":"WebSite","@id":"https:\/\/obispadoarica.cl\/home\/#website","url":"https:\/\/obispadoarica.cl\/home\/","name":"Obispado San Marcos de Arica","description":"Di\u00f3cesis San Marcos de Arica","potentialAction":[{"@type":"SearchAction","target":{"@type":"EntryPoint","urlTemplate":"https:\/\/obispadoarica.cl\/home\/?s={search_term_string}"},"query-input":{"@type":"PropertyValueSpecification","valueRequired":true,"valueName":"search_term_string"}}],"inLanguage":"es"},{"@type":"Person","@id":"https:\/\/obispadoarica.cl\/home\/#\/schema\/person\/1a8f4c2a3418412187dff039ecf9d97e","name":"Obispado de Arica","image":{"@type":"ImageObject","inLanguage":"es","@id":"https:\/\/obispadoarica.cl\/home\/#\/schema\/person\/image\/","url":"https:\/\/secure.gravatar.com\/avatar\/c75d5ceafb11502016ed664658884b0b1b183fa6f96260878f47ac58f950c8d9?s=96&d=mm&r=g","contentUrl":"https:\/\/secure.gravatar.com\/avatar\/c75d5ceafb11502016ed664658884b0b1b183fa6f96260878f47ac58f950c8d9?s=96&d=mm&r=g","caption":"Obispado de Arica"},"url":"https:\/\/obispadoarica.cl\/home\/author\/c1300590\/"}]}},"_links":{"self":[{"href":"https:\/\/obispadoarica.cl\/home\/wp-json\/wp\/v2\/posts\/2055","targetHints":{"allow":["GET"]}}],"collection":[{"href":"https:\/\/obispadoarica.cl\/home\/wp-json\/wp\/v2\/posts"}],"about":[{"href":"https:\/\/obispadoarica.cl\/home\/wp-json\/wp\/v2\/types\/post"}],"author":[{"embeddable":true,"href":"https:\/\/obispadoarica.cl\/home\/wp-json\/wp\/v2\/users\/2"}],"replies":[{"embeddable":true,"href":"https:\/\/obispadoarica.cl\/home\/wp-json\/wp\/v2\/comments?post=2055"}],"version-history":[{"count":1,"href":"https:\/\/obispadoarica.cl\/home\/wp-json\/wp\/v2\/posts\/2055\/revisions"}],"predecessor-version":[{"id":2057,"href":"https:\/\/obispadoarica.cl\/home\/wp-json\/wp\/v2\/posts\/2055\/revisions\/2057"}],"wp:featuredmedia":[{"embeddable":true,"href":"https:\/\/obispadoarica.cl\/home\/wp-json\/wp\/v2\/media\/2056"}],"wp:attachment":[{"href":"https:\/\/obispadoarica.cl\/home\/wp-json\/wp\/v2\/media?parent=2055"}],"wp:term":[{"taxonomy":"category","embeddable":true,"href":"https:\/\/obispadoarica.cl\/home\/wp-json\/wp\/v2\/categories?post=2055"},{"taxonomy":"post_tag","embeddable":true,"href":"https:\/\/obispadoarica.cl\/home\/wp-json\/wp\/v2\/tags?post=2055"}],"curies":[{"name":"wp","href":"https:\/\/api.w.org\/{rel}","templated":true}]}}