{"id":2061,"date":"2023-11-14T12:01:08","date_gmt":"2023-11-14T16:01:08","guid":{"rendered":"https:\/\/obispadoarica.cl\/home\/?p=2061"},"modified":"2025-03-08T20:50:02","modified_gmt":"2025-03-09T00:50:02","slug":"el-papa-la-diferencia-entre-la-sabiduria-y-la-necedad-esta-en-el-cuidado-de-la-vida-interior","status":"publish","type":"post","link":"https:\/\/obispadoarica.cl\/home\/el-papa-la-diferencia-entre-la-sabiduria-y-la-necedad-esta-en-el-cuidado-de-la-vida-interior\/","title":{"rendered":"El Papa: La diferencia entre la sabidur\u00eda y la necedad est\u00e1 en el cuidado de la vida interior"},"content":{"rendered":"\n\n\n<p><em>En su reflexi\u00f3n antes del \u00c1ngelus de este domingo 12 de noviembre, Francisco invita a renunciar al tiempo pasado delante de la pantalla del tel\u00e9fono para mirar la luz en los ojos de los dem\u00e1s, en el propio coraz\u00f3n, en la mirada de Dios hacia nosotros.<\/em><\/p>\n\n\n\n<p>La diferencia entre la sabidur\u00eda y la necedad centra la alocuci\u00f3n del Papa antes del \u00c1ngelus de este domingo. Ante los fieles y peregrinos presentes en una Plaza de San Pedro sumergida en un gris oto\u00f1al, Francisco habla de la preparaci\u00f3n y el cuidado de la vida interior, que implica abandonar las apariencias, mirarnos a nosotros mismos y detenernos a escuchar el coraz\u00f3n, atender los pensamientos y los sentimientos.<\/p>\n\n\n\n<p><strong>La diferencia entre la sabidur\u00eda y la necedad<\/strong><br>Inspirado en el Evangelio de hoy que propone la par\u00e1bola de las diez v\u00edrgenes, llamadas a salir al encuentro del esposo (cf. Mt 25,1-13), el Pont\u00edfice habla del sentido de la vida, que es \u201cuna gran preparaci\u00f3n\u201d para cuando seremos llamados a salir al encuentro con Jes\u00fas. Y justamente en la par\u00e1bola se plasma la diferencia entre la sabidur\u00eda y la necedad, de esas diez v\u00edrgenes, cinco son prudentes y cinco necias.<\/p>\n\n\n\n<p>\u201cTodas esas damas de honor est\u00e1n all\u00ed para acoger al esposo, es decir, quieren encontrarse con \u00e9l, como tambi\u00e9n nosotros deseamos una feliz realizaci\u00f3n de la vida: la diferencia entre la sabidur\u00eda y la necedad no est\u00e1, pues, en la buena voluntad. Tampoco radica en la prontitud con la que llegan al encuentro: todas est\u00e1n all\u00ed con sus l\u00e1mparas, a la espera. La diferencia entre las sabias y las necias es otra: la preparaci\u00f3n\u201d.<\/p>\n\n\n\n<p><strong>El cuidado de la vida interior<\/strong><br>Y esa preparaci\u00f3n en el texto evang\u00e9lico est\u00e1 en la premura con que las sabias \u00abjunto con sus l\u00e1mparas, tomaron tambi\u00e9n aceite\u00bb y las necias, no. Una diferencia que \u2013 afirma el Papa \u2013 est\u00e1 en el aceite, sin el cual las l\u00e1mparas no dan luz.<\/p>\n\n\n\n<p>\u201cNos miramos a nosotros mismos y vemos que nuestra vida corre el mismo riesgo: hoy estamos muy atentos a las apariencias, lo que nos importa es cuidar bien nuestra imagen y dar una buena impresi\u00f3n ante los dem\u00e1s. Pero Jes\u00fas dice que la sabidur\u00eda de la vida est\u00e1 en otra dimensi\u00f3n: en cuidar lo que no se ve, pero que es m\u00e1s importante, porque est\u00e1 dentro de nosotros. Es el cuidado de la vida interior\u201d.<\/p>\n\n\n\n<p><strong>Dar espacio a Dios<\/strong><br>Francisco explica que el cuidado de la vida interior implica detenerse a escuchar al coraz\u00f3n, atender los pensamientos y sentimientos.<\/p>\n\n\n\n<p>\u201cSignifica saber dar espacio al silencio, para ser capaces de escuchar. Significa saber renunciar al tiempo pasado delante de la pantalla del tel\u00e9fono para mirar la luz en los ojos de los dem\u00e1s, en el propio coraz\u00f3n, en la mirada de Dios hacia nosotros. Significa, sobre todo para quienes desempe\u00f1an un rol en la Iglesia, no dejarse atrapar por el activismo, sino dedicar tiempo al Se\u00f1or, a la escucha de su Palabra, a la adoraci\u00f3n\u201d.<\/p>\n\n\n\n<p><strong>Preparar el aceite del alma<\/strong><br>El Santo Padre recuerda que es el mismo Evangelio el que propone la preparaci\u00f3n como la clave para no descuidar el aceite de la vida interior, \u00abel aceite del alma\u00bb. De hecho, Francisco refiere que las v\u00edrgenes, si bien tienen las l\u00e1mparas, las deben preparar, comprar el aceite, colocarlo en las l\u00e1mparas, y los mismo, nos dice, debemos hacer nosotros.<\/p>\n\n\n\n<p>\u201cLa vida interior no se improvisa, no es una cuesti\u00f3n de un momento, de vez en cuando, de una vez para siempre; hay que prepararla dedicando un poco de tiempo cada d\u00eda, con constancia, como se hace para cada cosa importante\u201d.<\/p>\n\n\n\n<p>Como siempre, el Papa concluye el \u00c1ngelus con una invitaci\u00f3n a reflexionar, esta vez, para saber c\u00f3mo est\u00e1 el aceite de nuestras almas, si lo alimentamos y conservamos, o si distra\u00eddos en la cotidianidad de la vida \u201cintentando ahorrar algo\u201d, \u201cpensando en una casa o en un coche nuevo o en proyectos concretos\u201d, no estamos dedicando tiempo \u201cal coraz\u00f3n, a la oraci\u00f3n, al servicio a los dem\u00e1s, al Se\u00f1or que es la meta de la vida\u201d. Y as\u00ed, el Pont\u00edfice encomend\u00f3 a la Virgen a que nos ayude a custodiar el aceite de la vida interior.<\/p>\n\n\n\n<p><strong>Fuente:<\/strong><a href=\"https:\/\/www.vaticannews.va\/es\/papa\/news\/2023-11\/angelus-papa-cuidado-de-la-vida-interior-sabiduria-y-necesada.html\" target=\"_blank\" rel=\"noreferrer noopener\">Vatican News<\/a><br><em>Ciudad del Vaticano, 13-11-2023<\/em><br>Link Ref: <a href=\"https:\/\/iglesia.cl\/46495-el-papa-la-diferencia-entre-la-sabiduria-y-la-necedad-esta-en-el-cuidado-de-la-vida-interior.html\">iglesia.cl\/<\/a><\/p>\n\n\n\n<p><\/p>\n\n\n\n<figure class=\"wp-block-embed is-type-video is-provider-youtube wp-block-embed-youtube wp-embed-aspect-16-9 wp-has-aspect-ratio\"><div class=\"wp-block-embed__wrapper\">\n<iframe title=\"\u00c1ngelus, 12 de noviembre de 2023, Papa Francisco\" width=\"1020\" height=\"574\" src=\"https:\/\/www.youtube.com\/embed\/-y3LtMoEneI?feature=oembed\" frameborder=\"0\" allow=\"accelerometer; autoplay; clipboard-write; encrypted-media; gyroscope; picture-in-picture; web-share\" allowfullscreen><\/iframe>\n<\/div><\/figure>\n\n\n\n<p><\/p>\n","protected":false},"excerpt":{"rendered":"<p>En su reflexi\u00f3n antes del \u00c1ngelus de este domingo 12 de noviembre, Francisco invita a renunciar al tiempo pasado delante de la pantalla del tel\u00e9fono para mirar la luz en los ojos de los dem\u00e1s, en el propio coraz\u00f3n, en la mirada de Dios hacia nosotros. La diferencia entre la sabidur\u00eda y la necedad centra [&#8230;]\n","protected":false},"author":2,"featured_media":2062,"comment_status":"closed","ping_status":"closed","sticky":false,"template":"","format":"standard","meta":{"footnotes":""},"categories":[7],"tags":[],"class_list":["post-2061","post","type-post","status-publish","format-standard","has-post-thumbnail","hentry","category-noticias"],"yoast_head":"<!-- This site is optimized with the Yoast SEO plugin v24.6 - https:\/\/yoast.com\/wordpress\/plugins\/seo\/ -->\n<title>El Papa: La diferencia entre la sabidur\u00eda y la necedad est\u00e1 en el cuidado de la vida interior - Obispado San Marcos de Arica<\/title>\n<meta name=\"robots\" content=\"index, follow, max-snippet:-1, max-image-preview:large, max-video-preview:-1\" \/>\n<link rel=\"canonical\" href=\"https:\/\/obispadoarica.cl\/home\/el-papa-la-diferencia-entre-la-sabiduria-y-la-necedad-esta-en-el-cuidado-de-la-vida-interior\/\" \/>\n<meta property=\"og:locale\" content=\"es_ES\" \/>\n<meta property=\"og:type\" content=\"article\" \/>\n<meta property=\"og:title\" content=\"El Papa: La diferencia entre la sabidur\u00eda y la necedad est\u00e1 en el cuidado de la vida interior - Obispado San Marcos de Arica\" \/>\n<meta property=\"og:description\" content=\"En su reflexi\u00f3n antes del \u00c1ngelus de este domingo 12 de noviembre, Francisco invita a renunciar al tiempo pasado delante de la pantalla del tel\u00e9fono para mirar la luz en los ojos de los dem\u00e1s, en el propio coraz\u00f3n, en la mirada de Dios hacia nosotros. La diferencia entre la sabidur\u00eda y la necedad centra [...]\" \/>\n<meta property=\"og:url\" content=\"https:\/\/obispadoarica.cl\/home\/el-papa-la-diferencia-entre-la-sabiduria-y-la-necedad-esta-en-el-cuidado-de-la-vida-interior\/\" \/>\n<meta property=\"og:site_name\" content=\"Obispado San Marcos de Arica\" \/>\n<meta property=\"article:published_time\" content=\"2023-11-14T16:01:08+00:00\" \/>\n<meta property=\"article:modified_time\" content=\"2025-03-09T00:50:02+00:00\" \/>\n<meta property=\"og:image\" content=\"https:\/\/obispadoarica.cl\/home\/wp-content\/uploads\/2023\/11\/papa_ref_iglesia.jpeg\" \/>\n\t<meta property=\"og:image:width\" content=\"800\" \/>\n\t<meta property=\"og:image:height\" content=\"533\" \/>\n\t<meta property=\"og:image:type\" content=\"image\/jpeg\" \/>\n<meta name=\"author\" content=\"Obispado de Arica\" \/>\n<meta name=\"twitter:card\" content=\"summary_large_image\" \/>\n<meta name=\"twitter:label1\" content=\"Escrito por\" \/>\n\t<meta name=\"twitter:data1\" content=\"Obispado de Arica\" \/>\n\t<meta name=\"twitter:label2\" content=\"Tiempo de lectura\" \/>\n\t<meta name=\"twitter:data2\" content=\"4 minutos\" \/>\n<script type=\"application\/ld+json\" class=\"yoast-schema-graph\">{\"@context\":\"https:\/\/schema.org\",\"@graph\":[{\"@type\":\"WebPage\",\"@id\":\"https:\/\/obispadoarica.cl\/home\/el-papa-la-diferencia-entre-la-sabiduria-y-la-necedad-esta-en-el-cuidado-de-la-vida-interior\/\",\"url\":\"https:\/\/obispadoarica.cl\/home\/el-papa-la-diferencia-entre-la-sabiduria-y-la-necedad-esta-en-el-cuidado-de-la-vida-interior\/\",\"name\":\"El Papa: La diferencia entre la sabidur\u00eda y la necedad est\u00e1 en el cuidado de la vida interior - Obispado San Marcos de Arica\",\"isPartOf\":{\"@id\":\"https:\/\/obispadoarica.cl\/home\/#website\"},\"primaryImageOfPage\":{\"@id\":\"https:\/\/obispadoarica.cl\/home\/el-papa-la-diferencia-entre-la-sabiduria-y-la-necedad-esta-en-el-cuidado-de-la-vida-interior\/#primaryimage\"},\"image\":{\"@id\":\"https:\/\/obispadoarica.cl\/home\/el-papa-la-diferencia-entre-la-sabiduria-y-la-necedad-esta-en-el-cuidado-de-la-vida-interior\/#primaryimage\"},\"thumbnailUrl\":\"https:\/\/obispadoarica.cl\/home\/wp-content\/uploads\/2023\/11\/papa_ref_iglesia.jpeg\",\"datePublished\":\"2023-11-14T16:01:08+00:00\",\"dateModified\":\"2025-03-09T00:50:02+00:00\",\"author\":{\"@id\":\"https:\/\/obispadoarica.cl\/home\/#\/schema\/person\/1a8f4c2a3418412187dff039ecf9d97e\"},\"breadcrumb\":{\"@id\":\"https:\/\/obispadoarica.cl\/home\/el-papa-la-diferencia-entre-la-sabiduria-y-la-necedad-esta-en-el-cuidado-de-la-vida-interior\/#breadcrumb\"},\"inLanguage\":\"es\",\"potentialAction\":[{\"@type\":\"ReadAction\",\"target\":[\"https:\/\/obispadoarica.cl\/home\/el-papa-la-diferencia-entre-la-sabiduria-y-la-necedad-esta-en-el-cuidado-de-la-vida-interior\/\"]}]},{\"@type\":\"ImageObject\",\"inLanguage\":\"es\",\"@id\":\"https:\/\/obispadoarica.cl\/home\/el-papa-la-diferencia-entre-la-sabiduria-y-la-necedad-esta-en-el-cuidado-de-la-vida-interior\/#primaryimage\",\"url\":\"https:\/\/obispadoarica.cl\/home\/wp-content\/uploads\/2023\/11\/papa_ref_iglesia.jpeg\",\"contentUrl\":\"https:\/\/obispadoarica.cl\/home\/wp-content\/uploads\/2023\/11\/papa_ref_iglesia.jpeg\",\"width\":800,\"height\":533},{\"@type\":\"BreadcrumbList\",\"@id\":\"https:\/\/obispadoarica.cl\/home\/el-papa-la-diferencia-entre-la-sabiduria-y-la-necedad-esta-en-el-cuidado-de-la-vida-interior\/#breadcrumb\",\"itemListElement\":[{\"@type\":\"ListItem\",\"position\":1,\"name\":\"Portada\",\"item\":\"https:\/\/obispadoarica.cl\/home\/\"},{\"@type\":\"ListItem\",\"position\":2,\"name\":\"El Papa: La diferencia entre la sabidur\u00eda y la necedad est\u00e1 en el cuidado de la vida interior\"}]},{\"@type\":\"WebSite\",\"@id\":\"https:\/\/obispadoarica.cl\/home\/#website\",\"url\":\"https:\/\/obispadoarica.cl\/home\/\",\"name\":\"Obispado San Marcos de Arica\",\"description\":\"Di\u00f3cesis San Marcos de Arica\",\"potentialAction\":[{\"@type\":\"SearchAction\",\"target\":{\"@type\":\"EntryPoint\",\"urlTemplate\":\"https:\/\/obispadoarica.cl\/home\/?s={search_term_string}\"},\"query-input\":{\"@type\":\"PropertyValueSpecification\",\"valueRequired\":true,\"valueName\":\"search_term_string\"}}],\"inLanguage\":\"es\"},{\"@type\":\"Person\",\"@id\":\"https:\/\/obispadoarica.cl\/home\/#\/schema\/person\/1a8f4c2a3418412187dff039ecf9d97e\",\"name\":\"Obispado de Arica\",\"image\":{\"@type\":\"ImageObject\",\"inLanguage\":\"es\",\"@id\":\"https:\/\/obispadoarica.cl\/home\/#\/schema\/person\/image\/\",\"url\":\"https:\/\/secure.gravatar.com\/avatar\/c75d5ceafb11502016ed664658884b0b1b183fa6f96260878f47ac58f950c8d9?s=96&d=mm&r=g\",\"contentUrl\":\"https:\/\/secure.gravatar.com\/avatar\/c75d5ceafb11502016ed664658884b0b1b183fa6f96260878f47ac58f950c8d9?s=96&d=mm&r=g\",\"caption\":\"Obispado de Arica\"},\"url\":\"https:\/\/obispadoarica.cl\/home\/author\/c1300590\/\"}]}<\/script>\n<!-- \/ Yoast SEO plugin. -->","yoast_head_json":{"title":"El Papa: La diferencia entre la sabidur\u00eda y la necedad est\u00e1 en el cuidado de la vida interior - Obispado San Marcos de Arica","robots":{"index":"index","follow":"follow","max-snippet":"max-snippet:-1","max-image-preview":"max-image-preview:large","max-video-preview":"max-video-preview:-1"},"canonical":"https:\/\/obispadoarica.cl\/home\/el-papa-la-diferencia-entre-la-sabiduria-y-la-necedad-esta-en-el-cuidado-de-la-vida-interior\/","og_locale":"es_ES","og_type":"article","og_title":"El Papa: La diferencia entre la sabidur\u00eda y la necedad est\u00e1 en el cuidado de la vida interior - Obispado San Marcos de Arica","og_description":"En su reflexi\u00f3n antes del \u00c1ngelus de este domingo 12 de noviembre, Francisco invita a renunciar al tiempo pasado delante de la pantalla del tel\u00e9fono para mirar la luz en los ojos de los dem\u00e1s, en el propio coraz\u00f3n, en la mirada de Dios hacia nosotros. La diferencia entre la sabidur\u00eda y la necedad centra [...]","og_url":"https:\/\/obispadoarica.cl\/home\/el-papa-la-diferencia-entre-la-sabiduria-y-la-necedad-esta-en-el-cuidado-de-la-vida-interior\/","og_site_name":"Obispado San Marcos de Arica","article_published_time":"2023-11-14T16:01:08+00:00","article_modified_time":"2025-03-09T00:50:02+00:00","og_image":[{"width":800,"height":533,"url":"https:\/\/obispadoarica.cl\/home\/wp-content\/uploads\/2023\/11\/papa_ref_iglesia.jpeg","type":"image\/jpeg"}],"author":"Obispado de Arica","twitter_card":"summary_large_image","twitter_misc":{"Escrito por":"Obispado de Arica","Tiempo de lectura":"4 minutos"},"schema":{"@context":"https:\/\/schema.org","@graph":[{"@type":"WebPage","@id":"https:\/\/obispadoarica.cl\/home\/el-papa-la-diferencia-entre-la-sabiduria-y-la-necedad-esta-en-el-cuidado-de-la-vida-interior\/","url":"https:\/\/obispadoarica.cl\/home\/el-papa-la-diferencia-entre-la-sabiduria-y-la-necedad-esta-en-el-cuidado-de-la-vida-interior\/","name":"El Papa: La diferencia entre la sabidur\u00eda y la necedad est\u00e1 en el cuidado de la vida interior - Obispado San Marcos de Arica","isPartOf":{"@id":"https:\/\/obispadoarica.cl\/home\/#website"},"primaryImageOfPage":{"@id":"https:\/\/obispadoarica.cl\/home\/el-papa-la-diferencia-entre-la-sabiduria-y-la-necedad-esta-en-el-cuidado-de-la-vida-interior\/#primaryimage"},"image":{"@id":"https:\/\/obispadoarica.cl\/home\/el-papa-la-diferencia-entre-la-sabiduria-y-la-necedad-esta-en-el-cuidado-de-la-vida-interior\/#primaryimage"},"thumbnailUrl":"https:\/\/obispadoarica.cl\/home\/wp-content\/uploads\/2023\/11\/papa_ref_iglesia.jpeg","datePublished":"2023-11-14T16:01:08+00:00","dateModified":"2025-03-09T00:50:02+00:00","author":{"@id":"https:\/\/obispadoarica.cl\/home\/#\/schema\/person\/1a8f4c2a3418412187dff039ecf9d97e"},"breadcrumb":{"@id":"https:\/\/obispadoarica.cl\/home\/el-papa-la-diferencia-entre-la-sabiduria-y-la-necedad-esta-en-el-cuidado-de-la-vida-interior\/#breadcrumb"},"inLanguage":"es","potentialAction":[{"@type":"ReadAction","target":["https:\/\/obispadoarica.cl\/home\/el-papa-la-diferencia-entre-la-sabiduria-y-la-necedad-esta-en-el-cuidado-de-la-vida-interior\/"]}]},{"@type":"ImageObject","inLanguage":"es","@id":"https:\/\/obispadoarica.cl\/home\/el-papa-la-diferencia-entre-la-sabiduria-y-la-necedad-esta-en-el-cuidado-de-la-vida-interior\/#primaryimage","url":"https:\/\/obispadoarica.cl\/home\/wp-content\/uploads\/2023\/11\/papa_ref_iglesia.jpeg","contentUrl":"https:\/\/obispadoarica.cl\/home\/wp-content\/uploads\/2023\/11\/papa_ref_iglesia.jpeg","width":800,"height":533},{"@type":"BreadcrumbList","@id":"https:\/\/obispadoarica.cl\/home\/el-papa-la-diferencia-entre-la-sabiduria-y-la-necedad-esta-en-el-cuidado-de-la-vida-interior\/#breadcrumb","itemListElement":[{"@type":"ListItem","position":1,"name":"Portada","item":"https:\/\/obispadoarica.cl\/home\/"},{"@type":"ListItem","position":2,"name":"El Papa: La diferencia entre la sabidur\u00eda y la necedad est\u00e1 en el cuidado de la vida interior"}]},{"@type":"WebSite","@id":"https:\/\/obispadoarica.cl\/home\/#website","url":"https:\/\/obispadoarica.cl\/home\/","name":"Obispado San Marcos de Arica","description":"Di\u00f3cesis San Marcos de Arica","potentialAction":[{"@type":"SearchAction","target":{"@type":"EntryPoint","urlTemplate":"https:\/\/obispadoarica.cl\/home\/?s={search_term_string}"},"query-input":{"@type":"PropertyValueSpecification","valueRequired":true,"valueName":"search_term_string"}}],"inLanguage":"es"},{"@type":"Person","@id":"https:\/\/obispadoarica.cl\/home\/#\/schema\/person\/1a8f4c2a3418412187dff039ecf9d97e","name":"Obispado de Arica","image":{"@type":"ImageObject","inLanguage":"es","@id":"https:\/\/obispadoarica.cl\/home\/#\/schema\/person\/image\/","url":"https:\/\/secure.gravatar.com\/avatar\/c75d5ceafb11502016ed664658884b0b1b183fa6f96260878f47ac58f950c8d9?s=96&d=mm&r=g","contentUrl":"https:\/\/secure.gravatar.com\/avatar\/c75d5ceafb11502016ed664658884b0b1b183fa6f96260878f47ac58f950c8d9?s=96&d=mm&r=g","caption":"Obispado de Arica"},"url":"https:\/\/obispadoarica.cl\/home\/author\/c1300590\/"}]}},"_links":{"self":[{"href":"https:\/\/obispadoarica.cl\/home\/wp-json\/wp\/v2\/posts\/2061","targetHints":{"allow":["GET"]}}],"collection":[{"href":"https:\/\/obispadoarica.cl\/home\/wp-json\/wp\/v2\/posts"}],"about":[{"href":"https:\/\/obispadoarica.cl\/home\/wp-json\/wp\/v2\/types\/post"}],"author":[{"embeddable":true,"href":"https:\/\/obispadoarica.cl\/home\/wp-json\/wp\/v2\/users\/2"}],"replies":[{"embeddable":true,"href":"https:\/\/obispadoarica.cl\/home\/wp-json\/wp\/v2\/comments?post=2061"}],"version-history":[{"count":1,"href":"https:\/\/obispadoarica.cl\/home\/wp-json\/wp\/v2\/posts\/2061\/revisions"}],"predecessor-version":[{"id":2063,"href":"https:\/\/obispadoarica.cl\/home\/wp-json\/wp\/v2\/posts\/2061\/revisions\/2063"}],"wp:featuredmedia":[{"embeddable":true,"href":"https:\/\/obispadoarica.cl\/home\/wp-json\/wp\/v2\/media\/2062"}],"wp:attachment":[{"href":"https:\/\/obispadoarica.cl\/home\/wp-json\/wp\/v2\/media?parent=2061"}],"wp:term":[{"taxonomy":"category","embeddable":true,"href":"https:\/\/obispadoarica.cl\/home\/wp-json\/wp\/v2\/categories?post=2061"},{"taxonomy":"post_tag","embeddable":true,"href":"https:\/\/obispadoarica.cl\/home\/wp-json\/wp\/v2\/tags?post=2061"}],"curies":[{"name":"wp","href":"https:\/\/api.w.org\/{rel}","templated":true}]}}