{"id":2069,"date":"2023-11-17T18:04:10","date_gmt":"2023-11-17T22:04:10","guid":{"rendered":"https:\/\/obispadoarica.cl\/home\/?p=2069"},"modified":"2025-03-08T20:50:02","modified_gmt":"2025-03-09T00:50:02","slug":"obispos-llaman-a-animar-la-esperanza-ante-los-complejos-momentos-que-vive-chile-y-el-mundo","status":"publish","type":"post","link":"https:\/\/obispadoarica.cl\/home\/obispos-llaman-a-animar-la-esperanza-ante-los-complejos-momentos-que-vive-chile-y-el-mundo\/","title":{"rendered":"Obispos llaman a animar la esperanza ante los complejos momentos que vive Chile y el mundo"},"content":{"rendered":"\n\n\n<p><em>En el mensaje conclusivo de la 128\u00aa Asamblea Plenaria, los obispos de la Conferencia Episcopal abordan diversos temas de la contingencia social y eclesial de Chile y el mundo.<\/em><\/p>\n\n\n\n<p>En su declaraci\u00f3n, el Episcopado reunido durante esta semana en la casa de retiros \u201cAlvernia\u201d de la Orden Franciscana en San Francisco de Mostazal, se refieren a la corrupci\u00f3n, la violencia y criminalidad; llamando a fortalecer el tejido social.<br>Ante la propuesta de Constituci\u00f3n se\u00f1alan que es tiempo de acuerdos y no divisiones, llamando a participar y votar discerniendo en conciencia. Tambi\u00e9n animan a imaginar un futuro diferente para la Iglesia y el mundo, al hacer ecos del S\u00ednodo sobre la sinodalidad, la reciente exhortaci\u00f3n del papa ante la crisis clim\u00e1tica y la primera Jornada Nacional de la Juventud. Dirigen sus oraciones por Tierra Santa pidiendo fin a la espiral de terror y sufrimiento.<\/p>\n\n\n\n<p><strong>Animar la esperanza y fortalecer el tejido social<\/strong><br>En el primer punto de su mensaje, los pastores manifiestan su preocupaci\u00f3n ante las situaciones de corrupci\u00f3n y el aumento de la violencia y la criminalidad, enfatizando que \u201cJunto con combatir con decisi\u00f3n el delito, es indispensable animar la esperanza, fortalecer el tejido social, atender a la calidad de vida y a la reparaci\u00f3n del da\u00f1o que el narcotr\u00e1fico y la pobreza producen en tantos ni\u00f1os, ni\u00f1as, j\u00f3venes y familias de nuestro pa\u00eds\u201d agregando que desde \u201cnuestras comunidades cristianas, y en colaboraci\u00f3n con otras organizaciones sociales, queremos contribuir a enfrentar este urgente desaf\u00edo, expresando ese compromiso de fe y solidaridad que tantas veces los grupos de Iglesia saben mostrar ante las necesidades de los dem\u00e1s\u201d<\/p>\n\n\n\n<p><strong>Ante la Propuesta de Constituci\u00f3n: discernir y votar en conciencia<\/strong><br>Ante el plebiscito de diciembre, los obispos se\u00f1alan que buscan colaborar en la construcci\u00f3n de puentes de encuentro y di\u00e1logo entre los diversos sectores de la sociedad que priorizan el bien com\u00fan. \u201cReiteramos que es tiempo de acuerdos, no de divisiones y confiamos que participen activamente todos quienes deben votar\u201d, afirma el Episcopado, anticipando que en los pr\u00f3ximos d\u00edas entregaran un documento para el discernimiento de las comunidades.<\/p>\n\n\n\n<p><strong>S\u00ednodo Sinodalidad: Fortalecer procesos de escucha y di\u00e1logo comunitario<\/strong><br>Respecto del S\u00ednodo convocado por Francisco se destaca la participaron mujeres y laicos con voz y voto, valorando se experiment\u00f3 sed de unidad. \u201cNos damos, as\u00ed, la oportunidad de imaginar un futuro diferente para la Iglesia y fortaleceremos los procesos de escucha, de di\u00e1logo y de discernimiento comunitario que venimos desarrollando, en los que todos y cada uno puedan participar y contribuir\u201d, afirman.<\/p>\n\n\n\n<p><strong>Alegr\u00eda ante la primera Jornada Nacional de la Juventud<\/strong><br>Sobre el in\u00e9dito encuentro que se desarrollar\u00e1 en enero de 2025 en La Serena, los obispos anhelan que los j\u00f3venes que participen \u201canimados por el Esp\u00edritu ayuden a renovar la Iglesia y construyan un pa\u00eds m\u00e1s justo y solidario, cuidando la casa com\u00fan, abrazando a los pobres y marginados siendo testigos del amor de Dios\u201d.<\/p>\n\n\n\n<p><strong>Frente a crisis clim\u00e1tica: La vida humana es insostenible sin las dem\u00e1s criaturas<\/strong><br>Como un mensaje prof\u00e9tico catalogan los obispos la reciente Exhortaci\u00f3n \u201cLaudate deum\u201d del papa, afirmando que \u201cla vida humana no se puede comprender ni sostener sin las dem\u00e1s criaturas\u201d uni\u00e9ndose a la advertencia que el mundo se va acercando a un punto de quiebre.<\/p>\n\n\n\n<p><strong>Fin a la espiral de terror y sufrimiento en Tierra Santa<\/strong><br>\u201cMiramos con misericordia la tierra que fue el hogar terrenal de Jes\u00fas. Dirigimos nuestras oraciones a Dios por las v\u00edctimas, as\u00ed como a sus familias y comunidades\u201d expresan los pastores, a\u00f1adiendo: \u201cPedimos el fin de la espiral de terror y sufrimiento de la guerra en Tierra Santa, en Oriente Medio, en Ucrania y en tantos conflictos olvidados, que viven horas de terror y angustia. \u00a1Que la paz y la justicia florezcan de nuevo en todos estos lugares!\u201d.<\/p>\n\n\n\n<p>Al concluir sus palabras, los obispos se\u00f1alan que en este tiempo dedicado a nuestra Madre, la&nbsp;<strong>Virgen Mar\u00eda<\/strong>, sea oportunidad para que ella nos acompa\u00f1e y proteja, asumiendo con confianza su llamado: \u201cHagan lo que \u00c9l les diga\u201d (Jn 2,5).<\/p>\n\n\n\n<p><strong>Fuente: Conferencia Episcopal de Chile<\/strong><br><em>San Francisco de Mostazal, 17-11-2023<\/em><\/p>\n\n\n\n<figure class=\"wp-block-embed is-type-video is-provider-youtube wp-block-embed-youtube wp-embed-aspect-16-9 wp-has-aspect-ratio\"><div class=\"wp-block-embed__wrapper\">\n<iframe title=\"Mensaje conclusivo de la 128\u00aa Asamblea Plenaria de la Conferencia Episcopal de Chile\" width=\"1020\" height=\"574\" src=\"https:\/\/www.youtube.com\/embed\/Bfgn8RTSouw?feature=oembed\" frameborder=\"0\" allow=\"accelerometer; autoplay; clipboard-write; encrypted-media; gyroscope; picture-in-picture; web-share\" allowfullscreen><\/iframe>\n<\/div><\/figure>\n\n\n\n<p><strong><em>Documentos Adjuntos:<\/em><\/strong><\/p>\n\n\n<div class=\"_df_book df-lite\" id=\"df_2070\"  _slug=\"hagan-lo-que-el-les-diga\" data-title=\"hagan-lo-que-el-les-diga\" wpoptions=\"true\" thumbtype=\"\" ><\/div><script class=\"df-shortcode-script\" nowprocket type=\"application\/javascript\">window.option_df_2070 = {\"outline\":[],\"autoEnableOutline\":\"false\",\"autoEnableThumbnail\":\"false\",\"overwritePDFOutline\":\"false\",\"direction\":\"1\",\"pageSize\":\"0\",\"source\":\"https:\\\/\\\/obispadoarica.cl\\\/home\\\/wp-content\\\/uploads\\\/2023\\\/11\\\/hagan-lo-que-el-les-diga.pdf\",\"wpOptions\":\"true\"}; if(window.DFLIP && window.DFLIP.parseBooks){window.DFLIP.parseBooks();}<\/script>\n","protected":false},"excerpt":{"rendered":"<p>En el mensaje conclusivo de la 128\u00aa Asamblea Plenaria, los obispos de la Conferencia Episcopal abordan diversos temas de la contingencia social y eclesial de Chile y el mundo. En su declaraci\u00f3n, el Episcopado reunido durante esta semana en la casa de retiros \u201cAlvernia\u201d de la Orden Franciscana en San Francisco de Mostazal, se refieren [&#8230;]\n","protected":false},"author":2,"featured_media":2074,"comment_status":"closed","ping_status":"closed","sticky":false,"template":"","format":"standard","meta":{"footnotes":""},"categories":[7],"tags":[],"class_list":["post-2069","post","type-post","status-publish","format-standard","has-post-thumbnail","hentry","category-noticias"],"yoast_head":"<!-- This site is optimized with the Yoast SEO plugin v24.6 - https:\/\/yoast.com\/wordpress\/plugins\/seo\/ -->\n<title>Obispos llaman a animar la esperanza ante los complejos momentos que vive Chile y el mundo - Obispado San Marcos de Arica<\/title>\n<meta name=\"robots\" content=\"index, follow, max-snippet:-1, max-image-preview:large, max-video-preview:-1\" \/>\n<link rel=\"canonical\" href=\"https:\/\/obispadoarica.cl\/home\/obispos-llaman-a-animar-la-esperanza-ante-los-complejos-momentos-que-vive-chile-y-el-mundo\/\" \/>\n<meta property=\"og:locale\" content=\"es_ES\" \/>\n<meta property=\"og:type\" content=\"article\" \/>\n<meta property=\"og:title\" content=\"Obispos llaman a animar la esperanza ante los complejos momentos que vive Chile y el mundo - Obispado San Marcos de Arica\" \/>\n<meta property=\"og:description\" content=\"En el mensaje conclusivo de la 128\u00aa Asamblea Plenaria, los obispos de la Conferencia Episcopal abordan diversos temas de la contingencia social y eclesial de Chile y el mundo. En su declaraci\u00f3n, el Episcopado reunido durante esta semana en la casa de retiros \u201cAlvernia\u201d de la Orden Franciscana en San Francisco de Mostazal, se refieren [...]\" \/>\n<meta property=\"og:url\" content=\"https:\/\/obispadoarica.cl\/home\/obispos-llaman-a-animar-la-esperanza-ante-los-complejos-momentos-que-vive-chile-y-el-mundo\/\" \/>\n<meta property=\"og:site_name\" content=\"Obispado San Marcos de Arica\" \/>\n<meta property=\"article:published_time\" content=\"2023-11-17T22:04:10+00:00\" \/>\n<meta property=\"article:modified_time\" content=\"2025-03-09T00:50:02+00:00\" \/>\n<meta property=\"og:image\" content=\"https:\/\/obispadoarica.cl\/home\/wp-content\/uploads\/2023\/11\/obispos-llaman-a-animar.jpg\" \/>\n\t<meta property=\"og:image:width\" content=\"1000\" \/>\n\t<meta property=\"og:image:height\" content=\"666\" \/>\n\t<meta property=\"og:image:type\" content=\"image\/jpeg\" \/>\n<meta name=\"author\" content=\"Obispado de Arica\" \/>\n<meta name=\"twitter:card\" content=\"summary_large_image\" \/>\n<meta name=\"twitter:label1\" content=\"Escrito por\" \/>\n\t<meta name=\"twitter:data1\" content=\"Obispado de Arica\" \/>\n\t<meta name=\"twitter:label2\" content=\"Tiempo de lectura\" \/>\n\t<meta name=\"twitter:data2\" content=\"4 minutos\" \/>\n<script type=\"application\/ld+json\" class=\"yoast-schema-graph\">{\"@context\":\"https:\/\/schema.org\",\"@graph\":[{\"@type\":\"WebPage\",\"@id\":\"https:\/\/obispadoarica.cl\/home\/obispos-llaman-a-animar-la-esperanza-ante-los-complejos-momentos-que-vive-chile-y-el-mundo\/\",\"url\":\"https:\/\/obispadoarica.cl\/home\/obispos-llaman-a-animar-la-esperanza-ante-los-complejos-momentos-que-vive-chile-y-el-mundo\/\",\"name\":\"Obispos llaman a animar la esperanza ante los complejos momentos que vive Chile y el mundo - Obispado San Marcos de Arica\",\"isPartOf\":{\"@id\":\"https:\/\/obispadoarica.cl\/home\/#website\"},\"primaryImageOfPage\":{\"@id\":\"https:\/\/obispadoarica.cl\/home\/obispos-llaman-a-animar-la-esperanza-ante-los-complejos-momentos-que-vive-chile-y-el-mundo\/#primaryimage\"},\"image\":{\"@id\":\"https:\/\/obispadoarica.cl\/home\/obispos-llaman-a-animar-la-esperanza-ante-los-complejos-momentos-que-vive-chile-y-el-mundo\/#primaryimage\"},\"thumbnailUrl\":\"https:\/\/obispadoarica.cl\/home\/wp-content\/uploads\/2023\/11\/obispos-llaman-a-animar.jpg\",\"datePublished\":\"2023-11-17T22:04:10+00:00\",\"dateModified\":\"2025-03-09T00:50:02+00:00\",\"author\":{\"@id\":\"https:\/\/obispadoarica.cl\/home\/#\/schema\/person\/1a8f4c2a3418412187dff039ecf9d97e\"},\"breadcrumb\":{\"@id\":\"https:\/\/obispadoarica.cl\/home\/obispos-llaman-a-animar-la-esperanza-ante-los-complejos-momentos-que-vive-chile-y-el-mundo\/#breadcrumb\"},\"inLanguage\":\"es\",\"potentialAction\":[{\"@type\":\"ReadAction\",\"target\":[\"https:\/\/obispadoarica.cl\/home\/obispos-llaman-a-animar-la-esperanza-ante-los-complejos-momentos-que-vive-chile-y-el-mundo\/\"]}]},{\"@type\":\"ImageObject\",\"inLanguage\":\"es\",\"@id\":\"https:\/\/obispadoarica.cl\/home\/obispos-llaman-a-animar-la-esperanza-ante-los-complejos-momentos-que-vive-chile-y-el-mundo\/#primaryimage\",\"url\":\"https:\/\/obispadoarica.cl\/home\/wp-content\/uploads\/2023\/11\/obispos-llaman-a-animar.jpg\",\"contentUrl\":\"https:\/\/obispadoarica.cl\/home\/wp-content\/uploads\/2023\/11\/obispos-llaman-a-animar.jpg\",\"width\":1000,\"height\":666},{\"@type\":\"BreadcrumbList\",\"@id\":\"https:\/\/obispadoarica.cl\/home\/obispos-llaman-a-animar-la-esperanza-ante-los-complejos-momentos-que-vive-chile-y-el-mundo\/#breadcrumb\",\"itemListElement\":[{\"@type\":\"ListItem\",\"position\":1,\"name\":\"Portada\",\"item\":\"https:\/\/obispadoarica.cl\/home\/\"},{\"@type\":\"ListItem\",\"position\":2,\"name\":\"Obispos llaman a animar la esperanza ante los complejos momentos que vive Chile y el mundo\"}]},{\"@type\":\"WebSite\",\"@id\":\"https:\/\/obispadoarica.cl\/home\/#website\",\"url\":\"https:\/\/obispadoarica.cl\/home\/\",\"name\":\"Obispado San Marcos de Arica\",\"description\":\"Di\u00f3cesis San Marcos de Arica\",\"potentialAction\":[{\"@type\":\"SearchAction\",\"target\":{\"@type\":\"EntryPoint\",\"urlTemplate\":\"https:\/\/obispadoarica.cl\/home\/?s={search_term_string}\"},\"query-input\":{\"@type\":\"PropertyValueSpecification\",\"valueRequired\":true,\"valueName\":\"search_term_string\"}}],\"inLanguage\":\"es\"},{\"@type\":\"Person\",\"@id\":\"https:\/\/obispadoarica.cl\/home\/#\/schema\/person\/1a8f4c2a3418412187dff039ecf9d97e\",\"name\":\"Obispado de Arica\",\"image\":{\"@type\":\"ImageObject\",\"inLanguage\":\"es\",\"@id\":\"https:\/\/obispadoarica.cl\/home\/#\/schema\/person\/image\/\",\"url\":\"https:\/\/secure.gravatar.com\/avatar\/c75d5ceafb11502016ed664658884b0b1b183fa6f96260878f47ac58f950c8d9?s=96&d=mm&r=g\",\"contentUrl\":\"https:\/\/secure.gravatar.com\/avatar\/c75d5ceafb11502016ed664658884b0b1b183fa6f96260878f47ac58f950c8d9?s=96&d=mm&r=g\",\"caption\":\"Obispado de Arica\"},\"url\":\"https:\/\/obispadoarica.cl\/home\/author\/c1300590\/\"}]}<\/script>\n<!-- \/ Yoast SEO plugin. -->","yoast_head_json":{"title":"Obispos llaman a animar la esperanza ante los complejos momentos que vive Chile y el mundo - Obispado San Marcos de Arica","robots":{"index":"index","follow":"follow","max-snippet":"max-snippet:-1","max-image-preview":"max-image-preview:large","max-video-preview":"max-video-preview:-1"},"canonical":"https:\/\/obispadoarica.cl\/home\/obispos-llaman-a-animar-la-esperanza-ante-los-complejos-momentos-que-vive-chile-y-el-mundo\/","og_locale":"es_ES","og_type":"article","og_title":"Obispos llaman a animar la esperanza ante los complejos momentos que vive Chile y el mundo - Obispado San Marcos de Arica","og_description":"En el mensaje conclusivo de la 128\u00aa Asamblea Plenaria, los obispos de la Conferencia Episcopal abordan diversos temas de la contingencia social y eclesial de Chile y el mundo. En su declaraci\u00f3n, el Episcopado reunido durante esta semana en la casa de retiros \u201cAlvernia\u201d de la Orden Franciscana en San Francisco de Mostazal, se refieren [...]","og_url":"https:\/\/obispadoarica.cl\/home\/obispos-llaman-a-animar-la-esperanza-ante-los-complejos-momentos-que-vive-chile-y-el-mundo\/","og_site_name":"Obispado San Marcos de Arica","article_published_time":"2023-11-17T22:04:10+00:00","article_modified_time":"2025-03-09T00:50:02+00:00","og_image":[{"width":1000,"height":666,"url":"https:\/\/obispadoarica.cl\/home\/wp-content\/uploads\/2023\/11\/obispos-llaman-a-animar.jpg","type":"image\/jpeg"}],"author":"Obispado de Arica","twitter_card":"summary_large_image","twitter_misc":{"Escrito por":"Obispado de Arica","Tiempo de lectura":"4 minutos"},"schema":{"@context":"https:\/\/schema.org","@graph":[{"@type":"WebPage","@id":"https:\/\/obispadoarica.cl\/home\/obispos-llaman-a-animar-la-esperanza-ante-los-complejos-momentos-que-vive-chile-y-el-mundo\/","url":"https:\/\/obispadoarica.cl\/home\/obispos-llaman-a-animar-la-esperanza-ante-los-complejos-momentos-que-vive-chile-y-el-mundo\/","name":"Obispos llaman a animar la esperanza ante los complejos momentos que vive Chile y el mundo - Obispado San Marcos de Arica","isPartOf":{"@id":"https:\/\/obispadoarica.cl\/home\/#website"},"primaryImageOfPage":{"@id":"https:\/\/obispadoarica.cl\/home\/obispos-llaman-a-animar-la-esperanza-ante-los-complejos-momentos-que-vive-chile-y-el-mundo\/#primaryimage"},"image":{"@id":"https:\/\/obispadoarica.cl\/home\/obispos-llaman-a-animar-la-esperanza-ante-los-complejos-momentos-que-vive-chile-y-el-mundo\/#primaryimage"},"thumbnailUrl":"https:\/\/obispadoarica.cl\/home\/wp-content\/uploads\/2023\/11\/obispos-llaman-a-animar.jpg","datePublished":"2023-11-17T22:04:10+00:00","dateModified":"2025-03-09T00:50:02+00:00","author":{"@id":"https:\/\/obispadoarica.cl\/home\/#\/schema\/person\/1a8f4c2a3418412187dff039ecf9d97e"},"breadcrumb":{"@id":"https:\/\/obispadoarica.cl\/home\/obispos-llaman-a-animar-la-esperanza-ante-los-complejos-momentos-que-vive-chile-y-el-mundo\/#breadcrumb"},"inLanguage":"es","potentialAction":[{"@type":"ReadAction","target":["https:\/\/obispadoarica.cl\/home\/obispos-llaman-a-animar-la-esperanza-ante-los-complejos-momentos-que-vive-chile-y-el-mundo\/"]}]},{"@type":"ImageObject","inLanguage":"es","@id":"https:\/\/obispadoarica.cl\/home\/obispos-llaman-a-animar-la-esperanza-ante-los-complejos-momentos-que-vive-chile-y-el-mundo\/#primaryimage","url":"https:\/\/obispadoarica.cl\/home\/wp-content\/uploads\/2023\/11\/obispos-llaman-a-animar.jpg","contentUrl":"https:\/\/obispadoarica.cl\/home\/wp-content\/uploads\/2023\/11\/obispos-llaman-a-animar.jpg","width":1000,"height":666},{"@type":"BreadcrumbList","@id":"https:\/\/obispadoarica.cl\/home\/obispos-llaman-a-animar-la-esperanza-ante-los-complejos-momentos-que-vive-chile-y-el-mundo\/#breadcrumb","itemListElement":[{"@type":"ListItem","position":1,"name":"Portada","item":"https:\/\/obispadoarica.cl\/home\/"},{"@type":"ListItem","position":2,"name":"Obispos llaman a animar la esperanza ante los complejos momentos que vive Chile y el mundo"}]},{"@type":"WebSite","@id":"https:\/\/obispadoarica.cl\/home\/#website","url":"https:\/\/obispadoarica.cl\/home\/","name":"Obispado San Marcos de Arica","description":"Di\u00f3cesis San Marcos de Arica","potentialAction":[{"@type":"SearchAction","target":{"@type":"EntryPoint","urlTemplate":"https:\/\/obispadoarica.cl\/home\/?s={search_term_string}"},"query-input":{"@type":"PropertyValueSpecification","valueRequired":true,"valueName":"search_term_string"}}],"inLanguage":"es"},{"@type":"Person","@id":"https:\/\/obispadoarica.cl\/home\/#\/schema\/person\/1a8f4c2a3418412187dff039ecf9d97e","name":"Obispado de Arica","image":{"@type":"ImageObject","inLanguage":"es","@id":"https:\/\/obispadoarica.cl\/home\/#\/schema\/person\/image\/","url":"https:\/\/secure.gravatar.com\/avatar\/c75d5ceafb11502016ed664658884b0b1b183fa6f96260878f47ac58f950c8d9?s=96&d=mm&r=g","contentUrl":"https:\/\/secure.gravatar.com\/avatar\/c75d5ceafb11502016ed664658884b0b1b183fa6f96260878f47ac58f950c8d9?s=96&d=mm&r=g","caption":"Obispado de Arica"},"url":"https:\/\/obispadoarica.cl\/home\/author\/c1300590\/"}]}},"_links":{"self":[{"href":"https:\/\/obispadoarica.cl\/home\/wp-json\/wp\/v2\/posts\/2069","targetHints":{"allow":["GET"]}}],"collection":[{"href":"https:\/\/obispadoarica.cl\/home\/wp-json\/wp\/v2\/posts"}],"about":[{"href":"https:\/\/obispadoarica.cl\/home\/wp-json\/wp\/v2\/types\/post"}],"author":[{"embeddable":true,"href":"https:\/\/obispadoarica.cl\/home\/wp-json\/wp\/v2\/users\/2"}],"replies":[{"embeddable":true,"href":"https:\/\/obispadoarica.cl\/home\/wp-json\/wp\/v2\/comments?post=2069"}],"version-history":[{"count":1,"href":"https:\/\/obispadoarica.cl\/home\/wp-json\/wp\/v2\/posts\/2069\/revisions"}],"predecessor-version":[{"id":2073,"href":"https:\/\/obispadoarica.cl\/home\/wp-json\/wp\/v2\/posts\/2069\/revisions\/2073"}],"wp:featuredmedia":[{"embeddable":true,"href":"https:\/\/obispadoarica.cl\/home\/wp-json\/wp\/v2\/media\/2074"}],"wp:attachment":[{"href":"https:\/\/obispadoarica.cl\/home\/wp-json\/wp\/v2\/media?parent=2069"}],"wp:term":[{"taxonomy":"category","embeddable":true,"href":"https:\/\/obispadoarica.cl\/home\/wp-json\/wp\/v2\/categories?post=2069"},{"taxonomy":"post_tag","embeddable":true,"href":"https:\/\/obispadoarica.cl\/home\/wp-json\/wp\/v2\/tags?post=2069"}],"curies":[{"name":"wp","href":"https:\/\/api.w.org\/{rel}","templated":true}]}}