{"id":2185,"date":"2024-02-12T22:52:34","date_gmt":"2024-02-13T02:52:34","guid":{"rendered":"https:\/\/obispadoarica.cl\/home\/?p=2185"},"modified":"2025-03-08T20:49:06","modified_gmt":"2025-03-09T00:49:06","slug":"agencia-para-el-desarrollo-internacional-usaid-bha-destaca-alianza-permanente-con-caritas-tras-megaincendios-en-region-de-valparaiso","status":"publish","type":"post","link":"https:\/\/obispadoarica.cl\/home\/agencia-para-el-desarrollo-internacional-usaid-bha-destaca-alianza-permanente-con-caritas-tras-megaincendios-en-region-de-valparaiso\/","title":{"rendered":"Agencia para el Desarrollo Internacional USAID-BHA destaca alianza permanente con Caritas tras megaincendios en regi\u00f3n de Valpara\u00edso"},"content":{"rendered":"\n\n\n<p><em>Tras dos encuentros desarrollados en los \u00faltimos d\u00edas con equipos de Caritas Chile y Caritas Valpara\u00edso, la Agencia de Estados Unidos para el Desarrollo Internacional (USAID-BHA), valor\u00f3 la colaboraci\u00f3n que se ha desarrollado en conjunto en los \u00faltimos a\u00f1os, apoyando la prevenci\u00f3n de comunidades, asegurando la continuidad de esa alianza m\u00e1s all\u00e1 de la emergencia actual.<\/em><\/p>\n\n\n\n<p><strong>Entrega de apoyo de USAID-BHA a bomberos de la regi\u00f3n de Valpara\u00edso<\/strong><br>El primero de los encuentros de trabajo de Caritas y la Agencia se desarroll\u00f3 en el contexto de la donaci\u00f3n que la embajada de Estados Unidos realiz\u00f3 al Cuerpo de Bomberos de Vi\u00f1a del Mar, realizada el mi\u00e9rcoles 7 de febrero, instancia en la que la embajadora en Chile, Bernadette Meehan, resalt\u00f3 en su discurso la importante colaboraci\u00f3n que realiza USAID y Caritas Chile en los diferentes territorios.<\/p>\n\n\n\n<p><br>Cabe consignar que en la oportunidad USAID-BHA entreg\u00f3 materiales al cuerpo de bomberos para el combate incendios, aportes muy valiosos no solo en el \u00e1mbito de la protecci\u00f3n para los voluntarios, sino tambi\u00e9n en t\u00e9rminos estrat\u00e9gicos y financieros. Adem\u00e1s, se relev\u00f3 que se mantendr\u00e1 un apoyo cercano y significativo a bomberos no solo durante la actual emergencia sino tambi\u00e9n constante, a trav\u00e9s de asesor\u00edas t\u00e9cnicas y capacitaci\u00f3n.<br><br>Tras ese evento, los responsables de Caritas Chile y Caritas Valpara\u00edso, Lorenzo Figueroa y Leonardo C\u00f3rdova, se reunieron con Tim Callaghan, director de USAID-OFDA para Latinoam\u00e9rica y el Caribe y con Mariela Chavarriga, responsable de USAID para el Cono Sur de Am\u00e9rica Latina; instancia donde se abord\u00f3 la situaci\u00f3n actual en la zona de los incendios en Vi\u00f1a del Mar y Quilpu\u00e9, el trabajo en conjunto realizado estos a\u00f1os y se dialog\u00f3 respecto a las futuras cooperaciones.<\/p>\n\n\n\n<p><strong>Encuentro en Quilpu\u00e9<\/strong><\/p>\n\n\n\n<p>Luego, el viernes 9 en una nueva actividad de USAID BHA, esta vez en Quilpu\u00e9, se invit\u00f3 especialmente a Caritas como forma de destacar su labor acompa\u00f1amiento preventivo y de emergencia a las comunidades de la zona. En la oportunidad, la embajadora Meehan revalor\u00f3 la alianza de la organizaci\u00f3n estadounidense y Caritas, se\u00f1al\u00e1ndolo como \u201csocios locales muy significativos\u201d. En la instancia se realizaron nuevas reuniones de trabajo para las acciones de respuesta inmediata a la crisis, as\u00ed como preventivos a futuro.<br><br><strong>Trabajo previo conjunto<\/strong><\/p>\n\n\n\n<p>Recordemos que Caritas Chile y CONAF con financiamiento de USAID-BHA est\u00e1 implementando en diversas comunas de las regiones de Valpara\u00edso y \u00d1uble el proyecto \u201cGesti\u00f3n territorial y participativa de la reducci\u00f3n del riesgo de incendios forestales de la interfaz urbano forestal en Chile\u201d. Este proyecto permite que 14 comunidades, pertenecientes a siete comunas de las regiones de Valpara\u00edso y \u00d1uble, cuenten con la organizaci\u00f3n, recursos, planes de reducci\u00f3n de riesgo y capacidades necesarias para mitigar, prevenir y responder a incendios forestales, coordinando acciones con los municipios y todos los actores relevantes del sistema de protecci\u00f3n civil del pa\u00eds.<br><br><strong>Fuente: Caritas Chile<\/strong><\/p>\n\n\n\n<p><\/p>\n","protected":false},"excerpt":{"rendered":"<p>Tras dos encuentros desarrollados en los \u00faltimos d\u00edas con equipos de Caritas Chile y Caritas Valpara\u00edso, la Agencia de Estados Unidos para el Desarrollo Internacional (USAID-BHA), valor\u00f3 la colaboraci\u00f3n que se ha desarrollado en conjunto en los \u00faltimos a\u00f1os, apoyando la prevenci\u00f3n de comunidades, asegurando la continuidad de esa alianza m\u00e1s all\u00e1 de la emergencia [&#8230;]\n","protected":false},"author":2,"featured_media":2186,"comment_status":"closed","ping_status":"closed","sticky":false,"template":"","format":"standard","meta":{"footnotes":""},"categories":[7],"tags":[],"class_list":["post-2185","post","type-post","status-publish","format-standard","has-post-thumbnail","hentry","category-noticias"],"yoast_head":"<!-- This site is optimized with the Yoast SEO plugin v24.6 - https:\/\/yoast.com\/wordpress\/plugins\/seo\/ -->\n<title>Agencia para el Desarrollo Internacional USAID-BHA destaca alianza permanente con Caritas tras megaincendios en regi\u00f3n de Valpara\u00edso - Obispado San Marcos de Arica<\/title>\n<meta name=\"robots\" content=\"index, follow, max-snippet:-1, max-image-preview:large, max-video-preview:-1\" \/>\n<link rel=\"canonical\" href=\"https:\/\/obispadoarica.cl\/home\/agencia-para-el-desarrollo-internacional-usaid-bha-destaca-alianza-permanente-con-caritas-tras-megaincendios-en-region-de-valparaiso\/\" \/>\n<meta property=\"og:locale\" content=\"es_ES\" \/>\n<meta property=\"og:type\" content=\"article\" \/>\n<meta property=\"og:title\" content=\"Agencia para el Desarrollo Internacional USAID-BHA destaca alianza permanente con Caritas tras megaincendios en regi\u00f3n de Valpara\u00edso - Obispado San Marcos de Arica\" \/>\n<meta property=\"og:description\" content=\"Tras dos encuentros desarrollados en los \u00faltimos d\u00edas con equipos de Caritas Chile y Caritas Valpara\u00edso, la Agencia de Estados Unidos para el Desarrollo Internacional (USAID-BHA), valor\u00f3 la colaboraci\u00f3n que se ha desarrollado en conjunto en los \u00faltimos a\u00f1os, apoyando la prevenci\u00f3n de comunidades, asegurando la continuidad de esa alianza m\u00e1s all\u00e1 de la emergencia [...]\" \/>\n<meta property=\"og:url\" content=\"https:\/\/obispadoarica.cl\/home\/agencia-para-el-desarrollo-internacional-usaid-bha-destaca-alianza-permanente-con-caritas-tras-megaincendios-en-region-de-valparaiso\/\" \/>\n<meta property=\"og:site_name\" content=\"Obispado San Marcos de Arica\" \/>\n<meta property=\"article:published_time\" content=\"2024-02-13T02:52:34+00:00\" \/>\n<meta property=\"article:modified_time\" content=\"2025-03-09T00:49:06+00:00\" \/>\n<meta property=\"og:image\" content=\"https:\/\/obispadoarica.cl\/home\/wp-content\/uploads\/2024\/02\/image.png\" \/>\n\t<meta property=\"og:image:width\" content=\"921\" \/>\n\t<meta property=\"og:image:height\" content=\"517\" \/>\n\t<meta property=\"og:image:type\" content=\"image\/png\" \/>\n<meta name=\"author\" content=\"Obispado de Arica\" \/>\n<meta name=\"twitter:card\" content=\"summary_large_image\" \/>\n<meta name=\"twitter:label1\" content=\"Escrito por\" \/>\n\t<meta name=\"twitter:data1\" content=\"Obispado de Arica\" \/>\n\t<meta name=\"twitter:label2\" content=\"Tiempo de lectura\" \/>\n\t<meta name=\"twitter:data2\" content=\"3 minutos\" \/>\n<script type=\"application\/ld+json\" class=\"yoast-schema-graph\">{\"@context\":\"https:\/\/schema.org\",\"@graph\":[{\"@type\":\"WebPage\",\"@id\":\"https:\/\/obispadoarica.cl\/home\/agencia-para-el-desarrollo-internacional-usaid-bha-destaca-alianza-permanente-con-caritas-tras-megaincendios-en-region-de-valparaiso\/\",\"url\":\"https:\/\/obispadoarica.cl\/home\/agencia-para-el-desarrollo-internacional-usaid-bha-destaca-alianza-permanente-con-caritas-tras-megaincendios-en-region-de-valparaiso\/\",\"name\":\"Agencia para el Desarrollo Internacional USAID-BHA destaca alianza permanente con Caritas tras megaincendios en regi\u00f3n de Valpara\u00edso - Obispado San Marcos de Arica\",\"isPartOf\":{\"@id\":\"https:\/\/obispadoarica.cl\/home\/#website\"},\"primaryImageOfPage\":{\"@id\":\"https:\/\/obispadoarica.cl\/home\/agencia-para-el-desarrollo-internacional-usaid-bha-destaca-alianza-permanente-con-caritas-tras-megaincendios-en-region-de-valparaiso\/#primaryimage\"},\"image\":{\"@id\":\"https:\/\/obispadoarica.cl\/home\/agencia-para-el-desarrollo-internacional-usaid-bha-destaca-alianza-permanente-con-caritas-tras-megaincendios-en-region-de-valparaiso\/#primaryimage\"},\"thumbnailUrl\":\"https:\/\/obispadoarica.cl\/home\/wp-content\/uploads\/2024\/02\/image.png\",\"datePublished\":\"2024-02-13T02:52:34+00:00\",\"dateModified\":\"2025-03-09T00:49:06+00:00\",\"author\":{\"@id\":\"https:\/\/obispadoarica.cl\/home\/#\/schema\/person\/1a8f4c2a3418412187dff039ecf9d97e\"},\"breadcrumb\":{\"@id\":\"https:\/\/obispadoarica.cl\/home\/agencia-para-el-desarrollo-internacional-usaid-bha-destaca-alianza-permanente-con-caritas-tras-megaincendios-en-region-de-valparaiso\/#breadcrumb\"},\"inLanguage\":\"es\",\"potentialAction\":[{\"@type\":\"ReadAction\",\"target\":[\"https:\/\/obispadoarica.cl\/home\/agencia-para-el-desarrollo-internacional-usaid-bha-destaca-alianza-permanente-con-caritas-tras-megaincendios-en-region-de-valparaiso\/\"]}]},{\"@type\":\"ImageObject\",\"inLanguage\":\"es\",\"@id\":\"https:\/\/obispadoarica.cl\/home\/agencia-para-el-desarrollo-internacional-usaid-bha-destaca-alianza-permanente-con-caritas-tras-megaincendios-en-region-de-valparaiso\/#primaryimage\",\"url\":\"https:\/\/obispadoarica.cl\/home\/wp-content\/uploads\/2024\/02\/image.png\",\"contentUrl\":\"https:\/\/obispadoarica.cl\/home\/wp-content\/uploads\/2024\/02\/image.png\",\"width\":921,\"height\":517},{\"@type\":\"BreadcrumbList\",\"@id\":\"https:\/\/obispadoarica.cl\/home\/agencia-para-el-desarrollo-internacional-usaid-bha-destaca-alianza-permanente-con-caritas-tras-megaincendios-en-region-de-valparaiso\/#breadcrumb\",\"itemListElement\":[{\"@type\":\"ListItem\",\"position\":1,\"name\":\"Portada\",\"item\":\"https:\/\/obispadoarica.cl\/home\/\"},{\"@type\":\"ListItem\",\"position\":2,\"name\":\"Agencia para el Desarrollo Internacional USAID-BHA destaca alianza permanente con Caritas tras megaincendios en regi\u00f3n de Valpara\u00edso\"}]},{\"@type\":\"WebSite\",\"@id\":\"https:\/\/obispadoarica.cl\/home\/#website\",\"url\":\"https:\/\/obispadoarica.cl\/home\/\",\"name\":\"Obispado San Marcos de Arica\",\"description\":\"Di\u00f3cesis San Marcos de Arica\",\"potentialAction\":[{\"@type\":\"SearchAction\",\"target\":{\"@type\":\"EntryPoint\",\"urlTemplate\":\"https:\/\/obispadoarica.cl\/home\/?s={search_term_string}\"},\"query-input\":{\"@type\":\"PropertyValueSpecification\",\"valueRequired\":true,\"valueName\":\"search_term_string\"}}],\"inLanguage\":\"es\"},{\"@type\":\"Person\",\"@id\":\"https:\/\/obispadoarica.cl\/home\/#\/schema\/person\/1a8f4c2a3418412187dff039ecf9d97e\",\"name\":\"Obispado de Arica\",\"image\":{\"@type\":\"ImageObject\",\"inLanguage\":\"es\",\"@id\":\"https:\/\/obispadoarica.cl\/home\/#\/schema\/person\/image\/\",\"url\":\"https:\/\/secure.gravatar.com\/avatar\/c75d5ceafb11502016ed664658884b0b1b183fa6f96260878f47ac58f950c8d9?s=96&d=mm&r=g\",\"contentUrl\":\"https:\/\/secure.gravatar.com\/avatar\/c75d5ceafb11502016ed664658884b0b1b183fa6f96260878f47ac58f950c8d9?s=96&d=mm&r=g\",\"caption\":\"Obispado de Arica\"},\"url\":\"https:\/\/obispadoarica.cl\/home\/author\/c1300590\/\"}]}<\/script>\n<!-- \/ Yoast SEO plugin. -->","yoast_head_json":{"title":"Agencia para el Desarrollo Internacional USAID-BHA destaca alianza permanente con Caritas tras megaincendios en regi\u00f3n de Valpara\u00edso - Obispado San Marcos de Arica","robots":{"index":"index","follow":"follow","max-snippet":"max-snippet:-1","max-image-preview":"max-image-preview:large","max-video-preview":"max-video-preview:-1"},"canonical":"https:\/\/obispadoarica.cl\/home\/agencia-para-el-desarrollo-internacional-usaid-bha-destaca-alianza-permanente-con-caritas-tras-megaincendios-en-region-de-valparaiso\/","og_locale":"es_ES","og_type":"article","og_title":"Agencia para el Desarrollo Internacional USAID-BHA destaca alianza permanente con Caritas tras megaincendios en regi\u00f3n de Valpara\u00edso - Obispado San Marcos de Arica","og_description":"Tras dos encuentros desarrollados en los \u00faltimos d\u00edas con equipos de Caritas Chile y Caritas Valpara\u00edso, la Agencia de Estados Unidos para el Desarrollo Internacional (USAID-BHA), valor\u00f3 la colaboraci\u00f3n que se ha desarrollado en conjunto en los \u00faltimos a\u00f1os, apoyando la prevenci\u00f3n de comunidades, asegurando la continuidad de esa alianza m\u00e1s all\u00e1 de la emergencia [...]","og_url":"https:\/\/obispadoarica.cl\/home\/agencia-para-el-desarrollo-internacional-usaid-bha-destaca-alianza-permanente-con-caritas-tras-megaincendios-en-region-de-valparaiso\/","og_site_name":"Obispado San Marcos de Arica","article_published_time":"2024-02-13T02:52:34+00:00","article_modified_time":"2025-03-09T00:49:06+00:00","og_image":[{"width":921,"height":517,"url":"https:\/\/obispadoarica.cl\/home\/wp-content\/uploads\/2024\/02\/image.png","type":"image\/png"}],"author":"Obispado de Arica","twitter_card":"summary_large_image","twitter_misc":{"Escrito por":"Obispado de Arica","Tiempo de lectura":"3 minutos"},"schema":{"@context":"https:\/\/schema.org","@graph":[{"@type":"WebPage","@id":"https:\/\/obispadoarica.cl\/home\/agencia-para-el-desarrollo-internacional-usaid-bha-destaca-alianza-permanente-con-caritas-tras-megaincendios-en-region-de-valparaiso\/","url":"https:\/\/obispadoarica.cl\/home\/agencia-para-el-desarrollo-internacional-usaid-bha-destaca-alianza-permanente-con-caritas-tras-megaincendios-en-region-de-valparaiso\/","name":"Agencia para el Desarrollo Internacional USAID-BHA destaca alianza permanente con Caritas tras megaincendios en regi\u00f3n de Valpara\u00edso - Obispado San Marcos de Arica","isPartOf":{"@id":"https:\/\/obispadoarica.cl\/home\/#website"},"primaryImageOfPage":{"@id":"https:\/\/obispadoarica.cl\/home\/agencia-para-el-desarrollo-internacional-usaid-bha-destaca-alianza-permanente-con-caritas-tras-megaincendios-en-region-de-valparaiso\/#primaryimage"},"image":{"@id":"https:\/\/obispadoarica.cl\/home\/agencia-para-el-desarrollo-internacional-usaid-bha-destaca-alianza-permanente-con-caritas-tras-megaincendios-en-region-de-valparaiso\/#primaryimage"},"thumbnailUrl":"https:\/\/obispadoarica.cl\/home\/wp-content\/uploads\/2024\/02\/image.png","datePublished":"2024-02-13T02:52:34+00:00","dateModified":"2025-03-09T00:49:06+00:00","author":{"@id":"https:\/\/obispadoarica.cl\/home\/#\/schema\/person\/1a8f4c2a3418412187dff039ecf9d97e"},"breadcrumb":{"@id":"https:\/\/obispadoarica.cl\/home\/agencia-para-el-desarrollo-internacional-usaid-bha-destaca-alianza-permanente-con-caritas-tras-megaincendios-en-region-de-valparaiso\/#breadcrumb"},"inLanguage":"es","potentialAction":[{"@type":"ReadAction","target":["https:\/\/obispadoarica.cl\/home\/agencia-para-el-desarrollo-internacional-usaid-bha-destaca-alianza-permanente-con-caritas-tras-megaincendios-en-region-de-valparaiso\/"]}]},{"@type":"ImageObject","inLanguage":"es","@id":"https:\/\/obispadoarica.cl\/home\/agencia-para-el-desarrollo-internacional-usaid-bha-destaca-alianza-permanente-con-caritas-tras-megaincendios-en-region-de-valparaiso\/#primaryimage","url":"https:\/\/obispadoarica.cl\/home\/wp-content\/uploads\/2024\/02\/image.png","contentUrl":"https:\/\/obispadoarica.cl\/home\/wp-content\/uploads\/2024\/02\/image.png","width":921,"height":517},{"@type":"BreadcrumbList","@id":"https:\/\/obispadoarica.cl\/home\/agencia-para-el-desarrollo-internacional-usaid-bha-destaca-alianza-permanente-con-caritas-tras-megaincendios-en-region-de-valparaiso\/#breadcrumb","itemListElement":[{"@type":"ListItem","position":1,"name":"Portada","item":"https:\/\/obispadoarica.cl\/home\/"},{"@type":"ListItem","position":2,"name":"Agencia para el Desarrollo Internacional USAID-BHA destaca alianza permanente con Caritas tras megaincendios en regi\u00f3n de Valpara\u00edso"}]},{"@type":"WebSite","@id":"https:\/\/obispadoarica.cl\/home\/#website","url":"https:\/\/obispadoarica.cl\/home\/","name":"Obispado San Marcos de Arica","description":"Di\u00f3cesis San Marcos de Arica","potentialAction":[{"@type":"SearchAction","target":{"@type":"EntryPoint","urlTemplate":"https:\/\/obispadoarica.cl\/home\/?s={search_term_string}"},"query-input":{"@type":"PropertyValueSpecification","valueRequired":true,"valueName":"search_term_string"}}],"inLanguage":"es"},{"@type":"Person","@id":"https:\/\/obispadoarica.cl\/home\/#\/schema\/person\/1a8f4c2a3418412187dff039ecf9d97e","name":"Obispado de Arica","image":{"@type":"ImageObject","inLanguage":"es","@id":"https:\/\/obispadoarica.cl\/home\/#\/schema\/person\/image\/","url":"https:\/\/secure.gravatar.com\/avatar\/c75d5ceafb11502016ed664658884b0b1b183fa6f96260878f47ac58f950c8d9?s=96&d=mm&r=g","contentUrl":"https:\/\/secure.gravatar.com\/avatar\/c75d5ceafb11502016ed664658884b0b1b183fa6f96260878f47ac58f950c8d9?s=96&d=mm&r=g","caption":"Obispado de Arica"},"url":"https:\/\/obispadoarica.cl\/home\/author\/c1300590\/"}]}},"_links":{"self":[{"href":"https:\/\/obispadoarica.cl\/home\/wp-json\/wp\/v2\/posts\/2185","targetHints":{"allow":["GET"]}}],"collection":[{"href":"https:\/\/obispadoarica.cl\/home\/wp-json\/wp\/v2\/posts"}],"about":[{"href":"https:\/\/obispadoarica.cl\/home\/wp-json\/wp\/v2\/types\/post"}],"author":[{"embeddable":true,"href":"https:\/\/obispadoarica.cl\/home\/wp-json\/wp\/v2\/users\/2"}],"replies":[{"embeddable":true,"href":"https:\/\/obispadoarica.cl\/home\/wp-json\/wp\/v2\/comments?post=2185"}],"version-history":[{"count":1,"href":"https:\/\/obispadoarica.cl\/home\/wp-json\/wp\/v2\/posts\/2185\/revisions"}],"predecessor-version":[{"id":2187,"href":"https:\/\/obispadoarica.cl\/home\/wp-json\/wp\/v2\/posts\/2185\/revisions\/2187"}],"wp:featuredmedia":[{"embeddable":true,"href":"https:\/\/obispadoarica.cl\/home\/wp-json\/wp\/v2\/media\/2186"}],"wp:attachment":[{"href":"https:\/\/obispadoarica.cl\/home\/wp-json\/wp\/v2\/media?parent=2185"}],"wp:term":[{"taxonomy":"category","embeddable":true,"href":"https:\/\/obispadoarica.cl\/home\/wp-json\/wp\/v2\/categories?post=2185"},{"taxonomy":"post_tag","embeddable":true,"href":"https:\/\/obispadoarica.cl\/home\/wp-json\/wp\/v2\/tags?post=2185"}],"curies":[{"name":"wp","href":"https:\/\/api.w.org\/{rel}","templated":true}]}}