{"id":2199,"date":"2024-02-14T09:49:41","date_gmt":"2024-02-14T13:49:41","guid":{"rendered":"https:\/\/obispadoarica.cl\/home\/?p=2199"},"modified":"2025-03-08T20:49:06","modified_gmt":"2025-03-09T00:49:06","slug":"mensaje-de-cuaresma-2024","status":"publish","type":"post","link":"https:\/\/obispadoarica.cl\/home\/mensaje-de-cuaresma-2024\/","title":{"rendered":"Mensaje de Cuaresma 2024"},"content":{"rendered":"\n\n\n<hr class=\"wp-block-separator has-alpha-channel-opacity\"\/>\n\n\n\n<p>En este mi\u00e9rcoles de ceniza, te invitamos a sumergirte en el significado profundo de la Cuaresma. Compartimos un mensaje que va m\u00e1s all\u00e1 de las pr\u00e1cticas tradicionales.<\/p>\n\n\n\n<p>Descubre c\u00f3mo la Cuaresma se convierte en una oportunidad para la renovaci\u00f3n espiritual y la solidaridad con los m\u00e1s necesitados. El mensaje aborda la importancia de salir de nuestras propias vulnerabilidades y abrirnos al encuentro con los dem\u00e1s.<\/p>\n\n\n\n<p>Lee el documento completo para comprender el llamado a la acci\u00f3n y la reflexi\u00f3n en este tiempo sagrado.<\/p>\n\n\n\n<hr class=\"wp-block-separator has-alpha-channel-opacity\"\/>\n\n\n<div class=\"_df_book df-lite\" id=\"df_2200\"  _slug=\"mensaje-de-cuaresma\" data-title=\"mensaje-de-cuaresma\" wpoptions=\"true\" thumbtype=\"\" ><\/div><script class=\"df-shortcode-script\" nowprocket type=\"application\/javascript\">window.option_df_2200 = {\"outline\":[],\"autoEnableOutline\":\"false\",\"autoEnableThumbnail\":\"false\",\"overwritePDFOutline\":\"false\",\"direction\":\"1\",\"pageSize\":\"0\",\"source\":\"https:\\\/\\\/obispadoarica.cl\\\/home\\\/wp-content\\\/uploads\\\/2024\\\/02\\\/Mensaje-Cuaresma-Mons-Moises-Atisha-2024.pdf\",\"wpOptions\":\"true\"}; if(window.DFLIP && window.DFLIP.parseBooks){window.DFLIP.parseBooks();}<\/script>\n","protected":false},"excerpt":{"rendered":"<p>En este mi\u00e9rcoles de ceniza, te invitamos a sumergirte en el significado profundo de la Cuaresma. Compartimos un mensaje que va m\u00e1s all\u00e1 de las pr\u00e1cticas tradicionales. Descubre c\u00f3mo la Cuaresma se convierte en una oportunidad para la renovaci\u00f3n espiritual y la solidaridad con los m\u00e1s necesitados. El mensaje aborda la importancia de salir de [&#8230;]\n","protected":false},"author":2,"featured_media":2203,"comment_status":"closed","ping_status":"closed","sticky":false,"template":"","format":"standard","meta":{"footnotes":""},"categories":[7],"tags":[],"class_list":["post-2199","post","type-post","status-publish","format-standard","has-post-thumbnail","hentry","category-noticias"],"yoast_head":"<!-- This site is optimized with the Yoast SEO plugin v24.6 - https:\/\/yoast.com\/wordpress\/plugins\/seo\/ -->\n<title>Mensaje de Cuaresma 2024 - Obispado San Marcos de Arica<\/title>\n<meta name=\"robots\" content=\"index, follow, max-snippet:-1, max-image-preview:large, max-video-preview:-1\" \/>\n<link rel=\"canonical\" href=\"https:\/\/obispadoarica.cl\/home\/mensaje-de-cuaresma-2024\/\" \/>\n<meta property=\"og:locale\" content=\"es_ES\" \/>\n<meta property=\"og:type\" content=\"article\" \/>\n<meta property=\"og:title\" content=\"Mensaje de Cuaresma 2024 - Obispado San Marcos de Arica\" \/>\n<meta property=\"og:description\" content=\"En este mi\u00e9rcoles de ceniza, te invitamos a sumergirte en el significado profundo de la Cuaresma. Compartimos un mensaje que va m\u00e1s all\u00e1 de las pr\u00e1cticas tradicionales. Descubre c\u00f3mo la Cuaresma se convierte en una oportunidad para la renovaci\u00f3n espiritual y la solidaridad con los m\u00e1s necesitados. El mensaje aborda la importancia de salir de [...]\" \/>\n<meta property=\"og:url\" content=\"https:\/\/obispadoarica.cl\/home\/mensaje-de-cuaresma-2024\/\" \/>\n<meta property=\"og:site_name\" content=\"Obispado San Marcos de Arica\" \/>\n<meta property=\"article:published_time\" content=\"2024-02-14T13:49:41+00:00\" \/>\n<meta property=\"article:modified_time\" content=\"2025-03-09T00:49:06+00:00\" \/>\n<meta property=\"og:image\" content=\"https:\/\/obispadoarica.cl\/home\/wp-content\/uploads\/2024\/02\/menjsaje-de-cuaresma.jpg\" \/>\n\t<meta property=\"og:image:width\" content=\"812\" \/>\n\t<meta property=\"og:image:height\" content=\"533\" \/>\n\t<meta property=\"og:image:type\" content=\"image\/jpeg\" \/>\n<meta name=\"author\" content=\"Obispado de Arica\" \/>\n<meta name=\"twitter:card\" content=\"summary_large_image\" \/>\n<meta name=\"twitter:label1\" content=\"Escrito por\" \/>\n\t<meta name=\"twitter:data1\" content=\"Obispado de Arica\" \/>\n\t<meta name=\"twitter:label2\" content=\"Tiempo de lectura\" \/>\n\t<meta name=\"twitter:data2\" content=\"1 minuto\" \/>\n<script type=\"application\/ld+json\" class=\"yoast-schema-graph\">{\"@context\":\"https:\/\/schema.org\",\"@graph\":[{\"@type\":\"WebPage\",\"@id\":\"https:\/\/obispadoarica.cl\/home\/mensaje-de-cuaresma-2024\/\",\"url\":\"https:\/\/obispadoarica.cl\/home\/mensaje-de-cuaresma-2024\/\",\"name\":\"Mensaje de Cuaresma 2024 - Obispado San Marcos de Arica\",\"isPartOf\":{\"@id\":\"https:\/\/obispadoarica.cl\/home\/#website\"},\"primaryImageOfPage\":{\"@id\":\"https:\/\/obispadoarica.cl\/home\/mensaje-de-cuaresma-2024\/#primaryimage\"},\"image\":{\"@id\":\"https:\/\/obispadoarica.cl\/home\/mensaje-de-cuaresma-2024\/#primaryimage\"},\"thumbnailUrl\":\"https:\/\/obispadoarica.cl\/home\/wp-content\/uploads\/2024\/02\/menjsaje-de-cuaresma.jpg\",\"datePublished\":\"2024-02-14T13:49:41+00:00\",\"dateModified\":\"2025-03-09T00:49:06+00:00\",\"author\":{\"@id\":\"https:\/\/obispadoarica.cl\/home\/#\/schema\/person\/1a8f4c2a3418412187dff039ecf9d97e\"},\"breadcrumb\":{\"@id\":\"https:\/\/obispadoarica.cl\/home\/mensaje-de-cuaresma-2024\/#breadcrumb\"},\"inLanguage\":\"es\",\"potentialAction\":[{\"@type\":\"ReadAction\",\"target\":[\"https:\/\/obispadoarica.cl\/home\/mensaje-de-cuaresma-2024\/\"]}]},{\"@type\":\"ImageObject\",\"inLanguage\":\"es\",\"@id\":\"https:\/\/obispadoarica.cl\/home\/mensaje-de-cuaresma-2024\/#primaryimage\",\"url\":\"https:\/\/obispadoarica.cl\/home\/wp-content\/uploads\/2024\/02\/menjsaje-de-cuaresma.jpg\",\"contentUrl\":\"https:\/\/obispadoarica.cl\/home\/wp-content\/uploads\/2024\/02\/menjsaje-de-cuaresma.jpg\",\"width\":812,\"height\":533},{\"@type\":\"BreadcrumbList\",\"@id\":\"https:\/\/obispadoarica.cl\/home\/mensaje-de-cuaresma-2024\/#breadcrumb\",\"itemListElement\":[{\"@type\":\"ListItem\",\"position\":1,\"name\":\"Portada\",\"item\":\"https:\/\/obispadoarica.cl\/home\/\"},{\"@type\":\"ListItem\",\"position\":2,\"name\":\"Mensaje de Cuaresma 2024\"}]},{\"@type\":\"WebSite\",\"@id\":\"https:\/\/obispadoarica.cl\/home\/#website\",\"url\":\"https:\/\/obispadoarica.cl\/home\/\",\"name\":\"Obispado San Marcos de Arica\",\"description\":\"Di\u00f3cesis San Marcos de Arica\",\"potentialAction\":[{\"@type\":\"SearchAction\",\"target\":{\"@type\":\"EntryPoint\",\"urlTemplate\":\"https:\/\/obispadoarica.cl\/home\/?s={search_term_string}\"},\"query-input\":{\"@type\":\"PropertyValueSpecification\",\"valueRequired\":true,\"valueName\":\"search_term_string\"}}],\"inLanguage\":\"es\"},{\"@type\":\"Person\",\"@id\":\"https:\/\/obispadoarica.cl\/home\/#\/schema\/person\/1a8f4c2a3418412187dff039ecf9d97e\",\"name\":\"Obispado de Arica\",\"image\":{\"@type\":\"ImageObject\",\"inLanguage\":\"es\",\"@id\":\"https:\/\/obispadoarica.cl\/home\/#\/schema\/person\/image\/\",\"url\":\"https:\/\/secure.gravatar.com\/avatar\/c75d5ceafb11502016ed664658884b0b1b183fa6f96260878f47ac58f950c8d9?s=96&d=mm&r=g\",\"contentUrl\":\"https:\/\/secure.gravatar.com\/avatar\/c75d5ceafb11502016ed664658884b0b1b183fa6f96260878f47ac58f950c8d9?s=96&d=mm&r=g\",\"caption\":\"Obispado de Arica\"},\"url\":\"https:\/\/obispadoarica.cl\/home\/author\/c1300590\/\"}]}<\/script>\n<!-- \/ Yoast SEO plugin. -->","yoast_head_json":{"title":"Mensaje de Cuaresma 2024 - Obispado San Marcos de Arica","robots":{"index":"index","follow":"follow","max-snippet":"max-snippet:-1","max-image-preview":"max-image-preview:large","max-video-preview":"max-video-preview:-1"},"canonical":"https:\/\/obispadoarica.cl\/home\/mensaje-de-cuaresma-2024\/","og_locale":"es_ES","og_type":"article","og_title":"Mensaje de Cuaresma 2024 - Obispado San Marcos de Arica","og_description":"En este mi\u00e9rcoles de ceniza, te invitamos a sumergirte en el significado profundo de la Cuaresma. Compartimos un mensaje que va m\u00e1s all\u00e1 de las pr\u00e1cticas tradicionales. Descubre c\u00f3mo la Cuaresma se convierte en una oportunidad para la renovaci\u00f3n espiritual y la solidaridad con los m\u00e1s necesitados. El mensaje aborda la importancia de salir de [...]","og_url":"https:\/\/obispadoarica.cl\/home\/mensaje-de-cuaresma-2024\/","og_site_name":"Obispado San Marcos de Arica","article_published_time":"2024-02-14T13:49:41+00:00","article_modified_time":"2025-03-09T00:49:06+00:00","og_image":[{"width":812,"height":533,"url":"https:\/\/obispadoarica.cl\/home\/wp-content\/uploads\/2024\/02\/menjsaje-de-cuaresma.jpg","type":"image\/jpeg"}],"author":"Obispado de Arica","twitter_card":"summary_large_image","twitter_misc":{"Escrito por":"Obispado de Arica","Tiempo de lectura":"1 minuto"},"schema":{"@context":"https:\/\/schema.org","@graph":[{"@type":"WebPage","@id":"https:\/\/obispadoarica.cl\/home\/mensaje-de-cuaresma-2024\/","url":"https:\/\/obispadoarica.cl\/home\/mensaje-de-cuaresma-2024\/","name":"Mensaje de Cuaresma 2024 - Obispado San Marcos de Arica","isPartOf":{"@id":"https:\/\/obispadoarica.cl\/home\/#website"},"primaryImageOfPage":{"@id":"https:\/\/obispadoarica.cl\/home\/mensaje-de-cuaresma-2024\/#primaryimage"},"image":{"@id":"https:\/\/obispadoarica.cl\/home\/mensaje-de-cuaresma-2024\/#primaryimage"},"thumbnailUrl":"https:\/\/obispadoarica.cl\/home\/wp-content\/uploads\/2024\/02\/menjsaje-de-cuaresma.jpg","datePublished":"2024-02-14T13:49:41+00:00","dateModified":"2025-03-09T00:49:06+00:00","author":{"@id":"https:\/\/obispadoarica.cl\/home\/#\/schema\/person\/1a8f4c2a3418412187dff039ecf9d97e"},"breadcrumb":{"@id":"https:\/\/obispadoarica.cl\/home\/mensaje-de-cuaresma-2024\/#breadcrumb"},"inLanguage":"es","potentialAction":[{"@type":"ReadAction","target":["https:\/\/obispadoarica.cl\/home\/mensaje-de-cuaresma-2024\/"]}]},{"@type":"ImageObject","inLanguage":"es","@id":"https:\/\/obispadoarica.cl\/home\/mensaje-de-cuaresma-2024\/#primaryimage","url":"https:\/\/obispadoarica.cl\/home\/wp-content\/uploads\/2024\/02\/menjsaje-de-cuaresma.jpg","contentUrl":"https:\/\/obispadoarica.cl\/home\/wp-content\/uploads\/2024\/02\/menjsaje-de-cuaresma.jpg","width":812,"height":533},{"@type":"BreadcrumbList","@id":"https:\/\/obispadoarica.cl\/home\/mensaje-de-cuaresma-2024\/#breadcrumb","itemListElement":[{"@type":"ListItem","position":1,"name":"Portada","item":"https:\/\/obispadoarica.cl\/home\/"},{"@type":"ListItem","position":2,"name":"Mensaje de Cuaresma 2024"}]},{"@type":"WebSite","@id":"https:\/\/obispadoarica.cl\/home\/#website","url":"https:\/\/obispadoarica.cl\/home\/","name":"Obispado San Marcos de Arica","description":"Di\u00f3cesis San Marcos de Arica","potentialAction":[{"@type":"SearchAction","target":{"@type":"EntryPoint","urlTemplate":"https:\/\/obispadoarica.cl\/home\/?s={search_term_string}"},"query-input":{"@type":"PropertyValueSpecification","valueRequired":true,"valueName":"search_term_string"}}],"inLanguage":"es"},{"@type":"Person","@id":"https:\/\/obispadoarica.cl\/home\/#\/schema\/person\/1a8f4c2a3418412187dff039ecf9d97e","name":"Obispado de Arica","image":{"@type":"ImageObject","inLanguage":"es","@id":"https:\/\/obispadoarica.cl\/home\/#\/schema\/person\/image\/","url":"https:\/\/secure.gravatar.com\/avatar\/c75d5ceafb11502016ed664658884b0b1b183fa6f96260878f47ac58f950c8d9?s=96&d=mm&r=g","contentUrl":"https:\/\/secure.gravatar.com\/avatar\/c75d5ceafb11502016ed664658884b0b1b183fa6f96260878f47ac58f950c8d9?s=96&d=mm&r=g","caption":"Obispado de Arica"},"url":"https:\/\/obispadoarica.cl\/home\/author\/c1300590\/"}]}},"_links":{"self":[{"href":"https:\/\/obispadoarica.cl\/home\/wp-json\/wp\/v2\/posts\/2199","targetHints":{"allow":["GET"]}}],"collection":[{"href":"https:\/\/obispadoarica.cl\/home\/wp-json\/wp\/v2\/posts"}],"about":[{"href":"https:\/\/obispadoarica.cl\/home\/wp-json\/wp\/v2\/types\/post"}],"author":[{"embeddable":true,"href":"https:\/\/obispadoarica.cl\/home\/wp-json\/wp\/v2\/users\/2"}],"replies":[{"embeddable":true,"href":"https:\/\/obispadoarica.cl\/home\/wp-json\/wp\/v2\/comments?post=2199"}],"version-history":[{"count":2,"href":"https:\/\/obispadoarica.cl\/home\/wp-json\/wp\/v2\/posts\/2199\/revisions"}],"predecessor-version":[{"id":2205,"href":"https:\/\/obispadoarica.cl\/home\/wp-json\/wp\/v2\/posts\/2199\/revisions\/2205"}],"wp:featuredmedia":[{"embeddable":true,"href":"https:\/\/obispadoarica.cl\/home\/wp-json\/wp\/v2\/media\/2203"}],"wp:attachment":[{"href":"https:\/\/obispadoarica.cl\/home\/wp-json\/wp\/v2\/media?parent=2199"}],"wp:term":[{"taxonomy":"category","embeddable":true,"href":"https:\/\/obispadoarica.cl\/home\/wp-json\/wp\/v2\/categories?post=2199"},{"taxonomy":"post_tag","embeddable":true,"href":"https:\/\/obispadoarica.cl\/home\/wp-json\/wp\/v2\/tags?post=2199"}],"curies":[{"name":"wp","href":"https:\/\/api.w.org\/{rel}","templated":true}]}}