{"id":2274,"date":"2024-03-13T14:37:02","date_gmt":"2024-03-13T18:37:02","guid":{"rendered":"https:\/\/obispadoarica.cl\/home\/?p=2274"},"modified":"2025-03-08T20:49:06","modified_gmt":"2025-03-09T00:49:06","slug":"mons-luis-marin-de-san-martin-visitara-chile-para-hablar-sobre-la-sinodalidad-en-la-iglesia","status":"publish","type":"post","link":"https:\/\/obispadoarica.cl\/home\/mons-luis-marin-de-san-martin-visitara-chile-para-hablar-sobre-la-sinodalidad-en-la-iglesia\/","title":{"rendered":"Mons. Luis Mar\u00edn de San Mart\u00edn visitar\u00e1 Chile para hablar sobre la Sinodalidad en la Iglesia"},"content":{"rendered":"\n\n\n<hr class=\"wp-block-separator has-alpha-channel-opacity\"\/>\n\n\n\n<p><em>Entre varias actividades, en vista a seguir animando el S\u00ednodo de la Sinodalidad, Mons. Mar\u00edn realizar\u00e1 una conferencia el mi\u00e9rcoles 20 de marzo en la casa central de la Pontificia Universidad Cat\u00f3lica de Chile en Santiago, la que es organizada por la Conferencia Episcopal, CONFERRE, y la casa de estudios.<\/em><\/p>\n\n\n\n<p>Entre el 18 y 20 de marzo de 2024, Monse\u00f1or Luis Mar\u00edn de San Mart\u00edn visitar\u00e1 Chile con el objetivo de seguir animando y reflexionando sobre los desaf\u00edos de la sinodalidad en la Iglesia.<\/p>\n\n\n\n<p>Durante esos d\u00edas tendr\u00e1 encuentros en Valpara\u00edso y Santiago, entre ellos un conversatorio abierto en la casa central de la U. Cat\u00f3lica, titulado: \u201cLa Sinodalidad en el hoy de la Iglesia\u201d. El encuentro organizado por la Conferencia Episcopal de Chile, la Conferencia de Religiosas y Religiosos de Chile, as\u00ed como la Pontificia Universidad Cat\u00f3lica de Chile; se desarrollar\u00e1 el mi\u00e9rcoles 20 de marzo a las 18:00 hrs. en el Aula Magna Manuel Jos\u00e9 Irarr\u00e1zaval, ubicada en Avda. Libertador Bernardo O\u00b4Higgins 340, Santiago.<\/p>\n\n\n\n<p>Quienes est\u00e9n interesados en participar pueden inscribirse a trav\u00e9s del siguiente&nbsp;<a href=\"https:\/\/docs.google.com\/forms\/d\/e\/1FAIpQLScA-Ya4AJFGZ8qkHUpO_h2R4xeh0AVh0wPOVodluDN_PGQNCA\/viewform\" target=\"_blank\" rel=\"noreferrer noopener\">formulario en l\u00ednea.<\/a><\/p>\n\n\n\n<p><strong>Fuente: Comunicaciones CECh<\/strong><br><em>CECh, 13-03-2024<\/em><\/p>\n\n\n\n<p><strong><em>Documentos Adjuntos:<\/em><\/strong><\/p>\n\n\n<div class=\"_df_book df-lite\" id=\"df_2276\"  _slug=\"sindalidad-en-el-dia-de-hoy\" data-title=\"sindalidad-en-el-dia-de-hoy\" wpoptions=\"true\" thumbtype=\"\" ><\/div><script class=\"df-shortcode-script\" nowprocket type=\"application\/javascript\">window.option_df_2276 = {\"outline\":[],\"autoEnableOutline\":\"false\",\"autoEnableThumbnail\":\"false\",\"overwritePDFOutline\":\"false\",\"direction\":\"1\",\"pageSize\":\"0\",\"source\":\"https:\\\/\\\/obispadoarica.cl\\\/home\\\/wp-content\\\/uploads\\\/2024\\\/03\\\/PDF-Afiche-1-Sinodalidad-en-el-hoy-Iglesia.pdf\",\"wpOptions\":\"true\"}; if(window.DFLIP && window.DFLIP.parseBooks){window.DFLIP.parseBooks();}<\/script>\n","protected":false},"excerpt":{"rendered":"<p>Entre varias actividades, en vista a seguir animando el S\u00ednodo de la Sinodalidad, Mons. Mar\u00edn realizar\u00e1 una conferencia el mi\u00e9rcoles 20 de marzo en la casa central de la Pontificia Universidad Cat\u00f3lica de Chile en Santiago, la que es organizada por la Conferencia Episcopal, CONFERRE, y la casa de estudios. Entre el 18 y 20 [&#8230;]\n","protected":false},"author":2,"featured_media":2277,"comment_status":"closed","ping_status":"closed","sticky":false,"template":"","format":"standard","meta":{"footnotes":""},"categories":[7],"tags":[],"class_list":["post-2274","post","type-post","status-publish","format-standard","has-post-thumbnail","hentry","category-noticias"],"yoast_head":"<!-- This site is optimized with the Yoast SEO plugin v24.6 - https:\/\/yoast.com\/wordpress\/plugins\/seo\/ -->\n<title>Mons. Luis Mar\u00edn de San Mart\u00edn visitar\u00e1 Chile para hablar sobre la Sinodalidad en la Iglesia - Obispado San Marcos de Arica<\/title>\n<meta name=\"robots\" content=\"index, follow, max-snippet:-1, max-image-preview:large, max-video-preview:-1\" \/>\n<link rel=\"canonical\" href=\"https:\/\/obispadoarica.cl\/home\/mons-luis-marin-de-san-martin-visitara-chile-para-hablar-sobre-la-sinodalidad-en-la-iglesia\/\" \/>\n<meta property=\"og:locale\" content=\"es_ES\" \/>\n<meta property=\"og:type\" content=\"article\" \/>\n<meta property=\"og:title\" content=\"Mons. Luis Mar\u00edn de San Mart\u00edn visitar\u00e1 Chile para hablar sobre la Sinodalidad en la Iglesia - Obispado San Marcos de Arica\" \/>\n<meta property=\"og:description\" content=\"Entre varias actividades, en vista a seguir animando el S\u00ednodo de la Sinodalidad, Mons. Mar\u00edn realizar\u00e1 una conferencia el mi\u00e9rcoles 20 de marzo en la casa central de la Pontificia Universidad Cat\u00f3lica de Chile en Santiago, la que es organizada por la Conferencia Episcopal, CONFERRE, y la casa de estudios. Entre el 18 y 20 [...]\" \/>\n<meta property=\"og:url\" content=\"https:\/\/obispadoarica.cl\/home\/mons-luis-marin-de-san-martin-visitara-chile-para-hablar-sobre-la-sinodalidad-en-la-iglesia\/\" \/>\n<meta property=\"og:site_name\" content=\"Obispado San Marcos de Arica\" \/>\n<meta property=\"article:published_time\" content=\"2024-03-13T18:37:02+00:00\" \/>\n<meta property=\"article:modified_time\" content=\"2025-03-09T00:49:06+00:00\" \/>\n<meta property=\"og:image\" content=\"https:\/\/obispadoarica.cl\/home\/wp-content\/uploads\/2024\/03\/sinodalidad-en-el-de-de-hoy-portada.jpg\" \/>\n\t<meta property=\"og:image:width\" content=\"1549\" \/>\n\t<meta property=\"og:image:height\" content=\"760\" \/>\n\t<meta property=\"og:image:type\" content=\"image\/jpeg\" \/>\n<meta name=\"author\" content=\"Obispado de Arica\" \/>\n<meta name=\"twitter:card\" content=\"summary_large_image\" \/>\n<meta name=\"twitter:label1\" content=\"Escrito por\" \/>\n\t<meta name=\"twitter:data1\" content=\"Obispado de Arica\" \/>\n\t<meta name=\"twitter:label2\" content=\"Tiempo de lectura\" \/>\n\t<meta name=\"twitter:data2\" content=\"1 minuto\" \/>\n<script type=\"application\/ld+json\" class=\"yoast-schema-graph\">{\"@context\":\"https:\/\/schema.org\",\"@graph\":[{\"@type\":\"WebPage\",\"@id\":\"https:\/\/obispadoarica.cl\/home\/mons-luis-marin-de-san-martin-visitara-chile-para-hablar-sobre-la-sinodalidad-en-la-iglesia\/\",\"url\":\"https:\/\/obispadoarica.cl\/home\/mons-luis-marin-de-san-martin-visitara-chile-para-hablar-sobre-la-sinodalidad-en-la-iglesia\/\",\"name\":\"Mons. Luis Mar\u00edn de San Mart\u00edn visitar\u00e1 Chile para hablar sobre la Sinodalidad en la Iglesia - Obispado San Marcos de Arica\",\"isPartOf\":{\"@id\":\"https:\/\/obispadoarica.cl\/home\/#website\"},\"primaryImageOfPage\":{\"@id\":\"https:\/\/obispadoarica.cl\/home\/mons-luis-marin-de-san-martin-visitara-chile-para-hablar-sobre-la-sinodalidad-en-la-iglesia\/#primaryimage\"},\"image\":{\"@id\":\"https:\/\/obispadoarica.cl\/home\/mons-luis-marin-de-san-martin-visitara-chile-para-hablar-sobre-la-sinodalidad-en-la-iglesia\/#primaryimage\"},\"thumbnailUrl\":\"https:\/\/obispadoarica.cl\/home\/wp-content\/uploads\/2024\/03\/sinodalidad-en-el-de-de-hoy-portada.jpg\",\"datePublished\":\"2024-03-13T18:37:02+00:00\",\"dateModified\":\"2025-03-09T00:49:06+00:00\",\"author\":{\"@id\":\"https:\/\/obispadoarica.cl\/home\/#\/schema\/person\/1a8f4c2a3418412187dff039ecf9d97e\"},\"breadcrumb\":{\"@id\":\"https:\/\/obispadoarica.cl\/home\/mons-luis-marin-de-san-martin-visitara-chile-para-hablar-sobre-la-sinodalidad-en-la-iglesia\/#breadcrumb\"},\"inLanguage\":\"es\",\"potentialAction\":[{\"@type\":\"ReadAction\",\"target\":[\"https:\/\/obispadoarica.cl\/home\/mons-luis-marin-de-san-martin-visitara-chile-para-hablar-sobre-la-sinodalidad-en-la-iglesia\/\"]}]},{\"@type\":\"ImageObject\",\"inLanguage\":\"es\",\"@id\":\"https:\/\/obispadoarica.cl\/home\/mons-luis-marin-de-san-martin-visitara-chile-para-hablar-sobre-la-sinodalidad-en-la-iglesia\/#primaryimage\",\"url\":\"https:\/\/obispadoarica.cl\/home\/wp-content\/uploads\/2024\/03\/sinodalidad-en-el-de-de-hoy-portada.jpg\",\"contentUrl\":\"https:\/\/obispadoarica.cl\/home\/wp-content\/uploads\/2024\/03\/sinodalidad-en-el-de-de-hoy-portada.jpg\",\"width\":1549,\"height\":760},{\"@type\":\"BreadcrumbList\",\"@id\":\"https:\/\/obispadoarica.cl\/home\/mons-luis-marin-de-san-martin-visitara-chile-para-hablar-sobre-la-sinodalidad-en-la-iglesia\/#breadcrumb\",\"itemListElement\":[{\"@type\":\"ListItem\",\"position\":1,\"name\":\"Portada\",\"item\":\"https:\/\/obispadoarica.cl\/home\/\"},{\"@type\":\"ListItem\",\"position\":2,\"name\":\"Mons. Luis Mar\u00edn de San Mart\u00edn visitar\u00e1 Chile para hablar sobre la Sinodalidad en la Iglesia\"}]},{\"@type\":\"WebSite\",\"@id\":\"https:\/\/obispadoarica.cl\/home\/#website\",\"url\":\"https:\/\/obispadoarica.cl\/home\/\",\"name\":\"Obispado San Marcos de Arica\",\"description\":\"Di\u00f3cesis San Marcos de Arica\",\"potentialAction\":[{\"@type\":\"SearchAction\",\"target\":{\"@type\":\"EntryPoint\",\"urlTemplate\":\"https:\/\/obispadoarica.cl\/home\/?s={search_term_string}\"},\"query-input\":{\"@type\":\"PropertyValueSpecification\",\"valueRequired\":true,\"valueName\":\"search_term_string\"}}],\"inLanguage\":\"es\"},{\"@type\":\"Person\",\"@id\":\"https:\/\/obispadoarica.cl\/home\/#\/schema\/person\/1a8f4c2a3418412187dff039ecf9d97e\",\"name\":\"Obispado de Arica\",\"image\":{\"@type\":\"ImageObject\",\"inLanguage\":\"es\",\"@id\":\"https:\/\/obispadoarica.cl\/home\/#\/schema\/person\/image\/\",\"url\":\"https:\/\/secure.gravatar.com\/avatar\/c75d5ceafb11502016ed664658884b0b1b183fa6f96260878f47ac58f950c8d9?s=96&d=mm&r=g\",\"contentUrl\":\"https:\/\/secure.gravatar.com\/avatar\/c75d5ceafb11502016ed664658884b0b1b183fa6f96260878f47ac58f950c8d9?s=96&d=mm&r=g\",\"caption\":\"Obispado de Arica\"},\"url\":\"https:\/\/obispadoarica.cl\/home\/author\/c1300590\/\"}]}<\/script>\n<!-- \/ Yoast SEO plugin. -->","yoast_head_json":{"title":"Mons. Luis Mar\u00edn de San Mart\u00edn visitar\u00e1 Chile para hablar sobre la Sinodalidad en la Iglesia - Obispado San Marcos de Arica","robots":{"index":"index","follow":"follow","max-snippet":"max-snippet:-1","max-image-preview":"max-image-preview:large","max-video-preview":"max-video-preview:-1"},"canonical":"https:\/\/obispadoarica.cl\/home\/mons-luis-marin-de-san-martin-visitara-chile-para-hablar-sobre-la-sinodalidad-en-la-iglesia\/","og_locale":"es_ES","og_type":"article","og_title":"Mons. Luis Mar\u00edn de San Mart\u00edn visitar\u00e1 Chile para hablar sobre la Sinodalidad en la Iglesia - Obispado San Marcos de Arica","og_description":"Entre varias actividades, en vista a seguir animando el S\u00ednodo de la Sinodalidad, Mons. Mar\u00edn realizar\u00e1 una conferencia el mi\u00e9rcoles 20 de marzo en la casa central de la Pontificia Universidad Cat\u00f3lica de Chile en Santiago, la que es organizada por la Conferencia Episcopal, CONFERRE, y la casa de estudios. Entre el 18 y 20 [...]","og_url":"https:\/\/obispadoarica.cl\/home\/mons-luis-marin-de-san-martin-visitara-chile-para-hablar-sobre-la-sinodalidad-en-la-iglesia\/","og_site_name":"Obispado San Marcos de Arica","article_published_time":"2024-03-13T18:37:02+00:00","article_modified_time":"2025-03-09T00:49:06+00:00","og_image":[{"width":1549,"height":760,"url":"https:\/\/obispadoarica.cl\/home\/wp-content\/uploads\/2024\/03\/sinodalidad-en-el-de-de-hoy-portada.jpg","type":"image\/jpeg"}],"author":"Obispado de Arica","twitter_card":"summary_large_image","twitter_misc":{"Escrito por":"Obispado de Arica","Tiempo de lectura":"1 minuto"},"schema":{"@context":"https:\/\/schema.org","@graph":[{"@type":"WebPage","@id":"https:\/\/obispadoarica.cl\/home\/mons-luis-marin-de-san-martin-visitara-chile-para-hablar-sobre-la-sinodalidad-en-la-iglesia\/","url":"https:\/\/obispadoarica.cl\/home\/mons-luis-marin-de-san-martin-visitara-chile-para-hablar-sobre-la-sinodalidad-en-la-iglesia\/","name":"Mons. Luis Mar\u00edn de San Mart\u00edn visitar\u00e1 Chile para hablar sobre la Sinodalidad en la Iglesia - Obispado San Marcos de Arica","isPartOf":{"@id":"https:\/\/obispadoarica.cl\/home\/#website"},"primaryImageOfPage":{"@id":"https:\/\/obispadoarica.cl\/home\/mons-luis-marin-de-san-martin-visitara-chile-para-hablar-sobre-la-sinodalidad-en-la-iglesia\/#primaryimage"},"image":{"@id":"https:\/\/obispadoarica.cl\/home\/mons-luis-marin-de-san-martin-visitara-chile-para-hablar-sobre-la-sinodalidad-en-la-iglesia\/#primaryimage"},"thumbnailUrl":"https:\/\/obispadoarica.cl\/home\/wp-content\/uploads\/2024\/03\/sinodalidad-en-el-de-de-hoy-portada.jpg","datePublished":"2024-03-13T18:37:02+00:00","dateModified":"2025-03-09T00:49:06+00:00","author":{"@id":"https:\/\/obispadoarica.cl\/home\/#\/schema\/person\/1a8f4c2a3418412187dff039ecf9d97e"},"breadcrumb":{"@id":"https:\/\/obispadoarica.cl\/home\/mons-luis-marin-de-san-martin-visitara-chile-para-hablar-sobre-la-sinodalidad-en-la-iglesia\/#breadcrumb"},"inLanguage":"es","potentialAction":[{"@type":"ReadAction","target":["https:\/\/obispadoarica.cl\/home\/mons-luis-marin-de-san-martin-visitara-chile-para-hablar-sobre-la-sinodalidad-en-la-iglesia\/"]}]},{"@type":"ImageObject","inLanguage":"es","@id":"https:\/\/obispadoarica.cl\/home\/mons-luis-marin-de-san-martin-visitara-chile-para-hablar-sobre-la-sinodalidad-en-la-iglesia\/#primaryimage","url":"https:\/\/obispadoarica.cl\/home\/wp-content\/uploads\/2024\/03\/sinodalidad-en-el-de-de-hoy-portada.jpg","contentUrl":"https:\/\/obispadoarica.cl\/home\/wp-content\/uploads\/2024\/03\/sinodalidad-en-el-de-de-hoy-portada.jpg","width":1549,"height":760},{"@type":"BreadcrumbList","@id":"https:\/\/obispadoarica.cl\/home\/mons-luis-marin-de-san-martin-visitara-chile-para-hablar-sobre-la-sinodalidad-en-la-iglesia\/#breadcrumb","itemListElement":[{"@type":"ListItem","position":1,"name":"Portada","item":"https:\/\/obispadoarica.cl\/home\/"},{"@type":"ListItem","position":2,"name":"Mons. Luis Mar\u00edn de San Mart\u00edn visitar\u00e1 Chile para hablar sobre la Sinodalidad en la Iglesia"}]},{"@type":"WebSite","@id":"https:\/\/obispadoarica.cl\/home\/#website","url":"https:\/\/obispadoarica.cl\/home\/","name":"Obispado San Marcos de Arica","description":"Di\u00f3cesis San Marcos de Arica","potentialAction":[{"@type":"SearchAction","target":{"@type":"EntryPoint","urlTemplate":"https:\/\/obispadoarica.cl\/home\/?s={search_term_string}"},"query-input":{"@type":"PropertyValueSpecification","valueRequired":true,"valueName":"search_term_string"}}],"inLanguage":"es"},{"@type":"Person","@id":"https:\/\/obispadoarica.cl\/home\/#\/schema\/person\/1a8f4c2a3418412187dff039ecf9d97e","name":"Obispado de Arica","image":{"@type":"ImageObject","inLanguage":"es","@id":"https:\/\/obispadoarica.cl\/home\/#\/schema\/person\/image\/","url":"https:\/\/secure.gravatar.com\/avatar\/c75d5ceafb11502016ed664658884b0b1b183fa6f96260878f47ac58f950c8d9?s=96&d=mm&r=g","contentUrl":"https:\/\/secure.gravatar.com\/avatar\/c75d5ceafb11502016ed664658884b0b1b183fa6f96260878f47ac58f950c8d9?s=96&d=mm&r=g","caption":"Obispado de Arica"},"url":"https:\/\/obispadoarica.cl\/home\/author\/c1300590\/"}]}},"_links":{"self":[{"href":"https:\/\/obispadoarica.cl\/home\/wp-json\/wp\/v2\/posts\/2274","targetHints":{"allow":["GET"]}}],"collection":[{"href":"https:\/\/obispadoarica.cl\/home\/wp-json\/wp\/v2\/posts"}],"about":[{"href":"https:\/\/obispadoarica.cl\/home\/wp-json\/wp\/v2\/types\/post"}],"author":[{"embeddable":true,"href":"https:\/\/obispadoarica.cl\/home\/wp-json\/wp\/v2\/users\/2"}],"replies":[{"embeddable":true,"href":"https:\/\/obispadoarica.cl\/home\/wp-json\/wp\/v2\/comments?post=2274"}],"version-history":[{"count":2,"href":"https:\/\/obispadoarica.cl\/home\/wp-json\/wp\/v2\/posts\/2274\/revisions"}],"predecessor-version":[{"id":2282,"href":"https:\/\/obispadoarica.cl\/home\/wp-json\/wp\/v2\/posts\/2274\/revisions\/2282"}],"wp:featuredmedia":[{"embeddable":true,"href":"https:\/\/obispadoarica.cl\/home\/wp-json\/wp\/v2\/media\/2277"}],"wp:attachment":[{"href":"https:\/\/obispadoarica.cl\/home\/wp-json\/wp\/v2\/media?parent=2274"}],"wp:term":[{"taxonomy":"category","embeddable":true,"href":"https:\/\/obispadoarica.cl\/home\/wp-json\/wp\/v2\/categories?post=2274"},{"taxonomy":"post_tag","embeddable":true,"href":"https:\/\/obispadoarica.cl\/home\/wp-json\/wp\/v2\/tags?post=2274"}],"curies":[{"name":"wp","href":"https:\/\/api.w.org\/{rel}","templated":true}]}}