{"id":2283,"date":"2024-03-13T14:42:30","date_gmt":"2024-03-13T18:42:30","guid":{"rendered":"https:\/\/obispadoarica.cl\/home\/?p=2283"},"modified":"2025-03-08T20:49:06","modified_gmt":"2025-03-09T00:49:06","slug":"obispo-presidente-de-caritas-chile-y-obispo-de-valparaiso-participan-en-entrega-de-ayuda-a-damnificados-por-incendios","status":"publish","type":"post","link":"https:\/\/obispadoarica.cl\/home\/obispo-presidente-de-caritas-chile-y-obispo-de-valparaiso-participan-en-entrega-de-ayuda-a-damnificados-por-incendios\/","title":{"rendered":"Obispo presidente de Caritas Chile y Obispo de Valpara\u00edso participan en entrega de ayuda a damnificados por incendios"},"content":{"rendered":"\n\n\n<p><strong>En medio de la intensa ayuda humanitaria que est\u00e1 brindando Caritas en los sectores m\u00e1s afectados por los incendios de interfaz urbano forestal ocurridos en la regi\u00f3n de Valpara\u00edso a principios de febrero, Monse\u00f1or Mois\u00e9s Atisha, obispo presidente de Caritas Chile, y Monse\u00f1or Jorge Vega, obispo de Valpara\u00edso; encabezaron un recorrido para acompa\u00f1ar a grupos de damnificados, en una jornada m\u00e1s de entrega de ayuda a personas que han sufrido serios da\u00f1os por este desastre.<\/strong><\/p>\n\n\n\n<p>Lo hicieron acompa\u00f1ados de los equipos de Caritas Chile y Caritas Valpara\u00edso y de un grupo de voluntarias y voluntarios que han estado trabajando permanentemente en el abordaje de la emergencia, desde uno de los centros diocesanos de acopio y distribuci\u00f3n de ayuda humanitaria de la iglesia y la Caritas de Valpara\u00edso, ubicado en la Parroquia Nuestra Se\u00f1ora del Rosario de Quilpu\u00e9.<br>Desde estos lugares destruidos por los incendios, y tambi\u00e9n desde los esfuerzos de los grupos de familias por despejar los terrenos en que estuvieron sus hogares y comenzar a reconstruir, el presidente de Caritas, Monse\u00f1or Mois\u00e9s Atisha expres\u00f3: \u201cquisiera en nombre de Caritas, agradecer profundamente los esfuerzos solidarios que tantas personas, empresas, organismos p\u00fablicos, y comunidades est\u00e1n realizando para acompa\u00f1ar esta experiencia de tanto dolor y p\u00e9rdida para miles de personas y familias en toda la Regi\u00f3n de Valpara\u00edso. Sabemos que ante una tragedia tan grande los esfuerzos gubernamentales no son suficientes, y que se requiere del aporte de todos y todas para enfrentar este drama y empezar el proceso de recuperaci\u00f3n y reconstrucci\u00f3n. Por ellos, mis palabras son de una inmensa gratitud\u201d<\/p>\n\n\n\n<p>Junto con ello, el obispo hizo un llamado a continuar sosteniendo esta solidaridad: \u201cSabemos que despu\u00e9s de una tragedia los chilenos nos expresamos con gran generosidad, pero al pasar el primer momento esta tiende a bajar. Y sin embargo se requiere mucho tiempo, se requiere muchos recursos, mucho trabajo para que realmente las personas afectadas puedan reconstruir sus vidas, sus bienes, para mantener la esperanza para una vida buena. Por ello les llamamos a ser constantes en la solidaridad y a no olvidar a nuestros hermanos y. hermanas que tanto han perdido\u201d.<\/p>\n\n\n\n<p>En la ocasi\u00f3n los pastores y equipos solidarios, junto con los voluntarios en el centro de acopio, acompa\u00f1aron algunos de los sectores m\u00e1s gravemente siniestrados en la regi\u00f3n de Valpara\u00edso &#8211; particularmente el campamento Gabriela Mistral y la poblaci\u00f3n Argentina, en el sector de Pompeya, comuna de Quilpu\u00e9- animando tanto a los grupos de damnificados como a los equipos de voluntarios y voluntarias a mantener la esperanza en el trabajo colaborativo, en cuidar sus v\u00ednculos como comunidades, y comprometieron todo su apoyo para contribuir a superar esta situaci\u00f3n.<\/p>\n\n\n\n<p><strong>Fuente: Caritas Chile<\/strong><br><em>Quilpu\u00e9, 13-03-2024<\/em><\/p>\n\n\n\n<figure class=\"wp-block-gallery has-nested-images columns-2 is-cropped wp-block-gallery-1 is-layout-flex wp-block-gallery-is-layout-flex\">\n<figure class=\"wp-block-image size-large\"><a href=\"https:\/\/obispadoarica.cl\/home\/wp-content\/uploads\/2024\/03\/img_gale_65f1e18f2e5d5_13032024.jpg\"><img fetchpriority=\"high\" decoding=\"async\" width=\"1000\" height=\"750\" data-id=\"2287\" src=\"https:\/\/obispadoarica.cl\/home\/wp-content\/uploads\/2024\/03\/img_gale_65f1e18f2e5d5_13032024.jpg\" alt=\"\" class=\"wp-image-2287\" srcset=\"https:\/\/obispadoarica.cl\/home\/wp-content\/uploads\/2024\/03\/img_gale_65f1e18f2e5d5_13032024.jpg 1000w, https:\/\/obispadoarica.cl\/home\/wp-content\/uploads\/2024\/03\/img_gale_65f1e18f2e5d5_13032024-300x225.jpg 300w, https:\/\/obispadoarica.cl\/home\/wp-content\/uploads\/2024\/03\/img_gale_65f1e18f2e5d5_13032024-768x576.jpg 768w\" sizes=\"(max-width: 1000px) 100vw, 1000px\" \/><\/a><\/figure>\n\n\n\n<figure class=\"wp-block-image size-large\"><a href=\"https:\/\/obispadoarica.cl\/home\/wp-content\/uploads\/2024\/03\/img_gale_65f1e18f3cf15_13032024.jpg\"><img decoding=\"async\" width=\"1000\" height=\"750\" data-id=\"2291\" src=\"https:\/\/obispadoarica.cl\/home\/wp-content\/uploads\/2024\/03\/img_gale_65f1e18f3cf15_13032024.jpg\" alt=\"\" class=\"wp-image-2291\" srcset=\"https:\/\/obispadoarica.cl\/home\/wp-content\/uploads\/2024\/03\/img_gale_65f1e18f3cf15_13032024.jpg 1000w, https:\/\/obispadoarica.cl\/home\/wp-content\/uploads\/2024\/03\/img_gale_65f1e18f3cf15_13032024-300x225.jpg 300w, https:\/\/obispadoarica.cl\/home\/wp-content\/uploads\/2024\/03\/img_gale_65f1e18f3cf15_13032024-768x576.jpg 768w\" sizes=\"(max-width: 1000px) 100vw, 1000px\" \/><\/a><\/figure>\n\n\n\n<figure class=\"wp-block-image size-large\"><a href=\"https:\/\/obispadoarica.cl\/home\/wp-content\/uploads\/2024\/03\/img_gale_65f1e18f4c1f6_13032024.jpg\"><img decoding=\"async\" width=\"1000\" height=\"750\" data-id=\"2297\" src=\"https:\/\/obispadoarica.cl\/home\/wp-content\/uploads\/2024\/03\/img_gale_65f1e18f4c1f6_13032024.jpg\" alt=\"\" class=\"wp-image-2297\" srcset=\"https:\/\/obispadoarica.cl\/home\/wp-content\/uploads\/2024\/03\/img_gale_65f1e18f4c1f6_13032024.jpg 1000w, https:\/\/obispadoarica.cl\/home\/wp-content\/uploads\/2024\/03\/img_gale_65f1e18f4c1f6_13032024-300x225.jpg 300w, https:\/\/obispadoarica.cl\/home\/wp-content\/uploads\/2024\/03\/img_gale_65f1e18f4c1f6_13032024-768x576.jpg 768w\" sizes=\"(max-width: 1000px) 100vw, 1000px\" \/><\/a><\/figure>\n\n\n\n<figure class=\"wp-block-image size-large\"><a href=\"https:\/\/obispadoarica.cl\/home\/wp-content\/uploads\/2024\/03\/img_gale_65f1e18f6ede4_13032024.jpg\"><img loading=\"lazy\" decoding=\"async\" width=\"1000\" height=\"606\" data-id=\"2286\" src=\"https:\/\/obispadoarica.cl\/home\/wp-content\/uploads\/2024\/03\/img_gale_65f1e18f6ede4_13032024.jpg\" alt=\"\" class=\"wp-image-2286\" srcset=\"https:\/\/obispadoarica.cl\/home\/wp-content\/uploads\/2024\/03\/img_gale_65f1e18f6ede4_13032024.jpg 1000w, https:\/\/obispadoarica.cl\/home\/wp-content\/uploads\/2024\/03\/img_gale_65f1e18f6ede4_13032024-300x182.jpg 300w, https:\/\/obispadoarica.cl\/home\/wp-content\/uploads\/2024\/03\/img_gale_65f1e18f6ede4_13032024-768x465.jpg 768w\" sizes=\"(max-width: 1000px) 100vw, 1000px\" \/><\/a><\/figure>\n\n\n\n<figure class=\"wp-block-image size-large\"><a href=\"https:\/\/obispadoarica.cl\/home\/wp-content\/uploads\/2024\/03\/img_gale_65f1e18f35ab6_13032024.jpg\"><img loading=\"lazy\" decoding=\"async\" width=\"1000\" height=\"750\" data-id=\"2293\" src=\"https:\/\/obispadoarica.cl\/home\/wp-content\/uploads\/2024\/03\/img_gale_65f1e18f35ab6_13032024.jpg\" alt=\"\" class=\"wp-image-2293\" srcset=\"https:\/\/obispadoarica.cl\/home\/wp-content\/uploads\/2024\/03\/img_gale_65f1e18f35ab6_13032024.jpg 1000w, https:\/\/obispadoarica.cl\/home\/wp-content\/uploads\/2024\/03\/img_gale_65f1e18f35ab6_13032024-300x225.jpg 300w, https:\/\/obispadoarica.cl\/home\/wp-content\/uploads\/2024\/03\/img_gale_65f1e18f35ab6_13032024-768x576.jpg 768w\" sizes=\"(max-width: 1000px) 100vw, 1000px\" \/><\/a><\/figure>\n\n\n\n<figure class=\"wp-block-image size-large\"><a href=\"https:\/\/obispadoarica.cl\/home\/wp-content\/uploads\/2024\/03\/img_gale_65f1e18f53a82_13032024.jpg\"><img loading=\"lazy\" decoding=\"async\" width=\"1000\" height=\"750\" data-id=\"2288\" src=\"https:\/\/obispadoarica.cl\/home\/wp-content\/uploads\/2024\/03\/img_gale_65f1e18f53a82_13032024.jpg\" alt=\"\" class=\"wp-image-2288\" srcset=\"https:\/\/obispadoarica.cl\/home\/wp-content\/uploads\/2024\/03\/img_gale_65f1e18f53a82_13032024.jpg 1000w, https:\/\/obispadoarica.cl\/home\/wp-content\/uploads\/2024\/03\/img_gale_65f1e18f53a82_13032024-300x225.jpg 300w, https:\/\/obispadoarica.cl\/home\/wp-content\/uploads\/2024\/03\/img_gale_65f1e18f53a82_13032024-768x576.jpg 768w\" sizes=\"(max-width: 1000px) 100vw, 1000px\" \/><\/a><\/figure>\n\n\n\n<figure class=\"wp-block-image size-large\"><a href=\"https:\/\/obispadoarica.cl\/home\/wp-content\/uploads\/2024\/03\/img_gale_65f1e18f73e03_13032024.jpg\"><img loading=\"lazy\" decoding=\"async\" width=\"600\" height=\"800\" data-id=\"2289\" src=\"https:\/\/obispadoarica.cl\/home\/wp-content\/uploads\/2024\/03\/img_gale_65f1e18f73e03_13032024.jpg\" alt=\"\" class=\"wp-image-2289\" srcset=\"https:\/\/obispadoarica.cl\/home\/wp-content\/uploads\/2024\/03\/img_gale_65f1e18f73e03_13032024.jpg 600w, https:\/\/obispadoarica.cl\/home\/wp-content\/uploads\/2024\/03\/img_gale_65f1e18f73e03_13032024-225x300.jpg 225w\" sizes=\"(max-width: 600px) 100vw, 600px\" \/><\/a><\/figure>\n\n\n\n<figure class=\"wp-block-image size-large\"><a href=\"https:\/\/obispadoarica.cl\/home\/wp-content\/uploads\/2024\/03\/img_gale_65f1e18f79ee1_13032024.jpg\"><img loading=\"lazy\" decoding=\"async\" width=\"1000\" height=\"750\" data-id=\"2294\" src=\"https:\/\/obispadoarica.cl\/home\/wp-content\/uploads\/2024\/03\/img_gale_65f1e18f79ee1_13032024.jpg\" alt=\"\" class=\"wp-image-2294\" srcset=\"https:\/\/obispadoarica.cl\/home\/wp-content\/uploads\/2024\/03\/img_gale_65f1e18f79ee1_13032024.jpg 1000w, https:\/\/obispadoarica.cl\/home\/wp-content\/uploads\/2024\/03\/img_gale_65f1e18f79ee1_13032024-300x225.jpg 300w, https:\/\/obispadoarica.cl\/home\/wp-content\/uploads\/2024\/03\/img_gale_65f1e18f79ee1_13032024-768x576.jpg 768w\" sizes=\"(max-width: 1000px) 100vw, 1000px\" \/><\/a><\/figure>\n\n\n\n<figure class=\"wp-block-image size-large\"><a href=\"https:\/\/obispadoarica.cl\/home\/wp-content\/uploads\/2024\/03\/img_gale_65f1e18f80ccd_13032024.jpg\"><img loading=\"lazy\" decoding=\"async\" width=\"600\" height=\"800\" data-id=\"2290\" src=\"https:\/\/obispadoarica.cl\/home\/wp-content\/uploads\/2024\/03\/img_gale_65f1e18f80ccd_13032024.jpg\" alt=\"\" class=\"wp-image-2290\" srcset=\"https:\/\/obispadoarica.cl\/home\/wp-content\/uploads\/2024\/03\/img_gale_65f1e18f80ccd_13032024.jpg 600w, https:\/\/obispadoarica.cl\/home\/wp-content\/uploads\/2024\/03\/img_gale_65f1e18f80ccd_13032024-225x300.jpg 225w\" sizes=\"(max-width: 600px) 100vw, 600px\" \/><\/a><\/figure>\n\n\n\n<figure class=\"wp-block-image size-large\"><a href=\"https:\/\/obispadoarica.cl\/home\/wp-content\/uploads\/2024\/03\/img_gale_65f1e18f86ad3_13032024.jpg\"><img loading=\"lazy\" decoding=\"async\" width=\"1000\" height=\"750\" data-id=\"2295\" src=\"https:\/\/obispadoarica.cl\/home\/wp-content\/uploads\/2024\/03\/img_gale_65f1e18f86ad3_13032024.jpg\" alt=\"\" class=\"wp-image-2295\" srcset=\"https:\/\/obispadoarica.cl\/home\/wp-content\/uploads\/2024\/03\/img_gale_65f1e18f86ad3_13032024.jpg 1000w, https:\/\/obispadoarica.cl\/home\/wp-content\/uploads\/2024\/03\/img_gale_65f1e18f86ad3_13032024-300x225.jpg 300w, https:\/\/obispadoarica.cl\/home\/wp-content\/uploads\/2024\/03\/img_gale_65f1e18f86ad3_13032024-768x576.jpg 768w\" sizes=\"(max-width: 1000px) 100vw, 1000px\" \/><\/a><\/figure>\n\n\n\n<figure class=\"wp-block-image size-large\"><a href=\"https:\/\/obispadoarica.cl\/home\/wp-content\/uploads\/2024\/03\/img_gale_65f1e18f23776_13032024.jpg\"><img loading=\"lazy\" decoding=\"async\" width=\"1000\" height=\"750\" data-id=\"2296\" src=\"https:\/\/obispadoarica.cl\/home\/wp-content\/uploads\/2024\/03\/img_gale_65f1e18f23776_13032024.jpg\" alt=\"\" class=\"wp-image-2296\" srcset=\"https:\/\/obispadoarica.cl\/home\/wp-content\/uploads\/2024\/03\/img_gale_65f1e18f23776_13032024.jpg 1000w, https:\/\/obispadoarica.cl\/home\/wp-content\/uploads\/2024\/03\/img_gale_65f1e18f23776_13032024-300x225.jpg 300w, https:\/\/obispadoarica.cl\/home\/wp-content\/uploads\/2024\/03\/img_gale_65f1e18f23776_13032024-768x576.jpg 768w\" sizes=\"(max-width: 1000px) 100vw, 1000px\" \/><\/a><\/figure>\n\n\n\n<figure class=\"wp-block-image size-large\"><a href=\"https:\/\/obispadoarica.cl\/home\/wp-content\/uploads\/2024\/03\/img_gale_65f1e18f44819_13032024.jpg\"><img loading=\"lazy\" decoding=\"async\" width=\"1000\" height=\"750\" data-id=\"2298\" src=\"https:\/\/obispadoarica.cl\/home\/wp-content\/uploads\/2024\/03\/img_gale_65f1e18f44819_13032024.jpg\" alt=\"\" class=\"wp-image-2298\" srcset=\"https:\/\/obispadoarica.cl\/home\/wp-content\/uploads\/2024\/03\/img_gale_65f1e18f44819_13032024.jpg 1000w, https:\/\/obispadoarica.cl\/home\/wp-content\/uploads\/2024\/03\/img_gale_65f1e18f44819_13032024-300x225.jpg 300w, https:\/\/obispadoarica.cl\/home\/wp-content\/uploads\/2024\/03\/img_gale_65f1e18f44819_13032024-768x576.jpg 768w\" sizes=\"(max-width: 1000px) 100vw, 1000px\" \/><\/a><\/figure>\n\n\n\n<figure class=\"wp-block-image size-large\"><a href=\"https:\/\/obispadoarica.cl\/home\/wp-content\/uploads\/2024\/03\/img_gale_65f1e18f61357_13032024.jpg\"><img loading=\"lazy\" decoding=\"async\" width=\"1000\" height=\"750\" data-id=\"2299\" src=\"https:\/\/obispadoarica.cl\/home\/wp-content\/uploads\/2024\/03\/img_gale_65f1e18f61357_13032024.jpg\" alt=\"\" class=\"wp-image-2299\" srcset=\"https:\/\/obispadoarica.cl\/home\/wp-content\/uploads\/2024\/03\/img_gale_65f1e18f61357_13032024.jpg 1000w, https:\/\/obispadoarica.cl\/home\/wp-content\/uploads\/2024\/03\/img_gale_65f1e18f61357_13032024-300x225.jpg 300w, https:\/\/obispadoarica.cl\/home\/wp-content\/uploads\/2024\/03\/img_gale_65f1e18f61357_13032024-768x576.jpg 768w\" sizes=\"(max-width: 1000px) 100vw, 1000px\" \/><\/a><\/figure>\n\n\n\n<figure class=\"wp-block-image size-large\"><a href=\"https:\/\/obispadoarica.cl\/home\/wp-content\/uploads\/2024\/03\/img_gale_65f1e18f68536_13032024.jpg\"><img loading=\"lazy\" decoding=\"async\" width=\"1000\" height=\"750\" data-id=\"2292\" src=\"https:\/\/obispadoarica.cl\/home\/wp-content\/uploads\/2024\/03\/img_gale_65f1e18f68536_13032024.jpg\" alt=\"\" class=\"wp-image-2292\" srcset=\"https:\/\/obispadoarica.cl\/home\/wp-content\/uploads\/2024\/03\/img_gale_65f1e18f68536_13032024.jpg 1000w, https:\/\/obispadoarica.cl\/home\/wp-content\/uploads\/2024\/03\/img_gale_65f1e18f68536_13032024-300x225.jpg 300w, https:\/\/obispadoarica.cl\/home\/wp-content\/uploads\/2024\/03\/img_gale_65f1e18f68536_13032024-768x576.jpg 768w\" sizes=\"(max-width: 1000px) 100vw, 1000px\" \/><\/a><\/figure>\n<\/figure>\n","protected":false},"excerpt":{"rendered":"<p>En medio de la intensa ayuda humanitaria que est\u00e1 brindando Caritas en los sectores m\u00e1s afectados por los incendios de interfaz urbano forestal ocurridos en la regi\u00f3n de Valpara\u00edso a principios de febrero, Monse\u00f1or Mois\u00e9s Atisha, obispo presidente de Caritas Chile, y Monse\u00f1or Jorge Vega, obispo de Valpara\u00edso; encabezaron un recorrido para acompa\u00f1ar a grupos [&#8230;]\n","protected":false},"author":2,"featured_media":2284,"comment_status":"closed","ping_status":"open","sticky":false,"template":"","format":"standard","meta":{"footnotes":""},"categories":[7],"tags":[],"class_list":["post-2283","post","type-post","status-publish","format-standard","has-post-thumbnail","hentry","category-noticias"],"yoast_head":"<!-- This site is optimized with the Yoast SEO plugin v24.6 - https:\/\/yoast.com\/wordpress\/plugins\/seo\/ -->\n<title>Obispo presidente de Caritas Chile y Obispo de Valpara\u00edso participan en entrega de ayuda a damnificados por incendios - Obispado San Marcos de Arica<\/title>\n<meta name=\"robots\" content=\"index, follow, max-snippet:-1, max-image-preview:large, max-video-preview:-1\" \/>\n<link rel=\"canonical\" href=\"https:\/\/obispadoarica.cl\/home\/obispo-presidente-de-caritas-chile-y-obispo-de-valparaiso-participan-en-entrega-de-ayuda-a-damnificados-por-incendios\/\" \/>\n<meta property=\"og:locale\" content=\"es_ES\" \/>\n<meta property=\"og:type\" content=\"article\" \/>\n<meta property=\"og:title\" content=\"Obispo presidente de Caritas Chile y Obispo de Valpara\u00edso participan en entrega de ayuda a damnificados por incendios - Obispado San Marcos de Arica\" \/>\n<meta property=\"og:description\" content=\"En medio de la intensa ayuda humanitaria que est\u00e1 brindando Caritas en los sectores m\u00e1s afectados por los incendios de interfaz urbano forestal ocurridos en la regi\u00f3n de Valpara\u00edso a principios de febrero, Monse\u00f1or Mois\u00e9s Atisha, obispo presidente de Caritas Chile, y Monse\u00f1or Jorge Vega, obispo de Valpara\u00edso; encabezaron un recorrido para acompa\u00f1ar a grupos [...]\" \/>\n<meta property=\"og:url\" content=\"https:\/\/obispadoarica.cl\/home\/obispo-presidente-de-caritas-chile-y-obispo-de-valparaiso-participan-en-entrega-de-ayuda-a-damnificados-por-incendios\/\" \/>\n<meta property=\"og:site_name\" content=\"Obispado San Marcos de Arica\" \/>\n<meta property=\"article:published_time\" content=\"2024-03-13T18:42:30+00:00\" \/>\n<meta property=\"article:modified_time\" content=\"2025-03-09T00:49:06+00:00\" \/>\n<meta property=\"og:image\" content=\"https:\/\/obispadoarica.cl\/home\/wp-content\/uploads\/2024\/03\/caritas-quilpue.jpg\" \/>\n\t<meta property=\"og:image:width\" content=\"1000\" \/>\n\t<meta property=\"og:image:height\" content=\"750\" \/>\n\t<meta property=\"og:image:type\" content=\"image\/jpeg\" \/>\n<meta name=\"author\" content=\"Obispado de Arica\" \/>\n<meta name=\"twitter:card\" content=\"summary_large_image\" \/>\n<meta name=\"twitter:label1\" content=\"Escrito por\" \/>\n\t<meta name=\"twitter:data1\" content=\"Obispado de Arica\" \/>\n\t<meta name=\"twitter:label2\" content=\"Tiempo de lectura\" \/>\n\t<meta name=\"twitter:data2\" content=\"5 minutos\" \/>\n<script type=\"application\/ld+json\" class=\"yoast-schema-graph\">{\"@context\":\"https:\/\/schema.org\",\"@graph\":[{\"@type\":\"WebPage\",\"@id\":\"https:\/\/obispadoarica.cl\/home\/obispo-presidente-de-caritas-chile-y-obispo-de-valparaiso-participan-en-entrega-de-ayuda-a-damnificados-por-incendios\/\",\"url\":\"https:\/\/obispadoarica.cl\/home\/obispo-presidente-de-caritas-chile-y-obispo-de-valparaiso-participan-en-entrega-de-ayuda-a-damnificados-por-incendios\/\",\"name\":\"Obispo presidente de Caritas Chile y Obispo de Valpara\u00edso participan en entrega de ayuda a damnificados por incendios - Obispado San Marcos de Arica\",\"isPartOf\":{\"@id\":\"https:\/\/obispadoarica.cl\/home\/#website\"},\"primaryImageOfPage\":{\"@id\":\"https:\/\/obispadoarica.cl\/home\/obispo-presidente-de-caritas-chile-y-obispo-de-valparaiso-participan-en-entrega-de-ayuda-a-damnificados-por-incendios\/#primaryimage\"},\"image\":{\"@id\":\"https:\/\/obispadoarica.cl\/home\/obispo-presidente-de-caritas-chile-y-obispo-de-valparaiso-participan-en-entrega-de-ayuda-a-damnificados-por-incendios\/#primaryimage\"},\"thumbnailUrl\":\"https:\/\/obispadoarica.cl\/home\/wp-content\/uploads\/2024\/03\/caritas-quilpue.jpg\",\"datePublished\":\"2024-03-13T18:42:30+00:00\",\"dateModified\":\"2025-03-09T00:49:06+00:00\",\"author\":{\"@id\":\"https:\/\/obispadoarica.cl\/home\/#\/schema\/person\/1a8f4c2a3418412187dff039ecf9d97e\"},\"breadcrumb\":{\"@id\":\"https:\/\/obispadoarica.cl\/home\/obispo-presidente-de-caritas-chile-y-obispo-de-valparaiso-participan-en-entrega-de-ayuda-a-damnificados-por-incendios\/#breadcrumb\"},\"inLanguage\":\"es\",\"potentialAction\":[{\"@type\":\"ReadAction\",\"target\":[\"https:\/\/obispadoarica.cl\/home\/obispo-presidente-de-caritas-chile-y-obispo-de-valparaiso-participan-en-entrega-de-ayuda-a-damnificados-por-incendios\/\"]}]},{\"@type\":\"ImageObject\",\"inLanguage\":\"es\",\"@id\":\"https:\/\/obispadoarica.cl\/home\/obispo-presidente-de-caritas-chile-y-obispo-de-valparaiso-participan-en-entrega-de-ayuda-a-damnificados-por-incendios\/#primaryimage\",\"url\":\"https:\/\/obispadoarica.cl\/home\/wp-content\/uploads\/2024\/03\/caritas-quilpue.jpg\",\"contentUrl\":\"https:\/\/obispadoarica.cl\/home\/wp-content\/uploads\/2024\/03\/caritas-quilpue.jpg\",\"width\":1000,\"height\":750},{\"@type\":\"BreadcrumbList\",\"@id\":\"https:\/\/obispadoarica.cl\/home\/obispo-presidente-de-caritas-chile-y-obispo-de-valparaiso-participan-en-entrega-de-ayuda-a-damnificados-por-incendios\/#breadcrumb\",\"itemListElement\":[{\"@type\":\"ListItem\",\"position\":1,\"name\":\"Portada\",\"item\":\"https:\/\/obispadoarica.cl\/home\/\"},{\"@type\":\"ListItem\",\"position\":2,\"name\":\"Obispo presidente de Caritas Chile y Obispo de Valpara\u00edso participan en entrega de ayuda a damnificados por incendios\"}]},{\"@type\":\"WebSite\",\"@id\":\"https:\/\/obispadoarica.cl\/home\/#website\",\"url\":\"https:\/\/obispadoarica.cl\/home\/\",\"name\":\"Obispado San Marcos de Arica\",\"description\":\"Di\u00f3cesis San Marcos de Arica\",\"potentialAction\":[{\"@type\":\"SearchAction\",\"target\":{\"@type\":\"EntryPoint\",\"urlTemplate\":\"https:\/\/obispadoarica.cl\/home\/?s={search_term_string}\"},\"query-input\":{\"@type\":\"PropertyValueSpecification\",\"valueRequired\":true,\"valueName\":\"search_term_string\"}}],\"inLanguage\":\"es\"},{\"@type\":\"Person\",\"@id\":\"https:\/\/obispadoarica.cl\/home\/#\/schema\/person\/1a8f4c2a3418412187dff039ecf9d97e\",\"name\":\"Obispado de Arica\",\"image\":{\"@type\":\"ImageObject\",\"inLanguage\":\"es\",\"@id\":\"https:\/\/obispadoarica.cl\/home\/#\/schema\/person\/image\/\",\"url\":\"https:\/\/secure.gravatar.com\/avatar\/c75d5ceafb11502016ed664658884b0b1b183fa6f96260878f47ac58f950c8d9?s=96&d=mm&r=g\",\"contentUrl\":\"https:\/\/secure.gravatar.com\/avatar\/c75d5ceafb11502016ed664658884b0b1b183fa6f96260878f47ac58f950c8d9?s=96&d=mm&r=g\",\"caption\":\"Obispado de Arica\"},\"url\":\"https:\/\/obispadoarica.cl\/home\/author\/c1300590\/\"}]}<\/script>\n<!-- \/ Yoast SEO plugin. -->","yoast_head_json":{"title":"Obispo presidente de Caritas Chile y Obispo de Valpara\u00edso participan en entrega de ayuda a damnificados por incendios - Obispado San Marcos de Arica","robots":{"index":"index","follow":"follow","max-snippet":"max-snippet:-1","max-image-preview":"max-image-preview:large","max-video-preview":"max-video-preview:-1"},"canonical":"https:\/\/obispadoarica.cl\/home\/obispo-presidente-de-caritas-chile-y-obispo-de-valparaiso-participan-en-entrega-de-ayuda-a-damnificados-por-incendios\/","og_locale":"es_ES","og_type":"article","og_title":"Obispo presidente de Caritas Chile y Obispo de Valpara\u00edso participan en entrega de ayuda a damnificados por incendios - Obispado San Marcos de Arica","og_description":"En medio de la intensa ayuda humanitaria que est\u00e1 brindando Caritas en los sectores m\u00e1s afectados por los incendios de interfaz urbano forestal ocurridos en la regi\u00f3n de Valpara\u00edso a principios de febrero, Monse\u00f1or Mois\u00e9s Atisha, obispo presidente de Caritas Chile, y Monse\u00f1or Jorge Vega, obispo de Valpara\u00edso; encabezaron un recorrido para acompa\u00f1ar a grupos [...]","og_url":"https:\/\/obispadoarica.cl\/home\/obispo-presidente-de-caritas-chile-y-obispo-de-valparaiso-participan-en-entrega-de-ayuda-a-damnificados-por-incendios\/","og_site_name":"Obispado San Marcos de Arica","article_published_time":"2024-03-13T18:42:30+00:00","article_modified_time":"2025-03-09T00:49:06+00:00","og_image":[{"width":1000,"height":750,"url":"https:\/\/obispadoarica.cl\/home\/wp-content\/uploads\/2024\/03\/caritas-quilpue.jpg","type":"image\/jpeg"}],"author":"Obispado de Arica","twitter_card":"summary_large_image","twitter_misc":{"Escrito por":"Obispado de Arica","Tiempo de lectura":"5 minutos"},"schema":{"@context":"https:\/\/schema.org","@graph":[{"@type":"WebPage","@id":"https:\/\/obispadoarica.cl\/home\/obispo-presidente-de-caritas-chile-y-obispo-de-valparaiso-participan-en-entrega-de-ayuda-a-damnificados-por-incendios\/","url":"https:\/\/obispadoarica.cl\/home\/obispo-presidente-de-caritas-chile-y-obispo-de-valparaiso-participan-en-entrega-de-ayuda-a-damnificados-por-incendios\/","name":"Obispo presidente de Caritas Chile y Obispo de Valpara\u00edso participan en entrega de ayuda a damnificados por incendios - Obispado San Marcos de Arica","isPartOf":{"@id":"https:\/\/obispadoarica.cl\/home\/#website"},"primaryImageOfPage":{"@id":"https:\/\/obispadoarica.cl\/home\/obispo-presidente-de-caritas-chile-y-obispo-de-valparaiso-participan-en-entrega-de-ayuda-a-damnificados-por-incendios\/#primaryimage"},"image":{"@id":"https:\/\/obispadoarica.cl\/home\/obispo-presidente-de-caritas-chile-y-obispo-de-valparaiso-participan-en-entrega-de-ayuda-a-damnificados-por-incendios\/#primaryimage"},"thumbnailUrl":"https:\/\/obispadoarica.cl\/home\/wp-content\/uploads\/2024\/03\/caritas-quilpue.jpg","datePublished":"2024-03-13T18:42:30+00:00","dateModified":"2025-03-09T00:49:06+00:00","author":{"@id":"https:\/\/obispadoarica.cl\/home\/#\/schema\/person\/1a8f4c2a3418412187dff039ecf9d97e"},"breadcrumb":{"@id":"https:\/\/obispadoarica.cl\/home\/obispo-presidente-de-caritas-chile-y-obispo-de-valparaiso-participan-en-entrega-de-ayuda-a-damnificados-por-incendios\/#breadcrumb"},"inLanguage":"es","potentialAction":[{"@type":"ReadAction","target":["https:\/\/obispadoarica.cl\/home\/obispo-presidente-de-caritas-chile-y-obispo-de-valparaiso-participan-en-entrega-de-ayuda-a-damnificados-por-incendios\/"]}]},{"@type":"ImageObject","inLanguage":"es","@id":"https:\/\/obispadoarica.cl\/home\/obispo-presidente-de-caritas-chile-y-obispo-de-valparaiso-participan-en-entrega-de-ayuda-a-damnificados-por-incendios\/#primaryimage","url":"https:\/\/obispadoarica.cl\/home\/wp-content\/uploads\/2024\/03\/caritas-quilpue.jpg","contentUrl":"https:\/\/obispadoarica.cl\/home\/wp-content\/uploads\/2024\/03\/caritas-quilpue.jpg","width":1000,"height":750},{"@type":"BreadcrumbList","@id":"https:\/\/obispadoarica.cl\/home\/obispo-presidente-de-caritas-chile-y-obispo-de-valparaiso-participan-en-entrega-de-ayuda-a-damnificados-por-incendios\/#breadcrumb","itemListElement":[{"@type":"ListItem","position":1,"name":"Portada","item":"https:\/\/obispadoarica.cl\/home\/"},{"@type":"ListItem","position":2,"name":"Obispo presidente de Caritas Chile y Obispo de Valpara\u00edso participan en entrega de ayuda a damnificados por incendios"}]},{"@type":"WebSite","@id":"https:\/\/obispadoarica.cl\/home\/#website","url":"https:\/\/obispadoarica.cl\/home\/","name":"Obispado San Marcos de Arica","description":"Di\u00f3cesis San Marcos de Arica","potentialAction":[{"@type":"SearchAction","target":{"@type":"EntryPoint","urlTemplate":"https:\/\/obispadoarica.cl\/home\/?s={search_term_string}"},"query-input":{"@type":"PropertyValueSpecification","valueRequired":true,"valueName":"search_term_string"}}],"inLanguage":"es"},{"@type":"Person","@id":"https:\/\/obispadoarica.cl\/home\/#\/schema\/person\/1a8f4c2a3418412187dff039ecf9d97e","name":"Obispado de Arica","image":{"@type":"ImageObject","inLanguage":"es","@id":"https:\/\/obispadoarica.cl\/home\/#\/schema\/person\/image\/","url":"https:\/\/secure.gravatar.com\/avatar\/c75d5ceafb11502016ed664658884b0b1b183fa6f96260878f47ac58f950c8d9?s=96&d=mm&r=g","contentUrl":"https:\/\/secure.gravatar.com\/avatar\/c75d5ceafb11502016ed664658884b0b1b183fa6f96260878f47ac58f950c8d9?s=96&d=mm&r=g","caption":"Obispado de Arica"},"url":"https:\/\/obispadoarica.cl\/home\/author\/c1300590\/"}]}},"_links":{"self":[{"href":"https:\/\/obispadoarica.cl\/home\/wp-json\/wp\/v2\/posts\/2283","targetHints":{"allow":["GET"]}}],"collection":[{"href":"https:\/\/obispadoarica.cl\/home\/wp-json\/wp\/v2\/posts"}],"about":[{"href":"https:\/\/obispadoarica.cl\/home\/wp-json\/wp\/v2\/types\/post"}],"author":[{"embeddable":true,"href":"https:\/\/obispadoarica.cl\/home\/wp-json\/wp\/v2\/users\/2"}],"replies":[{"embeddable":true,"href":"https:\/\/obispadoarica.cl\/home\/wp-json\/wp\/v2\/comments?post=2283"}],"version-history":[{"count":2,"href":"https:\/\/obispadoarica.cl\/home\/wp-json\/wp\/v2\/posts\/2283\/revisions"}],"predecessor-version":[{"id":2300,"href":"https:\/\/obispadoarica.cl\/home\/wp-json\/wp\/v2\/posts\/2283\/revisions\/2300"}],"wp:featuredmedia":[{"embeddable":true,"href":"https:\/\/obispadoarica.cl\/home\/wp-json\/wp\/v2\/media\/2284"}],"wp:attachment":[{"href":"https:\/\/obispadoarica.cl\/home\/wp-json\/wp\/v2\/media?parent=2283"}],"wp:term":[{"taxonomy":"category","embeddable":true,"href":"https:\/\/obispadoarica.cl\/home\/wp-json\/wp\/v2\/categories?post=2283"},{"taxonomy":"post_tag","embeddable":true,"href":"https:\/\/obispadoarica.cl\/home\/wp-json\/wp\/v2\/tags?post=2283"}],"curies":[{"name":"wp","href":"https:\/\/api.w.org\/{rel}","templated":true}]}}