{"id":2325,"date":"2024-03-25T10:48:20","date_gmt":"2024-03-25T14:48:20","guid":{"rendered":"https:\/\/obispadoarica.cl\/home\/?p=2325"},"modified":"2025-03-08T20:49:05","modified_gmt":"2025-03-09T00:49:05","slug":"comite-permanente-del-episcopado-se-refiere-sobre-norma-que-busca-promover-una-educacion-no-sexista","status":"publish","type":"post","link":"https:\/\/obispadoarica.cl\/home\/comite-permanente-del-episcopado-se-refiere-sobre-norma-que-busca-promover-una-educacion-no-sexista\/","title":{"rendered":"Comit\u00e9 Permanente del Episcopado se refiere sobre norma que busca promover una \u201ceducaci\u00f3n no sexista\u201d"},"content":{"rendered":"\n\n\n<p><em>El Comit\u00e9 Permanente de la Conferencia Episcopal de Chile (CECh) emiti\u00f3 una declaraci\u00f3n p\u00fablica bajo el t\u00edtulo \u201cPreservar la libertad de ense\u00f1anza en un aspecto esencial de la educaci\u00f3n: la afectividad y sexualidad\u201d, en la que se expresa la preocupaci\u00f3n por la disposici\u00f3n que obligar\u00eda a los establecimientos educacionales a promover una \u201ceducaci\u00f3n no sexista\u201d.<\/em><\/p>\n\n\n\n<p>En la declaraci\u00f3n los obispos del Comit\u00e9 Permanente del Episcopado, m\u00e1s el Presidente del \u00c1rea de Educaci\u00f3n, expresan que \u201ccon ocasi\u00f3n de la tramitaci\u00f3n del proyecto de ley que estatuye medidas para prevenir, sancionar y erradicar la violencia en contra de las mujeres, en raz\u00f3n de su g\u00e9nero, se aprob\u00f3 una norma del siguiente tenor: \u201cLos establecimientos educacionales reconocidos por el Estado deber\u00e1n promover una educaci\u00f3n no sexista y con igualdad de g\u00e9nero y considerar en sus reglamentos internos y protocolos la promoci\u00f3n de la igualdad en dignidad y derechos y la prevenci\u00f3n de la violencia de g\u00e9nero en todas sus formas\u201d (inciso 2\u00ba del art\u00edculo 12).<\/p>\n\n\n\n<p>Ante esta situaci\u00f3n, los representantes del Episcopado nacional enfatizan que \u201csiendo de toda justicia la existencia de normas que sancionen las discriminaciones arbitrarias, especialmente en el caso de la mujer, expresamos nuestra clara oposici\u00f3n a la introducci\u00f3n de una norma que imponga la promoci\u00f3n de una educaci\u00f3n no sexista\u201d.<\/p>\n\n\n\n<p>Los pastores alertan que dicha expresi\u00f3n \u201ccontradice el derecho innato de los padres a decidir, de com\u00fan acuerdo con el establecimiento educacional, la forma y manera de educar en la afectividad y sexualidad a sus hijos o pupilos\u201d.A\u00f1aden que la \u201cimposici\u00f3n de esta obligaci\u00f3n entra en manifiesto conflicto con el deber y derecho preferente de los padres a educar a sus hijos y nos parece contrario a lo dispuesto por el art\u00edculo 19 N\u00b010 inc. 3\u00b0 de la Constituci\u00f3n Pol\u00edtica.<\/p>\n\n\n\n<p>Adem\u00e1s, en su declaraci\u00f3n los obispos se\u00f1alan que la expresi\u00f3n \u201ceducaci\u00f3n no sexista\u201d es ambigua y puede interpretarse de diversas maneras. Sin embargo, advierten que la imposici\u00f3n de una sola visi\u00f3n en un \u00e1mbito tan delicado como la ense\u00f1anza de la afectividad y sexualidad vulnera el derecho fundamental de los padres a educar a sus hijos de acuerdo a sus propias convicciones.<\/p>\n\n\n\n<p>\u201cEl concepto de educaci\u00f3n no sexista no puede entenderse en t\u00e9rminos plurales y alternativos, propios de la libertad de educaci\u00f3n, porque impone una sola visi\u00f3n de la educaci\u00f3n\u201d, afirman los obispos. \u201cEstimamos que obligar a los establecimientos a promover una educaci\u00f3n no sexista ser\u00eda incompatible con la esencia de este derecho, ya que no respeta ni hace posible los derechos de las personas y familias de vivir de una manera acorde con su fe y sus convicciones \u00e9ticas en la educaci\u00f3n de sus hijos\u201d.<\/p>\n\n\n\n<p>Los obispos tambi\u00e9n recuerdan que la Constituci\u00f3n Pol\u00edtica de Chile reconoce y protege el derecho preferente de los padres a educar a sus hijos. \u201cEste derecho incluye que sus hijos reciban la educaci\u00f3n religiosa y moral que est\u00e9 de acuerdo con sus propias convicciones\u201d, se\u00f1alan.<\/p>\n\n\n\n<p>Por \u00faltimo, los obispos hacen un llamado a los \u00f3rganos competentes del Estado para que no den lugar a una norma que consideran \u201carbitraria e injusta\u201d. \u201cSolicitamos que se respete el derecho fundamental de los padres a elegir la educaci\u00f3n que desean para sus hijos\u201d, concluyen.<\/p>\n\n\n\n<p>La declaraci\u00f3n es firmada por el Presidente de la Conferencia Episcopal de Chile, el Arzobispo de Santiago, Fernando Chomali Garib; por el Secretario General, Obispo de Chill\u00e1n, Sergio P\u00e9rez de Arce Arriagada, SSCC; y los dem\u00e1s integrantes del Comit\u00e9 Permanente: Juan Ignacio Gonz\u00e1lez Err\u00e1zuriz, Obispo de San Bernardo; Ricardo Morales Galindo, OdM, Obispo de Copiap\u00f3; Guillermo Vera Soto, Obispo de Rancagua; junto con Alberto Lorenzelli Rossi, SDB, Obispo Presidente del \u00c1rea Educaci\u00f3n CECh.<\/p>\n\n\n\n<p><strong>Fuente: Comunicaciones CECh<\/strong><br><em>Santiago, 23-03-2024<\/em><\/p>\n\n\n<div class=\"_df_book df-lite\" id=\"df_2322\"  _slug=\"preservar-la-libertad-de-ensenanza\" data-title=\"preservar-la-libertad-de-ensenanza\" wpoptions=\"true\" thumbtype=\"\" ><\/div><script class=\"df-shortcode-script\" nowprocket type=\"application\/javascript\">window.option_df_2322 = {\"outline\":[],\"autoEnableOutline\":\"false\",\"autoEnableThumbnail\":\"false\",\"overwritePDFOutline\":\"false\",\"direction\":\"1\",\"pageSize\":\"0\",\"source\":\"https:\\\/\\\/obispadoarica.cl\\\/home\\\/wp-content\\\/uploads\\\/2024\\\/03\\\/PRESERVAR-LA-LIBERTAD-DE-ENSENANZA-1.pdf\",\"wpOptions\":\"true\"}; if(window.DFLIP && window.DFLIP.parseBooks){window.DFLIP.parseBooks();}<\/script>\n","protected":false},"excerpt":{"rendered":"<p>El Comit\u00e9 Permanente de la Conferencia Episcopal de Chile (CECh) emiti\u00f3 una declaraci\u00f3n p\u00fablica bajo el t\u00edtulo \u201cPreservar la libertad de ense\u00f1anza en un aspecto esencial de la educaci\u00f3n: la afectividad y sexualidad\u201d, en la que se expresa la preocupaci\u00f3n por la disposici\u00f3n que obligar\u00eda a los establecimientos educacionales a promover una \u201ceducaci\u00f3n no sexista\u201d. [&#8230;]\n","protected":false},"author":2,"featured_media":1910,"comment_status":"closed","ping_status":"closed","sticky":false,"template":"","format":"standard","meta":{"footnotes":""},"categories":[7],"tags":[],"class_list":["post-2325","post","type-post","status-publish","format-standard","has-post-thumbnail","hentry","category-noticias"],"yoast_head":"<!-- This site is optimized with the Yoast SEO plugin v24.6 - https:\/\/yoast.com\/wordpress\/plugins\/seo\/ -->\n<title>Comit\u00e9 Permanente del Episcopado se refiere sobre norma que busca promover una \u201ceducaci\u00f3n no sexista\u201d - Obispado San Marcos de Arica<\/title>\n<meta name=\"robots\" content=\"index, follow, max-snippet:-1, max-image-preview:large, max-video-preview:-1\" \/>\n<link rel=\"canonical\" href=\"https:\/\/obispadoarica.cl\/home\/comite-permanente-del-episcopado-se-refiere-sobre-norma-que-busca-promover-una-educacion-no-sexista\/\" \/>\n<meta property=\"og:locale\" content=\"es_ES\" \/>\n<meta property=\"og:type\" content=\"article\" \/>\n<meta property=\"og:title\" content=\"Comit\u00e9 Permanente del Episcopado se refiere sobre norma que busca promover una \u201ceducaci\u00f3n no sexista\u201d - Obispado San Marcos de Arica\" \/>\n<meta property=\"og:description\" content=\"El Comit\u00e9 Permanente de la Conferencia Episcopal de Chile (CECh) emiti\u00f3 una declaraci\u00f3n p\u00fablica bajo el t\u00edtulo \u201cPreservar la libertad de ense\u00f1anza en un aspecto esencial de la educaci\u00f3n: la afectividad y sexualidad\u201d, en la que se expresa la preocupaci\u00f3n por la disposici\u00f3n que obligar\u00eda a los establecimientos educacionales a promover una \u201ceducaci\u00f3n no sexista\u201d. [...]\" \/>\n<meta property=\"og:url\" content=\"https:\/\/obispadoarica.cl\/home\/comite-permanente-del-episcopado-se-refiere-sobre-norma-que-busca-promover-una-educacion-no-sexista\/\" \/>\n<meta property=\"og:site_name\" content=\"Obispado San Marcos de Arica\" \/>\n<meta property=\"article:published_time\" content=\"2024-03-25T14:48:20+00:00\" \/>\n<meta property=\"article:modified_time\" content=\"2025-03-09T00:49:05+00:00\" \/>\n<meta property=\"og:image\" content=\"https:\/\/obispadoarica.cl\/home\/wp-content\/uploads\/2023\/08\/conferencia_episcopal.jpg\" \/>\n\t<meta property=\"og:image:width\" content=\"1000\" \/>\n\t<meta property=\"og:image:height\" content=\"756\" \/>\n\t<meta property=\"og:image:type\" content=\"image\/jpeg\" \/>\n<meta name=\"author\" content=\"Obispado de Arica\" \/>\n<meta name=\"twitter:card\" content=\"summary_large_image\" \/>\n<meta name=\"twitter:label1\" content=\"Escrito por\" \/>\n\t<meta name=\"twitter:data1\" content=\"Obispado de Arica\" \/>\n\t<meta name=\"twitter:label2\" content=\"Tiempo de lectura\" \/>\n\t<meta name=\"twitter:data2\" content=\"3 minutos\" \/>\n<script type=\"application\/ld+json\" class=\"yoast-schema-graph\">{\"@context\":\"https:\/\/schema.org\",\"@graph\":[{\"@type\":\"WebPage\",\"@id\":\"https:\/\/obispadoarica.cl\/home\/comite-permanente-del-episcopado-se-refiere-sobre-norma-que-busca-promover-una-educacion-no-sexista\/\",\"url\":\"https:\/\/obispadoarica.cl\/home\/comite-permanente-del-episcopado-se-refiere-sobre-norma-que-busca-promover-una-educacion-no-sexista\/\",\"name\":\"Comit\u00e9 Permanente del Episcopado se refiere sobre norma que busca promover una \u201ceducaci\u00f3n no sexista\u201d - Obispado San Marcos de Arica\",\"isPartOf\":{\"@id\":\"https:\/\/obispadoarica.cl\/home\/#website\"},\"primaryImageOfPage\":{\"@id\":\"https:\/\/obispadoarica.cl\/home\/comite-permanente-del-episcopado-se-refiere-sobre-norma-que-busca-promover-una-educacion-no-sexista\/#primaryimage\"},\"image\":{\"@id\":\"https:\/\/obispadoarica.cl\/home\/comite-permanente-del-episcopado-se-refiere-sobre-norma-que-busca-promover-una-educacion-no-sexista\/#primaryimage\"},\"thumbnailUrl\":\"https:\/\/obispadoarica.cl\/home\/wp-content\/uploads\/2023\/08\/conferencia_episcopal.jpg\",\"datePublished\":\"2024-03-25T14:48:20+00:00\",\"dateModified\":\"2025-03-09T00:49:05+00:00\",\"author\":{\"@id\":\"https:\/\/obispadoarica.cl\/home\/#\/schema\/person\/1a8f4c2a3418412187dff039ecf9d97e\"},\"breadcrumb\":{\"@id\":\"https:\/\/obispadoarica.cl\/home\/comite-permanente-del-episcopado-se-refiere-sobre-norma-que-busca-promover-una-educacion-no-sexista\/#breadcrumb\"},\"inLanguage\":\"es\",\"potentialAction\":[{\"@type\":\"ReadAction\",\"target\":[\"https:\/\/obispadoarica.cl\/home\/comite-permanente-del-episcopado-se-refiere-sobre-norma-que-busca-promover-una-educacion-no-sexista\/\"]}]},{\"@type\":\"ImageObject\",\"inLanguage\":\"es\",\"@id\":\"https:\/\/obispadoarica.cl\/home\/comite-permanente-del-episcopado-se-refiere-sobre-norma-que-busca-promover-una-educacion-no-sexista\/#primaryimage\",\"url\":\"https:\/\/obispadoarica.cl\/home\/wp-content\/uploads\/2023\/08\/conferencia_episcopal.jpg\",\"contentUrl\":\"https:\/\/obispadoarica.cl\/home\/wp-content\/uploads\/2023\/08\/conferencia_episcopal.jpg\",\"width\":1000,\"height\":756},{\"@type\":\"BreadcrumbList\",\"@id\":\"https:\/\/obispadoarica.cl\/home\/comite-permanente-del-episcopado-se-refiere-sobre-norma-que-busca-promover-una-educacion-no-sexista\/#breadcrumb\",\"itemListElement\":[{\"@type\":\"ListItem\",\"position\":1,\"name\":\"Portada\",\"item\":\"https:\/\/obispadoarica.cl\/home\/\"},{\"@type\":\"ListItem\",\"position\":2,\"name\":\"Comit\u00e9 Permanente del Episcopado se refiere sobre norma que busca promover una \u201ceducaci\u00f3n no sexista\u201d\"}]},{\"@type\":\"WebSite\",\"@id\":\"https:\/\/obispadoarica.cl\/home\/#website\",\"url\":\"https:\/\/obispadoarica.cl\/home\/\",\"name\":\"Obispado San Marcos de Arica\",\"description\":\"Di\u00f3cesis San Marcos de Arica\",\"potentialAction\":[{\"@type\":\"SearchAction\",\"target\":{\"@type\":\"EntryPoint\",\"urlTemplate\":\"https:\/\/obispadoarica.cl\/home\/?s={search_term_string}\"},\"query-input\":{\"@type\":\"PropertyValueSpecification\",\"valueRequired\":true,\"valueName\":\"search_term_string\"}}],\"inLanguage\":\"es\"},{\"@type\":\"Person\",\"@id\":\"https:\/\/obispadoarica.cl\/home\/#\/schema\/person\/1a8f4c2a3418412187dff039ecf9d97e\",\"name\":\"Obispado de Arica\",\"image\":{\"@type\":\"ImageObject\",\"inLanguage\":\"es\",\"@id\":\"https:\/\/obispadoarica.cl\/home\/#\/schema\/person\/image\/\",\"url\":\"https:\/\/secure.gravatar.com\/avatar\/c75d5ceafb11502016ed664658884b0b1b183fa6f96260878f47ac58f950c8d9?s=96&d=mm&r=g\",\"contentUrl\":\"https:\/\/secure.gravatar.com\/avatar\/c75d5ceafb11502016ed664658884b0b1b183fa6f96260878f47ac58f950c8d9?s=96&d=mm&r=g\",\"caption\":\"Obispado de Arica\"},\"url\":\"https:\/\/obispadoarica.cl\/home\/author\/c1300590\/\"}]}<\/script>\n<!-- \/ Yoast SEO plugin. -->","yoast_head_json":{"title":"Comit\u00e9 Permanente del Episcopado se refiere sobre norma que busca promover una \u201ceducaci\u00f3n no sexista\u201d - Obispado San Marcos de Arica","robots":{"index":"index","follow":"follow","max-snippet":"max-snippet:-1","max-image-preview":"max-image-preview:large","max-video-preview":"max-video-preview:-1"},"canonical":"https:\/\/obispadoarica.cl\/home\/comite-permanente-del-episcopado-se-refiere-sobre-norma-que-busca-promover-una-educacion-no-sexista\/","og_locale":"es_ES","og_type":"article","og_title":"Comit\u00e9 Permanente del Episcopado se refiere sobre norma que busca promover una \u201ceducaci\u00f3n no sexista\u201d - Obispado San Marcos de Arica","og_description":"El Comit\u00e9 Permanente de la Conferencia Episcopal de Chile (CECh) emiti\u00f3 una declaraci\u00f3n p\u00fablica bajo el t\u00edtulo \u201cPreservar la libertad de ense\u00f1anza en un aspecto esencial de la educaci\u00f3n: la afectividad y sexualidad\u201d, en la que se expresa la preocupaci\u00f3n por la disposici\u00f3n que obligar\u00eda a los establecimientos educacionales a promover una \u201ceducaci\u00f3n no sexista\u201d. [...]","og_url":"https:\/\/obispadoarica.cl\/home\/comite-permanente-del-episcopado-se-refiere-sobre-norma-que-busca-promover-una-educacion-no-sexista\/","og_site_name":"Obispado San Marcos de Arica","article_published_time":"2024-03-25T14:48:20+00:00","article_modified_time":"2025-03-09T00:49:05+00:00","og_image":[{"width":1000,"height":756,"url":"https:\/\/obispadoarica.cl\/home\/wp-content\/uploads\/2023\/08\/conferencia_episcopal.jpg","type":"image\/jpeg"}],"author":"Obispado de Arica","twitter_card":"summary_large_image","twitter_misc":{"Escrito por":"Obispado de Arica","Tiempo de lectura":"3 minutos"},"schema":{"@context":"https:\/\/schema.org","@graph":[{"@type":"WebPage","@id":"https:\/\/obispadoarica.cl\/home\/comite-permanente-del-episcopado-se-refiere-sobre-norma-que-busca-promover-una-educacion-no-sexista\/","url":"https:\/\/obispadoarica.cl\/home\/comite-permanente-del-episcopado-se-refiere-sobre-norma-que-busca-promover-una-educacion-no-sexista\/","name":"Comit\u00e9 Permanente del Episcopado se refiere sobre norma que busca promover una \u201ceducaci\u00f3n no sexista\u201d - Obispado San Marcos de Arica","isPartOf":{"@id":"https:\/\/obispadoarica.cl\/home\/#website"},"primaryImageOfPage":{"@id":"https:\/\/obispadoarica.cl\/home\/comite-permanente-del-episcopado-se-refiere-sobre-norma-que-busca-promover-una-educacion-no-sexista\/#primaryimage"},"image":{"@id":"https:\/\/obispadoarica.cl\/home\/comite-permanente-del-episcopado-se-refiere-sobre-norma-que-busca-promover-una-educacion-no-sexista\/#primaryimage"},"thumbnailUrl":"https:\/\/obispadoarica.cl\/home\/wp-content\/uploads\/2023\/08\/conferencia_episcopal.jpg","datePublished":"2024-03-25T14:48:20+00:00","dateModified":"2025-03-09T00:49:05+00:00","author":{"@id":"https:\/\/obispadoarica.cl\/home\/#\/schema\/person\/1a8f4c2a3418412187dff039ecf9d97e"},"breadcrumb":{"@id":"https:\/\/obispadoarica.cl\/home\/comite-permanente-del-episcopado-se-refiere-sobre-norma-que-busca-promover-una-educacion-no-sexista\/#breadcrumb"},"inLanguage":"es","potentialAction":[{"@type":"ReadAction","target":["https:\/\/obispadoarica.cl\/home\/comite-permanente-del-episcopado-se-refiere-sobre-norma-que-busca-promover-una-educacion-no-sexista\/"]}]},{"@type":"ImageObject","inLanguage":"es","@id":"https:\/\/obispadoarica.cl\/home\/comite-permanente-del-episcopado-se-refiere-sobre-norma-que-busca-promover-una-educacion-no-sexista\/#primaryimage","url":"https:\/\/obispadoarica.cl\/home\/wp-content\/uploads\/2023\/08\/conferencia_episcopal.jpg","contentUrl":"https:\/\/obispadoarica.cl\/home\/wp-content\/uploads\/2023\/08\/conferencia_episcopal.jpg","width":1000,"height":756},{"@type":"BreadcrumbList","@id":"https:\/\/obispadoarica.cl\/home\/comite-permanente-del-episcopado-se-refiere-sobre-norma-que-busca-promover-una-educacion-no-sexista\/#breadcrumb","itemListElement":[{"@type":"ListItem","position":1,"name":"Portada","item":"https:\/\/obispadoarica.cl\/home\/"},{"@type":"ListItem","position":2,"name":"Comit\u00e9 Permanente del Episcopado se refiere sobre norma que busca promover una \u201ceducaci\u00f3n no sexista\u201d"}]},{"@type":"WebSite","@id":"https:\/\/obispadoarica.cl\/home\/#website","url":"https:\/\/obispadoarica.cl\/home\/","name":"Obispado San Marcos de Arica","description":"Di\u00f3cesis San Marcos de Arica","potentialAction":[{"@type":"SearchAction","target":{"@type":"EntryPoint","urlTemplate":"https:\/\/obispadoarica.cl\/home\/?s={search_term_string}"},"query-input":{"@type":"PropertyValueSpecification","valueRequired":true,"valueName":"search_term_string"}}],"inLanguage":"es"},{"@type":"Person","@id":"https:\/\/obispadoarica.cl\/home\/#\/schema\/person\/1a8f4c2a3418412187dff039ecf9d97e","name":"Obispado de Arica","image":{"@type":"ImageObject","inLanguage":"es","@id":"https:\/\/obispadoarica.cl\/home\/#\/schema\/person\/image\/","url":"https:\/\/secure.gravatar.com\/avatar\/c75d5ceafb11502016ed664658884b0b1b183fa6f96260878f47ac58f950c8d9?s=96&d=mm&r=g","contentUrl":"https:\/\/secure.gravatar.com\/avatar\/c75d5ceafb11502016ed664658884b0b1b183fa6f96260878f47ac58f950c8d9?s=96&d=mm&r=g","caption":"Obispado de Arica"},"url":"https:\/\/obispadoarica.cl\/home\/author\/c1300590\/"}]}},"_links":{"self":[{"href":"https:\/\/obispadoarica.cl\/home\/wp-json\/wp\/v2\/posts\/2325","targetHints":{"allow":["GET"]}}],"collection":[{"href":"https:\/\/obispadoarica.cl\/home\/wp-json\/wp\/v2\/posts"}],"about":[{"href":"https:\/\/obispadoarica.cl\/home\/wp-json\/wp\/v2\/types\/post"}],"author":[{"embeddable":true,"href":"https:\/\/obispadoarica.cl\/home\/wp-json\/wp\/v2\/users\/2"}],"replies":[{"embeddable":true,"href":"https:\/\/obispadoarica.cl\/home\/wp-json\/wp\/v2\/comments?post=2325"}],"version-history":[{"count":2,"href":"https:\/\/obispadoarica.cl\/home\/wp-json\/wp\/v2\/posts\/2325\/revisions"}],"predecessor-version":[{"id":2328,"href":"https:\/\/obispadoarica.cl\/home\/wp-json\/wp\/v2\/posts\/2325\/revisions\/2328"}],"wp:featuredmedia":[{"embeddable":true,"href":"https:\/\/obispadoarica.cl\/home\/wp-json\/wp\/v2\/media\/1910"}],"wp:attachment":[{"href":"https:\/\/obispadoarica.cl\/home\/wp-json\/wp\/v2\/media?parent=2325"}],"wp:term":[{"taxonomy":"category","embeddable":true,"href":"https:\/\/obispadoarica.cl\/home\/wp-json\/wp\/v2\/categories?post=2325"},{"taxonomy":"post_tag","embeddable":true,"href":"https:\/\/obispadoarica.cl\/home\/wp-json\/wp\/v2\/tags?post=2325"}],"curies":[{"name":"wp","href":"https:\/\/api.w.org\/{rel}","templated":true}]}}