{"id":2333,"date":"2024-03-27T15:49:40","date_gmt":"2024-03-27T19:49:40","guid":{"rendered":"https:\/\/obispadoarica.cl\/home\/?p=2333"},"modified":"2025-03-08T20:49:05","modified_gmt":"2025-03-09T00:49:05","slug":"comienzo-de-ano-de-la-pastoral-educativa-en-arica","status":"publish","type":"post","link":"https:\/\/obispadoarica.cl\/home\/comienzo-de-ano-de-la-pastoral-educativa-en-arica\/","title":{"rendered":"Comienzo de a\u00f1o de la pastoral educativa en Arica"},"content":{"rendered":"\n\n\n<hr class=\"wp-block-separator has-alpha-channel-opacity\"\/>\n\n\n\n<p><span style=\"color: rgb(72, 78, 84); font-family: &quot;Open Sans&quot;, sans-serif; font-size: 16px; font-style: italic; white-space-collapse: collapse;\">En el contexto de Semana Santa, en el obispado de Arica se dio inicio al comienzo del a\u00f1o del departamento de educaci\u00f3n cat\u00f3lica, donde estuvieron presente directivos de los distintos colegios cat\u00f3licos de Arica y sus respectivos coordinadores de Pastoral.<\/span><\/p>\n\n\n\n<p>La jornada comenz\u00f3 con una oraci\u00f3n con las distintos llamados humanos y sociales que nos hace Jes\u00fas en la Cruz a cargo del Padre Mauricio C\u00e1ceres responsable del \u00e1rea, luego Monse\u00f1or Mois\u00e9s, en su reflexi\u00f3n animo a los directivos y coordinadores, a tener presente los distintos contextos educativos en la regi\u00f3n, y a nivel nacional que lamentablemente vienen aconteciendo, en materia de educaci\u00f3n sexual y seguridad educativa. Comparti\u00f3 la reciente reflexi\u00f3n del comit\u00e9 permanente del Episcopado sobre normas que buscan promover una educaci\u00f3n no sexista, por ende una dedicaci\u00f3n especial en estos contenidos.<\/p>\n\n\n\n<p>Puntualizo que es necesario como Colegios Cat\u00f3licos tener presente las orientaciones pastorales de la Di\u00f3cesis que van de la mano con las nacionales, para detenernos en, promover una Iglesia en cercan\u00eda y acogida en participaci\u00f3n y compromiso. Luego Monse\u00f1or Atisha insto a los presente a \u201creconocer en la Doctrina social de la Iglesia, los valores del Evangelio, la transformaci\u00f3n del colegio, desde los planes y programas, y que se pongan en pr\u00e1ctica, como un Evangelio Social que toca toda la realidad de los que conforman un Colegio, con la apuesta de una formaci\u00f3n integral y transversal para que los estudiantes saquen lo mejor de s\u00ed, desde el discernimiento, la voluntad, y libertad\u201d.<\/p>\n\n\n\n<p>Por \u00faltimo, se\u00f1al\u00f3 el compromiso de la Iglesia en seguir las l\u00edneas gu\u00edas para el cuidado de ambientes sanos y seguros que los integrantes de Colegios Cat\u00f3licos deben cumplir.<\/p>\n\n\n\n<p>La reuni\u00f3n tambi\u00e9n sirvi\u00f3 para acordar compromisos como es llevar adelante el Congreso de Educaci\u00f3n Cat\u00f3lica, tener presente una serie de tem\u00e1ticas a tratar que emergen en el hoy, y la necesidad de seguir fortaleciendo el trabajo con los Ceal de cada Colegio.<\/p>\n\n\n\n<p>Al terminar se comparti\u00f3 un desayuno, donde hubo instancias de dialogo, y compartir fraterno.<\/p>\n\n\n\n<p><strong>Fuente: Obispado de Arica<\/strong><br><em>Arica, 26-03-2024<\/em><\/p>\n","protected":false},"excerpt":{"rendered":"<p>En el contexto de Semana Santa, en el obispado de Arica se dio inicio al comienzo del a\u00f1o del departamento de educaci\u00f3n cat\u00f3lica, donde estuvieron presente directivos de los distintos colegios cat\u00f3licos de Arica y sus respectivos coordinadores de Pastoral. La jornada comenz\u00f3 con una oraci\u00f3n con las distintos llamados humanos y sociales que nos [&#8230;]\n","protected":false},"author":2,"featured_media":2334,"comment_status":"closed","ping_status":"closed","sticky":false,"template":"","format":"standard","meta":{"footnotes":""},"categories":[7],"tags":[],"class_list":["post-2333","post","type-post","status-publish","format-standard","has-post-thumbnail","hentry","category-noticias"],"yoast_head":"<!-- This site is optimized with the Yoast SEO plugin v24.6 - https:\/\/yoast.com\/wordpress\/plugins\/seo\/ -->\n<title>Comienzo de a\u00f1o de la pastoral educativa en Arica - Obispado San Marcos de Arica<\/title>\n<meta name=\"robots\" content=\"index, follow, max-snippet:-1, max-image-preview:large, max-video-preview:-1\" \/>\n<link rel=\"canonical\" href=\"https:\/\/obispadoarica.cl\/home\/comienzo-de-ano-de-la-pastoral-educativa-en-arica\/\" \/>\n<meta property=\"og:locale\" content=\"es_ES\" \/>\n<meta property=\"og:type\" content=\"article\" \/>\n<meta property=\"og:title\" content=\"Comienzo de a\u00f1o de la pastoral educativa en Arica - Obispado San Marcos de Arica\" \/>\n<meta property=\"og:description\" content=\"En el contexto de Semana Santa, en el obispado de Arica se dio inicio al comienzo del a\u00f1o del departamento de educaci\u00f3n cat\u00f3lica, donde estuvieron presente directivos de los distintos colegios cat\u00f3licos de Arica y sus respectivos coordinadores de Pastoral. La jornada comenz\u00f3 con una oraci\u00f3n con las distintos llamados humanos y sociales que nos [...]\" \/>\n<meta property=\"og:url\" content=\"https:\/\/obispadoarica.cl\/home\/comienzo-de-ano-de-la-pastoral-educativa-en-arica\/\" \/>\n<meta property=\"og:site_name\" content=\"Obispado San Marcos de Arica\" \/>\n<meta property=\"article:published_time\" content=\"2024-03-27T19:49:40+00:00\" \/>\n<meta property=\"article:modified_time\" content=\"2025-03-09T00:49:05+00:00\" \/>\n<meta property=\"og:image\" content=\"https:\/\/obispadoarica.cl\/home\/wp-content\/uploads\/2024\/03\/img_gale_660329a7860fd_26032024.jpeg\" \/>\n\t<meta property=\"og:image:width\" content=\"1000\" \/>\n\t<meta property=\"og:image:height\" content=\"750\" \/>\n\t<meta property=\"og:image:type\" content=\"image\/jpeg\" \/>\n<meta name=\"author\" content=\"Obispado de Arica\" \/>\n<meta name=\"twitter:card\" content=\"summary_large_image\" \/>\n<meta name=\"twitter:label1\" content=\"Escrito por\" \/>\n\t<meta name=\"twitter:data1\" content=\"Obispado de Arica\" \/>\n\t<meta name=\"twitter:label2\" content=\"Tiempo de lectura\" \/>\n\t<meta name=\"twitter:data2\" content=\"2 minutos\" \/>\n<script type=\"application\/ld+json\" class=\"yoast-schema-graph\">{\"@context\":\"https:\/\/schema.org\",\"@graph\":[{\"@type\":\"WebPage\",\"@id\":\"https:\/\/obispadoarica.cl\/home\/comienzo-de-ano-de-la-pastoral-educativa-en-arica\/\",\"url\":\"https:\/\/obispadoarica.cl\/home\/comienzo-de-ano-de-la-pastoral-educativa-en-arica\/\",\"name\":\"Comienzo de a\u00f1o de la pastoral educativa en Arica - Obispado San Marcos de Arica\",\"isPartOf\":{\"@id\":\"https:\/\/obispadoarica.cl\/home\/#website\"},\"primaryImageOfPage\":{\"@id\":\"https:\/\/obispadoarica.cl\/home\/comienzo-de-ano-de-la-pastoral-educativa-en-arica\/#primaryimage\"},\"image\":{\"@id\":\"https:\/\/obispadoarica.cl\/home\/comienzo-de-ano-de-la-pastoral-educativa-en-arica\/#primaryimage\"},\"thumbnailUrl\":\"https:\/\/obispadoarica.cl\/home\/wp-content\/uploads\/2024\/03\/img_gale_660329a7860fd_26032024.jpeg\",\"datePublished\":\"2024-03-27T19:49:40+00:00\",\"dateModified\":\"2025-03-09T00:49:05+00:00\",\"author\":{\"@id\":\"https:\/\/obispadoarica.cl\/home\/#\/schema\/person\/1a8f4c2a3418412187dff039ecf9d97e\"},\"breadcrumb\":{\"@id\":\"https:\/\/obispadoarica.cl\/home\/comienzo-de-ano-de-la-pastoral-educativa-en-arica\/#breadcrumb\"},\"inLanguage\":\"es\",\"potentialAction\":[{\"@type\":\"ReadAction\",\"target\":[\"https:\/\/obispadoarica.cl\/home\/comienzo-de-ano-de-la-pastoral-educativa-en-arica\/\"]}]},{\"@type\":\"ImageObject\",\"inLanguage\":\"es\",\"@id\":\"https:\/\/obispadoarica.cl\/home\/comienzo-de-ano-de-la-pastoral-educativa-en-arica\/#primaryimage\",\"url\":\"https:\/\/obispadoarica.cl\/home\/wp-content\/uploads\/2024\/03\/img_gale_660329a7860fd_26032024.jpeg\",\"contentUrl\":\"https:\/\/obispadoarica.cl\/home\/wp-content\/uploads\/2024\/03\/img_gale_660329a7860fd_26032024.jpeg\",\"width\":1000,\"height\":750},{\"@type\":\"BreadcrumbList\",\"@id\":\"https:\/\/obispadoarica.cl\/home\/comienzo-de-ano-de-la-pastoral-educativa-en-arica\/#breadcrumb\",\"itemListElement\":[{\"@type\":\"ListItem\",\"position\":1,\"name\":\"Portada\",\"item\":\"https:\/\/obispadoarica.cl\/home\/\"},{\"@type\":\"ListItem\",\"position\":2,\"name\":\"Comienzo de a\u00f1o de la pastoral educativa en Arica\"}]},{\"@type\":\"WebSite\",\"@id\":\"https:\/\/obispadoarica.cl\/home\/#website\",\"url\":\"https:\/\/obispadoarica.cl\/home\/\",\"name\":\"Obispado San Marcos de Arica\",\"description\":\"Di\u00f3cesis San Marcos de Arica\",\"potentialAction\":[{\"@type\":\"SearchAction\",\"target\":{\"@type\":\"EntryPoint\",\"urlTemplate\":\"https:\/\/obispadoarica.cl\/home\/?s={search_term_string}\"},\"query-input\":{\"@type\":\"PropertyValueSpecification\",\"valueRequired\":true,\"valueName\":\"search_term_string\"}}],\"inLanguage\":\"es\"},{\"@type\":\"Person\",\"@id\":\"https:\/\/obispadoarica.cl\/home\/#\/schema\/person\/1a8f4c2a3418412187dff039ecf9d97e\",\"name\":\"Obispado de Arica\",\"image\":{\"@type\":\"ImageObject\",\"inLanguage\":\"es\",\"@id\":\"https:\/\/obispadoarica.cl\/home\/#\/schema\/person\/image\/\",\"url\":\"https:\/\/secure.gravatar.com\/avatar\/c75d5ceafb11502016ed664658884b0b1b183fa6f96260878f47ac58f950c8d9?s=96&d=mm&r=g\",\"contentUrl\":\"https:\/\/secure.gravatar.com\/avatar\/c75d5ceafb11502016ed664658884b0b1b183fa6f96260878f47ac58f950c8d9?s=96&d=mm&r=g\",\"caption\":\"Obispado de Arica\"},\"url\":\"https:\/\/obispadoarica.cl\/home\/author\/c1300590\/\"}]}<\/script>\n<!-- \/ Yoast SEO plugin. -->","yoast_head_json":{"title":"Comienzo de a\u00f1o de la pastoral educativa en Arica - Obispado San Marcos de Arica","robots":{"index":"index","follow":"follow","max-snippet":"max-snippet:-1","max-image-preview":"max-image-preview:large","max-video-preview":"max-video-preview:-1"},"canonical":"https:\/\/obispadoarica.cl\/home\/comienzo-de-ano-de-la-pastoral-educativa-en-arica\/","og_locale":"es_ES","og_type":"article","og_title":"Comienzo de a\u00f1o de la pastoral educativa en Arica - Obispado San Marcos de Arica","og_description":"En el contexto de Semana Santa, en el obispado de Arica se dio inicio al comienzo del a\u00f1o del departamento de educaci\u00f3n cat\u00f3lica, donde estuvieron presente directivos de los distintos colegios cat\u00f3licos de Arica y sus respectivos coordinadores de Pastoral. La jornada comenz\u00f3 con una oraci\u00f3n con las distintos llamados humanos y sociales que nos [...]","og_url":"https:\/\/obispadoarica.cl\/home\/comienzo-de-ano-de-la-pastoral-educativa-en-arica\/","og_site_name":"Obispado San Marcos de Arica","article_published_time":"2024-03-27T19:49:40+00:00","article_modified_time":"2025-03-09T00:49:05+00:00","og_image":[{"width":1000,"height":750,"url":"https:\/\/obispadoarica.cl\/home\/wp-content\/uploads\/2024\/03\/img_gale_660329a7860fd_26032024.jpeg","type":"image\/jpeg"}],"author":"Obispado de Arica","twitter_card":"summary_large_image","twitter_misc":{"Escrito por":"Obispado de Arica","Tiempo de lectura":"2 minutos"},"schema":{"@context":"https:\/\/schema.org","@graph":[{"@type":"WebPage","@id":"https:\/\/obispadoarica.cl\/home\/comienzo-de-ano-de-la-pastoral-educativa-en-arica\/","url":"https:\/\/obispadoarica.cl\/home\/comienzo-de-ano-de-la-pastoral-educativa-en-arica\/","name":"Comienzo de a\u00f1o de la pastoral educativa en Arica - Obispado San Marcos de Arica","isPartOf":{"@id":"https:\/\/obispadoarica.cl\/home\/#website"},"primaryImageOfPage":{"@id":"https:\/\/obispadoarica.cl\/home\/comienzo-de-ano-de-la-pastoral-educativa-en-arica\/#primaryimage"},"image":{"@id":"https:\/\/obispadoarica.cl\/home\/comienzo-de-ano-de-la-pastoral-educativa-en-arica\/#primaryimage"},"thumbnailUrl":"https:\/\/obispadoarica.cl\/home\/wp-content\/uploads\/2024\/03\/img_gale_660329a7860fd_26032024.jpeg","datePublished":"2024-03-27T19:49:40+00:00","dateModified":"2025-03-09T00:49:05+00:00","author":{"@id":"https:\/\/obispadoarica.cl\/home\/#\/schema\/person\/1a8f4c2a3418412187dff039ecf9d97e"},"breadcrumb":{"@id":"https:\/\/obispadoarica.cl\/home\/comienzo-de-ano-de-la-pastoral-educativa-en-arica\/#breadcrumb"},"inLanguage":"es","potentialAction":[{"@type":"ReadAction","target":["https:\/\/obispadoarica.cl\/home\/comienzo-de-ano-de-la-pastoral-educativa-en-arica\/"]}]},{"@type":"ImageObject","inLanguage":"es","@id":"https:\/\/obispadoarica.cl\/home\/comienzo-de-ano-de-la-pastoral-educativa-en-arica\/#primaryimage","url":"https:\/\/obispadoarica.cl\/home\/wp-content\/uploads\/2024\/03\/img_gale_660329a7860fd_26032024.jpeg","contentUrl":"https:\/\/obispadoarica.cl\/home\/wp-content\/uploads\/2024\/03\/img_gale_660329a7860fd_26032024.jpeg","width":1000,"height":750},{"@type":"BreadcrumbList","@id":"https:\/\/obispadoarica.cl\/home\/comienzo-de-ano-de-la-pastoral-educativa-en-arica\/#breadcrumb","itemListElement":[{"@type":"ListItem","position":1,"name":"Portada","item":"https:\/\/obispadoarica.cl\/home\/"},{"@type":"ListItem","position":2,"name":"Comienzo de a\u00f1o de la pastoral educativa en Arica"}]},{"@type":"WebSite","@id":"https:\/\/obispadoarica.cl\/home\/#website","url":"https:\/\/obispadoarica.cl\/home\/","name":"Obispado San Marcos de Arica","description":"Di\u00f3cesis San Marcos de Arica","potentialAction":[{"@type":"SearchAction","target":{"@type":"EntryPoint","urlTemplate":"https:\/\/obispadoarica.cl\/home\/?s={search_term_string}"},"query-input":{"@type":"PropertyValueSpecification","valueRequired":true,"valueName":"search_term_string"}}],"inLanguage":"es"},{"@type":"Person","@id":"https:\/\/obispadoarica.cl\/home\/#\/schema\/person\/1a8f4c2a3418412187dff039ecf9d97e","name":"Obispado de Arica","image":{"@type":"ImageObject","inLanguage":"es","@id":"https:\/\/obispadoarica.cl\/home\/#\/schema\/person\/image\/","url":"https:\/\/secure.gravatar.com\/avatar\/c75d5ceafb11502016ed664658884b0b1b183fa6f96260878f47ac58f950c8d9?s=96&d=mm&r=g","contentUrl":"https:\/\/secure.gravatar.com\/avatar\/c75d5ceafb11502016ed664658884b0b1b183fa6f96260878f47ac58f950c8d9?s=96&d=mm&r=g","caption":"Obispado de Arica"},"url":"https:\/\/obispadoarica.cl\/home\/author\/c1300590\/"}]}},"_links":{"self":[{"href":"https:\/\/obispadoarica.cl\/home\/wp-json\/wp\/v2\/posts\/2333","targetHints":{"allow":["GET"]}}],"collection":[{"href":"https:\/\/obispadoarica.cl\/home\/wp-json\/wp\/v2\/posts"}],"about":[{"href":"https:\/\/obispadoarica.cl\/home\/wp-json\/wp\/v2\/types\/post"}],"author":[{"embeddable":true,"href":"https:\/\/obispadoarica.cl\/home\/wp-json\/wp\/v2\/users\/2"}],"replies":[{"embeddable":true,"href":"https:\/\/obispadoarica.cl\/home\/wp-json\/wp\/v2\/comments?post=2333"}],"version-history":[{"count":1,"href":"https:\/\/obispadoarica.cl\/home\/wp-json\/wp\/v2\/posts\/2333\/revisions"}],"predecessor-version":[{"id":2335,"href":"https:\/\/obispadoarica.cl\/home\/wp-json\/wp\/v2\/posts\/2333\/revisions\/2335"}],"wp:featuredmedia":[{"embeddable":true,"href":"https:\/\/obispadoarica.cl\/home\/wp-json\/wp\/v2\/media\/2334"}],"wp:attachment":[{"href":"https:\/\/obispadoarica.cl\/home\/wp-json\/wp\/v2\/media?parent=2333"}],"wp:term":[{"taxonomy":"category","embeddable":true,"href":"https:\/\/obispadoarica.cl\/home\/wp-json\/wp\/v2\/categories?post=2333"},{"taxonomy":"post_tag","embeddable":true,"href":"https:\/\/obispadoarica.cl\/home\/wp-json\/wp\/v2\/tags?post=2333"}],"curies":[{"name":"wp","href":"https:\/\/api.w.org\/{rel}","templated":true}]}}