{"id":2361,"date":"2024-04-12T22:36:33","date_gmt":"2024-04-13T02:36:33","guid":{"rendered":"https:\/\/obispadoarica.cl\/home\/?p=2361"},"modified":"2025-03-08T20:49:04","modified_gmt":"2025-03-09T00:49:04","slug":"declaracion-dignitas-infinita-sobre-la-dignidad-humana","status":"publish","type":"post","link":"https:\/\/obispadoarica.cl\/home\/declaracion-dignitas-infinita-sobre-la-dignidad-humana\/","title":{"rendered":"Declaraci\u00f3n Dignitas infinita sobre la dignidad humana"},"content":{"rendered":"\n\n\n<hr class=\"wp-block-separator has-alpha-channel-opacity\"\/>\n\n\n\n<p>En el Congreso del 15 de marzo del 2019, la entonces Congregaci\u00f3n para la Doctrina de la Fe decidi\u00f3 iniciar \u00abla redacci\u00f3n de un texto subrayando lo imprescindible del concepto de dignidad de la persona humana en el seno de la antropolog\u00eda cristiana e ilustrando el alcance y las implicaciones beneficiosas a nivel social, pol\u00edtico y econ\u00f3mico, teniendo en cuenta los \u00faltimos desarrollos del tema en el \u00e1mbito acad\u00e9mico y sus comprensiones ambivalentes en el contexto actual\u00bb. Un primer proyecto a este respecto, elaborado con la ayuda de algunos expertos durante el a\u00f1o 2019, fue considerado insatisfactorio, en una Consulta restringida de la Congregaci\u00f3n, el 8 de octubre del mismo a\u00f1o.<\/p>\n\n\n\n<hr class=\"wp-block-separator has-alpha-channel-opacity\"\/>\n\n\n\n<figure class=\"wp-block-video\"><video autoplay controls loop src=\"https:\/\/obispadoarica.cl\/home\/wp-content\/uploads\/2024\/04\/WhatsApp-Video-2024-04-12-at-17.42.03.mp4\"><\/video><\/figure>\n\n\n\n<hr class=\"wp-block-separator has-alpha-channel-opacity\"\/>\n\n\n<div class=\"_df_book df-lite\" id=\"df_2363\"  _slug=\"declaracion-dignitas\" data-title=\"declaracion-dignitas\" wpoptions=\"true\" thumbtype=\"\" ><\/div><script class=\"df-shortcode-script\" nowprocket type=\"application\/javascript\">window.option_df_2363 = {\"outline\":[],\"autoEnableOutline\":\"false\",\"autoEnableThumbnail\":\"false\",\"overwritePDFOutline\":\"false\",\"direction\":\"1\",\"pageSize\":\"0\",\"source\":\"https:\\\/\\\/obispadoarica.cl\\\/home\\\/wp-content\\\/uploads\\\/2024\\\/04\\\/declaracion-Dignidad-Infinita-CDF.pdf\",\"wpOptions\":\"true\"}; if(window.DFLIP && window.DFLIP.parseBooks){window.DFLIP.parseBooks();}<\/script>\n\n\n\n<p><\/p>\n","protected":false},"excerpt":{"rendered":"<p>En el Congreso del 15 de marzo del 2019, la entonces Congregaci\u00f3n para la Doctrina de la Fe decidi\u00f3 iniciar \u00abla redacci\u00f3n de un texto subrayando lo imprescindible del concepto de dignidad de la persona humana en el seno de la antropolog\u00eda cristiana e ilustrando el alcance y las implicaciones beneficiosas a nivel social, pol\u00edtico [&#8230;]\n","protected":false},"author":2,"featured_media":2362,"comment_status":"closed","ping_status":"closed","sticky":false,"template":"","format":"standard","meta":{"footnotes":""},"categories":[7],"tags":[],"class_list":["post-2361","post","type-post","status-publish","format-standard","has-post-thumbnail","hentry","category-noticias"],"yoast_head":"<!-- This site is optimized with the Yoast SEO plugin v24.6 - https:\/\/yoast.com\/wordpress\/plugins\/seo\/ -->\n<title>Declaraci\u00f3n Dignitas infinita sobre la dignidad humana - Obispado San Marcos de Arica<\/title>\n<meta name=\"robots\" content=\"index, follow, max-snippet:-1, max-image-preview:large, max-video-preview:-1\" \/>\n<link rel=\"canonical\" href=\"https:\/\/obispadoarica.cl\/home\/declaracion-dignitas-infinita-sobre-la-dignidad-humana\/\" \/>\n<meta property=\"og:locale\" content=\"es_ES\" \/>\n<meta property=\"og:type\" content=\"article\" \/>\n<meta property=\"og:title\" content=\"Declaraci\u00f3n Dignitas infinita sobre la dignidad humana - Obispado San Marcos de Arica\" \/>\n<meta property=\"og:description\" content=\"En el Congreso del 15 de marzo del 2019, la entonces Congregaci\u00f3n para la Doctrina de la Fe decidi\u00f3 iniciar \u00abla redacci\u00f3n de un texto subrayando lo imprescindible del concepto de dignidad de la persona humana en el seno de la antropolog\u00eda cristiana e ilustrando el alcance y las implicaciones beneficiosas a nivel social, pol\u00edtico [...]\" \/>\n<meta property=\"og:url\" content=\"https:\/\/obispadoarica.cl\/home\/declaracion-dignitas-infinita-sobre-la-dignidad-humana\/\" \/>\n<meta property=\"og:site_name\" content=\"Obispado San Marcos de Arica\" \/>\n<meta property=\"article:published_time\" content=\"2024-04-13T02:36:33+00:00\" \/>\n<meta property=\"article:modified_time\" content=\"2025-03-09T00:49:04+00:00\" \/>\n<meta property=\"og:image\" content=\"https:\/\/obispadoarica.cl\/home\/wp-content\/uploads\/2024\/04\/papa-francisco-vaticano-violaciones-dignidad-hu.jpg\" \/>\n\t<meta property=\"og:image:width\" content=\"660\" \/>\n\t<meta property=\"og:image:height\" content=\"235\" \/>\n\t<meta property=\"og:image:type\" content=\"image\/jpeg\" \/>\n<meta name=\"author\" content=\"Obispado de Arica\" \/>\n<meta name=\"twitter:card\" content=\"summary_large_image\" \/>\n<meta name=\"twitter:label1\" content=\"Escrito por\" \/>\n\t<meta name=\"twitter:data1\" content=\"Obispado de Arica\" \/>\n\t<meta name=\"twitter:label2\" content=\"Tiempo de lectura\" \/>\n\t<meta name=\"twitter:data2\" content=\"1 minuto\" \/>\n<script type=\"application\/ld+json\" class=\"yoast-schema-graph\">{\"@context\":\"https:\/\/schema.org\",\"@graph\":[{\"@type\":\"WebPage\",\"@id\":\"https:\/\/obispadoarica.cl\/home\/declaracion-dignitas-infinita-sobre-la-dignidad-humana\/\",\"url\":\"https:\/\/obispadoarica.cl\/home\/declaracion-dignitas-infinita-sobre-la-dignidad-humana\/\",\"name\":\"Declaraci\u00f3n Dignitas infinita sobre la dignidad humana - Obispado San Marcos de Arica\",\"isPartOf\":{\"@id\":\"https:\/\/obispadoarica.cl\/home\/#website\"},\"primaryImageOfPage\":{\"@id\":\"https:\/\/obispadoarica.cl\/home\/declaracion-dignitas-infinita-sobre-la-dignidad-humana\/#primaryimage\"},\"image\":{\"@id\":\"https:\/\/obispadoarica.cl\/home\/declaracion-dignitas-infinita-sobre-la-dignidad-humana\/#primaryimage\"},\"thumbnailUrl\":\"https:\/\/obispadoarica.cl\/home\/wp-content\/uploads\/2024\/04\/papa-francisco-vaticano-violaciones-dignidad-hu.jpg\",\"datePublished\":\"2024-04-13T02:36:33+00:00\",\"dateModified\":\"2025-03-09T00:49:04+00:00\",\"author\":{\"@id\":\"https:\/\/obispadoarica.cl\/home\/#\/schema\/person\/1a8f4c2a3418412187dff039ecf9d97e\"},\"breadcrumb\":{\"@id\":\"https:\/\/obispadoarica.cl\/home\/declaracion-dignitas-infinita-sobre-la-dignidad-humana\/#breadcrumb\"},\"inLanguage\":\"es\",\"potentialAction\":[{\"@type\":\"ReadAction\",\"target\":[\"https:\/\/obispadoarica.cl\/home\/declaracion-dignitas-infinita-sobre-la-dignidad-humana\/\"]}]},{\"@type\":\"ImageObject\",\"inLanguage\":\"es\",\"@id\":\"https:\/\/obispadoarica.cl\/home\/declaracion-dignitas-infinita-sobre-la-dignidad-humana\/#primaryimage\",\"url\":\"https:\/\/obispadoarica.cl\/home\/wp-content\/uploads\/2024\/04\/papa-francisco-vaticano-violaciones-dignidad-hu.jpg\",\"contentUrl\":\"https:\/\/obispadoarica.cl\/home\/wp-content\/uploads\/2024\/04\/papa-francisco-vaticano-violaciones-dignidad-hu.jpg\",\"width\":660,\"height\":235},{\"@type\":\"BreadcrumbList\",\"@id\":\"https:\/\/obispadoarica.cl\/home\/declaracion-dignitas-infinita-sobre-la-dignidad-humana\/#breadcrumb\",\"itemListElement\":[{\"@type\":\"ListItem\",\"position\":1,\"name\":\"Portada\",\"item\":\"https:\/\/obispadoarica.cl\/home\/\"},{\"@type\":\"ListItem\",\"position\":2,\"name\":\"Declaraci\u00f3n Dignitas infinita sobre la dignidad humana\"}]},{\"@type\":\"WebSite\",\"@id\":\"https:\/\/obispadoarica.cl\/home\/#website\",\"url\":\"https:\/\/obispadoarica.cl\/home\/\",\"name\":\"Obispado San Marcos de Arica\",\"description\":\"Di\u00f3cesis San Marcos de Arica\",\"potentialAction\":[{\"@type\":\"SearchAction\",\"target\":{\"@type\":\"EntryPoint\",\"urlTemplate\":\"https:\/\/obispadoarica.cl\/home\/?s={search_term_string}\"},\"query-input\":{\"@type\":\"PropertyValueSpecification\",\"valueRequired\":true,\"valueName\":\"search_term_string\"}}],\"inLanguage\":\"es\"},{\"@type\":\"Person\",\"@id\":\"https:\/\/obispadoarica.cl\/home\/#\/schema\/person\/1a8f4c2a3418412187dff039ecf9d97e\",\"name\":\"Obispado de Arica\",\"image\":{\"@type\":\"ImageObject\",\"inLanguage\":\"es\",\"@id\":\"https:\/\/obispadoarica.cl\/home\/#\/schema\/person\/image\/\",\"url\":\"https:\/\/secure.gravatar.com\/avatar\/c75d5ceafb11502016ed664658884b0b1b183fa6f96260878f47ac58f950c8d9?s=96&d=mm&r=g\",\"contentUrl\":\"https:\/\/secure.gravatar.com\/avatar\/c75d5ceafb11502016ed664658884b0b1b183fa6f96260878f47ac58f950c8d9?s=96&d=mm&r=g\",\"caption\":\"Obispado de Arica\"},\"url\":\"https:\/\/obispadoarica.cl\/home\/author\/c1300590\/\"}]}<\/script>\n<!-- \/ Yoast SEO plugin. -->","yoast_head_json":{"title":"Declaraci\u00f3n Dignitas infinita sobre la dignidad humana - Obispado San Marcos de Arica","robots":{"index":"index","follow":"follow","max-snippet":"max-snippet:-1","max-image-preview":"max-image-preview:large","max-video-preview":"max-video-preview:-1"},"canonical":"https:\/\/obispadoarica.cl\/home\/declaracion-dignitas-infinita-sobre-la-dignidad-humana\/","og_locale":"es_ES","og_type":"article","og_title":"Declaraci\u00f3n Dignitas infinita sobre la dignidad humana - Obispado San Marcos de Arica","og_description":"En el Congreso del 15 de marzo del 2019, la entonces Congregaci\u00f3n para la Doctrina de la Fe decidi\u00f3 iniciar \u00abla redacci\u00f3n de un texto subrayando lo imprescindible del concepto de dignidad de la persona humana en el seno de la antropolog\u00eda cristiana e ilustrando el alcance y las implicaciones beneficiosas a nivel social, pol\u00edtico [...]","og_url":"https:\/\/obispadoarica.cl\/home\/declaracion-dignitas-infinita-sobre-la-dignidad-humana\/","og_site_name":"Obispado San Marcos de Arica","article_published_time":"2024-04-13T02:36:33+00:00","article_modified_time":"2025-03-09T00:49:04+00:00","og_image":[{"width":660,"height":235,"url":"https:\/\/obispadoarica.cl\/home\/wp-content\/uploads\/2024\/04\/papa-francisco-vaticano-violaciones-dignidad-hu.jpg","type":"image\/jpeg"}],"author":"Obispado de Arica","twitter_card":"summary_large_image","twitter_misc":{"Escrito por":"Obispado de Arica","Tiempo de lectura":"1 minuto"},"schema":{"@context":"https:\/\/schema.org","@graph":[{"@type":"WebPage","@id":"https:\/\/obispadoarica.cl\/home\/declaracion-dignitas-infinita-sobre-la-dignidad-humana\/","url":"https:\/\/obispadoarica.cl\/home\/declaracion-dignitas-infinita-sobre-la-dignidad-humana\/","name":"Declaraci\u00f3n Dignitas infinita sobre la dignidad humana - Obispado San Marcos de Arica","isPartOf":{"@id":"https:\/\/obispadoarica.cl\/home\/#website"},"primaryImageOfPage":{"@id":"https:\/\/obispadoarica.cl\/home\/declaracion-dignitas-infinita-sobre-la-dignidad-humana\/#primaryimage"},"image":{"@id":"https:\/\/obispadoarica.cl\/home\/declaracion-dignitas-infinita-sobre-la-dignidad-humana\/#primaryimage"},"thumbnailUrl":"https:\/\/obispadoarica.cl\/home\/wp-content\/uploads\/2024\/04\/papa-francisco-vaticano-violaciones-dignidad-hu.jpg","datePublished":"2024-04-13T02:36:33+00:00","dateModified":"2025-03-09T00:49:04+00:00","author":{"@id":"https:\/\/obispadoarica.cl\/home\/#\/schema\/person\/1a8f4c2a3418412187dff039ecf9d97e"},"breadcrumb":{"@id":"https:\/\/obispadoarica.cl\/home\/declaracion-dignitas-infinita-sobre-la-dignidad-humana\/#breadcrumb"},"inLanguage":"es","potentialAction":[{"@type":"ReadAction","target":["https:\/\/obispadoarica.cl\/home\/declaracion-dignitas-infinita-sobre-la-dignidad-humana\/"]}]},{"@type":"ImageObject","inLanguage":"es","@id":"https:\/\/obispadoarica.cl\/home\/declaracion-dignitas-infinita-sobre-la-dignidad-humana\/#primaryimage","url":"https:\/\/obispadoarica.cl\/home\/wp-content\/uploads\/2024\/04\/papa-francisco-vaticano-violaciones-dignidad-hu.jpg","contentUrl":"https:\/\/obispadoarica.cl\/home\/wp-content\/uploads\/2024\/04\/papa-francisco-vaticano-violaciones-dignidad-hu.jpg","width":660,"height":235},{"@type":"BreadcrumbList","@id":"https:\/\/obispadoarica.cl\/home\/declaracion-dignitas-infinita-sobre-la-dignidad-humana\/#breadcrumb","itemListElement":[{"@type":"ListItem","position":1,"name":"Portada","item":"https:\/\/obispadoarica.cl\/home\/"},{"@type":"ListItem","position":2,"name":"Declaraci\u00f3n Dignitas infinita sobre la dignidad humana"}]},{"@type":"WebSite","@id":"https:\/\/obispadoarica.cl\/home\/#website","url":"https:\/\/obispadoarica.cl\/home\/","name":"Obispado San Marcos de Arica","description":"Di\u00f3cesis San Marcos de Arica","potentialAction":[{"@type":"SearchAction","target":{"@type":"EntryPoint","urlTemplate":"https:\/\/obispadoarica.cl\/home\/?s={search_term_string}"},"query-input":{"@type":"PropertyValueSpecification","valueRequired":true,"valueName":"search_term_string"}}],"inLanguage":"es"},{"@type":"Person","@id":"https:\/\/obispadoarica.cl\/home\/#\/schema\/person\/1a8f4c2a3418412187dff039ecf9d97e","name":"Obispado de Arica","image":{"@type":"ImageObject","inLanguage":"es","@id":"https:\/\/obispadoarica.cl\/home\/#\/schema\/person\/image\/","url":"https:\/\/secure.gravatar.com\/avatar\/c75d5ceafb11502016ed664658884b0b1b183fa6f96260878f47ac58f950c8d9?s=96&d=mm&r=g","contentUrl":"https:\/\/secure.gravatar.com\/avatar\/c75d5ceafb11502016ed664658884b0b1b183fa6f96260878f47ac58f950c8d9?s=96&d=mm&r=g","caption":"Obispado de Arica"},"url":"https:\/\/obispadoarica.cl\/home\/author\/c1300590\/"}]}},"_links":{"self":[{"href":"https:\/\/obispadoarica.cl\/home\/wp-json\/wp\/v2\/posts\/2361","targetHints":{"allow":["GET"]}}],"collection":[{"href":"https:\/\/obispadoarica.cl\/home\/wp-json\/wp\/v2\/posts"}],"about":[{"href":"https:\/\/obispadoarica.cl\/home\/wp-json\/wp\/v2\/types\/post"}],"author":[{"embeddable":true,"href":"https:\/\/obispadoarica.cl\/home\/wp-json\/wp\/v2\/users\/2"}],"replies":[{"embeddable":true,"href":"https:\/\/obispadoarica.cl\/home\/wp-json\/wp\/v2\/comments?post=2361"}],"version-history":[{"count":2,"href":"https:\/\/obispadoarica.cl\/home\/wp-json\/wp\/v2\/posts\/2361\/revisions"}],"predecessor-version":[{"id":2369,"href":"https:\/\/obispadoarica.cl\/home\/wp-json\/wp\/v2\/posts\/2361\/revisions\/2369"}],"wp:featuredmedia":[{"embeddable":true,"href":"https:\/\/obispadoarica.cl\/home\/wp-json\/wp\/v2\/media\/2362"}],"wp:attachment":[{"href":"https:\/\/obispadoarica.cl\/home\/wp-json\/wp\/v2\/media?parent=2361"}],"wp:term":[{"taxonomy":"category","embeddable":true,"href":"https:\/\/obispadoarica.cl\/home\/wp-json\/wp\/v2\/categories?post=2361"},{"taxonomy":"post_tag","embeddable":true,"href":"https:\/\/obispadoarica.cl\/home\/wp-json\/wp\/v2\/tags?post=2361"}],"curies":[{"name":"wp","href":"https:\/\/api.w.org\/{rel}","templated":true}]}}