{"id":2424,"date":"2024-04-19T16:51:09","date_gmt":"2024-04-19T20:51:09","guid":{"rendered":"https:\/\/obispadoarica.cl\/home\/?p=2424"},"modified":"2025-03-08T20:48:25","modified_gmt":"2025-03-09T00:48:25","slug":"obispos-de-chile-llaman-a-la-esperanza-en-medio-de-las-multiples-problematicas-y-desafios-que-vive-el-pais","status":"publish","type":"post","link":"https:\/\/obispadoarica.cl\/home\/obispos-de-chile-llaman-a-la-esperanza-en-medio-de-las-multiples-problematicas-y-desafios-que-vive-el-pais\/","title":{"rendered":"Obispos de Chile llaman a la esperanza en medio de las m\u00faltiples problem\u00e1ticas y desaf\u00edos que vive el pa\u00eds"},"content":{"rendered":"\n\n\n<hr class=\"wp-block-separator has-alpha-channel-opacity\"\/>\n\n\n\n<p><em>Los obispos de la Conferencia Episcopal Chile, reunidos en la 129\u00b0 Asamblea Plenaria celebrada entre el 15 y el 19 de abril de 2024, han dado a conocer un mensaje en el que llaman a la comunidad eclesial y a todas las personas de buena voluntad del pa\u00eds a vivir la alegr\u00eda de la Resurrecci\u00f3n con esperanza, solidaridad y respeto.<\/em><\/p>\n\n\n\n<hr class=\"wp-block-separator has-alpha-channel-opacity\"\/>\n\n\n\n<p>En el texto, los pastores cat\u00f3licos del pa\u00eds invitan a seguir viviendo la sinodalidad, a orar por las vocaciones sacerdotales, a generar espacios de sana convivencia ante la inseguridad, al respeto hacia los migrantes sin discriminaciones, la b\u00fasqueda de acuerdos pol\u00edticos que eviten una mayor polarizaci\u00f3n en el pa\u00eds, y expresan su preocupaci\u00f3n por los casos de corrupci\u00f3n en instancias p\u00fablicas y privadas.<\/p>\n\n\n\n<p><strong>Una asamblea destinada a mirar al realidad social y eclesial del pa\u00eds<\/strong><br>Al iniciar sus palabras, los obispos se\u00f1alan que en estos d\u00edas de encuentro han orado y mirado \u201cla realidad social y eclesial de nuestra patria\u201d, expresando en primer t\u00e9rmino su profunda conmoci\u00f3n por las consecuencias de los devastadores incendios en la regi\u00f3n de Valpara\u00edso. Frente a ello, agradecen a Caritas Chile por su eficaz ayuda a los damnificados.<\/p>\n\n\n\n<p><strong>Continuar viviendo la sinodalidad y un llamado a orar por las vocaciones sacerdotales<\/strong><br>A nivel eclesial, los obispos se han referido al avance del S\u00ednodo de la Sinodalidad convocado por el Papa Francisco, animando a todas las comunidades a participar activamente en este proceso de discernimiento, animando a vivir el A\u00f1o de la Oraci\u00f3n en preparaci\u00f3n del Jubileo que llama a ser \u201cPeregrinos de la esperanza\u201d en el mundo actual.<\/p>\n\n\n\n<p>Tambi\u00e9n han dedicado un espacio para dialogar sobre la escasez de sacerdotes y han hecho un llamado a intensificar la oraci\u00f3n por las vocaciones sacerdotales, especialmente en este Domingo del Buen Pastor.<\/p>\n\n\n\n<p><strong>Ante los problemas sociales y de inseguridad, un llamado a generar espacios sana convivencia<\/strong><br>Ante las m\u00faltiples problem\u00e1ticas y desaf\u00edos que enfrenta Chile, los obispos reiteran su llamado a la esperanza en Jesucristo y su Evangelio.<\/p>\n\n\n\n<p>Los pastores reiteran su preocupaci\u00f3n por la violencia y el crimen organizado, constatando que: \u201cEl grave problema de la inseguridad a que se ha visto enfrentada la ciudadan\u00eda, que afecta a todos los sectores sociales sin distinci\u00f3n, es un flagelo de consecuencias impredecibles\u201d. Ante ello, hacen un llamado la sociedad a trabajar juntos para recuperar una sana y digna convivencia: \u201cQue en nuestros hogares, barrios, comunas y ciudades, se pueda lograr una arm\u00f3nica y m\u00e1s humana relaci\u00f3n donde nadie se sienta excluido, sino valorado y respetado\u201d.<\/p>\n\n\n\n<p><strong>En los hermanos migrantes la voz de Dios nos interpela<\/strong><br>Los obispos tambi\u00e9n se han referido a la situaci\u00f3n de los migrantes, afirmando que son la voz de Dios que nos interpela hoy. Por eso, hacen un llamado a acogerlos y reconocer en ellos al mismo Cristo, evitando cualquier tipo de discriminaci\u00f3n arbitraria y rechazo. Por ello reiteran que la \u201cLa falta de una adecuada pol\u00edtica migratoria y las dificultades de coordinaci\u00f3n entre las autoridades de los pa\u00edses involucrados, ha generado sufrimiento tanto en las comunidades inmigrantes como en las comunidades de acogida, produci\u00e9ndose tambi\u00e9n en parte de la poblaci\u00f3n chilena actitudes xen\u00f3fobas y discriminatorias, que tergiversan la imagen positiva que la mayor parte de los migrantes dejan con su trabajo y su aporte a la sociedad\u201d, advirtiendo sobre la rigidez de la actual Ley de Migraci\u00f3n y extranjer\u00eda que no permite la regularizaci\u00f3n de quienes ya estando en el pa\u00eds quieren leg\u00edtimamente permanecer.<\/p>\n\n\n\n<p><strong>Preocupaci\u00f3n por la polarizaci\u00f3n pol\u00edtica y la corrupci\u00f3n<\/strong><br>De cara al pr\u00f3ximo proceso eleccionario, los obispos convocan a participar con respeto y a buscar acuerdos pol\u00edticos y sociales que favorezcan el bien com\u00fan de la naci\u00f3n, pidiendo el \u201cno caer en descalificaciones y polarizaciones que solo nos llevan a dividirnos e impiden construir una patria para todos\u201d.<\/p>\n\n\n\n<p>El Episcopado, tambi\u00e9n manifiesta su grave preocupaci\u00f3n por los casos de corrupci\u00f3n que afectan al pa\u00eds, llamando a las autoridades a actuar con honestidad y transparencia, recordando el mensaje conjunto realizado en marzo por diversas confesiones religiosas del pa\u00eds: \u201cEs especialmente grave que estos hechos ocurran con los recursos p\u00fablicos, que pertenecen a todos los chilenos y est\u00e1n destinados a dar soluci\u00f3n a los graves problemas sociales que nos aquejan\u201d.<\/p>\n\n\n\n<p>Finalmente, los obispos encomiendan la vida de Chile a la protecci\u00f3n de la Sant\u00edsima Virgen del Carmen, a quien celebrar\u00e1n pr\u00f3ximamente en el Santuario Nacional de Maip\u00fa con ocasi\u00f3n de los 50 a\u00f1os de su consagraci\u00f3n.<\/p>\n\n\n\n<p>&#8211;&nbsp;<a href=\"https:\/\/www.iglesia.cl\/documentos_sac\/19042024_318pm_6622b55b6508a.pdf\" target=\"_blank\" rel=\"noreferrer noopener\">Leer Mensaje completo AQU\u00cd<\/a><\/p>\n\n\n\n<p><strong>Elecciones de nueva directiva del Episcopado y otros temas abordados en el encuentro<\/strong><br>Este mensaje viene a sintetizar lo vivido por los obispos durante estos d\u00edas, donde pudieron reflexionar acerca de la realidad nacional. Un momento destacado en ese aspecto, fue el di\u00e1logo sostenido con el Subsecretario del Interior del Gobierno de Chile, Manuel Monsalve, con quien pudieron conversar sobre diversos temas contingentes.<\/p>\n\n\n\n<p>Adem\u00e1s, se repasaron los aportes entregados por las di\u00f3cesis en vista a la nueva Asamblea del S\u00ednodo sobre la Sinodalidad. Tambi\u00e9n se revis\u00f3 el trabajo de los organismos del Episcopado en vista a proyectar los desaf\u00edos de la CECh para quienes asumen nuevos cargos directivos y responsabilidades en las comisiones episcopales para el per\u00edodo 2024-2027.<\/p>\n\n\n\n<p>Cabe recordar que en la presente Plenaria fue elegido como&nbsp;<a href=\"https:\/\/www.iglesia.cl\/47122-arzobispo-rene-rebolledo-es-elegido-presidente-de-la-conferencia-episcopal-de-chile.html\" target=\"_blank\" rel=\"noreferrer noopener\">nuevo Presidente de la Conferencia Episcopal, el Arzobispo de La Serena, Mons. Ren\u00e9 Rebolledo Salinas<\/a>, quien presidir\u00e1 el Comit\u00e9 Permanente integrado por Mons.Ignacio Ducasse Medina, Arzobispo de Antofagasta (Vicepresidente); Mons. Sergio P\u00e9rez de Arce Arriagada, ss.cc., Obispo de Chill\u00e1n (Secretario General); junto a Mons. Fernando Chomali Garib, Arzobispo de Santiago; y Mons.Juan I. Gonz\u00e1lez Err\u00e1zuriz, Obispo de San Bernardo<\/p>\n\n\n\n<p><strong>Fuente: Comunicaciones CECh<\/strong><br><em>CECh, 19-04-2024<\/em><\/p>\n\n\n\n<hr class=\"wp-block-separator has-alpha-channel-opacity\"\/>\n\n\n\n<figure class=\"wp-block-embed is-type-video is-provider-youtube wp-block-embed-youtube wp-embed-aspect-16-9 wp-has-aspect-ratio\"><div class=\"wp-block-embed__wrapper\">\n<iframe title=\"Video s\u00edntesis del mensaje de los Obispos CECh al concluir su 129\u00aa Asamblea Plenaria\" width=\"1020\" height=\"574\" src=\"https:\/\/www.youtube.com\/embed\/Mll9bj27ZP4?feature=oembed\" frameborder=\"0\" allow=\"accelerometer; autoplay; clipboard-write; encrypted-media; gyroscope; picture-in-picture; web-share\" referrerpolicy=\"strict-origin-when-cross-origin\" allowfullscreen><\/iframe>\n<\/div><\/figure>\n\n\n\n<figure class=\"wp-block-gallery has-nested-images columns-default is-cropped wp-block-gallery-1 is-layout-flex wp-block-gallery-is-layout-flex\">\n<figure class=\"wp-block-image size-large\"><a href=\"https:\/\/obispadoarica.cl\/home\/wp-content\/uploads\/2024\/04\/Gale6622a777d409b_19042024_218pm.jpeg\"><img fetchpriority=\"high\" decoding=\"async\" width=\"1000\" height=\"667\" data-id=\"2430\" src=\"https:\/\/obispadoarica.cl\/home\/wp-content\/uploads\/2024\/04\/Gale6622a777d409b_19042024_218pm.jpeg\" alt=\"\" class=\"wp-image-2430\" srcset=\"https:\/\/obispadoarica.cl\/home\/wp-content\/uploads\/2024\/04\/Gale6622a777d409b_19042024_218pm.jpeg 1000w, https:\/\/obispadoarica.cl\/home\/wp-content\/uploads\/2024\/04\/Gale6622a777d409b_19042024_218pm-300x200.jpeg 300w, https:\/\/obispadoarica.cl\/home\/wp-content\/uploads\/2024\/04\/Gale6622a777d409b_19042024_218pm-768x512.jpeg 768w\" sizes=\"(max-width: 1000px) 100vw, 1000px\" \/><\/a><\/figure>\n\n\n\n<figure class=\"wp-block-image size-large\"><a href=\"https:\/\/obispadoarica.cl\/home\/wp-content\/uploads\/2024\/04\/Gale6622a77801f62_19042024_218pm.jpeg\"><img decoding=\"async\" width=\"1000\" height=\"667\" data-id=\"2432\" src=\"https:\/\/obispadoarica.cl\/home\/wp-content\/uploads\/2024\/04\/Gale6622a77801f62_19042024_218pm.jpeg\" alt=\"\" class=\"wp-image-2432\" srcset=\"https:\/\/obispadoarica.cl\/home\/wp-content\/uploads\/2024\/04\/Gale6622a77801f62_19042024_218pm.jpeg 1000w, https:\/\/obispadoarica.cl\/home\/wp-content\/uploads\/2024\/04\/Gale6622a77801f62_19042024_218pm-300x200.jpeg 300w, https:\/\/obispadoarica.cl\/home\/wp-content\/uploads\/2024\/04\/Gale6622a77801f62_19042024_218pm-768x512.jpeg 768w\" sizes=\"(max-width: 1000px) 100vw, 1000px\" \/><\/a><\/figure>\n\n\n\n<figure class=\"wp-block-image size-large\"><a href=\"https:\/\/obispadoarica.cl\/home\/wp-content\/uploads\/2024\/04\/Gale6622b2f51aebb_19042024_307pm.jpeg\"><img decoding=\"async\" width=\"964\" height=\"723\" data-id=\"2431\" src=\"https:\/\/obispadoarica.cl\/home\/wp-content\/uploads\/2024\/04\/Gale6622b2f51aebb_19042024_307pm.jpeg\" alt=\"\" class=\"wp-image-2431\" srcset=\"https:\/\/obispadoarica.cl\/home\/wp-content\/uploads\/2024\/04\/Gale6622b2f51aebb_19042024_307pm.jpeg 964w, https:\/\/obispadoarica.cl\/home\/wp-content\/uploads\/2024\/04\/Gale6622b2f51aebb_19042024_307pm-300x225.jpeg 300w, https:\/\/obispadoarica.cl\/home\/wp-content\/uploads\/2024\/04\/Gale6622b2f51aebb_19042024_307pm-768x576.jpeg 768w\" sizes=\"(max-width: 964px) 100vw, 964px\" \/><\/a><\/figure>\n\n\n\n<figure class=\"wp-block-image size-large\"><a href=\"https:\/\/obispadoarica.cl\/home\/wp-content\/uploads\/2024\/04\/Gale6622b46b707d7_19042024_314pm.jpeg\"><img loading=\"lazy\" decoding=\"async\" width=\"1000\" height=\"667\" data-id=\"2428\" src=\"https:\/\/obispadoarica.cl\/home\/wp-content\/uploads\/2024\/04\/Gale6622b46b707d7_19042024_314pm.jpeg\" alt=\"\" class=\"wp-image-2428\" srcset=\"https:\/\/obispadoarica.cl\/home\/wp-content\/uploads\/2024\/04\/Gale6622b46b707d7_19042024_314pm.jpeg 1000w, https:\/\/obispadoarica.cl\/home\/wp-content\/uploads\/2024\/04\/Gale6622b46b707d7_19042024_314pm-300x200.jpeg 300w, https:\/\/obispadoarica.cl\/home\/wp-content\/uploads\/2024\/04\/Gale6622b46b707d7_19042024_314pm-768x512.jpeg 768w\" sizes=\"(max-width: 1000px) 100vw, 1000px\" \/><\/a><\/figure>\n\n\n\n<figure class=\"wp-block-image size-large\"><a href=\"https:\/\/obispadoarica.cl\/home\/wp-content\/uploads\/2024\/04\/Gale6622b47d68c30_19042024_314pm.jpeg\"><img loading=\"lazy\" decoding=\"async\" width=\"1000\" height=\"667\" data-id=\"2429\" src=\"https:\/\/obispadoarica.cl\/home\/wp-content\/uploads\/2024\/04\/Gale6622b47d68c30_19042024_314pm.jpeg\" alt=\"\" class=\"wp-image-2429\" srcset=\"https:\/\/obispadoarica.cl\/home\/wp-content\/uploads\/2024\/04\/Gale6622b47d68c30_19042024_314pm.jpeg 1000w, https:\/\/obispadoarica.cl\/home\/wp-content\/uploads\/2024\/04\/Gale6622b47d68c30_19042024_314pm-300x200.jpeg 300w, https:\/\/obispadoarica.cl\/home\/wp-content\/uploads\/2024\/04\/Gale6622b47d68c30_19042024_314pm-768x512.jpeg 768w\" sizes=\"(max-width: 1000px) 100vw, 1000px\" \/><\/a><\/figure>\n\n\n\n<figure class=\"wp-block-image size-large\"><a href=\"https:\/\/obispadoarica.cl\/home\/wp-content\/uploads\/2024\/04\/img_gale_6622a75d4f38b_19042024.jpeg\"><img loading=\"lazy\" decoding=\"async\" width=\"1000\" height=\"666\" data-id=\"2425\" src=\"https:\/\/obispadoarica.cl\/home\/wp-content\/uploads\/2024\/04\/img_gale_6622a75d4f38b_19042024.jpeg\" alt=\"\" class=\"wp-image-2425\" srcset=\"https:\/\/obispadoarica.cl\/home\/wp-content\/uploads\/2024\/04\/img_gale_6622a75d4f38b_19042024.jpeg 1000w, https:\/\/obispadoarica.cl\/home\/wp-content\/uploads\/2024\/04\/img_gale_6622a75d4f38b_19042024-300x200.jpeg 300w, https:\/\/obispadoarica.cl\/home\/wp-content\/uploads\/2024\/04\/img_gale_6622a75d4f38b_19042024-768x511.jpeg 768w\" sizes=\"(max-width: 1000px) 100vw, 1000px\" \/><\/a><\/figure>\n\n\n\n<figure class=\"wp-block-image size-large\"><a href=\"https:\/\/obispadoarica.cl\/home\/wp-content\/uploads\/2024\/04\/img_gale_6622a75d47f26_19042024.jpeg\"><img loading=\"lazy\" decoding=\"async\" width=\"1000\" height=\"666\" data-id=\"2426\" src=\"https:\/\/obispadoarica.cl\/home\/wp-content\/uploads\/2024\/04\/img_gale_6622a75d47f26_19042024.jpeg\" alt=\"\" class=\"wp-image-2426\" srcset=\"https:\/\/obispadoarica.cl\/home\/wp-content\/uploads\/2024\/04\/img_gale_6622a75d47f26_19042024.jpeg 1000w, https:\/\/obispadoarica.cl\/home\/wp-content\/uploads\/2024\/04\/img_gale_6622a75d47f26_19042024-300x200.jpeg 300w, https:\/\/obispadoarica.cl\/home\/wp-content\/uploads\/2024\/04\/img_gale_6622a75d47f26_19042024-768x511.jpeg 768w\" sizes=\"(max-width: 1000px) 100vw, 1000px\" \/><\/a><\/figure>\n\n\n\n<figure class=\"wp-block-image size-large\"><a href=\"https:\/\/obispadoarica.cl\/home\/wp-content\/uploads\/2024\/04\/img_gale_6622a75d55f14_19042024.jpeg\"><img loading=\"lazy\" decoding=\"async\" width=\"1000\" height=\"666\" data-id=\"2427\" src=\"https:\/\/obispadoarica.cl\/home\/wp-content\/uploads\/2024\/04\/img_gale_6622a75d55f14_19042024.jpeg\" alt=\"\" class=\"wp-image-2427\" srcset=\"https:\/\/obispadoarica.cl\/home\/wp-content\/uploads\/2024\/04\/img_gale_6622a75d55f14_19042024.jpeg 1000w, https:\/\/obispadoarica.cl\/home\/wp-content\/uploads\/2024\/04\/img_gale_6622a75d55f14_19042024-300x200.jpeg 300w, https:\/\/obispadoarica.cl\/home\/wp-content\/uploads\/2024\/04\/img_gale_6622a75d55f14_19042024-768x511.jpeg 768w\" sizes=\"(max-width: 1000px) 100vw, 1000px\" \/><\/a><\/figure>\n<\/figure>\n","protected":false},"excerpt":{"rendered":"<p>Los obispos de la Conferencia Episcopal Chile, reunidos en la 129\u00b0 Asamblea Plenaria celebrada entre el 15 y el 19 de abril de 2024, han dado a conocer un mensaje en el que llaman a la comunidad eclesial y a todas las personas de buena voluntad del pa\u00eds a vivir la alegr\u00eda de la Resurrecci\u00f3n [&#8230;]\n","protected":false},"author":2,"featured_media":2430,"comment_status":"closed","ping_status":"closed","sticky":false,"template":"","format":"standard","meta":{"footnotes":""},"categories":[7],"tags":[],"class_list":["post-2424","post","type-post","status-publish","format-standard","has-post-thumbnail","hentry","category-noticias"],"yoast_head":"<!-- This site is optimized with the Yoast SEO plugin v24.6 - https:\/\/yoast.com\/wordpress\/plugins\/seo\/ -->\n<title>Obispos de Chile llaman a la esperanza en medio de las m\u00faltiples problem\u00e1ticas y desaf\u00edos que vive el pa\u00eds - Obispado San Marcos de Arica<\/title>\n<meta name=\"robots\" content=\"index, follow, max-snippet:-1, max-image-preview:large, max-video-preview:-1\" \/>\n<link rel=\"canonical\" href=\"https:\/\/obispadoarica.cl\/home\/obispos-de-chile-llaman-a-la-esperanza-en-medio-de-las-multiples-problematicas-y-desafios-que-vive-el-pais\/\" \/>\n<meta property=\"og:locale\" content=\"es_ES\" \/>\n<meta property=\"og:type\" content=\"article\" \/>\n<meta property=\"og:title\" content=\"Obispos de Chile llaman a la esperanza en medio de las m\u00faltiples problem\u00e1ticas y desaf\u00edos que vive el pa\u00eds - Obispado San Marcos de Arica\" \/>\n<meta property=\"og:description\" content=\"Los obispos de la Conferencia Episcopal Chile, reunidos en la 129\u00b0 Asamblea Plenaria celebrada entre el 15 y el 19 de abril de 2024, han dado a conocer un mensaje en el que llaman a la comunidad eclesial y a todas las personas de buena voluntad del pa\u00eds a vivir la alegr\u00eda de la Resurrecci\u00f3n [...]\" \/>\n<meta property=\"og:url\" content=\"https:\/\/obispadoarica.cl\/home\/obispos-de-chile-llaman-a-la-esperanza-en-medio-de-las-multiples-problematicas-y-desafios-que-vive-el-pais\/\" \/>\n<meta property=\"og:site_name\" content=\"Obispado San Marcos de Arica\" \/>\n<meta property=\"article:published_time\" content=\"2024-04-19T20:51:09+00:00\" \/>\n<meta property=\"article:modified_time\" content=\"2025-03-09T00:48:25+00:00\" \/>\n<meta property=\"og:image\" content=\"https:\/\/obispadoarica.cl\/home\/wp-content\/uploads\/2024\/04\/Gale6622a777d409b_19042024_218pm.jpeg\" \/>\n\t<meta property=\"og:image:width\" content=\"1000\" \/>\n\t<meta property=\"og:image:height\" content=\"667\" \/>\n\t<meta property=\"og:image:type\" content=\"image\/jpeg\" \/>\n<meta name=\"author\" content=\"Obispado de Arica\" \/>\n<meta name=\"twitter:card\" content=\"summary_large_image\" \/>\n<meta name=\"twitter:label1\" content=\"Escrito por\" \/>\n\t<meta name=\"twitter:data1\" content=\"Obispado de Arica\" \/>\n\t<meta name=\"twitter:label2\" content=\"Tiempo de lectura\" \/>\n\t<meta name=\"twitter:data2\" content=\"6 minutos\" \/>\n<script type=\"application\/ld+json\" class=\"yoast-schema-graph\">{\"@context\":\"https:\/\/schema.org\",\"@graph\":[{\"@type\":\"WebPage\",\"@id\":\"https:\/\/obispadoarica.cl\/home\/obispos-de-chile-llaman-a-la-esperanza-en-medio-de-las-multiples-problematicas-y-desafios-que-vive-el-pais\/\",\"url\":\"https:\/\/obispadoarica.cl\/home\/obispos-de-chile-llaman-a-la-esperanza-en-medio-de-las-multiples-problematicas-y-desafios-que-vive-el-pais\/\",\"name\":\"Obispos de Chile llaman a la esperanza en medio de las m\u00faltiples problem\u00e1ticas y desaf\u00edos que vive el pa\u00eds - Obispado San Marcos de Arica\",\"isPartOf\":{\"@id\":\"https:\/\/obispadoarica.cl\/home\/#website\"},\"primaryImageOfPage\":{\"@id\":\"https:\/\/obispadoarica.cl\/home\/obispos-de-chile-llaman-a-la-esperanza-en-medio-de-las-multiples-problematicas-y-desafios-que-vive-el-pais\/#primaryimage\"},\"image\":{\"@id\":\"https:\/\/obispadoarica.cl\/home\/obispos-de-chile-llaman-a-la-esperanza-en-medio-de-las-multiples-problematicas-y-desafios-que-vive-el-pais\/#primaryimage\"},\"thumbnailUrl\":\"https:\/\/obispadoarica.cl\/home\/wp-content\/uploads\/2024\/04\/Gale6622a777d409b_19042024_218pm.jpeg\",\"datePublished\":\"2024-04-19T20:51:09+00:00\",\"dateModified\":\"2025-03-09T00:48:25+00:00\",\"author\":{\"@id\":\"https:\/\/obispadoarica.cl\/home\/#\/schema\/person\/1a8f4c2a3418412187dff039ecf9d97e\"},\"breadcrumb\":{\"@id\":\"https:\/\/obispadoarica.cl\/home\/obispos-de-chile-llaman-a-la-esperanza-en-medio-de-las-multiples-problematicas-y-desafios-que-vive-el-pais\/#breadcrumb\"},\"inLanguage\":\"es\",\"potentialAction\":[{\"@type\":\"ReadAction\",\"target\":[\"https:\/\/obispadoarica.cl\/home\/obispos-de-chile-llaman-a-la-esperanza-en-medio-de-las-multiples-problematicas-y-desafios-que-vive-el-pais\/\"]}]},{\"@type\":\"ImageObject\",\"inLanguage\":\"es\",\"@id\":\"https:\/\/obispadoarica.cl\/home\/obispos-de-chile-llaman-a-la-esperanza-en-medio-de-las-multiples-problematicas-y-desafios-que-vive-el-pais\/#primaryimage\",\"url\":\"https:\/\/obispadoarica.cl\/home\/wp-content\/uploads\/2024\/04\/Gale6622a777d409b_19042024_218pm.jpeg\",\"contentUrl\":\"https:\/\/obispadoarica.cl\/home\/wp-content\/uploads\/2024\/04\/Gale6622a777d409b_19042024_218pm.jpeg\",\"width\":1000,\"height\":667},{\"@type\":\"BreadcrumbList\",\"@id\":\"https:\/\/obispadoarica.cl\/home\/obispos-de-chile-llaman-a-la-esperanza-en-medio-de-las-multiples-problematicas-y-desafios-que-vive-el-pais\/#breadcrumb\",\"itemListElement\":[{\"@type\":\"ListItem\",\"position\":1,\"name\":\"Portada\",\"item\":\"https:\/\/obispadoarica.cl\/home\/\"},{\"@type\":\"ListItem\",\"position\":2,\"name\":\"Obispos de Chile llaman a la esperanza en medio de las m\u00faltiples problem\u00e1ticas y desaf\u00edos que vive el pa\u00eds\"}]},{\"@type\":\"WebSite\",\"@id\":\"https:\/\/obispadoarica.cl\/home\/#website\",\"url\":\"https:\/\/obispadoarica.cl\/home\/\",\"name\":\"Obispado San Marcos de Arica\",\"description\":\"Di\u00f3cesis San Marcos de Arica\",\"potentialAction\":[{\"@type\":\"SearchAction\",\"target\":{\"@type\":\"EntryPoint\",\"urlTemplate\":\"https:\/\/obispadoarica.cl\/home\/?s={search_term_string}\"},\"query-input\":{\"@type\":\"PropertyValueSpecification\",\"valueRequired\":true,\"valueName\":\"search_term_string\"}}],\"inLanguage\":\"es\"},{\"@type\":\"Person\",\"@id\":\"https:\/\/obispadoarica.cl\/home\/#\/schema\/person\/1a8f4c2a3418412187dff039ecf9d97e\",\"name\":\"Obispado de Arica\",\"image\":{\"@type\":\"ImageObject\",\"inLanguage\":\"es\",\"@id\":\"https:\/\/obispadoarica.cl\/home\/#\/schema\/person\/image\/\",\"url\":\"https:\/\/secure.gravatar.com\/avatar\/c75d5ceafb11502016ed664658884b0b1b183fa6f96260878f47ac58f950c8d9?s=96&d=mm&r=g\",\"contentUrl\":\"https:\/\/secure.gravatar.com\/avatar\/c75d5ceafb11502016ed664658884b0b1b183fa6f96260878f47ac58f950c8d9?s=96&d=mm&r=g\",\"caption\":\"Obispado de Arica\"},\"url\":\"https:\/\/obispadoarica.cl\/home\/author\/c1300590\/\"}]}<\/script>\n<!-- \/ Yoast SEO plugin. -->","yoast_head_json":{"title":"Obispos de Chile llaman a la esperanza en medio de las m\u00faltiples problem\u00e1ticas y desaf\u00edos que vive el pa\u00eds - Obispado San Marcos de Arica","robots":{"index":"index","follow":"follow","max-snippet":"max-snippet:-1","max-image-preview":"max-image-preview:large","max-video-preview":"max-video-preview:-1"},"canonical":"https:\/\/obispadoarica.cl\/home\/obispos-de-chile-llaman-a-la-esperanza-en-medio-de-las-multiples-problematicas-y-desafios-que-vive-el-pais\/","og_locale":"es_ES","og_type":"article","og_title":"Obispos de Chile llaman a la esperanza en medio de las m\u00faltiples problem\u00e1ticas y desaf\u00edos que vive el pa\u00eds - Obispado San Marcos de Arica","og_description":"Los obispos de la Conferencia Episcopal Chile, reunidos en la 129\u00b0 Asamblea Plenaria celebrada entre el 15 y el 19 de abril de 2024, han dado a conocer un mensaje en el que llaman a la comunidad eclesial y a todas las personas de buena voluntad del pa\u00eds a vivir la alegr\u00eda de la Resurrecci\u00f3n [...]","og_url":"https:\/\/obispadoarica.cl\/home\/obispos-de-chile-llaman-a-la-esperanza-en-medio-de-las-multiples-problematicas-y-desafios-que-vive-el-pais\/","og_site_name":"Obispado San Marcos de Arica","article_published_time":"2024-04-19T20:51:09+00:00","article_modified_time":"2025-03-09T00:48:25+00:00","og_image":[{"width":1000,"height":667,"url":"https:\/\/obispadoarica.cl\/home\/wp-content\/uploads\/2024\/04\/Gale6622a777d409b_19042024_218pm.jpeg","type":"image\/jpeg"}],"author":"Obispado de Arica","twitter_card":"summary_large_image","twitter_misc":{"Escrito por":"Obispado de Arica","Tiempo de lectura":"6 minutos"},"schema":{"@context":"https:\/\/schema.org","@graph":[{"@type":"WebPage","@id":"https:\/\/obispadoarica.cl\/home\/obispos-de-chile-llaman-a-la-esperanza-en-medio-de-las-multiples-problematicas-y-desafios-que-vive-el-pais\/","url":"https:\/\/obispadoarica.cl\/home\/obispos-de-chile-llaman-a-la-esperanza-en-medio-de-las-multiples-problematicas-y-desafios-que-vive-el-pais\/","name":"Obispos de Chile llaman a la esperanza en medio de las m\u00faltiples problem\u00e1ticas y desaf\u00edos que vive el pa\u00eds - Obispado San Marcos de Arica","isPartOf":{"@id":"https:\/\/obispadoarica.cl\/home\/#website"},"primaryImageOfPage":{"@id":"https:\/\/obispadoarica.cl\/home\/obispos-de-chile-llaman-a-la-esperanza-en-medio-de-las-multiples-problematicas-y-desafios-que-vive-el-pais\/#primaryimage"},"image":{"@id":"https:\/\/obispadoarica.cl\/home\/obispos-de-chile-llaman-a-la-esperanza-en-medio-de-las-multiples-problematicas-y-desafios-que-vive-el-pais\/#primaryimage"},"thumbnailUrl":"https:\/\/obispadoarica.cl\/home\/wp-content\/uploads\/2024\/04\/Gale6622a777d409b_19042024_218pm.jpeg","datePublished":"2024-04-19T20:51:09+00:00","dateModified":"2025-03-09T00:48:25+00:00","author":{"@id":"https:\/\/obispadoarica.cl\/home\/#\/schema\/person\/1a8f4c2a3418412187dff039ecf9d97e"},"breadcrumb":{"@id":"https:\/\/obispadoarica.cl\/home\/obispos-de-chile-llaman-a-la-esperanza-en-medio-de-las-multiples-problematicas-y-desafios-que-vive-el-pais\/#breadcrumb"},"inLanguage":"es","potentialAction":[{"@type":"ReadAction","target":["https:\/\/obispadoarica.cl\/home\/obispos-de-chile-llaman-a-la-esperanza-en-medio-de-las-multiples-problematicas-y-desafios-que-vive-el-pais\/"]}]},{"@type":"ImageObject","inLanguage":"es","@id":"https:\/\/obispadoarica.cl\/home\/obispos-de-chile-llaman-a-la-esperanza-en-medio-de-las-multiples-problematicas-y-desafios-que-vive-el-pais\/#primaryimage","url":"https:\/\/obispadoarica.cl\/home\/wp-content\/uploads\/2024\/04\/Gale6622a777d409b_19042024_218pm.jpeg","contentUrl":"https:\/\/obispadoarica.cl\/home\/wp-content\/uploads\/2024\/04\/Gale6622a777d409b_19042024_218pm.jpeg","width":1000,"height":667},{"@type":"BreadcrumbList","@id":"https:\/\/obispadoarica.cl\/home\/obispos-de-chile-llaman-a-la-esperanza-en-medio-de-las-multiples-problematicas-y-desafios-que-vive-el-pais\/#breadcrumb","itemListElement":[{"@type":"ListItem","position":1,"name":"Portada","item":"https:\/\/obispadoarica.cl\/home\/"},{"@type":"ListItem","position":2,"name":"Obispos de Chile llaman a la esperanza en medio de las m\u00faltiples problem\u00e1ticas y desaf\u00edos que vive el pa\u00eds"}]},{"@type":"WebSite","@id":"https:\/\/obispadoarica.cl\/home\/#website","url":"https:\/\/obispadoarica.cl\/home\/","name":"Obispado San Marcos de Arica","description":"Di\u00f3cesis San Marcos de Arica","potentialAction":[{"@type":"SearchAction","target":{"@type":"EntryPoint","urlTemplate":"https:\/\/obispadoarica.cl\/home\/?s={search_term_string}"},"query-input":{"@type":"PropertyValueSpecification","valueRequired":true,"valueName":"search_term_string"}}],"inLanguage":"es"},{"@type":"Person","@id":"https:\/\/obispadoarica.cl\/home\/#\/schema\/person\/1a8f4c2a3418412187dff039ecf9d97e","name":"Obispado de Arica","image":{"@type":"ImageObject","inLanguage":"es","@id":"https:\/\/obispadoarica.cl\/home\/#\/schema\/person\/image\/","url":"https:\/\/secure.gravatar.com\/avatar\/c75d5ceafb11502016ed664658884b0b1b183fa6f96260878f47ac58f950c8d9?s=96&d=mm&r=g","contentUrl":"https:\/\/secure.gravatar.com\/avatar\/c75d5ceafb11502016ed664658884b0b1b183fa6f96260878f47ac58f950c8d9?s=96&d=mm&r=g","caption":"Obispado de Arica"},"url":"https:\/\/obispadoarica.cl\/home\/author\/c1300590\/"}]}},"_links":{"self":[{"href":"https:\/\/obispadoarica.cl\/home\/wp-json\/wp\/v2\/posts\/2424","targetHints":{"allow":["GET"]}}],"collection":[{"href":"https:\/\/obispadoarica.cl\/home\/wp-json\/wp\/v2\/posts"}],"about":[{"href":"https:\/\/obispadoarica.cl\/home\/wp-json\/wp\/v2\/types\/post"}],"author":[{"embeddable":true,"href":"https:\/\/obispadoarica.cl\/home\/wp-json\/wp\/v2\/users\/2"}],"replies":[{"embeddable":true,"href":"https:\/\/obispadoarica.cl\/home\/wp-json\/wp\/v2\/comments?post=2424"}],"version-history":[{"count":2,"href":"https:\/\/obispadoarica.cl\/home\/wp-json\/wp\/v2\/posts\/2424\/revisions"}],"predecessor-version":[{"id":2434,"href":"https:\/\/obispadoarica.cl\/home\/wp-json\/wp\/v2\/posts\/2424\/revisions\/2434"}],"wp:featuredmedia":[{"embeddable":true,"href":"https:\/\/obispadoarica.cl\/home\/wp-json\/wp\/v2\/media\/2430"}],"wp:attachment":[{"href":"https:\/\/obispadoarica.cl\/home\/wp-json\/wp\/v2\/media?parent=2424"}],"wp:term":[{"taxonomy":"category","embeddable":true,"href":"https:\/\/obispadoarica.cl\/home\/wp-json\/wp\/v2\/categories?post=2424"},{"taxonomy":"post_tag","embeddable":true,"href":"https:\/\/obispadoarica.cl\/home\/wp-json\/wp\/v2\/tags?post=2424"}],"curies":[{"name":"wp","href":"https:\/\/api.w.org\/{rel}","templated":true}]}}