{"id":2459,"date":"2024-05-01T11:16:36","date_gmt":"2024-05-01T15:16:36","guid":{"rendered":"https:\/\/obispadoarica.cl\/home\/?p=2459"},"modified":"2025-03-08T20:48:25","modified_gmt":"2025-03-09T00:48:25","slug":"mensaje-de-la-conferencia-episcopal-en-el-dia-del-trabajo-2024","status":"publish","type":"post","link":"https:\/\/obispadoarica.cl\/home\/mensaje-de-la-conferencia-episcopal-en-el-dia-del-trabajo-2024\/","title":{"rendered":"Mensaje de la Conferencia Episcopal en el D\u00eda del Trabajo 2024"},"content":{"rendered":"\n\n\n<p><em>En el marco del D\u00eda Internacional del Trabajo, la Conferencia Episcopal ha dado a conocer un mensaje en el que llaman a edificar una sociedad m\u00e1s justa y amable para todos, destacando la importancia del trabajo como elemento fundamental para el desarrollo personal y social.<\/em><\/p>\n\n\n\n<p>En el texto fechado este 1 de mayo de 2024, se destacan las palabras del Papa Francisco en su Enc\u00edclica Fratelli tutti, quien se\u00f1ala que \u00abno existe peor pobreza que aquella que priva del trabajo y de la dignidad del trabajo\u00bb, y recuerda que en \u201cuna sociedad realmente desarrollada el trabajo es una dimensi\u00f3n irrenunciable de la vida social, ya que no s\u00f3lo es un modo de ganarse el pan, sino tambi\u00e9n un cauce para el crecimiento personal, para establecer relaciones sanas, para expresarse a s\u00ed mismo, para compartir dones, para sentirse corresponsable en el perfeccionamiento del mundo, y en definitiva para vivir como pueblo\u201d<\/p>\n\n\n\n<p><strong>Trabajo digno y justo para todos<\/strong><br>Los obispos agradecen el \u201ctrabajo de mujeres y hombres que hacen progresar a la sociedad, as\u00ed como la dedicaci\u00f3n de tantos para lograr condiciones laborales m\u00e1s justas\u201d, haciendo hincapi\u00e9 en la necesidad de atender especialmente a quienes se encuentran en situaciones de precariedad laboral o informalidad, as\u00ed como a los migrantes que enfrentan condiciones de vulnerabilidad en el mundo del trabajo. \u00abAlentamos a las autoridades, actores pol\u00edticos y econ\u00f3micos a crear condiciones m\u00e1s favorables y estables para un trabajo digno\u00bb, afirman.<\/p>\n\n\n\n<p><strong>Paz y seguridad para el desarrollo<\/strong><br>Los obispos tambi\u00e9n subrayan la importancia de la paz y la seguridad para el desarrollo humano y el trabajo. \u201cEsperamos, asimismo, que en el mundo y en nuestro pa\u00eds se consoliden ambientes de paz y seguridad, indispensables para la existencia y desarrollo humano. Las guerras, las violencias y la inseguridad empobrecen a la sociedad y da\u00f1an el trabajo, sobre todo el de los m\u00e1s pobres\u201d.<\/p>\n\n\n\n<p>Finalmente, los obispos Ren\u00e9 Rebolledo y Sergio P\u00e9rez de Arce -Presidente y Secretario General de la CECh, respectivamente- invocan a Jesucristo para que anime y bendiga a los trabajadores en este d\u00eda, y piden a Santa Mar\u00eda y San Jos\u00e9 Obrero que intercedan por las intenciones de los trabajadores ante el Se\u00f1or.<\/p>\n\n\n\n<p>&#8211;&nbsp;<a href=\"https:\/\/www.iglesia.cl\/documentos_sac\/30042024_432pm_6631473edd791.pdf\" target=\"_blank\" rel=\"noreferrer noopener\">Leer el mensaje completo AQU\u00cd<\/a><\/p>\n\n\n\n<p><strong>Fuente: Comunicaciones CECh<\/strong><br><em>CECh, 30-04-2024<\/em><\/p>\n","protected":false},"excerpt":{"rendered":"<p>En el marco del D\u00eda Internacional del Trabajo, la Conferencia Episcopal ha dado a conocer un mensaje en el que llaman a edificar una sociedad m\u00e1s justa y amable para todos, destacando la importancia del trabajo como elemento fundamental para el desarrollo personal y social. En el texto fechado este 1 de mayo de 2024, [&#8230;]\n","protected":false},"author":2,"featured_media":1910,"comment_status":"closed","ping_status":"closed","sticky":false,"template":"","format":"standard","meta":{"footnotes":""},"categories":[7],"tags":[],"class_list":["post-2459","post","type-post","status-publish","format-standard","has-post-thumbnail","hentry","category-noticias"],"yoast_head":"<!-- This site is optimized with the Yoast SEO plugin v24.6 - https:\/\/yoast.com\/wordpress\/plugins\/seo\/ -->\n<title>Mensaje de la Conferencia Episcopal en el D\u00eda del Trabajo 2024 - Obispado San Marcos de Arica<\/title>\n<meta name=\"robots\" content=\"index, follow, max-snippet:-1, max-image-preview:large, max-video-preview:-1\" \/>\n<link rel=\"canonical\" href=\"https:\/\/obispadoarica.cl\/home\/mensaje-de-la-conferencia-episcopal-en-el-dia-del-trabajo-2024\/\" \/>\n<meta property=\"og:locale\" content=\"es_ES\" \/>\n<meta property=\"og:type\" content=\"article\" \/>\n<meta property=\"og:title\" content=\"Mensaje de la Conferencia Episcopal en el D\u00eda del Trabajo 2024 - Obispado San Marcos de Arica\" \/>\n<meta property=\"og:description\" content=\"En el marco del D\u00eda Internacional del Trabajo, la Conferencia Episcopal ha dado a conocer un mensaje en el que llaman a edificar una sociedad m\u00e1s justa y amable para todos, destacando la importancia del trabajo como elemento fundamental para el desarrollo personal y social. En el texto fechado este 1 de mayo de 2024, [...]\" \/>\n<meta property=\"og:url\" content=\"https:\/\/obispadoarica.cl\/home\/mensaje-de-la-conferencia-episcopal-en-el-dia-del-trabajo-2024\/\" \/>\n<meta property=\"og:site_name\" content=\"Obispado San Marcos de Arica\" \/>\n<meta property=\"article:published_time\" content=\"2024-05-01T15:16:36+00:00\" \/>\n<meta property=\"article:modified_time\" content=\"2025-03-09T00:48:25+00:00\" \/>\n<meta property=\"og:image\" content=\"https:\/\/obispadoarica.cl\/home\/wp-content\/uploads\/2023\/08\/conferencia_episcopal.jpg\" \/>\n\t<meta property=\"og:image:width\" content=\"1000\" \/>\n\t<meta property=\"og:image:height\" content=\"756\" \/>\n\t<meta property=\"og:image:type\" content=\"image\/jpeg\" \/>\n<meta name=\"author\" content=\"Obispado de Arica\" \/>\n<meta name=\"twitter:card\" content=\"summary_large_image\" \/>\n<meta name=\"twitter:label1\" content=\"Escrito por\" \/>\n\t<meta name=\"twitter:data1\" content=\"Obispado de Arica\" \/>\n\t<meta name=\"twitter:label2\" content=\"Tiempo de lectura\" \/>\n\t<meta name=\"twitter:data2\" content=\"2 minutos\" \/>\n<script type=\"application\/ld+json\" class=\"yoast-schema-graph\">{\"@context\":\"https:\/\/schema.org\",\"@graph\":[{\"@type\":\"WebPage\",\"@id\":\"https:\/\/obispadoarica.cl\/home\/mensaje-de-la-conferencia-episcopal-en-el-dia-del-trabajo-2024\/\",\"url\":\"https:\/\/obispadoarica.cl\/home\/mensaje-de-la-conferencia-episcopal-en-el-dia-del-trabajo-2024\/\",\"name\":\"Mensaje de la Conferencia Episcopal en el D\u00eda del Trabajo 2024 - Obispado San Marcos de Arica\",\"isPartOf\":{\"@id\":\"https:\/\/obispadoarica.cl\/home\/#website\"},\"primaryImageOfPage\":{\"@id\":\"https:\/\/obispadoarica.cl\/home\/mensaje-de-la-conferencia-episcopal-en-el-dia-del-trabajo-2024\/#primaryimage\"},\"image\":{\"@id\":\"https:\/\/obispadoarica.cl\/home\/mensaje-de-la-conferencia-episcopal-en-el-dia-del-trabajo-2024\/#primaryimage\"},\"thumbnailUrl\":\"https:\/\/obispadoarica.cl\/home\/wp-content\/uploads\/2023\/08\/conferencia_episcopal.jpg\",\"datePublished\":\"2024-05-01T15:16:36+00:00\",\"dateModified\":\"2025-03-09T00:48:25+00:00\",\"author\":{\"@id\":\"https:\/\/obispadoarica.cl\/home\/#\/schema\/person\/1a8f4c2a3418412187dff039ecf9d97e\"},\"breadcrumb\":{\"@id\":\"https:\/\/obispadoarica.cl\/home\/mensaje-de-la-conferencia-episcopal-en-el-dia-del-trabajo-2024\/#breadcrumb\"},\"inLanguage\":\"es\",\"potentialAction\":[{\"@type\":\"ReadAction\",\"target\":[\"https:\/\/obispadoarica.cl\/home\/mensaje-de-la-conferencia-episcopal-en-el-dia-del-trabajo-2024\/\"]}]},{\"@type\":\"ImageObject\",\"inLanguage\":\"es\",\"@id\":\"https:\/\/obispadoarica.cl\/home\/mensaje-de-la-conferencia-episcopal-en-el-dia-del-trabajo-2024\/#primaryimage\",\"url\":\"https:\/\/obispadoarica.cl\/home\/wp-content\/uploads\/2023\/08\/conferencia_episcopal.jpg\",\"contentUrl\":\"https:\/\/obispadoarica.cl\/home\/wp-content\/uploads\/2023\/08\/conferencia_episcopal.jpg\",\"width\":1000,\"height\":756},{\"@type\":\"BreadcrumbList\",\"@id\":\"https:\/\/obispadoarica.cl\/home\/mensaje-de-la-conferencia-episcopal-en-el-dia-del-trabajo-2024\/#breadcrumb\",\"itemListElement\":[{\"@type\":\"ListItem\",\"position\":1,\"name\":\"Portada\",\"item\":\"https:\/\/obispadoarica.cl\/home\/\"},{\"@type\":\"ListItem\",\"position\":2,\"name\":\"Mensaje de la Conferencia Episcopal en el D\u00eda del Trabajo 2024\"}]},{\"@type\":\"WebSite\",\"@id\":\"https:\/\/obispadoarica.cl\/home\/#website\",\"url\":\"https:\/\/obispadoarica.cl\/home\/\",\"name\":\"Obispado San Marcos de Arica\",\"description\":\"Di\u00f3cesis San Marcos de Arica\",\"potentialAction\":[{\"@type\":\"SearchAction\",\"target\":{\"@type\":\"EntryPoint\",\"urlTemplate\":\"https:\/\/obispadoarica.cl\/home\/?s={search_term_string}\"},\"query-input\":{\"@type\":\"PropertyValueSpecification\",\"valueRequired\":true,\"valueName\":\"search_term_string\"}}],\"inLanguage\":\"es\"},{\"@type\":\"Person\",\"@id\":\"https:\/\/obispadoarica.cl\/home\/#\/schema\/person\/1a8f4c2a3418412187dff039ecf9d97e\",\"name\":\"Obispado de Arica\",\"image\":{\"@type\":\"ImageObject\",\"inLanguage\":\"es\",\"@id\":\"https:\/\/obispadoarica.cl\/home\/#\/schema\/person\/image\/\",\"url\":\"https:\/\/secure.gravatar.com\/avatar\/c75d5ceafb11502016ed664658884b0b1b183fa6f96260878f47ac58f950c8d9?s=96&d=mm&r=g\",\"contentUrl\":\"https:\/\/secure.gravatar.com\/avatar\/c75d5ceafb11502016ed664658884b0b1b183fa6f96260878f47ac58f950c8d9?s=96&d=mm&r=g\",\"caption\":\"Obispado de Arica\"},\"url\":\"https:\/\/obispadoarica.cl\/home\/author\/c1300590\/\"}]}<\/script>\n<!-- \/ Yoast SEO plugin. -->","yoast_head_json":{"title":"Mensaje de la Conferencia Episcopal en el D\u00eda del Trabajo 2024 - Obispado San Marcos de Arica","robots":{"index":"index","follow":"follow","max-snippet":"max-snippet:-1","max-image-preview":"max-image-preview:large","max-video-preview":"max-video-preview:-1"},"canonical":"https:\/\/obispadoarica.cl\/home\/mensaje-de-la-conferencia-episcopal-en-el-dia-del-trabajo-2024\/","og_locale":"es_ES","og_type":"article","og_title":"Mensaje de la Conferencia Episcopal en el D\u00eda del Trabajo 2024 - Obispado San Marcos de Arica","og_description":"En el marco del D\u00eda Internacional del Trabajo, la Conferencia Episcopal ha dado a conocer un mensaje en el que llaman a edificar una sociedad m\u00e1s justa y amable para todos, destacando la importancia del trabajo como elemento fundamental para el desarrollo personal y social. En el texto fechado este 1 de mayo de 2024, [...]","og_url":"https:\/\/obispadoarica.cl\/home\/mensaje-de-la-conferencia-episcopal-en-el-dia-del-trabajo-2024\/","og_site_name":"Obispado San Marcos de Arica","article_published_time":"2024-05-01T15:16:36+00:00","article_modified_time":"2025-03-09T00:48:25+00:00","og_image":[{"width":1000,"height":756,"url":"https:\/\/obispadoarica.cl\/home\/wp-content\/uploads\/2023\/08\/conferencia_episcopal.jpg","type":"image\/jpeg"}],"author":"Obispado de Arica","twitter_card":"summary_large_image","twitter_misc":{"Escrito por":"Obispado de Arica","Tiempo de lectura":"2 minutos"},"schema":{"@context":"https:\/\/schema.org","@graph":[{"@type":"WebPage","@id":"https:\/\/obispadoarica.cl\/home\/mensaje-de-la-conferencia-episcopal-en-el-dia-del-trabajo-2024\/","url":"https:\/\/obispadoarica.cl\/home\/mensaje-de-la-conferencia-episcopal-en-el-dia-del-trabajo-2024\/","name":"Mensaje de la Conferencia Episcopal en el D\u00eda del Trabajo 2024 - Obispado San Marcos de Arica","isPartOf":{"@id":"https:\/\/obispadoarica.cl\/home\/#website"},"primaryImageOfPage":{"@id":"https:\/\/obispadoarica.cl\/home\/mensaje-de-la-conferencia-episcopal-en-el-dia-del-trabajo-2024\/#primaryimage"},"image":{"@id":"https:\/\/obispadoarica.cl\/home\/mensaje-de-la-conferencia-episcopal-en-el-dia-del-trabajo-2024\/#primaryimage"},"thumbnailUrl":"https:\/\/obispadoarica.cl\/home\/wp-content\/uploads\/2023\/08\/conferencia_episcopal.jpg","datePublished":"2024-05-01T15:16:36+00:00","dateModified":"2025-03-09T00:48:25+00:00","author":{"@id":"https:\/\/obispadoarica.cl\/home\/#\/schema\/person\/1a8f4c2a3418412187dff039ecf9d97e"},"breadcrumb":{"@id":"https:\/\/obispadoarica.cl\/home\/mensaje-de-la-conferencia-episcopal-en-el-dia-del-trabajo-2024\/#breadcrumb"},"inLanguage":"es","potentialAction":[{"@type":"ReadAction","target":["https:\/\/obispadoarica.cl\/home\/mensaje-de-la-conferencia-episcopal-en-el-dia-del-trabajo-2024\/"]}]},{"@type":"ImageObject","inLanguage":"es","@id":"https:\/\/obispadoarica.cl\/home\/mensaje-de-la-conferencia-episcopal-en-el-dia-del-trabajo-2024\/#primaryimage","url":"https:\/\/obispadoarica.cl\/home\/wp-content\/uploads\/2023\/08\/conferencia_episcopal.jpg","contentUrl":"https:\/\/obispadoarica.cl\/home\/wp-content\/uploads\/2023\/08\/conferencia_episcopal.jpg","width":1000,"height":756},{"@type":"BreadcrumbList","@id":"https:\/\/obispadoarica.cl\/home\/mensaje-de-la-conferencia-episcopal-en-el-dia-del-trabajo-2024\/#breadcrumb","itemListElement":[{"@type":"ListItem","position":1,"name":"Portada","item":"https:\/\/obispadoarica.cl\/home\/"},{"@type":"ListItem","position":2,"name":"Mensaje de la Conferencia Episcopal en el D\u00eda del Trabajo 2024"}]},{"@type":"WebSite","@id":"https:\/\/obispadoarica.cl\/home\/#website","url":"https:\/\/obispadoarica.cl\/home\/","name":"Obispado San Marcos de Arica","description":"Di\u00f3cesis San Marcos de Arica","potentialAction":[{"@type":"SearchAction","target":{"@type":"EntryPoint","urlTemplate":"https:\/\/obispadoarica.cl\/home\/?s={search_term_string}"},"query-input":{"@type":"PropertyValueSpecification","valueRequired":true,"valueName":"search_term_string"}}],"inLanguage":"es"},{"@type":"Person","@id":"https:\/\/obispadoarica.cl\/home\/#\/schema\/person\/1a8f4c2a3418412187dff039ecf9d97e","name":"Obispado de Arica","image":{"@type":"ImageObject","inLanguage":"es","@id":"https:\/\/obispadoarica.cl\/home\/#\/schema\/person\/image\/","url":"https:\/\/secure.gravatar.com\/avatar\/c75d5ceafb11502016ed664658884b0b1b183fa6f96260878f47ac58f950c8d9?s=96&d=mm&r=g","contentUrl":"https:\/\/secure.gravatar.com\/avatar\/c75d5ceafb11502016ed664658884b0b1b183fa6f96260878f47ac58f950c8d9?s=96&d=mm&r=g","caption":"Obispado de Arica"},"url":"https:\/\/obispadoarica.cl\/home\/author\/c1300590\/"}]}},"_links":{"self":[{"href":"https:\/\/obispadoarica.cl\/home\/wp-json\/wp\/v2\/posts\/2459","targetHints":{"allow":["GET"]}}],"collection":[{"href":"https:\/\/obispadoarica.cl\/home\/wp-json\/wp\/v2\/posts"}],"about":[{"href":"https:\/\/obispadoarica.cl\/home\/wp-json\/wp\/v2\/types\/post"}],"author":[{"embeddable":true,"href":"https:\/\/obispadoarica.cl\/home\/wp-json\/wp\/v2\/users\/2"}],"replies":[{"embeddable":true,"href":"https:\/\/obispadoarica.cl\/home\/wp-json\/wp\/v2\/comments?post=2459"}],"version-history":[{"count":1,"href":"https:\/\/obispadoarica.cl\/home\/wp-json\/wp\/v2\/posts\/2459\/revisions"}],"predecessor-version":[{"id":2460,"href":"https:\/\/obispadoarica.cl\/home\/wp-json\/wp\/v2\/posts\/2459\/revisions\/2460"}],"wp:featuredmedia":[{"embeddable":true,"href":"https:\/\/obispadoarica.cl\/home\/wp-json\/wp\/v2\/media\/1910"}],"wp:attachment":[{"href":"https:\/\/obispadoarica.cl\/home\/wp-json\/wp\/v2\/media?parent=2459"}],"wp:term":[{"taxonomy":"category","embeddable":true,"href":"https:\/\/obispadoarica.cl\/home\/wp-json\/wp\/v2\/categories?post=2459"},{"taxonomy":"post_tag","embeddable":true,"href":"https:\/\/obispadoarica.cl\/home\/wp-json\/wp\/v2\/tags?post=2459"}],"curies":[{"name":"wp","href":"https:\/\/api.w.org\/{rel}","templated":true}]}}