{"id":2461,"date":"2024-05-01T11:18:26","date_gmt":"2024-05-01T15:18:26","guid":{"rendered":"https:\/\/obispadoarica.cl\/home\/?p=2461"},"modified":"2025-03-08T20:48:25","modified_gmt":"2025-03-09T00:48:25","slug":"comite-permanente-del-episcopado-se-reune-con-el-presidente-gabriel-boric","status":"publish","type":"post","link":"https:\/\/obispadoarica.cl\/home\/comite-permanente-del-episcopado-se-reune-con-el-presidente-gabriel-boric\/","title":{"rendered":"Comit\u00e9 Permanente del Episcopado se re\u00fane con el Presidente Gabriel Boric"},"content":{"rendered":"\n\n\n<p><em>En el Palacio de La Moneda se realiz\u00f3 la reuni\u00f3n entre los recientemente elegidos como obispos representantes de la Conferencia Episcopal de Chile y el Presidente de la Rep\u00fablica Gabriel Boric Font.<\/em><\/p>\n\n\n\n<p>Este martes 30 de abril en dependencias del Palacio de La Moneda se desarroll\u00f3 una audiencia protocolar en la que el Presidente de la Rep\u00fablica Gabriel Boric recibi\u00f3 la visita del nuevo Comit\u00e9 Permanente de la Conferencia Episcopal, conformado por el Arzobispo de la Serena, Ren\u00e9 Rebolledo, Presidente; el Arzobispo de Antofagasta, Ignacio Ducasse, Vicepresidente; el Obispo de Chill\u00e1n, Sergio P\u00e9rez de Arce, Secretario General; el Arzobispo de Santiago, Fernando Chomali; y el Obispo de San Bernardo, Juan Ignacio Gonz\u00e1lez. En el encuentro tambi\u00e9n estuvo presente el Ministro Secretario General de la Presidencia, \u00c1lvaro Elizalde.<\/p>\n\n\n\n<p>Durante la reuni\u00f3n, los presentes pudieron abordar diferentes temas que son de inter\u00e9s com\u00fan para la Iglesia Cat\u00f3lica y el gobierno, entre los que destacan la problem\u00e1tica de seguridad en el pa\u00eds, la situaci\u00f3n de los migrantes, y el rol de las confesiones religiosas en la colaboraci\u00f3n de la construcci\u00f3n del bien com\u00fan.<\/p>\n\n\n\n<p>El Arzobispo Ren\u00e9 Rebolledo, explic\u00f3 sobre la reuni\u00f3n: \u201cHab\u00edamos solicitado como Comit\u00e9 Permanente del Episcopado, con antelaci\u00f3n, una audiencia al Sr. Presidente, don Gabriel Boric Font. Esta tarde se pudo concretar. Manifest\u00e9 en nombre de mis hermanos obispos, gratitud al Sr. Presidente por la acogida. En el transcurso de la misma le planteamos temas que tuvimos presente en la 129\u00aa Asamblea Plenaria de la Conferencia Episcopal, al afrontar los desaf\u00edos m\u00e1s relevantes que tenemos como pa\u00eds. Despu\u00e9s de tener presente a los tres carabineros asesinados -que en paz descansen- los temas sobre los cuales m\u00e1s nos hemos detenido en el encuentro han sido la inseguridad a que se ha visto enfrentada la ciudadan\u00eda, la situaci\u00f3n de los migrantes, y el rol de las confesiones religiosas en la colaboraci\u00f3n de la construcci\u00f3n del bien com\u00fan\u201d.<\/p>\n\n\n\n<p>Mons. Rebolledo agreg\u00f3 que: \u201cLe manifestamos al Sr. Presidente nuestro \u00e1nimo como pastores de colaborar en lo que est\u00e9 de nuestra parte, como ha sido tradicionalmente la actitud de la Iglesia en Chile, para crear condiciones de paz, de di\u00e1logo y entendimiento. Todo aquello que favorezca al bien com\u00fan\u201d.<\/p>\n\n\n\n<p><strong>Fuente: Comunicaciones CECh<\/strong><br><strong>Im\u00e1genes:<\/strong>\u00a0<a href=\"https:\/\/prensa.presidencia.cl\/fotonoticia.aspx?id=284092\" target=\"_blank\" rel=\"noreferrer noopener\">Prensa Presidencia<\/a><br><em>CECh, 30-04-2024<\/em><\/p>\n\n\n\n<figure class=\"wp-block-gallery has-nested-images columns-default is-cropped wp-block-gallery-1 is-layout-flex wp-block-gallery-is-layout-flex\">\n<figure class=\"wp-block-image size-large\"><a href=\"https:\/\/obispadoarica.cl\/home\/wp-content\/uploads\/2024\/05\/img_gale_66317b3566bb9_30042024.jpg\"><img fetchpriority=\"high\" decoding=\"async\" width=\"653\" height=\"431\" data-id=\"2464\" src=\"https:\/\/obispadoarica.cl\/home\/wp-content\/uploads\/2024\/05\/img_gale_66317b3566bb9_30042024.jpg\" alt=\"\" class=\"wp-image-2464\" srcset=\"https:\/\/obispadoarica.cl\/home\/wp-content\/uploads\/2024\/05\/img_gale_66317b3566bb9_30042024.jpg 653w, https:\/\/obispadoarica.cl\/home\/wp-content\/uploads\/2024\/05\/img_gale_66317b3566bb9_30042024-300x198.jpg 300w\" sizes=\"(max-width: 653px) 100vw, 653px\" \/><\/a><\/figure>\n\n\n\n<figure class=\"wp-block-image size-large\"><a href=\"https:\/\/obispadoarica.cl\/home\/wp-content\/uploads\/2024\/05\/img_gale_66317b355f594_30042024.jpg\"><img decoding=\"async\" width=\"653\" height=\"431\" data-id=\"2463\" src=\"https:\/\/obispadoarica.cl\/home\/wp-content\/uploads\/2024\/05\/img_gale_66317b355f594_30042024.jpg\" alt=\"\" class=\"wp-image-2463\" srcset=\"https:\/\/obispadoarica.cl\/home\/wp-content\/uploads\/2024\/05\/img_gale_66317b355f594_30042024.jpg 653w, https:\/\/obispadoarica.cl\/home\/wp-content\/uploads\/2024\/05\/img_gale_66317b355f594_30042024-300x198.jpg 300w\" sizes=\"(max-width: 653px) 100vw, 653px\" \/><\/a><\/figure>\n\n\n\n<figure class=\"wp-block-image size-large\"><a href=\"https:\/\/obispadoarica.cl\/home\/wp-content\/uploads\/2024\/05\/img_gale_66317b356517c_30042024.jpg\"><img decoding=\"async\" width=\"653\" height=\"431\" data-id=\"2462\" src=\"https:\/\/obispadoarica.cl\/home\/wp-content\/uploads\/2024\/05\/img_gale_66317b356517c_30042024.jpg\" alt=\"\" class=\"wp-image-2462\" srcset=\"https:\/\/obispadoarica.cl\/home\/wp-content\/uploads\/2024\/05\/img_gale_66317b356517c_30042024.jpg 653w, https:\/\/obispadoarica.cl\/home\/wp-content\/uploads\/2024\/05\/img_gale_66317b356517c_30042024-300x198.jpg 300w\" sizes=\"(max-width: 653px) 100vw, 653px\" \/><\/a><\/figure>\n\n\n\n<figure class=\"wp-block-image size-large\"><a href=\"https:\/\/obispadoarica.cl\/home\/wp-content\/uploads\/2024\/05\/img_gale_66317b35632c6_30042024.jpg\"><img loading=\"lazy\" decoding=\"async\" width=\"653\" height=\"431\" data-id=\"2465\" src=\"https:\/\/obispadoarica.cl\/home\/wp-content\/uploads\/2024\/05\/img_gale_66317b35632c6_30042024.jpg\" alt=\"\" class=\"wp-image-2465\" srcset=\"https:\/\/obispadoarica.cl\/home\/wp-content\/uploads\/2024\/05\/img_gale_66317b35632c6_30042024.jpg 653w, https:\/\/obispadoarica.cl\/home\/wp-content\/uploads\/2024\/05\/img_gale_66317b35632c6_30042024-300x198.jpg 300w\" sizes=\"(max-width: 653px) 100vw, 653px\" \/><\/a><\/figure>\n<\/figure>\n","protected":false},"excerpt":{"rendered":"<p>En el Palacio de La Moneda se realiz\u00f3 la reuni\u00f3n entre los recientemente elegidos como obispos representantes de la Conferencia Episcopal de Chile y el Presidente de la Rep\u00fablica Gabriel Boric Font. Este martes 30 de abril en dependencias del Palacio de La Moneda se desarroll\u00f3 una audiencia protocolar en la que el Presidente de [&#8230;]\n","protected":false},"author":2,"featured_media":2464,"comment_status":"closed","ping_status":"closed","sticky":false,"template":"","format":"standard","meta":{"footnotes":""},"categories":[7],"tags":[],"class_list":["post-2461","post","type-post","status-publish","format-standard","has-post-thumbnail","hentry","category-noticias"],"yoast_head":"<!-- This site is optimized with the Yoast SEO plugin v24.6 - https:\/\/yoast.com\/wordpress\/plugins\/seo\/ -->\n<title>Comit\u00e9 Permanente del Episcopado se re\u00fane con el Presidente Gabriel Boric - Obispado San Marcos de Arica<\/title>\n<meta name=\"robots\" content=\"index, follow, max-snippet:-1, max-image-preview:large, max-video-preview:-1\" \/>\n<link rel=\"canonical\" href=\"https:\/\/obispadoarica.cl\/home\/comite-permanente-del-episcopado-se-reune-con-el-presidente-gabriel-boric\/\" \/>\n<meta property=\"og:locale\" content=\"es_ES\" \/>\n<meta property=\"og:type\" content=\"article\" \/>\n<meta property=\"og:title\" content=\"Comit\u00e9 Permanente del Episcopado se re\u00fane con el Presidente Gabriel Boric - Obispado San Marcos de Arica\" \/>\n<meta property=\"og:description\" content=\"En el Palacio de La Moneda se realiz\u00f3 la reuni\u00f3n entre los recientemente elegidos como obispos representantes de la Conferencia Episcopal de Chile y el Presidente de la Rep\u00fablica Gabriel Boric Font. Este martes 30 de abril en dependencias del Palacio de La Moneda se desarroll\u00f3 una audiencia protocolar en la que el Presidente de [...]\" \/>\n<meta property=\"og:url\" content=\"https:\/\/obispadoarica.cl\/home\/comite-permanente-del-episcopado-se-reune-con-el-presidente-gabriel-boric\/\" \/>\n<meta property=\"og:site_name\" content=\"Obispado San Marcos de Arica\" \/>\n<meta property=\"article:published_time\" content=\"2024-05-01T15:18:26+00:00\" \/>\n<meta property=\"article:modified_time\" content=\"2025-03-09T00:48:25+00:00\" \/>\n<meta property=\"og:image\" content=\"https:\/\/obispadoarica.cl\/home\/wp-content\/uploads\/2024\/05\/img_gale_66317b3566bb9_30042024.jpg\" \/>\n\t<meta property=\"og:image:width\" content=\"653\" \/>\n\t<meta property=\"og:image:height\" content=\"431\" \/>\n\t<meta property=\"og:image:type\" content=\"image\/jpeg\" \/>\n<meta name=\"author\" content=\"Obispado de Arica\" \/>\n<meta name=\"twitter:card\" content=\"summary_large_image\" \/>\n<meta name=\"twitter:label1\" content=\"Escrito por\" \/>\n\t<meta name=\"twitter:data1\" content=\"Obispado de Arica\" \/>\n\t<meta name=\"twitter:label2\" content=\"Tiempo de lectura\" \/>\n\t<meta name=\"twitter:data2\" content=\"3 minutos\" \/>\n<script type=\"application\/ld+json\" class=\"yoast-schema-graph\">{\"@context\":\"https:\/\/schema.org\",\"@graph\":[{\"@type\":\"WebPage\",\"@id\":\"https:\/\/obispadoarica.cl\/home\/comite-permanente-del-episcopado-se-reune-con-el-presidente-gabriel-boric\/\",\"url\":\"https:\/\/obispadoarica.cl\/home\/comite-permanente-del-episcopado-se-reune-con-el-presidente-gabriel-boric\/\",\"name\":\"Comit\u00e9 Permanente del Episcopado se re\u00fane con el Presidente Gabriel Boric - Obispado San Marcos de Arica\",\"isPartOf\":{\"@id\":\"https:\/\/obispadoarica.cl\/home\/#website\"},\"primaryImageOfPage\":{\"@id\":\"https:\/\/obispadoarica.cl\/home\/comite-permanente-del-episcopado-se-reune-con-el-presidente-gabriel-boric\/#primaryimage\"},\"image\":{\"@id\":\"https:\/\/obispadoarica.cl\/home\/comite-permanente-del-episcopado-se-reune-con-el-presidente-gabriel-boric\/#primaryimage\"},\"thumbnailUrl\":\"https:\/\/obispadoarica.cl\/home\/wp-content\/uploads\/2024\/05\/img_gale_66317b3566bb9_30042024.jpg\",\"datePublished\":\"2024-05-01T15:18:26+00:00\",\"dateModified\":\"2025-03-09T00:48:25+00:00\",\"author\":{\"@id\":\"https:\/\/obispadoarica.cl\/home\/#\/schema\/person\/1a8f4c2a3418412187dff039ecf9d97e\"},\"breadcrumb\":{\"@id\":\"https:\/\/obispadoarica.cl\/home\/comite-permanente-del-episcopado-se-reune-con-el-presidente-gabriel-boric\/#breadcrumb\"},\"inLanguage\":\"es\",\"potentialAction\":[{\"@type\":\"ReadAction\",\"target\":[\"https:\/\/obispadoarica.cl\/home\/comite-permanente-del-episcopado-se-reune-con-el-presidente-gabriel-boric\/\"]}]},{\"@type\":\"ImageObject\",\"inLanguage\":\"es\",\"@id\":\"https:\/\/obispadoarica.cl\/home\/comite-permanente-del-episcopado-se-reune-con-el-presidente-gabriel-boric\/#primaryimage\",\"url\":\"https:\/\/obispadoarica.cl\/home\/wp-content\/uploads\/2024\/05\/img_gale_66317b3566bb9_30042024.jpg\",\"contentUrl\":\"https:\/\/obispadoarica.cl\/home\/wp-content\/uploads\/2024\/05\/img_gale_66317b3566bb9_30042024.jpg\",\"width\":653,\"height\":431},{\"@type\":\"BreadcrumbList\",\"@id\":\"https:\/\/obispadoarica.cl\/home\/comite-permanente-del-episcopado-se-reune-con-el-presidente-gabriel-boric\/#breadcrumb\",\"itemListElement\":[{\"@type\":\"ListItem\",\"position\":1,\"name\":\"Portada\",\"item\":\"https:\/\/obispadoarica.cl\/home\/\"},{\"@type\":\"ListItem\",\"position\":2,\"name\":\"Comit\u00e9 Permanente del Episcopado se re\u00fane con el Presidente Gabriel Boric\"}]},{\"@type\":\"WebSite\",\"@id\":\"https:\/\/obispadoarica.cl\/home\/#website\",\"url\":\"https:\/\/obispadoarica.cl\/home\/\",\"name\":\"Obispado San Marcos de Arica\",\"description\":\"Di\u00f3cesis San Marcos de Arica\",\"potentialAction\":[{\"@type\":\"SearchAction\",\"target\":{\"@type\":\"EntryPoint\",\"urlTemplate\":\"https:\/\/obispadoarica.cl\/home\/?s={search_term_string}\"},\"query-input\":{\"@type\":\"PropertyValueSpecification\",\"valueRequired\":true,\"valueName\":\"search_term_string\"}}],\"inLanguage\":\"es\"},{\"@type\":\"Person\",\"@id\":\"https:\/\/obispadoarica.cl\/home\/#\/schema\/person\/1a8f4c2a3418412187dff039ecf9d97e\",\"name\":\"Obispado de Arica\",\"image\":{\"@type\":\"ImageObject\",\"inLanguage\":\"es\",\"@id\":\"https:\/\/obispadoarica.cl\/home\/#\/schema\/person\/image\/\",\"url\":\"https:\/\/secure.gravatar.com\/avatar\/c75d5ceafb11502016ed664658884b0b1b183fa6f96260878f47ac58f950c8d9?s=96&d=mm&r=g\",\"contentUrl\":\"https:\/\/secure.gravatar.com\/avatar\/c75d5ceafb11502016ed664658884b0b1b183fa6f96260878f47ac58f950c8d9?s=96&d=mm&r=g\",\"caption\":\"Obispado de Arica\"},\"url\":\"https:\/\/obispadoarica.cl\/home\/author\/c1300590\/\"}]}<\/script>\n<!-- \/ Yoast SEO plugin. -->","yoast_head_json":{"title":"Comit\u00e9 Permanente del Episcopado se re\u00fane con el Presidente Gabriel Boric - Obispado San Marcos de Arica","robots":{"index":"index","follow":"follow","max-snippet":"max-snippet:-1","max-image-preview":"max-image-preview:large","max-video-preview":"max-video-preview:-1"},"canonical":"https:\/\/obispadoarica.cl\/home\/comite-permanente-del-episcopado-se-reune-con-el-presidente-gabriel-boric\/","og_locale":"es_ES","og_type":"article","og_title":"Comit\u00e9 Permanente del Episcopado se re\u00fane con el Presidente Gabriel Boric - Obispado San Marcos de Arica","og_description":"En el Palacio de La Moneda se realiz\u00f3 la reuni\u00f3n entre los recientemente elegidos como obispos representantes de la Conferencia Episcopal de Chile y el Presidente de la Rep\u00fablica Gabriel Boric Font. Este martes 30 de abril en dependencias del Palacio de La Moneda se desarroll\u00f3 una audiencia protocolar en la que el Presidente de [...]","og_url":"https:\/\/obispadoarica.cl\/home\/comite-permanente-del-episcopado-se-reune-con-el-presidente-gabriel-boric\/","og_site_name":"Obispado San Marcos de Arica","article_published_time":"2024-05-01T15:18:26+00:00","article_modified_time":"2025-03-09T00:48:25+00:00","og_image":[{"width":653,"height":431,"url":"https:\/\/obispadoarica.cl\/home\/wp-content\/uploads\/2024\/05\/img_gale_66317b3566bb9_30042024.jpg","type":"image\/jpeg"}],"author":"Obispado de Arica","twitter_card":"summary_large_image","twitter_misc":{"Escrito por":"Obispado de Arica","Tiempo de lectura":"3 minutos"},"schema":{"@context":"https:\/\/schema.org","@graph":[{"@type":"WebPage","@id":"https:\/\/obispadoarica.cl\/home\/comite-permanente-del-episcopado-se-reune-con-el-presidente-gabriel-boric\/","url":"https:\/\/obispadoarica.cl\/home\/comite-permanente-del-episcopado-se-reune-con-el-presidente-gabriel-boric\/","name":"Comit\u00e9 Permanente del Episcopado se re\u00fane con el Presidente Gabriel Boric - Obispado San Marcos de Arica","isPartOf":{"@id":"https:\/\/obispadoarica.cl\/home\/#website"},"primaryImageOfPage":{"@id":"https:\/\/obispadoarica.cl\/home\/comite-permanente-del-episcopado-se-reune-con-el-presidente-gabriel-boric\/#primaryimage"},"image":{"@id":"https:\/\/obispadoarica.cl\/home\/comite-permanente-del-episcopado-se-reune-con-el-presidente-gabriel-boric\/#primaryimage"},"thumbnailUrl":"https:\/\/obispadoarica.cl\/home\/wp-content\/uploads\/2024\/05\/img_gale_66317b3566bb9_30042024.jpg","datePublished":"2024-05-01T15:18:26+00:00","dateModified":"2025-03-09T00:48:25+00:00","author":{"@id":"https:\/\/obispadoarica.cl\/home\/#\/schema\/person\/1a8f4c2a3418412187dff039ecf9d97e"},"breadcrumb":{"@id":"https:\/\/obispadoarica.cl\/home\/comite-permanente-del-episcopado-se-reune-con-el-presidente-gabriel-boric\/#breadcrumb"},"inLanguage":"es","potentialAction":[{"@type":"ReadAction","target":["https:\/\/obispadoarica.cl\/home\/comite-permanente-del-episcopado-se-reune-con-el-presidente-gabriel-boric\/"]}]},{"@type":"ImageObject","inLanguage":"es","@id":"https:\/\/obispadoarica.cl\/home\/comite-permanente-del-episcopado-se-reune-con-el-presidente-gabriel-boric\/#primaryimage","url":"https:\/\/obispadoarica.cl\/home\/wp-content\/uploads\/2024\/05\/img_gale_66317b3566bb9_30042024.jpg","contentUrl":"https:\/\/obispadoarica.cl\/home\/wp-content\/uploads\/2024\/05\/img_gale_66317b3566bb9_30042024.jpg","width":653,"height":431},{"@type":"BreadcrumbList","@id":"https:\/\/obispadoarica.cl\/home\/comite-permanente-del-episcopado-se-reune-con-el-presidente-gabriel-boric\/#breadcrumb","itemListElement":[{"@type":"ListItem","position":1,"name":"Portada","item":"https:\/\/obispadoarica.cl\/home\/"},{"@type":"ListItem","position":2,"name":"Comit\u00e9 Permanente del Episcopado se re\u00fane con el Presidente Gabriel Boric"}]},{"@type":"WebSite","@id":"https:\/\/obispadoarica.cl\/home\/#website","url":"https:\/\/obispadoarica.cl\/home\/","name":"Obispado San Marcos de Arica","description":"Di\u00f3cesis San Marcos de Arica","potentialAction":[{"@type":"SearchAction","target":{"@type":"EntryPoint","urlTemplate":"https:\/\/obispadoarica.cl\/home\/?s={search_term_string}"},"query-input":{"@type":"PropertyValueSpecification","valueRequired":true,"valueName":"search_term_string"}}],"inLanguage":"es"},{"@type":"Person","@id":"https:\/\/obispadoarica.cl\/home\/#\/schema\/person\/1a8f4c2a3418412187dff039ecf9d97e","name":"Obispado de Arica","image":{"@type":"ImageObject","inLanguage":"es","@id":"https:\/\/obispadoarica.cl\/home\/#\/schema\/person\/image\/","url":"https:\/\/secure.gravatar.com\/avatar\/c75d5ceafb11502016ed664658884b0b1b183fa6f96260878f47ac58f950c8d9?s=96&d=mm&r=g","contentUrl":"https:\/\/secure.gravatar.com\/avatar\/c75d5ceafb11502016ed664658884b0b1b183fa6f96260878f47ac58f950c8d9?s=96&d=mm&r=g","caption":"Obispado de Arica"},"url":"https:\/\/obispadoarica.cl\/home\/author\/c1300590\/"}]}},"_links":{"self":[{"href":"https:\/\/obispadoarica.cl\/home\/wp-json\/wp\/v2\/posts\/2461","targetHints":{"allow":["GET"]}}],"collection":[{"href":"https:\/\/obispadoarica.cl\/home\/wp-json\/wp\/v2\/posts"}],"about":[{"href":"https:\/\/obispadoarica.cl\/home\/wp-json\/wp\/v2\/types\/post"}],"author":[{"embeddable":true,"href":"https:\/\/obispadoarica.cl\/home\/wp-json\/wp\/v2\/users\/2"}],"replies":[{"embeddable":true,"href":"https:\/\/obispadoarica.cl\/home\/wp-json\/wp\/v2\/comments?post=2461"}],"version-history":[{"count":1,"href":"https:\/\/obispadoarica.cl\/home\/wp-json\/wp\/v2\/posts\/2461\/revisions"}],"predecessor-version":[{"id":2466,"href":"https:\/\/obispadoarica.cl\/home\/wp-json\/wp\/v2\/posts\/2461\/revisions\/2466"}],"wp:featuredmedia":[{"embeddable":true,"href":"https:\/\/obispadoarica.cl\/home\/wp-json\/wp\/v2\/media\/2464"}],"wp:attachment":[{"href":"https:\/\/obispadoarica.cl\/home\/wp-json\/wp\/v2\/media?parent=2461"}],"wp:term":[{"taxonomy":"category","embeddable":true,"href":"https:\/\/obispadoarica.cl\/home\/wp-json\/wp\/v2\/categories?post=2461"},{"taxonomy":"post_tag","embeddable":true,"href":"https:\/\/obispadoarica.cl\/home\/wp-json\/wp\/v2\/tags?post=2461"}],"curies":[{"name":"wp","href":"https:\/\/api.w.org\/{rel}","templated":true}]}}