{"id":2546,"date":"2024-06-21T17:20:25","date_gmt":"2024-06-21T21:20:25","guid":{"rendered":"https:\/\/obispadoarica.cl\/home\/?p=2546"},"modified":"2025-03-08T20:48:24","modified_gmt":"2025-03-09T00:48:24","slug":"finalizo-en-tacna-el-ix-encuentro-de-obispos-de-triple-frontera-esperanza-a-los-migrantes-y-aliento-a-quienes-descubren-en-ellos-el-rostro-sufriente-de-cristo","status":"publish","type":"post","link":"https:\/\/obispadoarica.cl\/home\/finalizo-en-tacna-el-ix-encuentro-de-obispos-de-triple-frontera-esperanza-a-los-migrantes-y-aliento-a-quienes-descubren-en-ellos-el-rostro-sufriente-de-cristo\/","title":{"rendered":"Finaliz\u00f3 en Tacna el IX Encuentro de Obispos de Triple Frontera: Esperanza a los migrantes y aliento a quienes descubren en ellos el rostro sufriente de Cristo"},"content":{"rendered":"\n\n\n<p><em>Desde el 18 y hasta el 21 de junio se llev\u00f3 a cabo en la ciudad peruana de Tacna el IX Encuentro de Obispos de Triple Frontera del que participaron decenas de agentes de pastoral \u2014laicos, laicas, religiosas, religiosos, sacerdotes\u2014 y los obispos. Al finalizar, se dio a conocer una declaraci\u00f3n donde los obispos se\u00f1alaron que \u00abes sumamente importante involucrar a toda la Iglesia en un proceso de conciencia de la migraci\u00f3n forzada, meti\u00e9ndose en la piel del migrante y refugiado\u00bb.<\/em><\/p>\n\n\n\n<p>Los pastores que participaron en el&nbsp;<a href=\"https:\/\/www.iglesia.cl\/47339-peru-compromiso-migratorio-en-el-ix-encuentro-de-obispos-de-triple-frontera.html\" target=\"_blank\" rel=\"noreferrer noopener\">IX encuentro<\/a>&nbsp;fueron: monse\u00f1or Lizardo Estrada Herrera OSA, secretario general del CELAM y auxiliar Cuzco; monse\u00f1or Marco Antonio Cortez Lara, Tacna y Montegua; monse\u00f1or Jaime Villarroel, presidente de la Comisi\u00f3n Episcopal de Movilidad Humana (Venezuela); monse\u00f1or Ignacio Ducasse Medina, arquidi\u00f3cesis Antofagasta (Chile); monse\u00f1or Mois\u00e9s Atisha Contreras, San Marcos de Arica (Chile); monse\u00f1or Tom\u00e1s Carrasco Cortez, Calama (Chile); monse\u00f1or Crist\u00f3bal Bialasik SVD, Oruro (Bolivia); monse\u00f1or Juan Carlos Asqui Pilco, auxiliar de Tacna y Monquegua y administrador apost\u00f3lico Prelatura Chuquibamba (Per\u00fa); monse\u00f1or Jorge Carri\u00f3n Pavlich, Puno (Per\u00fa).<\/p>\n\n\n\n<p><strong>Mensaje del Papa Francisco<\/strong><br>Con empat\u00eda y cercan\u00eda, las palabras del Santo Padre Francisco dirigidas al obispo local, monse\u00f1or Marco Cortez Lara, fueron le\u00eddas en la sala y al finalizar, agradecidas y aplaudidas: \u201cAgradezco a mis hermanos obispos y agentes de pastoral que se preocupan por los migrantes. Los aliento a que no dejen de descubrir y enjugar en cada uno de ellos el rostro sufriente de Cristo sufriente, cada vez que se ven forzados a abandonar su tierra al no encontrar otra salida, enfrent\u00e1ndose a m\u00faltiples riesgos y tribulaciones de un camino duro y no siempre completado. Gracias por comprometerse con ellos en su lucha por una sociedad que les haga justicia y les respete su dignidad\u201d.<\/p>\n\n\n\n<p><a href=\"https:\/\/adn.celam.org\/wp-content\/uploads\/2024\/06\/Mensaje-del-Santo-Padre-Francisco.-IX-Encuentro-de-Obispos-triple-frontera.pdf\" target=\"_blank\" rel=\"noreferrer noopener\">&#8211; Mensaje completo del Papa Francisco (pdf)<\/a><\/p>\n\n\n\n<p><strong>Abrazar al migrante es nuestra identidad cristiana<\/strong><br>El secretario General de Celam, monse\u00f1or Lizardo Estrada Herrera, expres\u00f3 en una entrevista que le realizaron los organizadores que \u201ccomo ustedes saben el Celam es el Consejo Episcopal Latinoamericano y Caribe\u00f1o, al servicio de las Conferencias Episcopales y de los obispos. En este Encuentro de Triple Frontera nos toca animar, acompa\u00f1ar, responder a las necesidades con los cuatro verbos del Papa Francisco, con la Red Clamor. El migrante es el Cristo sufriente, tenemos que reconocer a Dios en ellos y responder con todo nuestro sistema de caridad a nuestros hermanos que entran y salen de nuestros pa\u00edses. Al hacerlo estamos respondiendo a nuestra identidad de disc\u00edpulos-misioneros de Cristo\u201d.<\/p>\n\n\n\n<p><strong>Declaraci\u00f3n de los obispos de la triple frontera<\/strong><br>En el atardecer de ayer 20 de junio, al finalizar la Procesi\u00f3n por las calles tacne\u00f1as \u2014en alto las im\u00e1genes de la Virgen y las banderas de los pa\u00edses participantes\u2014 y la Misa en la Catedral de Tacna, se ley\u00f3 la Declaraci\u00f3n de los obispos de frontera de Per\u00fa, Bolivia y Chile \u201cY, \u00bfqui\u00e9n es mi pr\u00f3jimo?\u201d (Lc 10,29). Compartimos uno de los p\u00e1rrafos y, luego, el texto completo:<\/p>\n\n\n\n<p>\u201cReafirmamos, por lo tanto, nuestro apoyo al compromiso asumido desde hace 20 a\u00f1os y al esfuerzo que sigue siendo emprendido por los agentes pastorales, como \u2018buenos samaritanos\u2019, en su labor en el complejo campo de la movilidad humana. Agradecemos a Dios por la dedicaci\u00f3n de colaboradores y voluntarios que act\u00faan en tantas iniciativas para el bien de las personas migrantes y refugiados. De hecho, como lo reconoce el Cardenal Michael Czerny, prefecto del Dicasterio para el Servicio del Desarrollo Humano Integral, nuestro horizonte es generar la cultura del encuentro en \u2018las casas de acogida y centros de atenci\u00f3n en las tres fronteras\u2019, y \u2018es sumamente importante involucrar a toda la Iglesia en un proceso de conciencia de la migraci\u00f3n forzada, meti\u00e9ndose en la piel del migrante y refugiado\u2019\u201d.<\/p>\n\n\n\n<p><a href=\"https:\/\/adn.celam.org\/wp-content\/uploads\/2024\/06\/DECLARACION-DE-OBISPOS.pdf\" target=\"_blank\" rel=\"noreferrer noopener\">&#8211; Declaraci\u00f3n completa de los obispos de la triple frontera (pdf)<\/a><\/p>\n\n\n\n<p>El pr\u00f3ximo Encuentro de Obispos de Triple Frontera se realizar\u00e1 en el a\u00f1o 2026 en Bolivia.<\/p>\n\n\n\n<p><strong>Noticia relacionada:<\/strong><a href=\"https:\/\/www.iglesia.cl\/47310-obispos-chilenos-abogan-por-la-regularizacion-de-personas-migrantes-en-el-pais.html\" target=\"_blank\" rel=\"noreferrer noopener\">Obispos chilenos abogan por la regularizaci\u00f3n de personas migrantes en el pa\u00eds<\/a><\/p>\n\n\n\n<p><strong>Fuente:<\/strong><a href=\"https:\/\/adn.celam.org\/finalizo-en-tacna-el-ix-encuentro-de-obispos-de-triple-frontera-esperanza-a-los-migrantes-y-aliento-a-quienes-descubren-en-ellos-el-rostro-sufriente-de-cristo\/\" target=\"_blank\" rel=\"noreferrer noopener\">ADN Celam<\/a> , Iglesia.cl<br><em>Tacna, 21-06-2024<\/em><\/p>\n\n\n\n<hr class=\"wp-block-separator has-alpha-channel-opacity\"\/>\n\n\n\n<figure class=\"wp-block-gallery has-nested-images columns-default is-cropped wp-block-gallery-1 is-layout-flex wp-block-gallery-is-layout-flex\">\n<figure class=\"wp-block-image size-large\"><a href=\"https:\/\/obispadoarica.cl\/home\/wp-content\/uploads\/2024\/06\/WhatsApp-Image-2024-06-21-at-07.18.17-2.jpeg\"><img fetchpriority=\"high\" decoding=\"async\" width=\"1024\" height=\"682\" data-id=\"2551\" src=\"https:\/\/obispadoarica.cl\/home\/wp-content\/uploads\/2024\/06\/WhatsApp-Image-2024-06-21-at-07.18.17-2-1024x682.jpeg\" alt=\"\" class=\"wp-image-2551\" srcset=\"https:\/\/obispadoarica.cl\/home\/wp-content\/uploads\/2024\/06\/WhatsApp-Image-2024-06-21-at-07.18.17-2-1024x682.jpeg 1024w, https:\/\/obispadoarica.cl\/home\/wp-content\/uploads\/2024\/06\/WhatsApp-Image-2024-06-21-at-07.18.17-2-300x200.jpeg 300w, https:\/\/obispadoarica.cl\/home\/wp-content\/uploads\/2024\/06\/WhatsApp-Image-2024-06-21-at-07.18.17-2-768x512.jpeg 768w, https:\/\/obispadoarica.cl\/home\/wp-content\/uploads\/2024\/06\/WhatsApp-Image-2024-06-21-at-07.18.17-2-1536x1023.jpeg 1536w, https:\/\/obispadoarica.cl\/home\/wp-content\/uploads\/2024\/06\/WhatsApp-Image-2024-06-21-at-07.18.17-2.jpeg 1600w\" sizes=\"(max-width: 1024px) 100vw, 1024px\" \/><\/a><\/figure>\n\n\n\n<figure class=\"wp-block-image size-large\"><a href=\"https:\/\/obispadoarica.cl\/home\/wp-content\/uploads\/2024\/06\/WhatsApp-Image-2024-06-21-at-07.18.16-1.jpeg\"><img decoding=\"async\" width=\"1024\" height=\"682\" data-id=\"2550\" src=\"https:\/\/obispadoarica.cl\/home\/wp-content\/uploads\/2024\/06\/WhatsApp-Image-2024-06-21-at-07.18.16-1-1024x682.jpeg\" alt=\"\" class=\"wp-image-2550\" srcset=\"https:\/\/obispadoarica.cl\/home\/wp-content\/uploads\/2024\/06\/WhatsApp-Image-2024-06-21-at-07.18.16-1-1024x682.jpeg 1024w, https:\/\/obispadoarica.cl\/home\/wp-content\/uploads\/2024\/06\/WhatsApp-Image-2024-06-21-at-07.18.16-1-300x200.jpeg 300w, https:\/\/obispadoarica.cl\/home\/wp-content\/uploads\/2024\/06\/WhatsApp-Image-2024-06-21-at-07.18.16-1-768x512.jpeg 768w, https:\/\/obispadoarica.cl\/home\/wp-content\/uploads\/2024\/06\/WhatsApp-Image-2024-06-21-at-07.18.16-1-1536x1023.jpeg 1536w, https:\/\/obispadoarica.cl\/home\/wp-content\/uploads\/2024\/06\/WhatsApp-Image-2024-06-21-at-07.18.16-1.jpeg 1600w\" sizes=\"(max-width: 1024px) 100vw, 1024px\" \/><\/a><\/figure>\n<\/figure>\n\n\n\n<hr class=\"wp-block-separator has-alpha-channel-opacity\"\/>\n\n\n\n<div data-wp-interactive=\"core\/file\" class=\"wp-block-file\"><object data-wp-bind--hidden=\"!state.hasPdfPreview\" hidden class=\"wp-block-file__embed\" data=\"https:\/\/obispadoarica.cl\/home\/wp-content\/uploads\/2024\/06\/DECLARACION-DE-OBISPOS.pdf\" type=\"application\/pdf\" style=\"width:100%;height:600px\" aria-label=\"Incrustado de DECLARACION-DE-OBISPOS.\"><\/object><a id=\"wp-block-file--media-e70a1a34-002b-4e83-8958-ba65143ed5f6\" href=\"https:\/\/obispadoarica.cl\/home\/wp-content\/uploads\/2024\/06\/DECLARACION-DE-OBISPOS.pdf\">DECLARACION-DE-OBISPOS<\/a><a href=\"https:\/\/obispadoarica.cl\/home\/wp-content\/uploads\/2024\/06\/DECLARACION-DE-OBISPOS.pdf\" class=\"wp-block-file__button wp-element-button\" download aria-describedby=\"wp-block-file--media-e70a1a34-002b-4e83-8958-ba65143ed5f6\">Descarga<\/a><\/div>\n","protected":false},"excerpt":{"rendered":"<p>Desde el 18 y hasta el 21 de junio se llev\u00f3 a cabo en la ciudad peruana de Tacna el IX Encuentro de Obispos de Triple Frontera del que participaron decenas de agentes de pastoral \u2014laicos, laicas, religiosas, religiosos, sacerdotes\u2014 y los obispos. Al finalizar, se dio a conocer una declaraci\u00f3n donde los obispos se\u00f1alaron [&#8230;]\n","protected":false},"author":2,"featured_media":2550,"comment_status":"closed","ping_status":"closed","sticky":false,"template":"","format":"standard","meta":{"footnotes":""},"categories":[7],"tags":[],"class_list":["post-2546","post","type-post","status-publish","format-standard","has-post-thumbnail","hentry","category-noticias"],"yoast_head":"<!-- This site is optimized with the Yoast SEO plugin v24.6 - https:\/\/yoast.com\/wordpress\/plugins\/seo\/ -->\n<title>Finaliz\u00f3 en Tacna el IX Encuentro de Obispos de Triple Frontera: Esperanza a los migrantes y aliento a quienes descubren en ellos el rostro sufriente de Cristo - Obispado San Marcos de Arica<\/title>\n<meta name=\"robots\" content=\"index, follow, max-snippet:-1, max-image-preview:large, max-video-preview:-1\" \/>\n<link rel=\"canonical\" href=\"https:\/\/obispadoarica.cl\/home\/finalizo-en-tacna-el-ix-encuentro-de-obispos-de-triple-frontera-esperanza-a-los-migrantes-y-aliento-a-quienes-descubren-en-ellos-el-rostro-sufriente-de-cristo\/\" \/>\n<meta property=\"og:locale\" content=\"es_ES\" \/>\n<meta property=\"og:type\" content=\"article\" \/>\n<meta property=\"og:title\" content=\"Finaliz\u00f3 en Tacna el IX Encuentro de Obispos de Triple Frontera: Esperanza a los migrantes y aliento a quienes descubren en ellos el rostro sufriente de Cristo - Obispado San Marcos de Arica\" \/>\n<meta property=\"og:description\" content=\"Desde el 18 y hasta el 21 de junio se llev\u00f3 a cabo en la ciudad peruana de Tacna el IX Encuentro de Obispos de Triple Frontera del que participaron decenas de agentes de pastoral \u2014laicos, laicas, religiosas, religiosos, sacerdotes\u2014 y los obispos. Al finalizar, se dio a conocer una declaraci\u00f3n donde los obispos se\u00f1alaron [...]\" \/>\n<meta property=\"og:url\" content=\"https:\/\/obispadoarica.cl\/home\/finalizo-en-tacna-el-ix-encuentro-de-obispos-de-triple-frontera-esperanza-a-los-migrantes-y-aliento-a-quienes-descubren-en-ellos-el-rostro-sufriente-de-cristo\/\" \/>\n<meta property=\"og:site_name\" content=\"Obispado San Marcos de Arica\" \/>\n<meta property=\"article:published_time\" content=\"2024-06-21T21:20:25+00:00\" \/>\n<meta property=\"article:modified_time\" content=\"2025-03-09T00:48:24+00:00\" \/>\n<meta property=\"og:image\" content=\"https:\/\/obispadoarica.cl\/home\/wp-content\/uploads\/2024\/06\/WhatsApp-Image-2024-06-21-at-07.18.16-1.jpeg\" \/>\n\t<meta property=\"og:image:width\" content=\"1600\" \/>\n\t<meta property=\"og:image:height\" content=\"1066\" \/>\n\t<meta property=\"og:image:type\" content=\"image\/jpeg\" \/>\n<meta name=\"author\" content=\"Obispado de Arica\" \/>\n<meta name=\"twitter:card\" content=\"summary_large_image\" \/>\n<meta name=\"twitter:label1\" content=\"Escrito por\" \/>\n\t<meta name=\"twitter:data1\" content=\"Obispado de Arica\" \/>\n\t<meta name=\"twitter:label2\" content=\"Tiempo de lectura\" \/>\n\t<meta name=\"twitter:data2\" content=\"4 minutos\" \/>\n<script type=\"application\/ld+json\" class=\"yoast-schema-graph\">{\"@context\":\"https:\/\/schema.org\",\"@graph\":[{\"@type\":\"WebPage\",\"@id\":\"https:\/\/obispadoarica.cl\/home\/finalizo-en-tacna-el-ix-encuentro-de-obispos-de-triple-frontera-esperanza-a-los-migrantes-y-aliento-a-quienes-descubren-en-ellos-el-rostro-sufriente-de-cristo\/\",\"url\":\"https:\/\/obispadoarica.cl\/home\/finalizo-en-tacna-el-ix-encuentro-de-obispos-de-triple-frontera-esperanza-a-los-migrantes-y-aliento-a-quienes-descubren-en-ellos-el-rostro-sufriente-de-cristo\/\",\"name\":\"Finaliz\u00f3 en Tacna el IX Encuentro de Obispos de Triple Frontera: Esperanza a los migrantes y aliento a quienes descubren en ellos el rostro sufriente de Cristo - Obispado San Marcos de Arica\",\"isPartOf\":{\"@id\":\"https:\/\/obispadoarica.cl\/home\/#website\"},\"primaryImageOfPage\":{\"@id\":\"https:\/\/obispadoarica.cl\/home\/finalizo-en-tacna-el-ix-encuentro-de-obispos-de-triple-frontera-esperanza-a-los-migrantes-y-aliento-a-quienes-descubren-en-ellos-el-rostro-sufriente-de-cristo\/#primaryimage\"},\"image\":{\"@id\":\"https:\/\/obispadoarica.cl\/home\/finalizo-en-tacna-el-ix-encuentro-de-obispos-de-triple-frontera-esperanza-a-los-migrantes-y-aliento-a-quienes-descubren-en-ellos-el-rostro-sufriente-de-cristo\/#primaryimage\"},\"thumbnailUrl\":\"https:\/\/obispadoarica.cl\/home\/wp-content\/uploads\/2024\/06\/WhatsApp-Image-2024-06-21-at-07.18.16-1.jpeg\",\"datePublished\":\"2024-06-21T21:20:25+00:00\",\"dateModified\":\"2025-03-09T00:48:24+00:00\",\"author\":{\"@id\":\"https:\/\/obispadoarica.cl\/home\/#\/schema\/person\/1a8f4c2a3418412187dff039ecf9d97e\"},\"breadcrumb\":{\"@id\":\"https:\/\/obispadoarica.cl\/home\/finalizo-en-tacna-el-ix-encuentro-de-obispos-de-triple-frontera-esperanza-a-los-migrantes-y-aliento-a-quienes-descubren-en-ellos-el-rostro-sufriente-de-cristo\/#breadcrumb\"},\"inLanguage\":\"es\",\"potentialAction\":[{\"@type\":\"ReadAction\",\"target\":[\"https:\/\/obispadoarica.cl\/home\/finalizo-en-tacna-el-ix-encuentro-de-obispos-de-triple-frontera-esperanza-a-los-migrantes-y-aliento-a-quienes-descubren-en-ellos-el-rostro-sufriente-de-cristo\/\"]}]},{\"@type\":\"ImageObject\",\"inLanguage\":\"es\",\"@id\":\"https:\/\/obispadoarica.cl\/home\/finalizo-en-tacna-el-ix-encuentro-de-obispos-de-triple-frontera-esperanza-a-los-migrantes-y-aliento-a-quienes-descubren-en-ellos-el-rostro-sufriente-de-cristo\/#primaryimage\",\"url\":\"https:\/\/obispadoarica.cl\/home\/wp-content\/uploads\/2024\/06\/WhatsApp-Image-2024-06-21-at-07.18.16-1.jpeg\",\"contentUrl\":\"https:\/\/obispadoarica.cl\/home\/wp-content\/uploads\/2024\/06\/WhatsApp-Image-2024-06-21-at-07.18.16-1.jpeg\",\"width\":1600,\"height\":1066},{\"@type\":\"BreadcrumbList\",\"@id\":\"https:\/\/obispadoarica.cl\/home\/finalizo-en-tacna-el-ix-encuentro-de-obispos-de-triple-frontera-esperanza-a-los-migrantes-y-aliento-a-quienes-descubren-en-ellos-el-rostro-sufriente-de-cristo\/#breadcrumb\",\"itemListElement\":[{\"@type\":\"ListItem\",\"position\":1,\"name\":\"Portada\",\"item\":\"https:\/\/obispadoarica.cl\/home\/\"},{\"@type\":\"ListItem\",\"position\":2,\"name\":\"Finaliz\u00f3 en Tacna el IX Encuentro de Obispos de Triple Frontera: Esperanza a los migrantes y aliento a quienes descubren en ellos el rostro sufriente de Cristo\"}]},{\"@type\":\"WebSite\",\"@id\":\"https:\/\/obispadoarica.cl\/home\/#website\",\"url\":\"https:\/\/obispadoarica.cl\/home\/\",\"name\":\"Obispado San Marcos de Arica\",\"description\":\"Di\u00f3cesis San Marcos de Arica\",\"potentialAction\":[{\"@type\":\"SearchAction\",\"target\":{\"@type\":\"EntryPoint\",\"urlTemplate\":\"https:\/\/obispadoarica.cl\/home\/?s={search_term_string}\"},\"query-input\":{\"@type\":\"PropertyValueSpecification\",\"valueRequired\":true,\"valueName\":\"search_term_string\"}}],\"inLanguage\":\"es\"},{\"@type\":\"Person\",\"@id\":\"https:\/\/obispadoarica.cl\/home\/#\/schema\/person\/1a8f4c2a3418412187dff039ecf9d97e\",\"name\":\"Obispado de Arica\",\"image\":{\"@type\":\"ImageObject\",\"inLanguage\":\"es\",\"@id\":\"https:\/\/obispadoarica.cl\/home\/#\/schema\/person\/image\/\",\"url\":\"https:\/\/secure.gravatar.com\/avatar\/c75d5ceafb11502016ed664658884b0b1b183fa6f96260878f47ac58f950c8d9?s=96&d=mm&r=g\",\"contentUrl\":\"https:\/\/secure.gravatar.com\/avatar\/c75d5ceafb11502016ed664658884b0b1b183fa6f96260878f47ac58f950c8d9?s=96&d=mm&r=g\",\"caption\":\"Obispado de Arica\"},\"url\":\"https:\/\/obispadoarica.cl\/home\/author\/c1300590\/\"}]}<\/script>\n<!-- \/ Yoast SEO plugin. -->","yoast_head_json":{"title":"Finaliz\u00f3 en Tacna el IX Encuentro de Obispos de Triple Frontera: Esperanza a los migrantes y aliento a quienes descubren en ellos el rostro sufriente de Cristo - Obispado San Marcos de Arica","robots":{"index":"index","follow":"follow","max-snippet":"max-snippet:-1","max-image-preview":"max-image-preview:large","max-video-preview":"max-video-preview:-1"},"canonical":"https:\/\/obispadoarica.cl\/home\/finalizo-en-tacna-el-ix-encuentro-de-obispos-de-triple-frontera-esperanza-a-los-migrantes-y-aliento-a-quienes-descubren-en-ellos-el-rostro-sufriente-de-cristo\/","og_locale":"es_ES","og_type":"article","og_title":"Finaliz\u00f3 en Tacna el IX Encuentro de Obispos de Triple Frontera: Esperanza a los migrantes y aliento a quienes descubren en ellos el rostro sufriente de Cristo - Obispado San Marcos de Arica","og_description":"Desde el 18 y hasta el 21 de junio se llev\u00f3 a cabo en la ciudad peruana de Tacna el IX Encuentro de Obispos de Triple Frontera del que participaron decenas de agentes de pastoral \u2014laicos, laicas, religiosas, religiosos, sacerdotes\u2014 y los obispos. Al finalizar, se dio a conocer una declaraci\u00f3n donde los obispos se\u00f1alaron [...]","og_url":"https:\/\/obispadoarica.cl\/home\/finalizo-en-tacna-el-ix-encuentro-de-obispos-de-triple-frontera-esperanza-a-los-migrantes-y-aliento-a-quienes-descubren-en-ellos-el-rostro-sufriente-de-cristo\/","og_site_name":"Obispado San Marcos de Arica","article_published_time":"2024-06-21T21:20:25+00:00","article_modified_time":"2025-03-09T00:48:24+00:00","og_image":[{"width":1600,"height":1066,"url":"https:\/\/obispadoarica.cl\/home\/wp-content\/uploads\/2024\/06\/WhatsApp-Image-2024-06-21-at-07.18.16-1.jpeg","type":"image\/jpeg"}],"author":"Obispado de Arica","twitter_card":"summary_large_image","twitter_misc":{"Escrito por":"Obispado de Arica","Tiempo de lectura":"4 minutos"},"schema":{"@context":"https:\/\/schema.org","@graph":[{"@type":"WebPage","@id":"https:\/\/obispadoarica.cl\/home\/finalizo-en-tacna-el-ix-encuentro-de-obispos-de-triple-frontera-esperanza-a-los-migrantes-y-aliento-a-quienes-descubren-en-ellos-el-rostro-sufriente-de-cristo\/","url":"https:\/\/obispadoarica.cl\/home\/finalizo-en-tacna-el-ix-encuentro-de-obispos-de-triple-frontera-esperanza-a-los-migrantes-y-aliento-a-quienes-descubren-en-ellos-el-rostro-sufriente-de-cristo\/","name":"Finaliz\u00f3 en Tacna el IX Encuentro de Obispos de Triple Frontera: Esperanza a los migrantes y aliento a quienes descubren en ellos el rostro sufriente de Cristo - Obispado San Marcos de Arica","isPartOf":{"@id":"https:\/\/obispadoarica.cl\/home\/#website"},"primaryImageOfPage":{"@id":"https:\/\/obispadoarica.cl\/home\/finalizo-en-tacna-el-ix-encuentro-de-obispos-de-triple-frontera-esperanza-a-los-migrantes-y-aliento-a-quienes-descubren-en-ellos-el-rostro-sufriente-de-cristo\/#primaryimage"},"image":{"@id":"https:\/\/obispadoarica.cl\/home\/finalizo-en-tacna-el-ix-encuentro-de-obispos-de-triple-frontera-esperanza-a-los-migrantes-y-aliento-a-quienes-descubren-en-ellos-el-rostro-sufriente-de-cristo\/#primaryimage"},"thumbnailUrl":"https:\/\/obispadoarica.cl\/home\/wp-content\/uploads\/2024\/06\/WhatsApp-Image-2024-06-21-at-07.18.16-1.jpeg","datePublished":"2024-06-21T21:20:25+00:00","dateModified":"2025-03-09T00:48:24+00:00","author":{"@id":"https:\/\/obispadoarica.cl\/home\/#\/schema\/person\/1a8f4c2a3418412187dff039ecf9d97e"},"breadcrumb":{"@id":"https:\/\/obispadoarica.cl\/home\/finalizo-en-tacna-el-ix-encuentro-de-obispos-de-triple-frontera-esperanza-a-los-migrantes-y-aliento-a-quienes-descubren-en-ellos-el-rostro-sufriente-de-cristo\/#breadcrumb"},"inLanguage":"es","potentialAction":[{"@type":"ReadAction","target":["https:\/\/obispadoarica.cl\/home\/finalizo-en-tacna-el-ix-encuentro-de-obispos-de-triple-frontera-esperanza-a-los-migrantes-y-aliento-a-quienes-descubren-en-ellos-el-rostro-sufriente-de-cristo\/"]}]},{"@type":"ImageObject","inLanguage":"es","@id":"https:\/\/obispadoarica.cl\/home\/finalizo-en-tacna-el-ix-encuentro-de-obispos-de-triple-frontera-esperanza-a-los-migrantes-y-aliento-a-quienes-descubren-en-ellos-el-rostro-sufriente-de-cristo\/#primaryimage","url":"https:\/\/obispadoarica.cl\/home\/wp-content\/uploads\/2024\/06\/WhatsApp-Image-2024-06-21-at-07.18.16-1.jpeg","contentUrl":"https:\/\/obispadoarica.cl\/home\/wp-content\/uploads\/2024\/06\/WhatsApp-Image-2024-06-21-at-07.18.16-1.jpeg","width":1600,"height":1066},{"@type":"BreadcrumbList","@id":"https:\/\/obispadoarica.cl\/home\/finalizo-en-tacna-el-ix-encuentro-de-obispos-de-triple-frontera-esperanza-a-los-migrantes-y-aliento-a-quienes-descubren-en-ellos-el-rostro-sufriente-de-cristo\/#breadcrumb","itemListElement":[{"@type":"ListItem","position":1,"name":"Portada","item":"https:\/\/obispadoarica.cl\/home\/"},{"@type":"ListItem","position":2,"name":"Finaliz\u00f3 en Tacna el IX Encuentro de Obispos de Triple Frontera: Esperanza a los migrantes y aliento a quienes descubren en ellos el rostro sufriente de Cristo"}]},{"@type":"WebSite","@id":"https:\/\/obispadoarica.cl\/home\/#website","url":"https:\/\/obispadoarica.cl\/home\/","name":"Obispado San Marcos de Arica","description":"Di\u00f3cesis San Marcos de Arica","potentialAction":[{"@type":"SearchAction","target":{"@type":"EntryPoint","urlTemplate":"https:\/\/obispadoarica.cl\/home\/?s={search_term_string}"},"query-input":{"@type":"PropertyValueSpecification","valueRequired":true,"valueName":"search_term_string"}}],"inLanguage":"es"},{"@type":"Person","@id":"https:\/\/obispadoarica.cl\/home\/#\/schema\/person\/1a8f4c2a3418412187dff039ecf9d97e","name":"Obispado de Arica","image":{"@type":"ImageObject","inLanguage":"es","@id":"https:\/\/obispadoarica.cl\/home\/#\/schema\/person\/image\/","url":"https:\/\/secure.gravatar.com\/avatar\/c75d5ceafb11502016ed664658884b0b1b183fa6f96260878f47ac58f950c8d9?s=96&d=mm&r=g","contentUrl":"https:\/\/secure.gravatar.com\/avatar\/c75d5ceafb11502016ed664658884b0b1b183fa6f96260878f47ac58f950c8d9?s=96&d=mm&r=g","caption":"Obispado de Arica"},"url":"https:\/\/obispadoarica.cl\/home\/author\/c1300590\/"}]}},"_links":{"self":[{"href":"https:\/\/obispadoarica.cl\/home\/wp-json\/wp\/v2\/posts\/2546","targetHints":{"allow":["GET"]}}],"collection":[{"href":"https:\/\/obispadoarica.cl\/home\/wp-json\/wp\/v2\/posts"}],"about":[{"href":"https:\/\/obispadoarica.cl\/home\/wp-json\/wp\/v2\/types\/post"}],"author":[{"embeddable":true,"href":"https:\/\/obispadoarica.cl\/home\/wp-json\/wp\/v2\/users\/2"}],"replies":[{"embeddable":true,"href":"https:\/\/obispadoarica.cl\/home\/wp-json\/wp\/v2\/comments?post=2546"}],"version-history":[{"count":1,"href":"https:\/\/obispadoarica.cl\/home\/wp-json\/wp\/v2\/posts\/2546\/revisions"}],"predecessor-version":[{"id":2553,"href":"https:\/\/obispadoarica.cl\/home\/wp-json\/wp\/v2\/posts\/2546\/revisions\/2553"}],"wp:featuredmedia":[{"embeddable":true,"href":"https:\/\/obispadoarica.cl\/home\/wp-json\/wp\/v2\/media\/2550"}],"wp:attachment":[{"href":"https:\/\/obispadoarica.cl\/home\/wp-json\/wp\/v2\/media?parent=2546"}],"wp:term":[{"taxonomy":"category","embeddable":true,"href":"https:\/\/obispadoarica.cl\/home\/wp-json\/wp\/v2\/categories?post=2546"},{"taxonomy":"post_tag","embeddable":true,"href":"https:\/\/obispadoarica.cl\/home\/wp-json\/wp\/v2\/tags?post=2546"}],"curies":[{"name":"wp","href":"https:\/\/api.w.org\/{rel}","templated":true}]}}