{"id":2571,"date":"2024-07-02T11:27:30","date_gmt":"2024-07-02T15:27:30","guid":{"rendered":"https:\/\/obispadoarica.cl\/home\/?p=2571"},"modified":"2025-03-08T20:48:24","modified_gmt":"2025-03-09T00:48:24","slug":"conferencia-episcopal-acusa-ilegalidad-en-el-reglamento-sobre-objecion-de-conciencia-del-minsal","status":"publish","type":"post","link":"https:\/\/obispadoarica.cl\/home\/conferencia-episcopal-acusa-ilegalidad-en-el-reglamento-sobre-objecion-de-conciencia-del-minsal\/","title":{"rendered":"Conferencia Episcopal acusa \u00abilegalidad\u00bb en el reglamento sobre objeci\u00f3n de conciencia del Minsal"},"content":{"rendered":"\n\n\n<p>Este lunes,&nbsp;<strong>la Conferencia Episcopal hizo su&nbsp;<a href=\"https:\/\/www.iglesia.cl\/47361-conferencia-episcopal-hace-presentacion-ante-contraloria-por-reglamento-del-ministerio-de-salud-sobre-objecion-de-conciencia.html\" rel=\"noreferrer noopener\" target=\"_blank\">presentaci\u00f3n<\/a>&nbsp;ante la Contralor\u00eda General de la Rep\u00fablica<\/strong>. Esto, por el&nbsp;<strong>reglamento del Ministerio de Salud (Minsal) sobre la objeci\u00f3n de conciencia<\/strong>.<\/p>\n\n\n\n<p>En concreto, se trata de un documento que \u201cModifica Decreto Supremo N\u00b0 67 de 2018 del Ministerio de Salud, que aprueba reglamento para ejercer&nbsp;<strong>objeci\u00f3n de conciencia<\/strong>&nbsp;seg\u00fan lo dispuesto en el art\u00edculo 119 ter del C\u00f3digo Sanitario\u201d.<\/p>\n\n\n\n<p>Ahora, durante la presentaci\u00f3n de un documento, los obispos aseguraron que dicho reglamento&nbsp;<strong>\u201cadolece de vicios de inconstitucionalidad e ilegalidad\u201d<\/strong>, seg\u00fan sus argumentos presentados ante la CGR.<\/p>\n\n\n\n<p>Previo a presentar los antecedentes, el escrito de los representantes de la Iglesia hace hincapi\u00e9 en que la&nbsp;<strong>objeci\u00f3n de conciencia<\/strong>&nbsp;es un derecho humano fundamental arraigado en la libertad de conciencia.<\/p>\n\n\n\n<p>Y, por lo tanto, \u201crestringir este derecho puede afectar otros derechos fundamentales como la igualdad y la no discriminaci\u00f3n\u201d. De esta manera, recordaron que el derecho a la libertad de conciencia est\u00e1 en la&nbsp;<strong>Constituci\u00f3n<\/strong>.<\/p>\n\n\n\n<p>\u201cDicha libertad ampara a personas naturales e instituciones a&nbsp;<strong>negarse<\/strong>&nbsp;a realizar actos que violen sus convicciones \u00e9ticas, morales, religiosas, profesionales u otras de relevancia\u201d, aseguraron.<\/p>\n\n\n\n<p>De esta manera, los pastores calificaron de&nbsp;<strong>\u201cno razonables, ni objetivas\u201d<\/strong>&nbsp;una serie de distinciones que realiza el nuevo reglamento.<\/p>\n\n\n\n<p>Espec\u00edficamente, desde la&nbsp;<strong>Conferencia Episcopal<\/strong>&nbsp;acusan que existe \u201climitaci\u00f3n respecto a las acciones y personas en las que procede manifestar objeci\u00f3n de conciencia\u201d.<\/p>\n\n\n\n<p>Adem\u00e1s de \u201cfavorecimiento arbitrario de los no objetores en la distribuci\u00f3n de turnos y en la contrataci\u00f3n de personal m\u00e9dico\u201d. Igualmente, acusaron que \u201clas modificaciones discriminan en raz\u00f3n de las creencias morales o religiosas del personal m\u00e9dico y no de su idoneidad\u201d.<\/p>\n\n\n\n<p>Finalmente, sostienen que el reglamento contiene \u201cmedidas que imponen condiciones que dificultan y\/o desincentivan el libre ejercicio del derecho a la objeci\u00f3n de conciencia\u201d.<\/p>\n\n\n\n<p>fuente: biobiochile.cl\/<\/p>\n\n\n\n<p>Revisa el documento completo:<\/p>\n\n\n\n<div data-wp-interactive=\"core\/file\" class=\"wp-block-file\"><object data-wp-bind--hidden=\"!state.hasPdfPreview\" hidden class=\"wp-block-file__embed\" data=\"https:\/\/obispadoarica.cl\/home\/wp-content\/uploads\/2024\/07\/01072024_1257pm_6682d1d996e75.pdf\" type=\"application\/pdf\" style=\"width:100%;height:600px\" aria-label=\"Incrustado de 01072024_1257pm_6682d1d996e75.\"><\/object><a id=\"wp-block-file--media-4d8a39e0-d186-4103-93c6-d524c36d1493\" href=\"https:\/\/obispadoarica.cl\/home\/wp-content\/uploads\/2024\/07\/01072024_1257pm_6682d1d996e75.pdf\">01072024_1257pm_6682d1d996e75<\/a><a href=\"https:\/\/obispadoarica.cl\/home\/wp-content\/uploads\/2024\/07\/01072024_1257pm_6682d1d996e75.pdf\" class=\"wp-block-file__button wp-element-button\" download aria-describedby=\"wp-block-file--media-4d8a39e0-d186-4103-93c6-d524c36d1493\">Descarga<\/a><\/div>\n","protected":false},"excerpt":{"rendered":"<p>Este lunes,&nbsp;la Conferencia Episcopal hizo su&nbsp;presentaci\u00f3n&nbsp;ante la Contralor\u00eda General de la Rep\u00fablica. Esto, por el&nbsp;reglamento del Ministerio de Salud (Minsal) sobre la objeci\u00f3n de conciencia. En concreto, se trata de un documento que \u201cModifica Decreto Supremo N\u00b0 67 de 2018 del Ministerio de Salud, que aprueba reglamento para ejercer&nbsp;objeci\u00f3n de conciencia&nbsp;seg\u00fan lo dispuesto en el [&#8230;]\n","protected":false},"author":2,"featured_media":1910,"comment_status":"closed","ping_status":"open","sticky":false,"template":"","format":"standard","meta":{"footnotes":""},"categories":[7],"tags":[],"class_list":["post-2571","post","type-post","status-publish","format-standard","has-post-thumbnail","hentry","category-noticias"],"yoast_head":"<!-- This site is optimized with the Yoast SEO plugin v24.6 - https:\/\/yoast.com\/wordpress\/plugins\/seo\/ -->\n<title>Conferencia Episcopal acusa &quot;ilegalidad&quot; en el reglamento sobre objeci\u00f3n de conciencia del Minsal - Obispado San Marcos de Arica<\/title>\n<meta name=\"robots\" content=\"index, follow, max-snippet:-1, max-image-preview:large, max-video-preview:-1\" \/>\n<link rel=\"canonical\" href=\"https:\/\/obispadoarica.cl\/home\/conferencia-episcopal-acusa-ilegalidad-en-el-reglamento-sobre-objecion-de-conciencia-del-minsal\/\" \/>\n<meta property=\"og:locale\" content=\"es_ES\" \/>\n<meta property=\"og:type\" content=\"article\" \/>\n<meta property=\"og:title\" content=\"Conferencia Episcopal acusa &quot;ilegalidad&quot; en el reglamento sobre objeci\u00f3n de conciencia del Minsal - Obispado San Marcos de Arica\" \/>\n<meta property=\"og:description\" content=\"Este lunes,&nbsp;la Conferencia Episcopal hizo su&nbsp;presentaci\u00f3n&nbsp;ante la Contralor\u00eda General de la Rep\u00fablica. Esto, por el&nbsp;reglamento del Ministerio de Salud (Minsal) sobre la objeci\u00f3n de conciencia. En concreto, se trata de un documento que \u201cModifica Decreto Supremo N\u00b0 67 de 2018 del Ministerio de Salud, que aprueba reglamento para ejercer&nbsp;objeci\u00f3n de conciencia&nbsp;seg\u00fan lo dispuesto en el [...]\" \/>\n<meta property=\"og:url\" content=\"https:\/\/obispadoarica.cl\/home\/conferencia-episcopal-acusa-ilegalidad-en-el-reglamento-sobre-objecion-de-conciencia-del-minsal\/\" \/>\n<meta property=\"og:site_name\" content=\"Obispado San Marcos de Arica\" \/>\n<meta property=\"article:published_time\" content=\"2024-07-02T15:27:30+00:00\" \/>\n<meta property=\"article:modified_time\" content=\"2025-03-09T00:48:24+00:00\" \/>\n<meta property=\"og:image\" content=\"https:\/\/obispadoarica.cl\/home\/wp-content\/uploads\/2023\/08\/conferencia_episcopal.jpg\" \/>\n\t<meta property=\"og:image:width\" content=\"1000\" \/>\n\t<meta property=\"og:image:height\" content=\"756\" \/>\n\t<meta property=\"og:image:type\" content=\"image\/jpeg\" \/>\n<meta name=\"author\" content=\"Obispado de Arica\" \/>\n<meta name=\"twitter:card\" content=\"summary_large_image\" \/>\n<meta name=\"twitter:label1\" content=\"Escrito por\" \/>\n\t<meta name=\"twitter:data1\" content=\"Obispado de Arica\" \/>\n\t<meta name=\"twitter:label2\" content=\"Tiempo de lectura\" \/>\n\t<meta name=\"twitter:data2\" content=\"2 minutos\" \/>\n<script type=\"application\/ld+json\" class=\"yoast-schema-graph\">{\"@context\":\"https:\/\/schema.org\",\"@graph\":[{\"@type\":\"WebPage\",\"@id\":\"https:\/\/obispadoarica.cl\/home\/conferencia-episcopal-acusa-ilegalidad-en-el-reglamento-sobre-objecion-de-conciencia-del-minsal\/\",\"url\":\"https:\/\/obispadoarica.cl\/home\/conferencia-episcopal-acusa-ilegalidad-en-el-reglamento-sobre-objecion-de-conciencia-del-minsal\/\",\"name\":\"Conferencia Episcopal acusa \\\"ilegalidad\\\" en el reglamento sobre objeci\u00f3n de conciencia del Minsal - Obispado San Marcos de Arica\",\"isPartOf\":{\"@id\":\"https:\/\/obispadoarica.cl\/home\/#website\"},\"primaryImageOfPage\":{\"@id\":\"https:\/\/obispadoarica.cl\/home\/conferencia-episcopal-acusa-ilegalidad-en-el-reglamento-sobre-objecion-de-conciencia-del-minsal\/#primaryimage\"},\"image\":{\"@id\":\"https:\/\/obispadoarica.cl\/home\/conferencia-episcopal-acusa-ilegalidad-en-el-reglamento-sobre-objecion-de-conciencia-del-minsal\/#primaryimage\"},\"thumbnailUrl\":\"https:\/\/obispadoarica.cl\/home\/wp-content\/uploads\/2023\/08\/conferencia_episcopal.jpg\",\"datePublished\":\"2024-07-02T15:27:30+00:00\",\"dateModified\":\"2025-03-09T00:48:24+00:00\",\"author\":{\"@id\":\"https:\/\/obispadoarica.cl\/home\/#\/schema\/person\/1a8f4c2a3418412187dff039ecf9d97e\"},\"breadcrumb\":{\"@id\":\"https:\/\/obispadoarica.cl\/home\/conferencia-episcopal-acusa-ilegalidad-en-el-reglamento-sobre-objecion-de-conciencia-del-minsal\/#breadcrumb\"},\"inLanguage\":\"es\",\"potentialAction\":[{\"@type\":\"ReadAction\",\"target\":[\"https:\/\/obispadoarica.cl\/home\/conferencia-episcopal-acusa-ilegalidad-en-el-reglamento-sobre-objecion-de-conciencia-del-minsal\/\"]}]},{\"@type\":\"ImageObject\",\"inLanguage\":\"es\",\"@id\":\"https:\/\/obispadoarica.cl\/home\/conferencia-episcopal-acusa-ilegalidad-en-el-reglamento-sobre-objecion-de-conciencia-del-minsal\/#primaryimage\",\"url\":\"https:\/\/obispadoarica.cl\/home\/wp-content\/uploads\/2023\/08\/conferencia_episcopal.jpg\",\"contentUrl\":\"https:\/\/obispadoarica.cl\/home\/wp-content\/uploads\/2023\/08\/conferencia_episcopal.jpg\",\"width\":1000,\"height\":756},{\"@type\":\"BreadcrumbList\",\"@id\":\"https:\/\/obispadoarica.cl\/home\/conferencia-episcopal-acusa-ilegalidad-en-el-reglamento-sobre-objecion-de-conciencia-del-minsal\/#breadcrumb\",\"itemListElement\":[{\"@type\":\"ListItem\",\"position\":1,\"name\":\"Portada\",\"item\":\"https:\/\/obispadoarica.cl\/home\/\"},{\"@type\":\"ListItem\",\"position\":2,\"name\":\"Conferencia Episcopal acusa \u00abilegalidad\u00bb en el reglamento sobre objeci\u00f3n de conciencia del Minsal\"}]},{\"@type\":\"WebSite\",\"@id\":\"https:\/\/obispadoarica.cl\/home\/#website\",\"url\":\"https:\/\/obispadoarica.cl\/home\/\",\"name\":\"Obispado San Marcos de Arica\",\"description\":\"Di\u00f3cesis San Marcos de Arica\",\"potentialAction\":[{\"@type\":\"SearchAction\",\"target\":{\"@type\":\"EntryPoint\",\"urlTemplate\":\"https:\/\/obispadoarica.cl\/home\/?s={search_term_string}\"},\"query-input\":{\"@type\":\"PropertyValueSpecification\",\"valueRequired\":true,\"valueName\":\"search_term_string\"}}],\"inLanguage\":\"es\"},{\"@type\":\"Person\",\"@id\":\"https:\/\/obispadoarica.cl\/home\/#\/schema\/person\/1a8f4c2a3418412187dff039ecf9d97e\",\"name\":\"Obispado de Arica\",\"image\":{\"@type\":\"ImageObject\",\"inLanguage\":\"es\",\"@id\":\"https:\/\/obispadoarica.cl\/home\/#\/schema\/person\/image\/\",\"url\":\"https:\/\/secure.gravatar.com\/avatar\/c75d5ceafb11502016ed664658884b0b1b183fa6f96260878f47ac58f950c8d9?s=96&d=mm&r=g\",\"contentUrl\":\"https:\/\/secure.gravatar.com\/avatar\/c75d5ceafb11502016ed664658884b0b1b183fa6f96260878f47ac58f950c8d9?s=96&d=mm&r=g\",\"caption\":\"Obispado de Arica\"},\"url\":\"https:\/\/obispadoarica.cl\/home\/author\/c1300590\/\"}]}<\/script>\n<!-- \/ Yoast SEO plugin. -->","yoast_head_json":{"title":"Conferencia Episcopal acusa \"ilegalidad\" en el reglamento sobre objeci\u00f3n de conciencia del Minsal - Obispado San Marcos de Arica","robots":{"index":"index","follow":"follow","max-snippet":"max-snippet:-1","max-image-preview":"max-image-preview:large","max-video-preview":"max-video-preview:-1"},"canonical":"https:\/\/obispadoarica.cl\/home\/conferencia-episcopal-acusa-ilegalidad-en-el-reglamento-sobre-objecion-de-conciencia-del-minsal\/","og_locale":"es_ES","og_type":"article","og_title":"Conferencia Episcopal acusa \"ilegalidad\" en el reglamento sobre objeci\u00f3n de conciencia del Minsal - Obispado San Marcos de Arica","og_description":"Este lunes,&nbsp;la Conferencia Episcopal hizo su&nbsp;presentaci\u00f3n&nbsp;ante la Contralor\u00eda General de la Rep\u00fablica. Esto, por el&nbsp;reglamento del Ministerio de Salud (Minsal) sobre la objeci\u00f3n de conciencia. En concreto, se trata de un documento que \u201cModifica Decreto Supremo N\u00b0 67 de 2018 del Ministerio de Salud, que aprueba reglamento para ejercer&nbsp;objeci\u00f3n de conciencia&nbsp;seg\u00fan lo dispuesto en el [...]","og_url":"https:\/\/obispadoarica.cl\/home\/conferencia-episcopal-acusa-ilegalidad-en-el-reglamento-sobre-objecion-de-conciencia-del-minsal\/","og_site_name":"Obispado San Marcos de Arica","article_published_time":"2024-07-02T15:27:30+00:00","article_modified_time":"2025-03-09T00:48:24+00:00","og_image":[{"width":1000,"height":756,"url":"https:\/\/obispadoarica.cl\/home\/wp-content\/uploads\/2023\/08\/conferencia_episcopal.jpg","type":"image\/jpeg"}],"author":"Obispado de Arica","twitter_card":"summary_large_image","twitter_misc":{"Escrito por":"Obispado de Arica","Tiempo de lectura":"2 minutos"},"schema":{"@context":"https:\/\/schema.org","@graph":[{"@type":"WebPage","@id":"https:\/\/obispadoarica.cl\/home\/conferencia-episcopal-acusa-ilegalidad-en-el-reglamento-sobre-objecion-de-conciencia-del-minsal\/","url":"https:\/\/obispadoarica.cl\/home\/conferencia-episcopal-acusa-ilegalidad-en-el-reglamento-sobre-objecion-de-conciencia-del-minsal\/","name":"Conferencia Episcopal acusa \"ilegalidad\" en el reglamento sobre objeci\u00f3n de conciencia del Minsal - Obispado San Marcos de Arica","isPartOf":{"@id":"https:\/\/obispadoarica.cl\/home\/#website"},"primaryImageOfPage":{"@id":"https:\/\/obispadoarica.cl\/home\/conferencia-episcopal-acusa-ilegalidad-en-el-reglamento-sobre-objecion-de-conciencia-del-minsal\/#primaryimage"},"image":{"@id":"https:\/\/obispadoarica.cl\/home\/conferencia-episcopal-acusa-ilegalidad-en-el-reglamento-sobre-objecion-de-conciencia-del-minsal\/#primaryimage"},"thumbnailUrl":"https:\/\/obispadoarica.cl\/home\/wp-content\/uploads\/2023\/08\/conferencia_episcopal.jpg","datePublished":"2024-07-02T15:27:30+00:00","dateModified":"2025-03-09T00:48:24+00:00","author":{"@id":"https:\/\/obispadoarica.cl\/home\/#\/schema\/person\/1a8f4c2a3418412187dff039ecf9d97e"},"breadcrumb":{"@id":"https:\/\/obispadoarica.cl\/home\/conferencia-episcopal-acusa-ilegalidad-en-el-reglamento-sobre-objecion-de-conciencia-del-minsal\/#breadcrumb"},"inLanguage":"es","potentialAction":[{"@type":"ReadAction","target":["https:\/\/obispadoarica.cl\/home\/conferencia-episcopal-acusa-ilegalidad-en-el-reglamento-sobre-objecion-de-conciencia-del-minsal\/"]}]},{"@type":"ImageObject","inLanguage":"es","@id":"https:\/\/obispadoarica.cl\/home\/conferencia-episcopal-acusa-ilegalidad-en-el-reglamento-sobre-objecion-de-conciencia-del-minsal\/#primaryimage","url":"https:\/\/obispadoarica.cl\/home\/wp-content\/uploads\/2023\/08\/conferencia_episcopal.jpg","contentUrl":"https:\/\/obispadoarica.cl\/home\/wp-content\/uploads\/2023\/08\/conferencia_episcopal.jpg","width":1000,"height":756},{"@type":"BreadcrumbList","@id":"https:\/\/obispadoarica.cl\/home\/conferencia-episcopal-acusa-ilegalidad-en-el-reglamento-sobre-objecion-de-conciencia-del-minsal\/#breadcrumb","itemListElement":[{"@type":"ListItem","position":1,"name":"Portada","item":"https:\/\/obispadoarica.cl\/home\/"},{"@type":"ListItem","position":2,"name":"Conferencia Episcopal acusa \u00abilegalidad\u00bb en el reglamento sobre objeci\u00f3n de conciencia del Minsal"}]},{"@type":"WebSite","@id":"https:\/\/obispadoarica.cl\/home\/#website","url":"https:\/\/obispadoarica.cl\/home\/","name":"Obispado San Marcos de Arica","description":"Di\u00f3cesis San Marcos de Arica","potentialAction":[{"@type":"SearchAction","target":{"@type":"EntryPoint","urlTemplate":"https:\/\/obispadoarica.cl\/home\/?s={search_term_string}"},"query-input":{"@type":"PropertyValueSpecification","valueRequired":true,"valueName":"search_term_string"}}],"inLanguage":"es"},{"@type":"Person","@id":"https:\/\/obispadoarica.cl\/home\/#\/schema\/person\/1a8f4c2a3418412187dff039ecf9d97e","name":"Obispado de Arica","image":{"@type":"ImageObject","inLanguage":"es","@id":"https:\/\/obispadoarica.cl\/home\/#\/schema\/person\/image\/","url":"https:\/\/secure.gravatar.com\/avatar\/c75d5ceafb11502016ed664658884b0b1b183fa6f96260878f47ac58f950c8d9?s=96&d=mm&r=g","contentUrl":"https:\/\/secure.gravatar.com\/avatar\/c75d5ceafb11502016ed664658884b0b1b183fa6f96260878f47ac58f950c8d9?s=96&d=mm&r=g","caption":"Obispado de Arica"},"url":"https:\/\/obispadoarica.cl\/home\/author\/c1300590\/"}]}},"_links":{"self":[{"href":"https:\/\/obispadoarica.cl\/home\/wp-json\/wp\/v2\/posts\/2571","targetHints":{"allow":["GET"]}}],"collection":[{"href":"https:\/\/obispadoarica.cl\/home\/wp-json\/wp\/v2\/posts"}],"about":[{"href":"https:\/\/obispadoarica.cl\/home\/wp-json\/wp\/v2\/types\/post"}],"author":[{"embeddable":true,"href":"https:\/\/obispadoarica.cl\/home\/wp-json\/wp\/v2\/users\/2"}],"replies":[{"embeddable":true,"href":"https:\/\/obispadoarica.cl\/home\/wp-json\/wp\/v2\/comments?post=2571"}],"version-history":[{"count":1,"href":"https:\/\/obispadoarica.cl\/home\/wp-json\/wp\/v2\/posts\/2571\/revisions"}],"predecessor-version":[{"id":2573,"href":"https:\/\/obispadoarica.cl\/home\/wp-json\/wp\/v2\/posts\/2571\/revisions\/2573"}],"wp:featuredmedia":[{"embeddable":true,"href":"https:\/\/obispadoarica.cl\/home\/wp-json\/wp\/v2\/media\/1910"}],"wp:attachment":[{"href":"https:\/\/obispadoarica.cl\/home\/wp-json\/wp\/v2\/media?parent=2571"}],"wp:term":[{"taxonomy":"category","embeddable":true,"href":"https:\/\/obispadoarica.cl\/home\/wp-json\/wp\/v2\/categories?post=2571"},{"taxonomy":"post_tag","embeddable":true,"href":"https:\/\/obispadoarica.cl\/home\/wp-json\/wp\/v2\/tags?post=2571"}],"curies":[{"name":"wp","href":"https:\/\/api.w.org\/{rel}","templated":true}]}}