{"id":2748,"date":"2024-08-01T21:15:53","date_gmt":"2024-08-02T01:15:53","guid":{"rendered":"https:\/\/obispadoarica.cl\/home\/?p=2748"},"modified":"2025-03-08T20:48:23","modified_gmt":"2025-03-09T00:48:23","slug":"mensaje-de-los-obispos-a-los-venezolanos-en-chile","status":"publish","type":"post","link":"https:\/\/obispadoarica.cl\/home\/mensaje-de-los-obispos-a-los-venezolanos-en-chile\/","title":{"rendered":"Mensaje de los Obispos a los venezolanos en Chile"},"content":{"rendered":"\n\n\n<p><em>Firman este mensaje, por la Conferencia Episcopal de Chile, Mons. Ren\u00e9 Rebolledo Salinas, Presidente, y Mons. Sergio P\u00e9rez de Arce, Secretario General.<\/em><\/p>\n\n\n\n<p>A nuestros hermanos venezolanos que habitan en Chile:<\/p>\n\n\n\n<p>Desde hace varios a\u00f1os la comunidad venezolana se ha hecho presente en Chile, aportando en el crecimiento y progreso de nuestra patria e Iglesia. A trav\u00e9s del conocimiento que se ha ido produciendo, hemos compartido sus sue\u00f1os, penas y alegr\u00edas, y as\u00ed hemos creado una nueva historia.<\/p>\n\n\n\n<p>En este contexto, el pasado domingo 28 de julio les acompa\u00f1amos con la oraci\u00f3n en el proceso eleccionario, en el cual se expresaban grandes anhelos de progreso para Venezuela.<\/p>\n\n\n\n<p>La cuestionada transparencia del resultado de las elecciones les ha producido a ustedes, a nosotros, y a la comunidad internacional gran incertidumbre sobre el futuro.<\/p>\n\n\n\n<p>Como Obispos en Chile somos conscientes del sufrimiento que estas situaciones les hacen vivir. Por ello queremos expresarles nuestro afecto, cercan\u00eda y sobre todo solidaridad y oraci\u00f3n.<\/p>\n\n\n\n<p>Les animamos a seguir luchando por sus sue\u00f1os. Que la Virgen Mar\u00eda, bajo las advocaciones del Carmen y Coromoto, recoja la plegaria y la lleve al Coraz\u00f3n de Jes\u00fas, la \u00fanica esperanza que no defrauda.<\/p>\n\n\n\n<p class=\"has-text-align-center\">Por la Conferencia Episcopal de Chile<\/p>\n\n\n\n<p class=\"has-text-align-center\"><strong>+ Ren\u00e9 Rebolledo Salinas<\/strong><br>Arzobispo de La Serena<br>Presidente<\/p>\n\n\n\n<p class=\"has-text-align-center\"><strong>+ Sergio P\u00e9rez de Arce<\/strong><br>Arzobispo de Concepci\u00f3n<br>Secretario General<\/p>\n\n\n\n<p class=\"has-text-align-center\">Santiago, jueves 1 de agosto de 2024.<\/p>\n\n\n\n<p><strong>Fuente: CECh<\/strong><br><em>Santiago, 01-08-2024<\/em><\/p>\n\n\n\n<div data-wp-interactive=\"core\/file\" class=\"wp-block-file\"><object data-wp-bind--hidden=\"!state.hasPdfPreview\" hidden class=\"wp-block-file__embed\" data=\"https:\/\/obispadoarica.cl\/home\/wp-content\/uploads\/2024\/08\/01082024_221pm_66abc4037d7c2.pdf\" type=\"application\/pdf\" style=\"width:100%;height:600px\" aria-label=\"Incrustado de 01082024_221pm_66abc4037d7c2.\"><\/object><a id=\"wp-block-file--media-8909d279-ff90-458c-ad7b-912a555d8309\" href=\"https:\/\/obispadoarica.cl\/home\/wp-content\/uploads\/2024\/08\/01082024_221pm_66abc4037d7c2.pdf\">01082024_221pm_66abc4037d7c2<\/a><a href=\"https:\/\/obispadoarica.cl\/home\/wp-content\/uploads\/2024\/08\/01082024_221pm_66abc4037d7c2.pdf\" class=\"wp-block-file__button wp-element-button\" download aria-describedby=\"wp-block-file--media-8909d279-ff90-458c-ad7b-912a555d8309\">Descarga<\/a><\/div>\n","protected":false},"excerpt":{"rendered":"<p>Firman este mensaje, por la Conferencia Episcopal de Chile, Mons. Ren\u00e9 Rebolledo Salinas, Presidente, y Mons. Sergio P\u00e9rez de Arce, Secretario General. A nuestros hermanos venezolanos que habitan en Chile: Desde hace varios a\u00f1os la comunidad venezolana se ha hecho presente en Chile, aportando en el crecimiento y progreso de nuestra patria e Iglesia. A [&#8230;]\n","protected":false},"author":2,"featured_media":1910,"comment_status":"closed","ping_status":"open","sticky":false,"template":"","format":"standard","meta":{"footnotes":""},"categories":[7],"tags":[],"class_list":["post-2748","post","type-post","status-publish","format-standard","has-post-thumbnail","hentry","category-noticias"],"yoast_head":"<!-- This site is optimized with the Yoast SEO plugin v24.6 - https:\/\/yoast.com\/wordpress\/plugins\/seo\/ -->\n<title>Mensaje de los Obispos a los venezolanos en Chile - Obispado San Marcos de Arica<\/title>\n<meta name=\"robots\" content=\"index, follow, max-snippet:-1, max-image-preview:large, max-video-preview:-1\" \/>\n<link rel=\"canonical\" href=\"https:\/\/obispadoarica.cl\/home\/mensaje-de-los-obispos-a-los-venezolanos-en-chile\/\" \/>\n<meta property=\"og:locale\" content=\"es_ES\" \/>\n<meta property=\"og:type\" content=\"article\" \/>\n<meta property=\"og:title\" content=\"Mensaje de los Obispos a los venezolanos en Chile - Obispado San Marcos de Arica\" \/>\n<meta property=\"og:description\" content=\"Firman este mensaje, por la Conferencia Episcopal de Chile, Mons. Ren\u00e9 Rebolledo Salinas, Presidente, y Mons. Sergio P\u00e9rez de Arce, Secretario General. A nuestros hermanos venezolanos que habitan en Chile: Desde hace varios a\u00f1os la comunidad venezolana se ha hecho presente en Chile, aportando en el crecimiento y progreso de nuestra patria e Iglesia. A [...]\" \/>\n<meta property=\"og:url\" content=\"https:\/\/obispadoarica.cl\/home\/mensaje-de-los-obispos-a-los-venezolanos-en-chile\/\" \/>\n<meta property=\"og:site_name\" content=\"Obispado San Marcos de Arica\" \/>\n<meta property=\"article:published_time\" content=\"2024-08-02T01:15:53+00:00\" \/>\n<meta property=\"article:modified_time\" content=\"2025-03-09T00:48:23+00:00\" \/>\n<meta property=\"og:image\" content=\"https:\/\/obispadoarica.cl\/home\/wp-content\/uploads\/2023\/08\/conferencia_episcopal.jpg\" \/>\n\t<meta property=\"og:image:width\" content=\"1000\" \/>\n\t<meta property=\"og:image:height\" content=\"756\" \/>\n\t<meta property=\"og:image:type\" content=\"image\/jpeg\" \/>\n<meta name=\"author\" content=\"Obispado de Arica\" \/>\n<meta name=\"twitter:card\" content=\"summary_large_image\" \/>\n<meta name=\"twitter:label1\" content=\"Escrito por\" \/>\n\t<meta name=\"twitter:data1\" content=\"Obispado de Arica\" \/>\n\t<meta name=\"twitter:label2\" content=\"Tiempo de lectura\" \/>\n\t<meta name=\"twitter:data2\" content=\"2 minutos\" \/>\n<script type=\"application\/ld+json\" class=\"yoast-schema-graph\">{\"@context\":\"https:\/\/schema.org\",\"@graph\":[{\"@type\":\"WebPage\",\"@id\":\"https:\/\/obispadoarica.cl\/home\/mensaje-de-los-obispos-a-los-venezolanos-en-chile\/\",\"url\":\"https:\/\/obispadoarica.cl\/home\/mensaje-de-los-obispos-a-los-venezolanos-en-chile\/\",\"name\":\"Mensaje de los Obispos a los venezolanos en Chile - Obispado San Marcos de Arica\",\"isPartOf\":{\"@id\":\"https:\/\/obispadoarica.cl\/home\/#website\"},\"primaryImageOfPage\":{\"@id\":\"https:\/\/obispadoarica.cl\/home\/mensaje-de-los-obispos-a-los-venezolanos-en-chile\/#primaryimage\"},\"image\":{\"@id\":\"https:\/\/obispadoarica.cl\/home\/mensaje-de-los-obispos-a-los-venezolanos-en-chile\/#primaryimage\"},\"thumbnailUrl\":\"https:\/\/obispadoarica.cl\/home\/wp-content\/uploads\/2023\/08\/conferencia_episcopal.jpg\",\"datePublished\":\"2024-08-02T01:15:53+00:00\",\"dateModified\":\"2025-03-09T00:48:23+00:00\",\"author\":{\"@id\":\"https:\/\/obispadoarica.cl\/home\/#\/schema\/person\/1a8f4c2a3418412187dff039ecf9d97e\"},\"breadcrumb\":{\"@id\":\"https:\/\/obispadoarica.cl\/home\/mensaje-de-los-obispos-a-los-venezolanos-en-chile\/#breadcrumb\"},\"inLanguage\":\"es\",\"potentialAction\":[{\"@type\":\"ReadAction\",\"target\":[\"https:\/\/obispadoarica.cl\/home\/mensaje-de-los-obispos-a-los-venezolanos-en-chile\/\"]}]},{\"@type\":\"ImageObject\",\"inLanguage\":\"es\",\"@id\":\"https:\/\/obispadoarica.cl\/home\/mensaje-de-los-obispos-a-los-venezolanos-en-chile\/#primaryimage\",\"url\":\"https:\/\/obispadoarica.cl\/home\/wp-content\/uploads\/2023\/08\/conferencia_episcopal.jpg\",\"contentUrl\":\"https:\/\/obispadoarica.cl\/home\/wp-content\/uploads\/2023\/08\/conferencia_episcopal.jpg\",\"width\":1000,\"height\":756},{\"@type\":\"BreadcrumbList\",\"@id\":\"https:\/\/obispadoarica.cl\/home\/mensaje-de-los-obispos-a-los-venezolanos-en-chile\/#breadcrumb\",\"itemListElement\":[{\"@type\":\"ListItem\",\"position\":1,\"name\":\"Portada\",\"item\":\"https:\/\/obispadoarica.cl\/home\/\"},{\"@type\":\"ListItem\",\"position\":2,\"name\":\"Mensaje de los Obispos a los venezolanos en Chile\"}]},{\"@type\":\"WebSite\",\"@id\":\"https:\/\/obispadoarica.cl\/home\/#website\",\"url\":\"https:\/\/obispadoarica.cl\/home\/\",\"name\":\"Obispado San Marcos de Arica\",\"description\":\"Di\u00f3cesis San Marcos de Arica\",\"potentialAction\":[{\"@type\":\"SearchAction\",\"target\":{\"@type\":\"EntryPoint\",\"urlTemplate\":\"https:\/\/obispadoarica.cl\/home\/?s={search_term_string}\"},\"query-input\":{\"@type\":\"PropertyValueSpecification\",\"valueRequired\":true,\"valueName\":\"search_term_string\"}}],\"inLanguage\":\"es\"},{\"@type\":\"Person\",\"@id\":\"https:\/\/obispadoarica.cl\/home\/#\/schema\/person\/1a8f4c2a3418412187dff039ecf9d97e\",\"name\":\"Obispado de Arica\",\"image\":{\"@type\":\"ImageObject\",\"inLanguage\":\"es\",\"@id\":\"https:\/\/obispadoarica.cl\/home\/#\/schema\/person\/image\/\",\"url\":\"https:\/\/secure.gravatar.com\/avatar\/c75d5ceafb11502016ed664658884b0b1b183fa6f96260878f47ac58f950c8d9?s=96&d=mm&r=g\",\"contentUrl\":\"https:\/\/secure.gravatar.com\/avatar\/c75d5ceafb11502016ed664658884b0b1b183fa6f96260878f47ac58f950c8d9?s=96&d=mm&r=g\",\"caption\":\"Obispado de Arica\"},\"url\":\"https:\/\/obispadoarica.cl\/home\/author\/c1300590\/\"}]}<\/script>\n<!-- \/ Yoast SEO plugin. -->","yoast_head_json":{"title":"Mensaje de los Obispos a los venezolanos en Chile - Obispado San Marcos de Arica","robots":{"index":"index","follow":"follow","max-snippet":"max-snippet:-1","max-image-preview":"max-image-preview:large","max-video-preview":"max-video-preview:-1"},"canonical":"https:\/\/obispadoarica.cl\/home\/mensaje-de-los-obispos-a-los-venezolanos-en-chile\/","og_locale":"es_ES","og_type":"article","og_title":"Mensaje de los Obispos a los venezolanos en Chile - Obispado San Marcos de Arica","og_description":"Firman este mensaje, por la Conferencia Episcopal de Chile, Mons. Ren\u00e9 Rebolledo Salinas, Presidente, y Mons. Sergio P\u00e9rez de Arce, Secretario General. A nuestros hermanos venezolanos que habitan en Chile: Desde hace varios a\u00f1os la comunidad venezolana se ha hecho presente en Chile, aportando en el crecimiento y progreso de nuestra patria e Iglesia. A [...]","og_url":"https:\/\/obispadoarica.cl\/home\/mensaje-de-los-obispos-a-los-venezolanos-en-chile\/","og_site_name":"Obispado San Marcos de Arica","article_published_time":"2024-08-02T01:15:53+00:00","article_modified_time":"2025-03-09T00:48:23+00:00","og_image":[{"width":1000,"height":756,"url":"https:\/\/obispadoarica.cl\/home\/wp-content\/uploads\/2023\/08\/conferencia_episcopal.jpg","type":"image\/jpeg"}],"author":"Obispado de Arica","twitter_card":"summary_large_image","twitter_misc":{"Escrito por":"Obispado de Arica","Tiempo de lectura":"2 minutos"},"schema":{"@context":"https:\/\/schema.org","@graph":[{"@type":"WebPage","@id":"https:\/\/obispadoarica.cl\/home\/mensaje-de-los-obispos-a-los-venezolanos-en-chile\/","url":"https:\/\/obispadoarica.cl\/home\/mensaje-de-los-obispos-a-los-venezolanos-en-chile\/","name":"Mensaje de los Obispos a los venezolanos en Chile - Obispado San Marcos de Arica","isPartOf":{"@id":"https:\/\/obispadoarica.cl\/home\/#website"},"primaryImageOfPage":{"@id":"https:\/\/obispadoarica.cl\/home\/mensaje-de-los-obispos-a-los-venezolanos-en-chile\/#primaryimage"},"image":{"@id":"https:\/\/obispadoarica.cl\/home\/mensaje-de-los-obispos-a-los-venezolanos-en-chile\/#primaryimage"},"thumbnailUrl":"https:\/\/obispadoarica.cl\/home\/wp-content\/uploads\/2023\/08\/conferencia_episcopal.jpg","datePublished":"2024-08-02T01:15:53+00:00","dateModified":"2025-03-09T00:48:23+00:00","author":{"@id":"https:\/\/obispadoarica.cl\/home\/#\/schema\/person\/1a8f4c2a3418412187dff039ecf9d97e"},"breadcrumb":{"@id":"https:\/\/obispadoarica.cl\/home\/mensaje-de-los-obispos-a-los-venezolanos-en-chile\/#breadcrumb"},"inLanguage":"es","potentialAction":[{"@type":"ReadAction","target":["https:\/\/obispadoarica.cl\/home\/mensaje-de-los-obispos-a-los-venezolanos-en-chile\/"]}]},{"@type":"ImageObject","inLanguage":"es","@id":"https:\/\/obispadoarica.cl\/home\/mensaje-de-los-obispos-a-los-venezolanos-en-chile\/#primaryimage","url":"https:\/\/obispadoarica.cl\/home\/wp-content\/uploads\/2023\/08\/conferencia_episcopal.jpg","contentUrl":"https:\/\/obispadoarica.cl\/home\/wp-content\/uploads\/2023\/08\/conferencia_episcopal.jpg","width":1000,"height":756},{"@type":"BreadcrumbList","@id":"https:\/\/obispadoarica.cl\/home\/mensaje-de-los-obispos-a-los-venezolanos-en-chile\/#breadcrumb","itemListElement":[{"@type":"ListItem","position":1,"name":"Portada","item":"https:\/\/obispadoarica.cl\/home\/"},{"@type":"ListItem","position":2,"name":"Mensaje de los Obispos a los venezolanos en Chile"}]},{"@type":"WebSite","@id":"https:\/\/obispadoarica.cl\/home\/#website","url":"https:\/\/obispadoarica.cl\/home\/","name":"Obispado San Marcos de Arica","description":"Di\u00f3cesis San Marcos de Arica","potentialAction":[{"@type":"SearchAction","target":{"@type":"EntryPoint","urlTemplate":"https:\/\/obispadoarica.cl\/home\/?s={search_term_string}"},"query-input":{"@type":"PropertyValueSpecification","valueRequired":true,"valueName":"search_term_string"}}],"inLanguage":"es"},{"@type":"Person","@id":"https:\/\/obispadoarica.cl\/home\/#\/schema\/person\/1a8f4c2a3418412187dff039ecf9d97e","name":"Obispado de Arica","image":{"@type":"ImageObject","inLanguage":"es","@id":"https:\/\/obispadoarica.cl\/home\/#\/schema\/person\/image\/","url":"https:\/\/secure.gravatar.com\/avatar\/c75d5ceafb11502016ed664658884b0b1b183fa6f96260878f47ac58f950c8d9?s=96&d=mm&r=g","contentUrl":"https:\/\/secure.gravatar.com\/avatar\/c75d5ceafb11502016ed664658884b0b1b183fa6f96260878f47ac58f950c8d9?s=96&d=mm&r=g","caption":"Obispado de Arica"},"url":"https:\/\/obispadoarica.cl\/home\/author\/c1300590\/"}]}},"_links":{"self":[{"href":"https:\/\/obispadoarica.cl\/home\/wp-json\/wp\/v2\/posts\/2748","targetHints":{"allow":["GET"]}}],"collection":[{"href":"https:\/\/obispadoarica.cl\/home\/wp-json\/wp\/v2\/posts"}],"about":[{"href":"https:\/\/obispadoarica.cl\/home\/wp-json\/wp\/v2\/types\/post"}],"author":[{"embeddable":true,"href":"https:\/\/obispadoarica.cl\/home\/wp-json\/wp\/v2\/users\/2"}],"replies":[{"embeddable":true,"href":"https:\/\/obispadoarica.cl\/home\/wp-json\/wp\/v2\/comments?post=2748"}],"version-history":[{"count":1,"href":"https:\/\/obispadoarica.cl\/home\/wp-json\/wp\/v2\/posts\/2748\/revisions"}],"predecessor-version":[{"id":2749,"href":"https:\/\/obispadoarica.cl\/home\/wp-json\/wp\/v2\/posts\/2748\/revisions\/2749"}],"wp:featuredmedia":[{"embeddable":true,"href":"https:\/\/obispadoarica.cl\/home\/wp-json\/wp\/v2\/media\/1910"}],"wp:attachment":[{"href":"https:\/\/obispadoarica.cl\/home\/wp-json\/wp\/v2\/media?parent=2748"}],"wp:term":[{"taxonomy":"category","embeddable":true,"href":"https:\/\/obispadoarica.cl\/home\/wp-json\/wp\/v2\/categories?post=2748"},{"taxonomy":"post_tag","embeddable":true,"href":"https:\/\/obispadoarica.cl\/home\/wp-json\/wp\/v2\/tags?post=2748"}],"curies":[{"name":"wp","href":"https:\/\/api.w.org\/{rel}","templated":true}]}}