{"id":2861,"date":"2024-09-23T17:53:40","date_gmt":"2024-09-23T21:53:40","guid":{"rendered":"https:\/\/obispadoarica.cl\/home\/?p=2861"},"modified":"2025-03-08T20:47:31","modified_gmt":"2025-03-09T00:47:31","slug":"te-deum-en-san-marcos-de-arica","status":"publish","type":"post","link":"https:\/\/obispadoarica.cl\/home\/te-deum-en-san-marcos-de-arica\/","title":{"rendered":"Te Deum en San Marcos de Arica"},"content":{"rendered":"\n\n\n<p><em>En la Iglesia Catedral, del extremo norte de Chile, se llev\u00f3 a cabo la tradicional liturgia en acci\u00f3n de gracias a Dios por aniversario patrio.<\/em><\/p>\n\n\n\n<p>En tradicional liturgia republicana, el Obispo de San Marcos de Arica, Mons. Mois\u00e9s Atisha, presidi\u00f3 la ceremonia en la Iglesia Catedral con las m\u00e1s altas autoridades de la Regi\u00f3n de Arica y Parinacota, m\u00e1s feligreses que se sumaron para agradecer a Dios por el aniversario n.214 de nuestra Patria. Haciendo posible una significativa celebraci\u00f3n con sacerdotes, di\u00e1conos y religiosas presentes. En la ceremonia, el Obispo expres\u00f3 su gratitud de poder ser parte de esta liturgia a todos los presentes que hoy hacen posible la tierra que celebramos, expresando que como \u201cacto de fe en que la iglesia cat\u00f3lica eleva su oraci\u00f3n por aniversario patrio. Oramos juntos por todo lo que va realizando en nuestra historia, proyecto pa\u00eds\u201d.<\/p>\n\n\n\n<p>En ella, exhort\u00f3 el prelado en su homil\u00eda qu\u00e9 haciendo \u201cuna mirada r\u00e1pida a algunos acontecimientos nos indican como varios en medio nuestro se han alejado del honesto servicio a los ciudadanos y han ocupado sus oficios para servir a s\u00ed mismo, desprestigiando as\u00ed el servicio p\u00fablico, a saber, cuanto da\u00f1o hacen a nuestra patria el tr\u00e1fico de influencias, la cultura del \u201cpituto\u201d, el olvido de valores fundamentales como la vida, la verdad, la justicia\u201d, mirando la realidad que estamos pasando como pa\u00eds, pues \u201cante tantas situaciones de corrupci\u00f3n, crimen organizado, mal trato y abuso de los migrantes, la constataci\u00f3n y la certeza es que los que m\u00e1s sufren son justamente los que menos oportunidades tienen, se incrementa la p\u00e9rdida del sentido de pertenencia y hace m\u00e1s dif\u00edcil levantar la mirada para so\u00f1ar con horizontes no s\u00f3lo de menores condiciones materiales sino de mayor dignidad de cada uno\u201d.<\/p>\n\n\n\n<p>\u201cComo Regi\u00f3n, estamos siempre esperanzados en quienes vienen a prestar su servicio en los diversas cargos que el Estado necesita para proveernos de lo necesario. Este a\u00f1o, a trav\u00e9s de las pr\u00f3ximas elecciones, esperamos que los que resulten electos administren de modo eficiente aquello que nos pertenece a todos, donde nadie es due\u00f1o, sino solo administrador, que lo hagan con sentido de urgencia y de transparencia\u201d, fueron las palabras que Monse\u00f1or expres\u00f3 para quienes se tiran de candidatos frente a la realidad que estamos viviendo como sociedad; por lo mismo, aconsej\u00f3 que \u201cPor ello se precisa siempre, cultivar el esp\u00edritu de servicio, alejarnos de la vanidad del poder, e implorar las gracias de Dios, como se las permite a a quienes deb\u00edan de guiar a su pueblo\u201d.<\/p>\n\n\n\n<p>Acertada por las autoridades fueron las palabras del Obispo, que con atenci\u00f3n recibieron sus palabras que como tradici\u00f3n la Iglesia les dice a las autoridades desde la mirada cristiana en este contexto patrio, culminando sus palabras con inspiraci\u00f3n en la voz de Dios a San Francisco, Monse\u00f1or expres\u00f3 que \u201choy se nos insta a construir una patria nueva, desde la conversi\u00f3n de las costumbres y criterios, con m\u00e1s sobriedad y ascesis, a dejar de lado los discursos y las buenas intenciones para pasar a la acci\u00f3n donde solidaridad y fraternidad nos hagan tender las manos a los hermanos\u201d, de la que enfatiz\u00f3 el prelado que \u201csolidaridad y fraternidad son las palabras que Dios quiere hacer resonar en medio de nuestra Regi\u00f3n y Patria; son el alma de Chile y tenemos que sacarla del encierro y de la mezquindad de proyectos peque\u00f1os de unos pocos\u201d<\/p>\n\n\n\n<p>\u201cNuestra oraci\u00f3n siempre debe apuntar a buscar los sue\u00f1os de nuestra vida, pero tambi\u00e9n y en concordancia con los sue\u00f1os de Dios para nosotros, \u00e9l quiere que toda su obra creada mantenga la dignidad con la que fue hecha, sobre todo el hombre, que ha sido hecho a su semejanza. El mejor crecimiento y bienestar de nuestra Regi\u00f3n se experimentar\u00e1 al tomar todas las medidas que la desarrolle, todo debe ser sincronizado y arm\u00f3nico, el estudio, la profesi\u00f3n, el trabajo, la casa, la salud, el medio ambiente, etc., todo debe integrarse y estar en equilibrio, para que en nuestro propio sentir y el de la ciudadan\u00eda, no quede la sensaci\u00f3n de amargura por promesas incumplidas\u201d, fueron sus \u00faltimas exhortaciones expresadas en el Te Deum de este a\u00f1o.<\/p>\n\n\n\n<p>Entre las Oraciones Universales, tomando las realidades que se viven en nuestro tiempo, se fueron elevando cada una de ellas con fuerte sentido por el bienestar de nuestro pa\u00eds, rezando por quienes hemos nacido en estas tierras y adem\u00e1s por quienes han venido de otras latitudes para conformar el Chile que todos deseamos, pues hoy damos gracias a Dios por este aniversario con el Chile que somos y tenemos. Sin dejar fuera de rezar por nuestras autoridades, para que se vean siempre iluminados por el Esp\u00edritu Santo.<\/p>\n\n\n\n<p>No qued\u00f3 fuera el tradicional pie de cueca, ofrecido primeramente a la Virgen Mar\u00eda, madre y reina de esta patria nuestra y despu\u00e9s un esquinazo delante de todos los presentes. Significativo momento en que sale a relucir nuestro baile nacional, como signo emblem\u00e1tico de nuestra acci\u00f3n de gracias. Culminando por el Himno de nuestra naci\u00f3n, coreado por todos los presentes. As\u00ed, Monse\u00f1or Mois\u00e9s Atisha con las autoridades se fueron a la parada militar que la ciudad de Arica ofrece a los pies del Morro en honor a nuestra Patria.<\/p>\n\n\n\n<p><strong>Fuente: Departamento de Comunicaciones San Marcos de Arica<\/strong><br><em>Arica, 19-09-2024<\/em><\/p>\n\n\n\n<figure class=\"wp-block-gallery has-nested-images columns-default is-cropped wp-block-gallery-1 is-layout-flex wp-block-gallery-is-layout-flex\">\n<figure class=\"wp-block-image size-large\"><a href=\"https:\/\/obispadoarica.cl\/home\/wp-content\/uploads\/2024\/09\/img_gale_66ec5d14a1a76_19092024.jpeg\"><img fetchpriority=\"high\" decoding=\"async\" width=\"1000\" height=\"750\" data-id=\"2862\" src=\"https:\/\/obispadoarica.cl\/home\/wp-content\/uploads\/2024\/09\/img_gale_66ec5d14a1a76_19092024.jpeg\" alt=\"\" class=\"wp-image-2862\" srcset=\"https:\/\/obispadoarica.cl\/home\/wp-content\/uploads\/2024\/09\/img_gale_66ec5d14a1a76_19092024.jpeg 1000w, https:\/\/obispadoarica.cl\/home\/wp-content\/uploads\/2024\/09\/img_gale_66ec5d14a1a76_19092024-300x225.jpeg 300w, https:\/\/obispadoarica.cl\/home\/wp-content\/uploads\/2024\/09\/img_gale_66ec5d14a1a76_19092024-768x576.jpeg 768w\" sizes=\"(max-width: 1000px) 100vw, 1000px\" \/><\/a><\/figure>\n\n\n\n<figure class=\"wp-block-image size-large\"><a href=\"https:\/\/obispadoarica.cl\/home\/wp-content\/uploads\/2024\/09\/img_gale_66ec5d14abcab_19092024.jpeg\"><img decoding=\"async\" width=\"1000\" height=\"750\" data-id=\"2863\" src=\"https:\/\/obispadoarica.cl\/home\/wp-content\/uploads\/2024\/09\/img_gale_66ec5d14abcab_19092024.jpeg\" alt=\"\" class=\"wp-image-2863\" srcset=\"https:\/\/obispadoarica.cl\/home\/wp-content\/uploads\/2024\/09\/img_gale_66ec5d14abcab_19092024.jpeg 1000w, https:\/\/obispadoarica.cl\/home\/wp-content\/uploads\/2024\/09\/img_gale_66ec5d14abcab_19092024-300x225.jpeg 300w, https:\/\/obispadoarica.cl\/home\/wp-content\/uploads\/2024\/09\/img_gale_66ec5d14abcab_19092024-768x576.jpeg 768w\" sizes=\"(max-width: 1000px) 100vw, 1000px\" \/><\/a><\/figure>\n\n\n\n<figure class=\"wp-block-image size-large\"><a href=\"https:\/\/obispadoarica.cl\/home\/wp-content\/uploads\/2024\/09\/img_gale_66ec5d14b5e9b_19092024.jpeg\"><img decoding=\"async\" width=\"1000\" height=\"750\" data-id=\"2865\" src=\"https:\/\/obispadoarica.cl\/home\/wp-content\/uploads\/2024\/09\/img_gale_66ec5d14b5e9b_19092024.jpeg\" alt=\"\" class=\"wp-image-2865\" srcset=\"https:\/\/obispadoarica.cl\/home\/wp-content\/uploads\/2024\/09\/img_gale_66ec5d14b5e9b_19092024.jpeg 1000w, https:\/\/obispadoarica.cl\/home\/wp-content\/uploads\/2024\/09\/img_gale_66ec5d14b5e9b_19092024-300x225.jpeg 300w, https:\/\/obispadoarica.cl\/home\/wp-content\/uploads\/2024\/09\/img_gale_66ec5d14b5e9b_19092024-768x576.jpeg 768w\" sizes=\"(max-width: 1000px) 100vw, 1000px\" \/><\/a><\/figure>\n\n\n\n<figure class=\"wp-block-image size-large\"><a href=\"https:\/\/obispadoarica.cl\/home\/wp-content\/uploads\/2024\/09\/img_gale_66ec5d14c0619_19092024.jpeg\"><img loading=\"lazy\" decoding=\"async\" width=\"1000\" height=\"750\" data-id=\"2871\" src=\"https:\/\/obispadoarica.cl\/home\/wp-content\/uploads\/2024\/09\/img_gale_66ec5d14c0619_19092024.jpeg\" alt=\"\" class=\"wp-image-2871\" srcset=\"https:\/\/obispadoarica.cl\/home\/wp-content\/uploads\/2024\/09\/img_gale_66ec5d14c0619_19092024.jpeg 1000w, https:\/\/obispadoarica.cl\/home\/wp-content\/uploads\/2024\/09\/img_gale_66ec5d14c0619_19092024-300x225.jpeg 300w, https:\/\/obispadoarica.cl\/home\/wp-content\/uploads\/2024\/09\/img_gale_66ec5d14c0619_19092024-768x576.jpeg 768w\" sizes=\"(max-width: 1000px) 100vw, 1000px\" \/><\/a><\/figure>\n\n\n\n<figure class=\"wp-block-image size-large\"><a href=\"https:\/\/obispadoarica.cl\/home\/wp-content\/uploads\/2024\/09\/img_gale_66ec5d14ca788_19092024.jpeg\"><img loading=\"lazy\" decoding=\"async\" width=\"1000\" height=\"750\" data-id=\"2867\" src=\"https:\/\/obispadoarica.cl\/home\/wp-content\/uploads\/2024\/09\/img_gale_66ec5d14ca788_19092024.jpeg\" alt=\"\" class=\"wp-image-2867\" srcset=\"https:\/\/obispadoarica.cl\/home\/wp-content\/uploads\/2024\/09\/img_gale_66ec5d14ca788_19092024.jpeg 1000w, https:\/\/obispadoarica.cl\/home\/wp-content\/uploads\/2024\/09\/img_gale_66ec5d14ca788_19092024-300x225.jpeg 300w, https:\/\/obispadoarica.cl\/home\/wp-content\/uploads\/2024\/09\/img_gale_66ec5d14ca788_19092024-768x576.jpeg 768w\" sizes=\"(max-width: 1000px) 100vw, 1000px\" \/><\/a><\/figure>\n\n\n\n<figure class=\"wp-block-image size-large\"><a href=\"https:\/\/obispadoarica.cl\/home\/wp-content\/uploads\/2024\/09\/img_gale_66ec5d14d5056_19092024.jpeg\"><img loading=\"lazy\" decoding=\"async\" width=\"1000\" height=\"750\" data-id=\"2868\" src=\"https:\/\/obispadoarica.cl\/home\/wp-content\/uploads\/2024\/09\/img_gale_66ec5d14d5056_19092024.jpeg\" alt=\"\" class=\"wp-image-2868\" srcset=\"https:\/\/obispadoarica.cl\/home\/wp-content\/uploads\/2024\/09\/img_gale_66ec5d14d5056_19092024.jpeg 1000w, https:\/\/obispadoarica.cl\/home\/wp-content\/uploads\/2024\/09\/img_gale_66ec5d14d5056_19092024-300x225.jpeg 300w, https:\/\/obispadoarica.cl\/home\/wp-content\/uploads\/2024\/09\/img_gale_66ec5d14d5056_19092024-768x576.jpeg 768w\" sizes=\"(max-width: 1000px) 100vw, 1000px\" \/><\/a><\/figure>\n\n\n\n<figure class=\"wp-block-image size-large\"><a href=\"https:\/\/obispadoarica.cl\/home\/wp-content\/uploads\/2024\/09\/img_gale_66ec5d14deee4_19092024.jpeg\"><img loading=\"lazy\" decoding=\"async\" width=\"1000\" height=\"750\" data-id=\"2864\" src=\"https:\/\/obispadoarica.cl\/home\/wp-content\/uploads\/2024\/09\/img_gale_66ec5d14deee4_19092024.jpeg\" alt=\"\" class=\"wp-image-2864\" srcset=\"https:\/\/obispadoarica.cl\/home\/wp-content\/uploads\/2024\/09\/img_gale_66ec5d14deee4_19092024.jpeg 1000w, https:\/\/obispadoarica.cl\/home\/wp-content\/uploads\/2024\/09\/img_gale_66ec5d14deee4_19092024-300x225.jpeg 300w, https:\/\/obispadoarica.cl\/home\/wp-content\/uploads\/2024\/09\/img_gale_66ec5d14deee4_19092024-768x576.jpeg 768w\" sizes=\"(max-width: 1000px) 100vw, 1000px\" \/><\/a><\/figure>\n\n\n\n<figure class=\"wp-block-image size-large\"><a href=\"https:\/\/obispadoarica.cl\/home\/wp-content\/uploads\/2024\/09\/img_gale_66ec5d14e9e31_19092024.jpeg\"><img loading=\"lazy\" decoding=\"async\" width=\"1000\" height=\"750\" data-id=\"2870\" src=\"https:\/\/obispadoarica.cl\/home\/wp-content\/uploads\/2024\/09\/img_gale_66ec5d14e9e31_19092024.jpeg\" alt=\"\" class=\"wp-image-2870\" srcset=\"https:\/\/obispadoarica.cl\/home\/wp-content\/uploads\/2024\/09\/img_gale_66ec5d14e9e31_19092024.jpeg 1000w, https:\/\/obispadoarica.cl\/home\/wp-content\/uploads\/2024\/09\/img_gale_66ec5d14e9e31_19092024-300x225.jpeg 300w, https:\/\/obispadoarica.cl\/home\/wp-content\/uploads\/2024\/09\/img_gale_66ec5d14e9e31_19092024-768x576.jpeg 768w\" sizes=\"(max-width: 1000px) 100vw, 1000px\" \/><\/a><\/figure>\n\n\n\n<figure class=\"wp-block-image size-large\"><a href=\"https:\/\/obispadoarica.cl\/home\/wp-content\/uploads\/2024\/09\/img_gale_66ec5d14f3822_19092024.jpeg\"><img loading=\"lazy\" decoding=\"async\" width=\"1000\" height=\"750\" data-id=\"2869\" src=\"https:\/\/obispadoarica.cl\/home\/wp-content\/uploads\/2024\/09\/img_gale_66ec5d14f3822_19092024.jpeg\" alt=\"\" class=\"wp-image-2869\" srcset=\"https:\/\/obispadoarica.cl\/home\/wp-content\/uploads\/2024\/09\/img_gale_66ec5d14f3822_19092024.jpeg 1000w, https:\/\/obispadoarica.cl\/home\/wp-content\/uploads\/2024\/09\/img_gale_66ec5d14f3822_19092024-300x225.jpeg 300w, https:\/\/obispadoarica.cl\/home\/wp-content\/uploads\/2024\/09\/img_gale_66ec5d14f3822_19092024-768x576.jpeg 768w\" sizes=\"(max-width: 1000px) 100vw, 1000px\" \/><\/a><\/figure>\n\n\n\n<figure class=\"wp-block-image size-large\"><a href=\"https:\/\/obispadoarica.cl\/home\/wp-content\/uploads\/2024\/09\/img_gale_66ec5d1496145_19092024.jpeg\"><img loading=\"lazy\" decoding=\"async\" width=\"1000\" height=\"750\" data-id=\"2866\" src=\"https:\/\/obispadoarica.cl\/home\/wp-content\/uploads\/2024\/09\/img_gale_66ec5d1496145_19092024.jpeg\" alt=\"\" class=\"wp-image-2866\" srcset=\"https:\/\/obispadoarica.cl\/home\/wp-content\/uploads\/2024\/09\/img_gale_66ec5d1496145_19092024.jpeg 1000w, https:\/\/obispadoarica.cl\/home\/wp-content\/uploads\/2024\/09\/img_gale_66ec5d1496145_19092024-300x225.jpeg 300w, https:\/\/obispadoarica.cl\/home\/wp-content\/uploads\/2024\/09\/img_gale_66ec5d1496145_19092024-768x576.jpeg 768w\" sizes=\"(max-width: 1000px) 100vw, 1000px\" \/><\/a><\/figure>\n<\/figure>\n","protected":false},"excerpt":{"rendered":"<p>En la Iglesia Catedral, del extremo norte de Chile, se llev\u00f3 a cabo la tradicional liturgia en acci\u00f3n de gracias a Dios por aniversario patrio. En tradicional liturgia republicana, el Obispo de San Marcos de Arica, Mons. Mois\u00e9s Atisha, presidi\u00f3 la ceremonia en la Iglesia Catedral con las m\u00e1s altas autoridades de la Regi\u00f3n de [&#8230;]\n","protected":false},"author":2,"featured_media":2866,"comment_status":"closed","ping_status":"open","sticky":false,"template":"","format":"standard","meta":{"footnotes":""},"categories":[7],"tags":[],"class_list":["post-2861","post","type-post","status-publish","format-standard","has-post-thumbnail","hentry","category-noticias"],"yoast_head":"<!-- This site is optimized with the Yoast SEO plugin v24.6 - https:\/\/yoast.com\/wordpress\/plugins\/seo\/ -->\n<title>Te Deum en San Marcos de Arica - Obispado San Marcos de Arica<\/title>\n<meta name=\"robots\" content=\"index, follow, max-snippet:-1, max-image-preview:large, max-video-preview:-1\" \/>\n<link rel=\"canonical\" href=\"https:\/\/obispadoarica.cl\/home\/te-deum-en-san-marcos-de-arica\/\" \/>\n<meta property=\"og:locale\" content=\"es_ES\" \/>\n<meta property=\"og:type\" content=\"article\" \/>\n<meta property=\"og:title\" content=\"Te Deum en San Marcos de Arica - Obispado San Marcos de Arica\" \/>\n<meta property=\"og:description\" content=\"En la Iglesia Catedral, del extremo norte de Chile, se llev\u00f3 a cabo la tradicional liturgia en acci\u00f3n de gracias a Dios por aniversario patrio. En tradicional liturgia republicana, el Obispo de San Marcos de Arica, Mons. Mois\u00e9s Atisha, presidi\u00f3 la ceremonia en la Iglesia Catedral con las m\u00e1s altas autoridades de la Regi\u00f3n de [...]\" \/>\n<meta property=\"og:url\" content=\"https:\/\/obispadoarica.cl\/home\/te-deum-en-san-marcos-de-arica\/\" \/>\n<meta property=\"og:site_name\" content=\"Obispado San Marcos de Arica\" \/>\n<meta property=\"article:published_time\" content=\"2024-09-23T21:53:40+00:00\" \/>\n<meta property=\"article:modified_time\" content=\"2025-03-09T00:47:31+00:00\" \/>\n<meta property=\"og:image\" content=\"https:\/\/obispadoarica.cl\/home\/wp-content\/uploads\/2024\/09\/img_gale_66ec5d1496145_19092024.jpeg\" \/>\n\t<meta property=\"og:image:width\" content=\"1000\" \/>\n\t<meta property=\"og:image:height\" content=\"750\" \/>\n\t<meta property=\"og:image:type\" content=\"image\/jpeg\" \/>\n<meta name=\"author\" content=\"Obispado de Arica\" \/>\n<meta name=\"twitter:card\" content=\"summary_large_image\" \/>\n<meta name=\"twitter:label1\" content=\"Escrito por\" \/>\n\t<meta name=\"twitter:data1\" content=\"Obispado de Arica\" \/>\n\t<meta name=\"twitter:label2\" content=\"Tiempo de lectura\" \/>\n\t<meta name=\"twitter:data2\" content=\"7 minutos\" \/>\n<script type=\"application\/ld+json\" class=\"yoast-schema-graph\">{\"@context\":\"https:\/\/schema.org\",\"@graph\":[{\"@type\":\"WebPage\",\"@id\":\"https:\/\/obispadoarica.cl\/home\/te-deum-en-san-marcos-de-arica\/\",\"url\":\"https:\/\/obispadoarica.cl\/home\/te-deum-en-san-marcos-de-arica\/\",\"name\":\"Te Deum en San Marcos de Arica - Obispado San Marcos de Arica\",\"isPartOf\":{\"@id\":\"https:\/\/obispadoarica.cl\/home\/#website\"},\"primaryImageOfPage\":{\"@id\":\"https:\/\/obispadoarica.cl\/home\/te-deum-en-san-marcos-de-arica\/#primaryimage\"},\"image\":{\"@id\":\"https:\/\/obispadoarica.cl\/home\/te-deum-en-san-marcos-de-arica\/#primaryimage\"},\"thumbnailUrl\":\"https:\/\/obispadoarica.cl\/home\/wp-content\/uploads\/2024\/09\/img_gale_66ec5d1496145_19092024.jpeg\",\"datePublished\":\"2024-09-23T21:53:40+00:00\",\"dateModified\":\"2025-03-09T00:47:31+00:00\",\"author\":{\"@id\":\"https:\/\/obispadoarica.cl\/home\/#\/schema\/person\/1a8f4c2a3418412187dff039ecf9d97e\"},\"breadcrumb\":{\"@id\":\"https:\/\/obispadoarica.cl\/home\/te-deum-en-san-marcos-de-arica\/#breadcrumb\"},\"inLanguage\":\"es\",\"potentialAction\":[{\"@type\":\"ReadAction\",\"target\":[\"https:\/\/obispadoarica.cl\/home\/te-deum-en-san-marcos-de-arica\/\"]}]},{\"@type\":\"ImageObject\",\"inLanguage\":\"es\",\"@id\":\"https:\/\/obispadoarica.cl\/home\/te-deum-en-san-marcos-de-arica\/#primaryimage\",\"url\":\"https:\/\/obispadoarica.cl\/home\/wp-content\/uploads\/2024\/09\/img_gale_66ec5d1496145_19092024.jpeg\",\"contentUrl\":\"https:\/\/obispadoarica.cl\/home\/wp-content\/uploads\/2024\/09\/img_gale_66ec5d1496145_19092024.jpeg\",\"width\":1000,\"height\":750},{\"@type\":\"BreadcrumbList\",\"@id\":\"https:\/\/obispadoarica.cl\/home\/te-deum-en-san-marcos-de-arica\/#breadcrumb\",\"itemListElement\":[{\"@type\":\"ListItem\",\"position\":1,\"name\":\"Portada\",\"item\":\"https:\/\/obispadoarica.cl\/home\/\"},{\"@type\":\"ListItem\",\"position\":2,\"name\":\"Te Deum en San Marcos de Arica\"}]},{\"@type\":\"WebSite\",\"@id\":\"https:\/\/obispadoarica.cl\/home\/#website\",\"url\":\"https:\/\/obispadoarica.cl\/home\/\",\"name\":\"Obispado San Marcos de Arica\",\"description\":\"Di\u00f3cesis San Marcos de Arica\",\"potentialAction\":[{\"@type\":\"SearchAction\",\"target\":{\"@type\":\"EntryPoint\",\"urlTemplate\":\"https:\/\/obispadoarica.cl\/home\/?s={search_term_string}\"},\"query-input\":{\"@type\":\"PropertyValueSpecification\",\"valueRequired\":true,\"valueName\":\"search_term_string\"}}],\"inLanguage\":\"es\"},{\"@type\":\"Person\",\"@id\":\"https:\/\/obispadoarica.cl\/home\/#\/schema\/person\/1a8f4c2a3418412187dff039ecf9d97e\",\"name\":\"Obispado de Arica\",\"image\":{\"@type\":\"ImageObject\",\"inLanguage\":\"es\",\"@id\":\"https:\/\/obispadoarica.cl\/home\/#\/schema\/person\/image\/\",\"url\":\"https:\/\/secure.gravatar.com\/avatar\/c75d5ceafb11502016ed664658884b0b1b183fa6f96260878f47ac58f950c8d9?s=96&d=mm&r=g\",\"contentUrl\":\"https:\/\/secure.gravatar.com\/avatar\/c75d5ceafb11502016ed664658884b0b1b183fa6f96260878f47ac58f950c8d9?s=96&d=mm&r=g\",\"caption\":\"Obispado de Arica\"},\"url\":\"https:\/\/obispadoarica.cl\/home\/author\/c1300590\/\"}]}<\/script>\n<!-- \/ Yoast SEO plugin. -->","yoast_head_json":{"title":"Te Deum en San Marcos de Arica - Obispado San Marcos de Arica","robots":{"index":"index","follow":"follow","max-snippet":"max-snippet:-1","max-image-preview":"max-image-preview:large","max-video-preview":"max-video-preview:-1"},"canonical":"https:\/\/obispadoarica.cl\/home\/te-deum-en-san-marcos-de-arica\/","og_locale":"es_ES","og_type":"article","og_title":"Te Deum en San Marcos de Arica - Obispado San Marcos de Arica","og_description":"En la Iglesia Catedral, del extremo norte de Chile, se llev\u00f3 a cabo la tradicional liturgia en acci\u00f3n de gracias a Dios por aniversario patrio. En tradicional liturgia republicana, el Obispo de San Marcos de Arica, Mons. Mois\u00e9s Atisha, presidi\u00f3 la ceremonia en la Iglesia Catedral con las m\u00e1s altas autoridades de la Regi\u00f3n de [...]","og_url":"https:\/\/obispadoarica.cl\/home\/te-deum-en-san-marcos-de-arica\/","og_site_name":"Obispado San Marcos de Arica","article_published_time":"2024-09-23T21:53:40+00:00","article_modified_time":"2025-03-09T00:47:31+00:00","og_image":[{"width":1000,"height":750,"url":"https:\/\/obispadoarica.cl\/home\/wp-content\/uploads\/2024\/09\/img_gale_66ec5d1496145_19092024.jpeg","type":"image\/jpeg"}],"author":"Obispado de Arica","twitter_card":"summary_large_image","twitter_misc":{"Escrito por":"Obispado de Arica","Tiempo de lectura":"7 minutos"},"schema":{"@context":"https:\/\/schema.org","@graph":[{"@type":"WebPage","@id":"https:\/\/obispadoarica.cl\/home\/te-deum-en-san-marcos-de-arica\/","url":"https:\/\/obispadoarica.cl\/home\/te-deum-en-san-marcos-de-arica\/","name":"Te Deum en San Marcos de Arica - Obispado San Marcos de Arica","isPartOf":{"@id":"https:\/\/obispadoarica.cl\/home\/#website"},"primaryImageOfPage":{"@id":"https:\/\/obispadoarica.cl\/home\/te-deum-en-san-marcos-de-arica\/#primaryimage"},"image":{"@id":"https:\/\/obispadoarica.cl\/home\/te-deum-en-san-marcos-de-arica\/#primaryimage"},"thumbnailUrl":"https:\/\/obispadoarica.cl\/home\/wp-content\/uploads\/2024\/09\/img_gale_66ec5d1496145_19092024.jpeg","datePublished":"2024-09-23T21:53:40+00:00","dateModified":"2025-03-09T00:47:31+00:00","author":{"@id":"https:\/\/obispadoarica.cl\/home\/#\/schema\/person\/1a8f4c2a3418412187dff039ecf9d97e"},"breadcrumb":{"@id":"https:\/\/obispadoarica.cl\/home\/te-deum-en-san-marcos-de-arica\/#breadcrumb"},"inLanguage":"es","potentialAction":[{"@type":"ReadAction","target":["https:\/\/obispadoarica.cl\/home\/te-deum-en-san-marcos-de-arica\/"]}]},{"@type":"ImageObject","inLanguage":"es","@id":"https:\/\/obispadoarica.cl\/home\/te-deum-en-san-marcos-de-arica\/#primaryimage","url":"https:\/\/obispadoarica.cl\/home\/wp-content\/uploads\/2024\/09\/img_gale_66ec5d1496145_19092024.jpeg","contentUrl":"https:\/\/obispadoarica.cl\/home\/wp-content\/uploads\/2024\/09\/img_gale_66ec5d1496145_19092024.jpeg","width":1000,"height":750},{"@type":"BreadcrumbList","@id":"https:\/\/obispadoarica.cl\/home\/te-deum-en-san-marcos-de-arica\/#breadcrumb","itemListElement":[{"@type":"ListItem","position":1,"name":"Portada","item":"https:\/\/obispadoarica.cl\/home\/"},{"@type":"ListItem","position":2,"name":"Te Deum en San Marcos de Arica"}]},{"@type":"WebSite","@id":"https:\/\/obispadoarica.cl\/home\/#website","url":"https:\/\/obispadoarica.cl\/home\/","name":"Obispado San Marcos de Arica","description":"Di\u00f3cesis San Marcos de Arica","potentialAction":[{"@type":"SearchAction","target":{"@type":"EntryPoint","urlTemplate":"https:\/\/obispadoarica.cl\/home\/?s={search_term_string}"},"query-input":{"@type":"PropertyValueSpecification","valueRequired":true,"valueName":"search_term_string"}}],"inLanguage":"es"},{"@type":"Person","@id":"https:\/\/obispadoarica.cl\/home\/#\/schema\/person\/1a8f4c2a3418412187dff039ecf9d97e","name":"Obispado de Arica","image":{"@type":"ImageObject","inLanguage":"es","@id":"https:\/\/obispadoarica.cl\/home\/#\/schema\/person\/image\/","url":"https:\/\/secure.gravatar.com\/avatar\/c75d5ceafb11502016ed664658884b0b1b183fa6f96260878f47ac58f950c8d9?s=96&d=mm&r=g","contentUrl":"https:\/\/secure.gravatar.com\/avatar\/c75d5ceafb11502016ed664658884b0b1b183fa6f96260878f47ac58f950c8d9?s=96&d=mm&r=g","caption":"Obispado de Arica"},"url":"https:\/\/obispadoarica.cl\/home\/author\/c1300590\/"}]}},"_links":{"self":[{"href":"https:\/\/obispadoarica.cl\/home\/wp-json\/wp\/v2\/posts\/2861","targetHints":{"allow":["GET"]}}],"collection":[{"href":"https:\/\/obispadoarica.cl\/home\/wp-json\/wp\/v2\/posts"}],"about":[{"href":"https:\/\/obispadoarica.cl\/home\/wp-json\/wp\/v2\/types\/post"}],"author":[{"embeddable":true,"href":"https:\/\/obispadoarica.cl\/home\/wp-json\/wp\/v2\/users\/2"}],"replies":[{"embeddable":true,"href":"https:\/\/obispadoarica.cl\/home\/wp-json\/wp\/v2\/comments?post=2861"}],"version-history":[{"count":1,"href":"https:\/\/obispadoarica.cl\/home\/wp-json\/wp\/v2\/posts\/2861\/revisions"}],"predecessor-version":[{"id":2872,"href":"https:\/\/obispadoarica.cl\/home\/wp-json\/wp\/v2\/posts\/2861\/revisions\/2872"}],"wp:featuredmedia":[{"embeddable":true,"href":"https:\/\/obispadoarica.cl\/home\/wp-json\/wp\/v2\/media\/2866"}],"wp:attachment":[{"href":"https:\/\/obispadoarica.cl\/home\/wp-json\/wp\/v2\/media?parent=2861"}],"wp:term":[{"taxonomy":"category","embeddable":true,"href":"https:\/\/obispadoarica.cl\/home\/wp-json\/wp\/v2\/categories?post=2861"},{"taxonomy":"post_tag","embeddable":true,"href":"https:\/\/obispadoarica.cl\/home\/wp-json\/wp\/v2\/tags?post=2861"}],"curies":[{"name":"wp","href":"https:\/\/api.w.org\/{rel}","templated":true}]}}