{"id":2885,"date":"2024-10-11T18:09:59","date_gmt":"2024-10-11T22:09:59","guid":{"rendered":"https:\/\/obispadoarica.cl\/home\/?p=2885"},"modified":"2025-03-08T20:47:31","modified_gmt":"2025-03-09T00:47:31","slug":"hogares-don-bosco-vive-experiencia-de-crecimiento-espiritual-en-arica","status":"publish","type":"post","link":"https:\/\/obispadoarica.cl\/home\/hogares-don-bosco-vive-experiencia-de-crecimiento-espiritual-en-arica\/","title":{"rendered":"Hogares Don Bosco vive experiencia de crecimiento espiritual en Arica"},"content":{"rendered":"\n\n\n<p><strong>Hogares Don Bosco de Arica<\/strong>&nbsp;celebr\u00f3 con \u00e9xito su&nbsp;<strong>segunda jornada de espiritualidad salesiana<\/strong>&nbsp;del a\u00f1o, apoyada desde la&nbsp;<strong>Animaci\u00f3n Familiar<\/strong>&nbsp;de la Inspector\u00eda Salesiana.&nbsp;<\/p>\n\n\n\n<p>Este encuentro se realiz\u00f3 el pasado s\u00e1bado 28 de septiembre en el&nbsp;<strong>Colegio Juan Pablo II<\/strong>&nbsp;y cont\u00f3 con la valiosa colaboraci\u00f3n de un equipo liderado por el&nbsp;<strong>P. Jos\u00e9 Lino Y\u00e1\u00f1ez y Jorge Gonz\u00e1lez<\/strong>, quien con una amplia trayectoria en el \u00e1mbito salesiano, aport\u00f3 su experiencia en&nbsp;<strong>formaci\u00f3n familiar<\/strong>, enriqueciendo significativamente la jornada desde su&nbsp;<strong>quehacer docente, catequista y orientador educativo.<\/strong><\/p>\n\n\n\n<p>La actividad congreg\u00f3 a<strong>&nbsp;m\u00e1s de cuarenta participantes<\/strong>, entre los que se encontraban&nbsp;<strong>miembros de EPE y EME, exalumnas de Mar\u00eda Auxiliadora y Voluntarias de Hospital.&nbsp;<\/strong><\/p>\n\n\n\n<p>Todos ellos compartieron un d\u00eda de profunda reflexi\u00f3n y crecimiento espiritual, fortaleciendo los lazos fraternos que caracterizan a la comunidad salesiana de Arica.<\/p>\n\n\n\n<p>Los talleres, cuidadosamente dise\u00f1ados por el equipo organizador, incluyeron<strong>&nbsp;sesiones de Lectio Divina<\/strong>&nbsp;que permitieron a los participantes&nbsp;<strong>profundizar en la Palabra de Dios<\/strong>&nbsp;y encontrar en ella un alimento espiritual para su vida diaria.&nbsp;<\/p>\n\n\n\n<p>Se realizaron catequesis inspiradas en las&nbsp;<strong>ense\u00f1anzas del Papa Francisco<\/strong>&nbsp;sobre el&nbsp;<strong>celo apost\u00f3lico del laico<\/strong>, que invitaron a los presentes a reflexionar sobre su misi\u00f3n evangelizadora en el mundo contempor\u00e1neo.<\/p>\n\n\n\n<p>La presencia de Don Bosco y Mar\u00eda Auxiliadora se hizo sentir a lo largo de toda la jornada, creando un&nbsp;<strong>ambiente de oraci\u00f3n y reflexi\u00f3n<\/strong>&nbsp;que favoreci\u00f3 el encuentro personal con Dios. Los participantes tuvieron la oportunidad de&nbsp;<strong>compartir sus experiencias, testimonios y desaf\u00edos<\/strong>, fortaleciendo los v\u00ednculos comunitarios y reafirmando su compromiso con la misi\u00f3n salesiana.<\/p>\n\n\n\n<p>Esta&nbsp;<strong>jornada de espiritualidad salesiana<\/strong>&nbsp;fue un claro ejemplo del dinamismo y la vitalidad de la familia de Hogares Don Bosco en Arica. Gracias al trabajo en equipo y al compromiso de todos los participantes, se logr\u00f3 crear un&nbsp;<strong>espacio de encuentro, formaci\u00f3n y crecimiento espiritual&nbsp;<\/strong>que dej\u00f3 una profunda huella en cada uno de los presentes.<\/p>\n\n\n\n<p><strong>FUENTE:<\/strong>&nbsp;Comunicaciones Salesianos Chile<\/p>\n\n\n\n<figure class=\"wp-block-gallery has-nested-images columns-default is-cropped wp-block-gallery-1 is-layout-flex wp-block-gallery-is-layout-flex\">\n<figure class=\"wp-block-image size-large\"><a href=\"https:\/\/obispadoarica.cl\/home\/wp-content\/uploads\/2024\/10\/hdb-arica-1.png\"><img fetchpriority=\"high\" decoding=\"async\" width=\"1024\" height=\"683\" data-id=\"2886\" src=\"https:\/\/obispadoarica.cl\/home\/wp-content\/uploads\/2024\/10\/hdb-arica-1-1024x683.png\" alt=\"\" class=\"wp-image-2886\" srcset=\"https:\/\/obispadoarica.cl\/home\/wp-content\/uploads\/2024\/10\/hdb-arica-1-1024x683.png 1024w, https:\/\/obispadoarica.cl\/home\/wp-content\/uploads\/2024\/10\/hdb-arica-1-300x200.png 300w, https:\/\/obispadoarica.cl\/home\/wp-content\/uploads\/2024\/10\/hdb-arica-1-768x512.png 768w, https:\/\/obispadoarica.cl\/home\/wp-content\/uploads\/2024\/10\/hdb-arica-1.png 1200w\" sizes=\"(max-width: 1024px) 100vw, 1024px\" \/><\/a><\/figure>\n\n\n\n<figure class=\"wp-block-image size-large\"><a href=\"https:\/\/obispadoarica.cl\/home\/wp-content\/uploads\/2024\/10\/hdb-arica-2.png\"><img decoding=\"async\" width=\"1024\" height=\"683\" data-id=\"2887\" src=\"https:\/\/obispadoarica.cl\/home\/wp-content\/uploads\/2024\/10\/hdb-arica-2-1024x683.png\" alt=\"\" class=\"wp-image-2887\" srcset=\"https:\/\/obispadoarica.cl\/home\/wp-content\/uploads\/2024\/10\/hdb-arica-2-1024x683.png 1024w, https:\/\/obispadoarica.cl\/home\/wp-content\/uploads\/2024\/10\/hdb-arica-2-300x200.png 300w, https:\/\/obispadoarica.cl\/home\/wp-content\/uploads\/2024\/10\/hdb-arica-2-768x512.png 768w, https:\/\/obispadoarica.cl\/home\/wp-content\/uploads\/2024\/10\/hdb-arica-2.png 1200w\" sizes=\"(max-width: 1024px) 100vw, 1024px\" \/><\/a><\/figure>\n\n\n\n<figure class=\"wp-block-image size-large\"><a href=\"https:\/\/obispadoarica.cl\/home\/wp-content\/uploads\/2024\/10\/hdb-arica-3.png\"><img decoding=\"async\" width=\"1024\" height=\"683\" data-id=\"2888\" src=\"https:\/\/obispadoarica.cl\/home\/wp-content\/uploads\/2024\/10\/hdb-arica-3-1024x683.png\" alt=\"\" class=\"wp-image-2888\" srcset=\"https:\/\/obispadoarica.cl\/home\/wp-content\/uploads\/2024\/10\/hdb-arica-3-1024x683.png 1024w, https:\/\/obispadoarica.cl\/home\/wp-content\/uploads\/2024\/10\/hdb-arica-3-300x200.png 300w, https:\/\/obispadoarica.cl\/home\/wp-content\/uploads\/2024\/10\/hdb-arica-3-768x512.png 768w, https:\/\/obispadoarica.cl\/home\/wp-content\/uploads\/2024\/10\/hdb-arica-3.png 1200w\" sizes=\"(max-width: 1024px) 100vw, 1024px\" \/><\/a><\/figure>\n<\/figure>\n","protected":false},"excerpt":{"rendered":"<p>Hogares Don Bosco de Arica&nbsp;celebr\u00f3 con \u00e9xito su&nbsp;segunda jornada de espiritualidad salesiana&nbsp;del a\u00f1o, apoyada desde la&nbsp;Animaci\u00f3n Familiar&nbsp;de la Inspector\u00eda Salesiana.&nbsp; Este encuentro se realiz\u00f3 el pasado s\u00e1bado 28 de septiembre en el&nbsp;Colegio Juan Pablo II&nbsp;y cont\u00f3 con la valiosa colaboraci\u00f3n de un equipo liderado por el&nbsp;P. Jos\u00e9 Lino Y\u00e1\u00f1ez y Jorge Gonz\u00e1lez, quien con una [&#8230;]\n","protected":false},"author":2,"featured_media":2886,"comment_status":"closed","ping_status":"open","sticky":false,"template":"","format":"standard","meta":{"footnotes":""},"categories":[7],"tags":[],"class_list":["post-2885","post","type-post","status-publish","format-standard","has-post-thumbnail","hentry","category-noticias"],"yoast_head":"<!-- This site is optimized with the Yoast SEO plugin v24.6 - https:\/\/yoast.com\/wordpress\/plugins\/seo\/ -->\n<title>Hogares Don Bosco vive experiencia de crecimiento espiritual en Arica - Obispado San Marcos de Arica<\/title>\n<meta name=\"robots\" content=\"index, follow, max-snippet:-1, max-image-preview:large, max-video-preview:-1\" \/>\n<link rel=\"canonical\" href=\"https:\/\/obispadoarica.cl\/home\/hogares-don-bosco-vive-experiencia-de-crecimiento-espiritual-en-arica\/\" \/>\n<meta property=\"og:locale\" content=\"es_ES\" \/>\n<meta property=\"og:type\" content=\"article\" \/>\n<meta property=\"og:title\" content=\"Hogares Don Bosco vive experiencia de crecimiento espiritual en Arica - Obispado San Marcos de Arica\" \/>\n<meta property=\"og:description\" content=\"Hogares Don Bosco de Arica&nbsp;celebr\u00f3 con \u00e9xito su&nbsp;segunda jornada de espiritualidad salesiana&nbsp;del a\u00f1o, apoyada desde la&nbsp;Animaci\u00f3n Familiar&nbsp;de la Inspector\u00eda Salesiana.&nbsp; Este encuentro se realiz\u00f3 el pasado s\u00e1bado 28 de septiembre en el&nbsp;Colegio Juan Pablo II&nbsp;y cont\u00f3 con la valiosa colaboraci\u00f3n de un equipo liderado por el&nbsp;P. Jos\u00e9 Lino Y\u00e1\u00f1ez y Jorge Gonz\u00e1lez, quien con una [...]\" \/>\n<meta property=\"og:url\" content=\"https:\/\/obispadoarica.cl\/home\/hogares-don-bosco-vive-experiencia-de-crecimiento-espiritual-en-arica\/\" \/>\n<meta property=\"og:site_name\" content=\"Obispado San Marcos de Arica\" \/>\n<meta property=\"article:published_time\" content=\"2024-10-11T22:09:59+00:00\" \/>\n<meta property=\"article:modified_time\" content=\"2025-03-09T00:47:31+00:00\" \/>\n<meta property=\"og:image\" content=\"https:\/\/obispadoarica.cl\/home\/wp-content\/uploads\/2024\/10\/hdb-arica-1.png\" \/>\n\t<meta property=\"og:image:width\" content=\"1200\" \/>\n\t<meta property=\"og:image:height\" content=\"800\" \/>\n\t<meta property=\"og:image:type\" content=\"image\/png\" \/>\n<meta name=\"author\" content=\"Obispado de Arica\" \/>\n<meta name=\"twitter:card\" content=\"summary_large_image\" \/>\n<meta name=\"twitter:label1\" content=\"Escrito por\" \/>\n\t<meta name=\"twitter:data1\" content=\"Obispado de Arica\" \/>\n\t<meta name=\"twitter:label2\" content=\"Tiempo de lectura\" \/>\n\t<meta name=\"twitter:data2\" content=\"3 minutos\" \/>\n<script type=\"application\/ld+json\" class=\"yoast-schema-graph\">{\"@context\":\"https:\/\/schema.org\",\"@graph\":[{\"@type\":\"WebPage\",\"@id\":\"https:\/\/obispadoarica.cl\/home\/hogares-don-bosco-vive-experiencia-de-crecimiento-espiritual-en-arica\/\",\"url\":\"https:\/\/obispadoarica.cl\/home\/hogares-don-bosco-vive-experiencia-de-crecimiento-espiritual-en-arica\/\",\"name\":\"Hogares Don Bosco vive experiencia de crecimiento espiritual en Arica - Obispado San Marcos de Arica\",\"isPartOf\":{\"@id\":\"https:\/\/obispadoarica.cl\/home\/#website\"},\"primaryImageOfPage\":{\"@id\":\"https:\/\/obispadoarica.cl\/home\/hogares-don-bosco-vive-experiencia-de-crecimiento-espiritual-en-arica\/#primaryimage\"},\"image\":{\"@id\":\"https:\/\/obispadoarica.cl\/home\/hogares-don-bosco-vive-experiencia-de-crecimiento-espiritual-en-arica\/#primaryimage\"},\"thumbnailUrl\":\"https:\/\/obispadoarica.cl\/home\/wp-content\/uploads\/2024\/10\/hdb-arica-1.png\",\"datePublished\":\"2024-10-11T22:09:59+00:00\",\"dateModified\":\"2025-03-09T00:47:31+00:00\",\"author\":{\"@id\":\"https:\/\/obispadoarica.cl\/home\/#\/schema\/person\/1a8f4c2a3418412187dff039ecf9d97e\"},\"breadcrumb\":{\"@id\":\"https:\/\/obispadoarica.cl\/home\/hogares-don-bosco-vive-experiencia-de-crecimiento-espiritual-en-arica\/#breadcrumb\"},\"inLanguage\":\"es\",\"potentialAction\":[{\"@type\":\"ReadAction\",\"target\":[\"https:\/\/obispadoarica.cl\/home\/hogares-don-bosco-vive-experiencia-de-crecimiento-espiritual-en-arica\/\"]}]},{\"@type\":\"ImageObject\",\"inLanguage\":\"es\",\"@id\":\"https:\/\/obispadoarica.cl\/home\/hogares-don-bosco-vive-experiencia-de-crecimiento-espiritual-en-arica\/#primaryimage\",\"url\":\"https:\/\/obispadoarica.cl\/home\/wp-content\/uploads\/2024\/10\/hdb-arica-1.png\",\"contentUrl\":\"https:\/\/obispadoarica.cl\/home\/wp-content\/uploads\/2024\/10\/hdb-arica-1.png\",\"width\":1200,\"height\":800},{\"@type\":\"BreadcrumbList\",\"@id\":\"https:\/\/obispadoarica.cl\/home\/hogares-don-bosco-vive-experiencia-de-crecimiento-espiritual-en-arica\/#breadcrumb\",\"itemListElement\":[{\"@type\":\"ListItem\",\"position\":1,\"name\":\"Portada\",\"item\":\"https:\/\/obispadoarica.cl\/home\/\"},{\"@type\":\"ListItem\",\"position\":2,\"name\":\"Hogares Don Bosco vive experiencia de crecimiento espiritual en Arica\"}]},{\"@type\":\"WebSite\",\"@id\":\"https:\/\/obispadoarica.cl\/home\/#website\",\"url\":\"https:\/\/obispadoarica.cl\/home\/\",\"name\":\"Obispado San Marcos de Arica\",\"description\":\"Di\u00f3cesis San Marcos de Arica\",\"potentialAction\":[{\"@type\":\"SearchAction\",\"target\":{\"@type\":\"EntryPoint\",\"urlTemplate\":\"https:\/\/obispadoarica.cl\/home\/?s={search_term_string}\"},\"query-input\":{\"@type\":\"PropertyValueSpecification\",\"valueRequired\":true,\"valueName\":\"search_term_string\"}}],\"inLanguage\":\"es\"},{\"@type\":\"Person\",\"@id\":\"https:\/\/obispadoarica.cl\/home\/#\/schema\/person\/1a8f4c2a3418412187dff039ecf9d97e\",\"name\":\"Obispado de Arica\",\"image\":{\"@type\":\"ImageObject\",\"inLanguage\":\"es\",\"@id\":\"https:\/\/obispadoarica.cl\/home\/#\/schema\/person\/image\/\",\"url\":\"https:\/\/secure.gravatar.com\/avatar\/c75d5ceafb11502016ed664658884b0b1b183fa6f96260878f47ac58f950c8d9?s=96&d=mm&r=g\",\"contentUrl\":\"https:\/\/secure.gravatar.com\/avatar\/c75d5ceafb11502016ed664658884b0b1b183fa6f96260878f47ac58f950c8d9?s=96&d=mm&r=g\",\"caption\":\"Obispado de Arica\"},\"url\":\"https:\/\/obispadoarica.cl\/home\/author\/c1300590\/\"}]}<\/script>\n<!-- \/ Yoast SEO plugin. -->","yoast_head_json":{"title":"Hogares Don Bosco vive experiencia de crecimiento espiritual en Arica - Obispado San Marcos de Arica","robots":{"index":"index","follow":"follow","max-snippet":"max-snippet:-1","max-image-preview":"max-image-preview:large","max-video-preview":"max-video-preview:-1"},"canonical":"https:\/\/obispadoarica.cl\/home\/hogares-don-bosco-vive-experiencia-de-crecimiento-espiritual-en-arica\/","og_locale":"es_ES","og_type":"article","og_title":"Hogares Don Bosco vive experiencia de crecimiento espiritual en Arica - Obispado San Marcos de Arica","og_description":"Hogares Don Bosco de Arica&nbsp;celebr\u00f3 con \u00e9xito su&nbsp;segunda jornada de espiritualidad salesiana&nbsp;del a\u00f1o, apoyada desde la&nbsp;Animaci\u00f3n Familiar&nbsp;de la Inspector\u00eda Salesiana.&nbsp; Este encuentro se realiz\u00f3 el pasado s\u00e1bado 28 de septiembre en el&nbsp;Colegio Juan Pablo II&nbsp;y cont\u00f3 con la valiosa colaboraci\u00f3n de un equipo liderado por el&nbsp;P. Jos\u00e9 Lino Y\u00e1\u00f1ez y Jorge Gonz\u00e1lez, quien con una [...]","og_url":"https:\/\/obispadoarica.cl\/home\/hogares-don-bosco-vive-experiencia-de-crecimiento-espiritual-en-arica\/","og_site_name":"Obispado San Marcos de Arica","article_published_time":"2024-10-11T22:09:59+00:00","article_modified_time":"2025-03-09T00:47:31+00:00","og_image":[{"width":1200,"height":800,"url":"https:\/\/obispadoarica.cl\/home\/wp-content\/uploads\/2024\/10\/hdb-arica-1.png","type":"image\/png"}],"author":"Obispado de Arica","twitter_card":"summary_large_image","twitter_misc":{"Escrito por":"Obispado de Arica","Tiempo de lectura":"3 minutos"},"schema":{"@context":"https:\/\/schema.org","@graph":[{"@type":"WebPage","@id":"https:\/\/obispadoarica.cl\/home\/hogares-don-bosco-vive-experiencia-de-crecimiento-espiritual-en-arica\/","url":"https:\/\/obispadoarica.cl\/home\/hogares-don-bosco-vive-experiencia-de-crecimiento-espiritual-en-arica\/","name":"Hogares Don Bosco vive experiencia de crecimiento espiritual en Arica - Obispado San Marcos de Arica","isPartOf":{"@id":"https:\/\/obispadoarica.cl\/home\/#website"},"primaryImageOfPage":{"@id":"https:\/\/obispadoarica.cl\/home\/hogares-don-bosco-vive-experiencia-de-crecimiento-espiritual-en-arica\/#primaryimage"},"image":{"@id":"https:\/\/obispadoarica.cl\/home\/hogares-don-bosco-vive-experiencia-de-crecimiento-espiritual-en-arica\/#primaryimage"},"thumbnailUrl":"https:\/\/obispadoarica.cl\/home\/wp-content\/uploads\/2024\/10\/hdb-arica-1.png","datePublished":"2024-10-11T22:09:59+00:00","dateModified":"2025-03-09T00:47:31+00:00","author":{"@id":"https:\/\/obispadoarica.cl\/home\/#\/schema\/person\/1a8f4c2a3418412187dff039ecf9d97e"},"breadcrumb":{"@id":"https:\/\/obispadoarica.cl\/home\/hogares-don-bosco-vive-experiencia-de-crecimiento-espiritual-en-arica\/#breadcrumb"},"inLanguage":"es","potentialAction":[{"@type":"ReadAction","target":["https:\/\/obispadoarica.cl\/home\/hogares-don-bosco-vive-experiencia-de-crecimiento-espiritual-en-arica\/"]}]},{"@type":"ImageObject","inLanguage":"es","@id":"https:\/\/obispadoarica.cl\/home\/hogares-don-bosco-vive-experiencia-de-crecimiento-espiritual-en-arica\/#primaryimage","url":"https:\/\/obispadoarica.cl\/home\/wp-content\/uploads\/2024\/10\/hdb-arica-1.png","contentUrl":"https:\/\/obispadoarica.cl\/home\/wp-content\/uploads\/2024\/10\/hdb-arica-1.png","width":1200,"height":800},{"@type":"BreadcrumbList","@id":"https:\/\/obispadoarica.cl\/home\/hogares-don-bosco-vive-experiencia-de-crecimiento-espiritual-en-arica\/#breadcrumb","itemListElement":[{"@type":"ListItem","position":1,"name":"Portada","item":"https:\/\/obispadoarica.cl\/home\/"},{"@type":"ListItem","position":2,"name":"Hogares Don Bosco vive experiencia de crecimiento espiritual en Arica"}]},{"@type":"WebSite","@id":"https:\/\/obispadoarica.cl\/home\/#website","url":"https:\/\/obispadoarica.cl\/home\/","name":"Obispado San Marcos de Arica","description":"Di\u00f3cesis San Marcos de Arica","potentialAction":[{"@type":"SearchAction","target":{"@type":"EntryPoint","urlTemplate":"https:\/\/obispadoarica.cl\/home\/?s={search_term_string}"},"query-input":{"@type":"PropertyValueSpecification","valueRequired":true,"valueName":"search_term_string"}}],"inLanguage":"es"},{"@type":"Person","@id":"https:\/\/obispadoarica.cl\/home\/#\/schema\/person\/1a8f4c2a3418412187dff039ecf9d97e","name":"Obispado de Arica","image":{"@type":"ImageObject","inLanguage":"es","@id":"https:\/\/obispadoarica.cl\/home\/#\/schema\/person\/image\/","url":"https:\/\/secure.gravatar.com\/avatar\/c75d5ceafb11502016ed664658884b0b1b183fa6f96260878f47ac58f950c8d9?s=96&d=mm&r=g","contentUrl":"https:\/\/secure.gravatar.com\/avatar\/c75d5ceafb11502016ed664658884b0b1b183fa6f96260878f47ac58f950c8d9?s=96&d=mm&r=g","caption":"Obispado de Arica"},"url":"https:\/\/obispadoarica.cl\/home\/author\/c1300590\/"}]}},"_links":{"self":[{"href":"https:\/\/obispadoarica.cl\/home\/wp-json\/wp\/v2\/posts\/2885","targetHints":{"allow":["GET"]}}],"collection":[{"href":"https:\/\/obispadoarica.cl\/home\/wp-json\/wp\/v2\/posts"}],"about":[{"href":"https:\/\/obispadoarica.cl\/home\/wp-json\/wp\/v2\/types\/post"}],"author":[{"embeddable":true,"href":"https:\/\/obispadoarica.cl\/home\/wp-json\/wp\/v2\/users\/2"}],"replies":[{"embeddable":true,"href":"https:\/\/obispadoarica.cl\/home\/wp-json\/wp\/v2\/comments?post=2885"}],"version-history":[{"count":1,"href":"https:\/\/obispadoarica.cl\/home\/wp-json\/wp\/v2\/posts\/2885\/revisions"}],"predecessor-version":[{"id":2889,"href":"https:\/\/obispadoarica.cl\/home\/wp-json\/wp\/v2\/posts\/2885\/revisions\/2889"}],"wp:featuredmedia":[{"embeddable":true,"href":"https:\/\/obispadoarica.cl\/home\/wp-json\/wp\/v2\/media\/2886"}],"wp:attachment":[{"href":"https:\/\/obispadoarica.cl\/home\/wp-json\/wp\/v2\/media?parent=2885"}],"wp:term":[{"taxonomy":"category","embeddable":true,"href":"https:\/\/obispadoarica.cl\/home\/wp-json\/wp\/v2\/categories?post=2885"},{"taxonomy":"post_tag","embeddable":true,"href":"https:\/\/obispadoarica.cl\/home\/wp-json\/wp\/v2\/tags?post=2885"}],"curies":[{"name":"wp","href":"https:\/\/api.w.org\/{rel}","templated":true}]}}