{"id":2890,"date":"2024-10-14T19:01:24","date_gmt":"2024-10-14T23:01:24","guid":{"rendered":"https:\/\/obispadoarica.cl\/home\/?p=2890"},"modified":"2025-03-08T20:47:31","modified_gmt":"2025-03-09T00:47:31","slug":"comite-permanente-del-episcopado-llama-a-participar-de-las-proximas-elecciones-cumpliendo-con-libertad-y-responsabilidad-las-obligaciones-civicas","status":"publish","type":"post","link":"https:\/\/obispadoarica.cl\/home\/comite-permanente-del-episcopado-llama-a-participar-de-las-proximas-elecciones-cumpliendo-con-libertad-y-responsabilidad-las-obligaciones-civicas\/","title":{"rendered":"Comit\u00e9 Permanente del Episcopado llama a participar de las pr\u00f3ximas elecciones cumpliendo con libertad y responsabilidad las obligaciones c\u00edvicas"},"content":{"rendered":"\n\n\n<p><em>El Comit\u00e9 Permanente de la Conferencia Episcopal de Chile (CECh), ha emitido una declaraci\u00f3n titulada \u201cCumplir con libertad y responsabilidad nuestras obligaciones c\u00edvicas\u201d, en la que invita a la ciudadan\u00eda a participar en las pr\u00f3ximas elecciones del s\u00e1bado 26 y domingo 27 de octubre. Para estos comicios -donde se elegir\u00e1 a gobernadores, consejeros, alcaldes y concejales- los obispos destacan la importancia de sufragar como expresi\u00f3n de participaci\u00f3n en el bien com\u00fan y de amor a la Patria.<\/em><\/p>\n\n\n\n<p>El mensaje es firmado por el&nbsp;<strong>Arzobispo de la Serena, Ren\u00e9 Rebolledo Salinas<\/strong>, Presidente de la CECh; el&nbsp;<strong>Arzobispo de Antofagasta, Ignacio Ducasse Medina<\/strong>, Vicepresidente; el&nbsp;<strong>Arzobispo de Santiago, Fernando Chomali Garib<\/strong>; el&nbsp;<strong>Obispo de San Bernardo, Juan Ignacio Gonz\u00e1lez Err\u00e1zuriz<\/strong>; y el&nbsp;<strong>Arzobispo de Concepci\u00f3n, Sergio P\u00e9rez de Arce Arriagada<\/strong>, ss.cc., Secretario General.<\/p>\n\n\n\n<p><strong>Un llamado a la responsabilidad c\u00edvica<\/strong><br>Los pastores subrayan que sufragar es una obligaci\u00f3n de los que tienen derecho a voto, llamando a \u201ca hacerlo con responsabilidad, teniendo en cuenta que, del buen ejercicio de las responsabilidades de las autoridades elegidas, se siguen muchas consecuencias para todos los ciudadanos\u201d.<\/p>\n\n\n\n<p><strong>El necesario discernimiento a la hora de elegir<\/strong><br>Los representantes del Episcopado recuerdan que \u201crespetando las opciones leg\u00edtimas de cada uno, al momento de decidir\u201d, es necesario \u201cdiscernir sobre algunos elementos\u201d especialmente importantes para el momento social, pol\u00edtico y econ\u00f3mico que vive el pa\u00eds: \u201cChile necesita autoridades conscientes de que los cargos de elecci\u00f3n popular son para servir a todos, sin distinci\u00f3n. Elegir las personas adecuadas es una garant\u00eda de la justicia y probidad, para excluir comportamientos re\u00f1idos con la honestidad, que tanta preocupaci\u00f3n han provocado \u00faltimamente en la inmensa mayor\u00eda del pa\u00eds\u201d.<\/p>\n\n\n\n<p><strong>Convicciones \u00e9ticas de los candidatos<\/strong><br>El documento resalta que es importante valorar las \u201cconvicciones \u00e9ticas\u201d de los candidatos en temas como: justicia social, la dignidad de la persona humana, los derechos laborales, la misi\u00f3n de los padres en la educaci\u00f3n de los hijos, la seguridad p\u00fablica, la exclusi\u00f3n de la violencia, entre otros. Agregan que esos \u00e1mbitos juegan un papel importante al decidir \u201cya que muchos de los recursos p\u00fablicos que se deben aplicar a esas pol\u00edticas, se realizan a trav\u00e9s de los gobiernos regionales y municipios\u201d.<\/p>\n\n\n\n<p><strong>Virtudes y honestidad de los servidores p\u00fablicos<\/strong><br>La Conferencia Episcopal enfatiza que un ejercicio democr\u00e1tico verdadero, requiere que \u201cquienes sean elegidos en las diversas instancias p\u00fablicas, destaquen por sus virtudes y su ejemplo de honestidad como ciudadanos\u201d. Esto ser\u00eda necesario para que sean capaces de guiar la sociedad y hacer prevalecer la justicia y la amistad c\u00edvica, \u201cen particular en relaci\u00f3n con las personas m\u00e1s carenciadas y olvidadas\u201d. Agregan, que un criterio esencial de la ense\u00f1anza de la Iglesia es que \u201cla autoridad debe dejarse guiar por la ley moral\u201d.<\/p>\n\n\n\n<p>Finalmente, los obispos ponen este momento en manos de la Virgen del Carmen, Reina y Madre de Chile, haciendo un llamado a cumplir con las obligaciones c\u00edvicas con libertad y responsabilidad, siempre buscando el bien del pa\u00eds.<\/p>\n\n\n\n<p><strong>Fuente: Comunicaciones CECh<\/strong><br><em>CECh, 14-10-2024<\/em><\/p>\n\n\n\n<figure class=\"wp-block-gallery has-nested-images columns-default is-cropped wp-block-gallery-1 is-layout-flex wp-block-gallery-is-layout-flex\">\n<figure class=\"wp-block-image size-large\"><a href=\"https:\/\/obispadoarica.cl\/home\/wp-content\/uploads\/2024\/10\/Gale670cfc1179e27_14102024_810am.jpg\"><img fetchpriority=\"high\" decoding=\"async\" width=\"1000\" height=\"667\" data-id=\"2893\" src=\"https:\/\/obispadoarica.cl\/home\/wp-content\/uploads\/2024\/10\/Gale670cfc1179e27_14102024_810am.jpg\" alt=\"\" class=\"wp-image-2893\" srcset=\"https:\/\/obispadoarica.cl\/home\/wp-content\/uploads\/2024\/10\/Gale670cfc1179e27_14102024_810am.jpg 1000w, https:\/\/obispadoarica.cl\/home\/wp-content\/uploads\/2024\/10\/Gale670cfc1179e27_14102024_810am-300x200.jpg 300w, https:\/\/obispadoarica.cl\/home\/wp-content\/uploads\/2024\/10\/Gale670cfc1179e27_14102024_810am-768x512.jpg 768w\" sizes=\"(max-width: 1000px) 100vw, 1000px\" \/><\/a><\/figure>\n\n\n\n<figure class=\"wp-block-image size-large\"><a href=\"https:\/\/obispadoarica.cl\/home\/wp-content\/uploads\/2024\/10\/Gale670cf7951c5ce_14102024_751am.jpg\"><img decoding=\"async\" width=\"1000\" height=\"563\" data-id=\"2892\" src=\"https:\/\/obispadoarica.cl\/home\/wp-content\/uploads\/2024\/10\/Gale670cf7951c5ce_14102024_751am.jpg\" alt=\"\" class=\"wp-image-2892\" srcset=\"https:\/\/obispadoarica.cl\/home\/wp-content\/uploads\/2024\/10\/Gale670cf7951c5ce_14102024_751am.jpg 1000w, https:\/\/obispadoarica.cl\/home\/wp-content\/uploads\/2024\/10\/Gale670cf7951c5ce_14102024_751am-300x169.jpg 300w, https:\/\/obispadoarica.cl\/home\/wp-content\/uploads\/2024\/10\/Gale670cf7951c5ce_14102024_751am-768x432.jpg 768w\" sizes=\"(max-width: 1000px) 100vw, 1000px\" \/><\/a><\/figure>\n<\/figure>\n\n\n\n<div data-wp-interactive=\"core\/file\" class=\"wp-block-file\"><object data-wp-bind--hidden=\"!state.hasPdfPreview\" hidden class=\"wp-block-file__embed\" data=\"https:\/\/obispadoarica.cl\/home\/wp-content\/uploads\/2024\/10\/Declaracion-CP-CECh-Cumplir-con-libertad-y-respon_241014_080311.pdf\" type=\"application\/pdf\" style=\"width:100%;height:600px\" aria-label=\"Incrustado de Declaracio\u0301n CP CECh Cumplir con libertad y respon_241014_080311.\"><\/object><a id=\"wp-block-file--media-eaf93da5-66b2-4b76-9647-9ede4c471692\" href=\"https:\/\/obispadoarica.cl\/home\/wp-content\/uploads\/2024\/10\/Declaracion-CP-CECh-Cumplir-con-libertad-y-respon_241014_080311.pdf\">Declaracio\u0301n CP CECh Cumplir con libertad y respon_241014_080311<\/a><a href=\"https:\/\/obispadoarica.cl\/home\/wp-content\/uploads\/2024\/10\/Declaracion-CP-CECh-Cumplir-con-libertad-y-respon_241014_080311.pdf\" class=\"wp-block-file__button wp-element-button\" download aria-describedby=\"wp-block-file--media-eaf93da5-66b2-4b76-9647-9ede4c471692\">Descarga<\/a><\/div>\n","protected":false},"excerpt":{"rendered":"<p>El Comit\u00e9 Permanente de la Conferencia Episcopal de Chile (CECh), ha emitido una declaraci\u00f3n titulada \u201cCumplir con libertad y responsabilidad nuestras obligaciones c\u00edvicas\u201d, en la que invita a la ciudadan\u00eda a participar en las pr\u00f3ximas elecciones del s\u00e1bado 26 y domingo 27 de octubre. Para estos comicios -donde se elegir\u00e1 a gobernadores, consejeros, alcaldes y [&#8230;]\n","protected":false},"author":2,"featured_media":2892,"comment_status":"closed","ping_status":"open","sticky":false,"template":"","format":"standard","meta":{"footnotes":""},"categories":[7],"tags":[],"class_list":["post-2890","post","type-post","status-publish","format-standard","has-post-thumbnail","hentry","category-noticias"],"yoast_head":"<!-- This site is optimized with the Yoast SEO plugin v24.6 - https:\/\/yoast.com\/wordpress\/plugins\/seo\/ -->\n<title>Comit\u00e9 Permanente del Episcopado llama a participar de las pr\u00f3ximas elecciones cumpliendo con libertad y responsabilidad las obligaciones c\u00edvicas - Obispado San Marcos de Arica<\/title>\n<meta name=\"robots\" content=\"index, follow, max-snippet:-1, max-image-preview:large, max-video-preview:-1\" \/>\n<link rel=\"canonical\" href=\"https:\/\/obispadoarica.cl\/home\/comite-permanente-del-episcopado-llama-a-participar-de-las-proximas-elecciones-cumpliendo-con-libertad-y-responsabilidad-las-obligaciones-civicas\/\" \/>\n<meta property=\"og:locale\" content=\"es_ES\" \/>\n<meta property=\"og:type\" content=\"article\" \/>\n<meta property=\"og:title\" content=\"Comit\u00e9 Permanente del Episcopado llama a participar de las pr\u00f3ximas elecciones cumpliendo con libertad y responsabilidad las obligaciones c\u00edvicas - Obispado San Marcos de Arica\" \/>\n<meta property=\"og:description\" content=\"El Comit\u00e9 Permanente de la Conferencia Episcopal de Chile (CECh), ha emitido una declaraci\u00f3n titulada \u201cCumplir con libertad y responsabilidad nuestras obligaciones c\u00edvicas\u201d, en la que invita a la ciudadan\u00eda a participar en las pr\u00f3ximas elecciones del s\u00e1bado 26 y domingo 27 de octubre. Para estos comicios -donde se elegir\u00e1 a gobernadores, consejeros, alcaldes y [...]\" \/>\n<meta property=\"og:url\" content=\"https:\/\/obispadoarica.cl\/home\/comite-permanente-del-episcopado-llama-a-participar-de-las-proximas-elecciones-cumpliendo-con-libertad-y-responsabilidad-las-obligaciones-civicas\/\" \/>\n<meta property=\"og:site_name\" content=\"Obispado San Marcos de Arica\" \/>\n<meta property=\"article:published_time\" content=\"2024-10-14T23:01:24+00:00\" \/>\n<meta property=\"article:modified_time\" content=\"2025-03-09T00:47:31+00:00\" \/>\n<meta property=\"og:image\" content=\"https:\/\/obispadoarica.cl\/home\/wp-content\/uploads\/2024\/10\/Gale670cf7951c5ce_14102024_751am.jpg\" \/>\n\t<meta property=\"og:image:width\" content=\"1000\" \/>\n\t<meta property=\"og:image:height\" content=\"563\" \/>\n\t<meta property=\"og:image:type\" content=\"image\/jpeg\" \/>\n<meta name=\"author\" content=\"Obispado de Arica\" \/>\n<meta name=\"twitter:card\" content=\"summary_large_image\" \/>\n<meta name=\"twitter:label1\" content=\"Escrito por\" \/>\n\t<meta name=\"twitter:data1\" content=\"Obispado de Arica\" \/>\n\t<meta name=\"twitter:label2\" content=\"Tiempo de lectura\" \/>\n\t<meta name=\"twitter:data2\" content=\"3 minutos\" \/>\n<script type=\"application\/ld+json\" class=\"yoast-schema-graph\">{\"@context\":\"https:\/\/schema.org\",\"@graph\":[{\"@type\":\"WebPage\",\"@id\":\"https:\/\/obispadoarica.cl\/home\/comite-permanente-del-episcopado-llama-a-participar-de-las-proximas-elecciones-cumpliendo-con-libertad-y-responsabilidad-las-obligaciones-civicas\/\",\"url\":\"https:\/\/obispadoarica.cl\/home\/comite-permanente-del-episcopado-llama-a-participar-de-las-proximas-elecciones-cumpliendo-con-libertad-y-responsabilidad-las-obligaciones-civicas\/\",\"name\":\"Comit\u00e9 Permanente del Episcopado llama a participar de las pr\u00f3ximas elecciones cumpliendo con libertad y responsabilidad las obligaciones c\u00edvicas - Obispado San Marcos de Arica\",\"isPartOf\":{\"@id\":\"https:\/\/obispadoarica.cl\/home\/#website\"},\"primaryImageOfPage\":{\"@id\":\"https:\/\/obispadoarica.cl\/home\/comite-permanente-del-episcopado-llama-a-participar-de-las-proximas-elecciones-cumpliendo-con-libertad-y-responsabilidad-las-obligaciones-civicas\/#primaryimage\"},\"image\":{\"@id\":\"https:\/\/obispadoarica.cl\/home\/comite-permanente-del-episcopado-llama-a-participar-de-las-proximas-elecciones-cumpliendo-con-libertad-y-responsabilidad-las-obligaciones-civicas\/#primaryimage\"},\"thumbnailUrl\":\"https:\/\/obispadoarica.cl\/home\/wp-content\/uploads\/2024\/10\/Gale670cf7951c5ce_14102024_751am.jpg\",\"datePublished\":\"2024-10-14T23:01:24+00:00\",\"dateModified\":\"2025-03-09T00:47:31+00:00\",\"author\":{\"@id\":\"https:\/\/obispadoarica.cl\/home\/#\/schema\/person\/1a8f4c2a3418412187dff039ecf9d97e\"},\"breadcrumb\":{\"@id\":\"https:\/\/obispadoarica.cl\/home\/comite-permanente-del-episcopado-llama-a-participar-de-las-proximas-elecciones-cumpliendo-con-libertad-y-responsabilidad-las-obligaciones-civicas\/#breadcrumb\"},\"inLanguage\":\"es\",\"potentialAction\":[{\"@type\":\"ReadAction\",\"target\":[\"https:\/\/obispadoarica.cl\/home\/comite-permanente-del-episcopado-llama-a-participar-de-las-proximas-elecciones-cumpliendo-con-libertad-y-responsabilidad-las-obligaciones-civicas\/\"]}]},{\"@type\":\"ImageObject\",\"inLanguage\":\"es\",\"@id\":\"https:\/\/obispadoarica.cl\/home\/comite-permanente-del-episcopado-llama-a-participar-de-las-proximas-elecciones-cumpliendo-con-libertad-y-responsabilidad-las-obligaciones-civicas\/#primaryimage\",\"url\":\"https:\/\/obispadoarica.cl\/home\/wp-content\/uploads\/2024\/10\/Gale670cf7951c5ce_14102024_751am.jpg\",\"contentUrl\":\"https:\/\/obispadoarica.cl\/home\/wp-content\/uploads\/2024\/10\/Gale670cf7951c5ce_14102024_751am.jpg\",\"width\":1000,\"height\":563},{\"@type\":\"BreadcrumbList\",\"@id\":\"https:\/\/obispadoarica.cl\/home\/comite-permanente-del-episcopado-llama-a-participar-de-las-proximas-elecciones-cumpliendo-con-libertad-y-responsabilidad-las-obligaciones-civicas\/#breadcrumb\",\"itemListElement\":[{\"@type\":\"ListItem\",\"position\":1,\"name\":\"Portada\",\"item\":\"https:\/\/obispadoarica.cl\/home\/\"},{\"@type\":\"ListItem\",\"position\":2,\"name\":\"Comit\u00e9 Permanente del Episcopado llama a participar de las pr\u00f3ximas elecciones cumpliendo con libertad y responsabilidad las obligaciones c\u00edvicas\"}]},{\"@type\":\"WebSite\",\"@id\":\"https:\/\/obispadoarica.cl\/home\/#website\",\"url\":\"https:\/\/obispadoarica.cl\/home\/\",\"name\":\"Obispado San Marcos de Arica\",\"description\":\"Di\u00f3cesis San Marcos de Arica\",\"potentialAction\":[{\"@type\":\"SearchAction\",\"target\":{\"@type\":\"EntryPoint\",\"urlTemplate\":\"https:\/\/obispadoarica.cl\/home\/?s={search_term_string}\"},\"query-input\":{\"@type\":\"PropertyValueSpecification\",\"valueRequired\":true,\"valueName\":\"search_term_string\"}}],\"inLanguage\":\"es\"},{\"@type\":\"Person\",\"@id\":\"https:\/\/obispadoarica.cl\/home\/#\/schema\/person\/1a8f4c2a3418412187dff039ecf9d97e\",\"name\":\"Obispado de Arica\",\"image\":{\"@type\":\"ImageObject\",\"inLanguage\":\"es\",\"@id\":\"https:\/\/obispadoarica.cl\/home\/#\/schema\/person\/image\/\",\"url\":\"https:\/\/secure.gravatar.com\/avatar\/c75d5ceafb11502016ed664658884b0b1b183fa6f96260878f47ac58f950c8d9?s=96&d=mm&r=g\",\"contentUrl\":\"https:\/\/secure.gravatar.com\/avatar\/c75d5ceafb11502016ed664658884b0b1b183fa6f96260878f47ac58f950c8d9?s=96&d=mm&r=g\",\"caption\":\"Obispado de Arica\"},\"url\":\"https:\/\/obispadoarica.cl\/home\/author\/c1300590\/\"}]}<\/script>\n<!-- \/ Yoast SEO plugin. -->","yoast_head_json":{"title":"Comit\u00e9 Permanente del Episcopado llama a participar de las pr\u00f3ximas elecciones cumpliendo con libertad y responsabilidad las obligaciones c\u00edvicas - Obispado San Marcos de Arica","robots":{"index":"index","follow":"follow","max-snippet":"max-snippet:-1","max-image-preview":"max-image-preview:large","max-video-preview":"max-video-preview:-1"},"canonical":"https:\/\/obispadoarica.cl\/home\/comite-permanente-del-episcopado-llama-a-participar-de-las-proximas-elecciones-cumpliendo-con-libertad-y-responsabilidad-las-obligaciones-civicas\/","og_locale":"es_ES","og_type":"article","og_title":"Comit\u00e9 Permanente del Episcopado llama a participar de las pr\u00f3ximas elecciones cumpliendo con libertad y responsabilidad las obligaciones c\u00edvicas - Obispado San Marcos de Arica","og_description":"El Comit\u00e9 Permanente de la Conferencia Episcopal de Chile (CECh), ha emitido una declaraci\u00f3n titulada \u201cCumplir con libertad y responsabilidad nuestras obligaciones c\u00edvicas\u201d, en la que invita a la ciudadan\u00eda a participar en las pr\u00f3ximas elecciones del s\u00e1bado 26 y domingo 27 de octubre. Para estos comicios -donde se elegir\u00e1 a gobernadores, consejeros, alcaldes y [...]","og_url":"https:\/\/obispadoarica.cl\/home\/comite-permanente-del-episcopado-llama-a-participar-de-las-proximas-elecciones-cumpliendo-con-libertad-y-responsabilidad-las-obligaciones-civicas\/","og_site_name":"Obispado San Marcos de Arica","article_published_time":"2024-10-14T23:01:24+00:00","article_modified_time":"2025-03-09T00:47:31+00:00","og_image":[{"width":1000,"height":563,"url":"https:\/\/obispadoarica.cl\/home\/wp-content\/uploads\/2024\/10\/Gale670cf7951c5ce_14102024_751am.jpg","type":"image\/jpeg"}],"author":"Obispado de Arica","twitter_card":"summary_large_image","twitter_misc":{"Escrito por":"Obispado de Arica","Tiempo de lectura":"3 minutos"},"schema":{"@context":"https:\/\/schema.org","@graph":[{"@type":"WebPage","@id":"https:\/\/obispadoarica.cl\/home\/comite-permanente-del-episcopado-llama-a-participar-de-las-proximas-elecciones-cumpliendo-con-libertad-y-responsabilidad-las-obligaciones-civicas\/","url":"https:\/\/obispadoarica.cl\/home\/comite-permanente-del-episcopado-llama-a-participar-de-las-proximas-elecciones-cumpliendo-con-libertad-y-responsabilidad-las-obligaciones-civicas\/","name":"Comit\u00e9 Permanente del Episcopado llama a participar de las pr\u00f3ximas elecciones cumpliendo con libertad y responsabilidad las obligaciones c\u00edvicas - Obispado San Marcos de Arica","isPartOf":{"@id":"https:\/\/obispadoarica.cl\/home\/#website"},"primaryImageOfPage":{"@id":"https:\/\/obispadoarica.cl\/home\/comite-permanente-del-episcopado-llama-a-participar-de-las-proximas-elecciones-cumpliendo-con-libertad-y-responsabilidad-las-obligaciones-civicas\/#primaryimage"},"image":{"@id":"https:\/\/obispadoarica.cl\/home\/comite-permanente-del-episcopado-llama-a-participar-de-las-proximas-elecciones-cumpliendo-con-libertad-y-responsabilidad-las-obligaciones-civicas\/#primaryimage"},"thumbnailUrl":"https:\/\/obispadoarica.cl\/home\/wp-content\/uploads\/2024\/10\/Gale670cf7951c5ce_14102024_751am.jpg","datePublished":"2024-10-14T23:01:24+00:00","dateModified":"2025-03-09T00:47:31+00:00","author":{"@id":"https:\/\/obispadoarica.cl\/home\/#\/schema\/person\/1a8f4c2a3418412187dff039ecf9d97e"},"breadcrumb":{"@id":"https:\/\/obispadoarica.cl\/home\/comite-permanente-del-episcopado-llama-a-participar-de-las-proximas-elecciones-cumpliendo-con-libertad-y-responsabilidad-las-obligaciones-civicas\/#breadcrumb"},"inLanguage":"es","potentialAction":[{"@type":"ReadAction","target":["https:\/\/obispadoarica.cl\/home\/comite-permanente-del-episcopado-llama-a-participar-de-las-proximas-elecciones-cumpliendo-con-libertad-y-responsabilidad-las-obligaciones-civicas\/"]}]},{"@type":"ImageObject","inLanguage":"es","@id":"https:\/\/obispadoarica.cl\/home\/comite-permanente-del-episcopado-llama-a-participar-de-las-proximas-elecciones-cumpliendo-con-libertad-y-responsabilidad-las-obligaciones-civicas\/#primaryimage","url":"https:\/\/obispadoarica.cl\/home\/wp-content\/uploads\/2024\/10\/Gale670cf7951c5ce_14102024_751am.jpg","contentUrl":"https:\/\/obispadoarica.cl\/home\/wp-content\/uploads\/2024\/10\/Gale670cf7951c5ce_14102024_751am.jpg","width":1000,"height":563},{"@type":"BreadcrumbList","@id":"https:\/\/obispadoarica.cl\/home\/comite-permanente-del-episcopado-llama-a-participar-de-las-proximas-elecciones-cumpliendo-con-libertad-y-responsabilidad-las-obligaciones-civicas\/#breadcrumb","itemListElement":[{"@type":"ListItem","position":1,"name":"Portada","item":"https:\/\/obispadoarica.cl\/home\/"},{"@type":"ListItem","position":2,"name":"Comit\u00e9 Permanente del Episcopado llama a participar de las pr\u00f3ximas elecciones cumpliendo con libertad y responsabilidad las obligaciones c\u00edvicas"}]},{"@type":"WebSite","@id":"https:\/\/obispadoarica.cl\/home\/#website","url":"https:\/\/obispadoarica.cl\/home\/","name":"Obispado San Marcos de Arica","description":"Di\u00f3cesis San Marcos de Arica","potentialAction":[{"@type":"SearchAction","target":{"@type":"EntryPoint","urlTemplate":"https:\/\/obispadoarica.cl\/home\/?s={search_term_string}"},"query-input":{"@type":"PropertyValueSpecification","valueRequired":true,"valueName":"search_term_string"}}],"inLanguage":"es"},{"@type":"Person","@id":"https:\/\/obispadoarica.cl\/home\/#\/schema\/person\/1a8f4c2a3418412187dff039ecf9d97e","name":"Obispado de Arica","image":{"@type":"ImageObject","inLanguage":"es","@id":"https:\/\/obispadoarica.cl\/home\/#\/schema\/person\/image\/","url":"https:\/\/secure.gravatar.com\/avatar\/c75d5ceafb11502016ed664658884b0b1b183fa6f96260878f47ac58f950c8d9?s=96&d=mm&r=g","contentUrl":"https:\/\/secure.gravatar.com\/avatar\/c75d5ceafb11502016ed664658884b0b1b183fa6f96260878f47ac58f950c8d9?s=96&d=mm&r=g","caption":"Obispado de Arica"},"url":"https:\/\/obispadoarica.cl\/home\/author\/c1300590\/"}]}},"_links":{"self":[{"href":"https:\/\/obispadoarica.cl\/home\/wp-json\/wp\/v2\/posts\/2890","targetHints":{"allow":["GET"]}}],"collection":[{"href":"https:\/\/obispadoarica.cl\/home\/wp-json\/wp\/v2\/posts"}],"about":[{"href":"https:\/\/obispadoarica.cl\/home\/wp-json\/wp\/v2\/types\/post"}],"author":[{"embeddable":true,"href":"https:\/\/obispadoarica.cl\/home\/wp-json\/wp\/v2\/users\/2"}],"replies":[{"embeddable":true,"href":"https:\/\/obispadoarica.cl\/home\/wp-json\/wp\/v2\/comments?post=2890"}],"version-history":[{"count":1,"href":"https:\/\/obispadoarica.cl\/home\/wp-json\/wp\/v2\/posts\/2890\/revisions"}],"predecessor-version":[{"id":2894,"href":"https:\/\/obispadoarica.cl\/home\/wp-json\/wp\/v2\/posts\/2890\/revisions\/2894"}],"wp:featuredmedia":[{"embeddable":true,"href":"https:\/\/obispadoarica.cl\/home\/wp-json\/wp\/v2\/media\/2892"}],"wp:attachment":[{"href":"https:\/\/obispadoarica.cl\/home\/wp-json\/wp\/v2\/media?parent=2890"}],"wp:term":[{"taxonomy":"category","embeddable":true,"href":"https:\/\/obispadoarica.cl\/home\/wp-json\/wp\/v2\/categories?post=2890"},{"taxonomy":"post_tag","embeddable":true,"href":"https:\/\/obispadoarica.cl\/home\/wp-json\/wp\/v2\/tags?post=2890"}],"curies":[{"name":"wp","href":"https:\/\/api.w.org\/{rel}","templated":true}]}}