{"id":2943,"date":"2024-10-26T20:47:27","date_gmt":"2024-10-27T00:47:27","guid":{"rendered":"https:\/\/obispadoarica.cl\/home\/?p=2943"},"modified":"2025-03-08T20:47:31","modified_gmt":"2025-03-09T00:47:31","slug":"papa-francisco-el-sinodo-un-don-del-espiritu-ahora-pasar-de-las-palabras-a-los-hechos","status":"publish","type":"post","link":"https:\/\/obispadoarica.cl\/home\/papa-francisco-el-sinodo-un-don-del-espiritu-ahora-pasar-de-las-palabras-a-los-hechos\/","title":{"rendered":"Papa Francisco: El S\u00ednodo, un don del Esp\u00edritu, ahora pasar de las palabras a los hechos"},"content":{"rendered":"\n\n\n<p><em>La tarde de este s\u00e1bado, 26 de octubre, en su discurso conclusivo a la XVI Asamblea General Ordinaria del S\u00ednodo, el Santo Padre anunci\u00f3 su intenci\u00f3n de \u201cno publicar\u201d una Exhortaci\u00f3n Apost\u00f3lica Postsinodal, porque en el Documento \u201chay ya indicaciones muy concretas que pueden ser una gu\u00eda para la misi\u00f3n de las Iglesias\u201d, por eso lo pone a \u201cdisposici\u00f3n de todos\u201d y al entreg\u00e1rselo al santo Pueblo de Dios, quiere \u201creconocer el valor del camino sinodal realizado\u201d.<\/em><\/p>\n\n\n\n<p>\u201cEl Documento sobre el que hemos expresado nuestro voto es un triple regalo: para m\u00ed, como Obispo de Roma; para todo el Pueblo de Dios y un regalo que no puede quedarse solo en nosotros\u201d. Este fue el centro del discurso que pronunci\u00f3 el Papa Francisco en la conclusi\u00f3n de los trabajos de la XVI Asamblea General Ordinaria del S\u00ednodo de los Obispos, la tarde de este s\u00e1bado, 26 de octubre, en el Aula Pablo VI del Vaticano.<\/p>\n\n\n\n<p><strong>El fruto de tres a\u00f1os de escucha<\/strong><br>Sobre el Documento final que fue aprobado en esta 17 Congregaci\u00f3n General del S\u00ednodo el Santo Padre destac\u00f3 el camino recorrido en este proceso sinodal que inici\u00f3 en septiembre de 2021 y que ahora concluye en la fase del \u201cDiscernimiento de los Pastores\u201d.<\/p>\n\n\n\n<p>\u201cCon el Documento Final hemos recogido el fruto de a\u00f1os, tres por lo menos, en los cuales nos hemos puesto a la escucha del Pueblo de Dios para comprender mejor c\u00f3mo ser \u2018Iglesia sinodal\u2019 a la escucha del Esp\u00edritu Santo en el tiempo presente. Las referencias b\u00edblicas que abren cada cap\u00edtulo disponen el mensaje confront\u00e1ndolo con los gestos y las palabras del Se\u00f1or resucitado que nos llama a ser testigos de su Evangelio, antes con la vida que con las palabras\u201d.<\/p>\n\n\n\n<p><strong>Un banquete \u201cpreparado por Dios para todos los pueblos\u201d<\/strong><br>Asimismo, el Papa Francisco indic\u00f3 que este Documento sobre el que han expresado su voto es un triple regalo para la Iglesia universal. Ante todo, es un regalo para \u00e9l como Obispo de Roma que necesita poner en pr\u00e1ctica la escucha. Un deber que se agrega al de \u201ccustodiar y promover la armon\u00eda que el Esp\u00edritu sigue difundiendo en la Iglesia de Dios, en las relaciones entre las Iglesias, no obstante, todos los esfuerzos, tensiones y divisiones que caracterizan su camino hacia la plena manifestaci\u00f3n del Reino de Dios. Un banquete, como nos dice la visi\u00f3n del profeta Isa\u00edas, \u201cpreparado por Dios para todos los pueblos\u201d, con la esperanza de que no falte ninguno.<br>\u201cY esto es lo que ense\u00f1a el Concilio Vaticano II cuando dice que la Iglesia es \u2018como un sacramento\u2019, que es signo e instrumento de la espera de Dios, que ya ha preparado la mesa y est\u00e1 esperando. Su gracia, a trav\u00e9s de su Esp\u00edritu, susurra palabras de amor en el coraz\u00f3n de cada uno. A nosotros se nos concede amplificar la voz de este susurro sin obstaculizarlo; para que abramos puertas sin levantar muros. No debemos comportarnos como \u2018dispensadores de la gracia\u2019 que se apropian del tesoro atando las manos del Dios misericordioso. Recuerden que comenzamos esta Asamblea sinodal pidiendo perd\u00f3n, sintiendo verg\u00fcenza, reconociendo que todos hemos sido misericordiados\u201d.<\/p>\n\n\n\n<p><strong>\u201cUna fiesta sin fin donde se renueva el encuentro contigo\u201d<\/strong><br>Y citando algunos a Madeleine Delbr\u00eal, la m\u00edstica de las periferias, que exhortaba, sobre todo, a \u00abno mostrarse r\u00edgido\u00bb, el Pont\u00edfice les ley\u00f3 algunos versos de la poeta francesa que son como una oraci\u00f3n.<br>\u201cPorque pienso que debes estar cansado de gente que hable siempre de servirte con aire de capitanes; de conocerte con \u00ednfulas de profesor; de alcanzarte a trav\u00e9s de reglas del deporte; de amarte como se ama en un viejo matrimonio. [\u2026] Haznos vivir nuestra vida, no como un juego de ajedrez en el que todo se calcula, no como un partido en el que todo es dif\u00edcil, no como un teorema que nos rompe la cabeza, sino como una fiesta sin fin donde se renueva el encuentro contigo, como un baile, como una danza entre los brazos de tu gracia, con la m\u00fasica universal del amor\u201d.<\/p>\n\n\n\n<p><strong>Indicaciones concretas para la misi\u00f3n de la Iglesia<\/strong><br>Estos versos pueden convertirse en la m\u00fasica de fondo para acoger el Documento Final, indic\u00f3 el Papa Francisco y a la luz de lo que ha surgido en el camino sinodal, habr\u00e1 que tomar decisiones para dar forma real a la convivencia de las diferencias. Y por ello, anuncia su intenci\u00f3n de no publicar una Exhortaci\u00f3n Apost\u00f3lica Postsinodal.<br>\u201cPor eso no pretendo publicar una \u201cexhortaci\u00f3n apost\u00f3lica\u201d. En el Documento hay ya indicaciones muy concretas que pueden ser una gu\u00eda para la misi\u00f3n de las Iglesias, en los diversos continentes, en los diferentes contextos, por eso lo pongo ahora a disposici\u00f3n de todos. Quiero, de este modo, reconocer el valor del camino sinodal realizado, que con este Documento entrego al santo Pueblo de Dios\u201d.<\/p>\n\n\n\n<p><strong>Se necesita tiempo para opciones que impliquen a toda la Iglesia<\/strong><br>Y sobre algunos aspectos de la vida de la Iglesia se\u00f1alados en el Documento, as\u00ed como sobre los temas confiados a los diez \u201cGrupos de Estudio\u201d, el Santo Padre afirm\u00f3 que, se necesita tiempo, a fin de llegar a opciones que impliquen a toda la Iglesia. Para ello, el Pont\u00edfice se\u00f1alo que seguir\u00e1 a la escucha de los obispos y de las Iglesias, y contar\u00e1 con la ayuda de la Secretar\u00eda General del S\u00ednodo y todos los Dicasterios de la Curia Romana.<br>\u201cEsto no es un modo para postergar al infinito las decisiones. Es lo que corresponde al estilo sinodal con el que tambi\u00e9n el ministerio petrino se ejercita: escuchar, convocar, discernir, decidir y evaluar. Y en estos pasos son necesarias las pausas, los silencios, la oraci\u00f3n. Es un estilo que estamos aprendiendo juntos, poco a poco. El Esp\u00edritu Santo nos llama y nos sostiene en este aprendizaje, que debemos comprender como proceso de conversi\u00f3n\u201d.<\/p>\n\n\n\n<p><strong>El valor del testimonio de la experiencia realizada<\/strong><br>El segundo aspecto del don que destac\u00f3 el Papa Francisco fue que, el Documento es un regalo para todo el Pueblo de Dios, en la variedad de sus expresiones.<\/p>\n\n\n\n<p>\u201cEs obvio que no todos se pondr\u00e1n a leerlo; ser\u00e1n sobre todo ustedes, junto con tantos otros, los que hagan accesible su contenido en las Iglesias locales. El texto, sin el testimonio de la experiencia realizada, perder\u00eda mucho de su valor\u201d.<\/p>\n\n\n\n<p><strong>Es posible caminar juntos en la diversidad<\/strong><br>Finalmente, el Santo Padre subray\u00f3 el valor del compartir de experiencias en este proceso sinodal, dijo que lo que hemos vivido es un regalo que no podemos guardar s\u00f3lo para nosotros.<br>\u201cEl impulso que proviene de esta experiencia, de la cual el Documento es un reflejo, nos da la valent\u00eda de testimoniar que es posible caminar juntos en la diversidad\u201d.<\/p>\n\n\n\n<p><strong>De las palabras compartidas a los hechos<\/strong><br>Venimos de todas las partes del mundo, marcados por la violencia, la pobreza, la indiferencia, record\u00f3 el Papa Francisco, pero todos juntos, con la esperanza que no defrauda, unidos en el amor de Dios derramado en nuestros corazones, indic\u00f3 el Pont\u00edfice, podemos no s\u00f3lo so\u00f1ar con la paz sino comprometernos con todas nuestras fuerzas para que, quiz\u00e1 sin hablar tanto de sinodalidad, la paz se realice por medio de procesos de escucha, di\u00e1logo y reconciliaci\u00f3n.<\/p>\n\n\n\n<p>\u201cLa Iglesia sinodal para la misi\u00f3n, ahora necesita que las palabras compartidas vayan acompa\u00f1adas por hechos\u201d.<br>Todo esto es don del Esp\u00edritu Santo, \u00c9l es quien crea la armon\u00eda, \u00c9l es la armon\u00eda concluy\u00f3 el Obispo de Roma, y dijo que, la armon\u00eda tambi\u00e9n contin\u00fae saliendo de esta Aula y el Soplo del Resucitado nos ayude a compartir los dones recibidos.<\/p>\n\n\n\n<p>&#8211;&nbsp;<a href=\"https:\/\/press.vatican.va\/content\/salastampa\/it\/bollettino\/pubblico\/2024\/10\/26\/0832\/01659.html\" target=\"_blank\" rel=\"noreferrer noopener\">Documento Finale della Seconda Sessione della XVI Assemblea Generale Ordinaria del Sinodo dei Vescovi (2-27 ottobre 2024)<\/a><\/p>\n\n\n\n<p><strong>Fuente:<\/strong><a href=\"https:\/\/www.vaticannews.va\/es\/papa\/news\/2024-10\/papa-francisco-discurso-conclusion-trabajos-sinodo-obispos-26-oc.html\" target=\"_blank\" rel=\"noreferrer noopener\">Vatican News<\/a><br><em>Ciudad del Vaticano, 26-10-2024<\/em><\/p>\n\n\n\n<figure class=\"wp-block-embed is-type-video is-provider-youtube wp-block-embed-youtube wp-embed-aspect-16-9 wp-has-aspect-ratio\"><div class=\"wp-block-embed__wrapper\">\n<iframe title=\"XVI Asamblea General Ordinaria del S\u00ednodo de los Obispos - Sesi\u00f3n de clausura, 26 de octubre de 2024\" width=\"1020\" height=\"574\" src=\"https:\/\/www.youtube.com\/embed\/A1Dw4OOgVGo?feature=oembed\" frameborder=\"0\" allow=\"accelerometer; autoplay; clipboard-write; encrypted-media; gyroscope; picture-in-picture; web-share\" referrerpolicy=\"strict-origin-when-cross-origin\" allowfullscreen><\/iframe>\n<\/div><\/figure>\n","protected":false},"excerpt":{"rendered":"<p>La tarde de este s\u00e1bado, 26 de octubre, en su discurso conclusivo a la XVI Asamblea General Ordinaria del S\u00ednodo, el Santo Padre anunci\u00f3 su intenci\u00f3n de \u201cno publicar\u201d una Exhortaci\u00f3n Apost\u00f3lica Postsinodal, porque en el Documento \u201chay ya indicaciones muy concretas que pueden ser una gu\u00eda para la misi\u00f3n de las Iglesias\u201d, por eso [&#8230;]\n","protected":false},"author":2,"featured_media":2944,"comment_status":"closed","ping_status":"open","sticky":false,"template":"","format":"standard","meta":{"footnotes":""},"categories":[7],"tags":[],"class_list":["post-2943","post","type-post","status-publish","format-standard","has-post-thumbnail","hentry","category-noticias"],"yoast_head":"<!-- This site is optimized with the Yoast SEO plugin v24.6 - https:\/\/yoast.com\/wordpress\/plugins\/seo\/ -->\n<title>Papa Francisco: El S\u00ednodo, un don del Esp\u00edritu, ahora pasar de las palabras a los hechos - Obispado San Marcos de Arica<\/title>\n<meta name=\"robots\" content=\"index, follow, max-snippet:-1, max-image-preview:large, max-video-preview:-1\" \/>\n<link rel=\"canonical\" href=\"https:\/\/obispadoarica.cl\/home\/papa-francisco-el-sinodo-un-don-del-espiritu-ahora-pasar-de-las-palabras-a-los-hechos\/\" \/>\n<meta property=\"og:locale\" content=\"es_ES\" \/>\n<meta property=\"og:type\" content=\"article\" \/>\n<meta property=\"og:title\" content=\"Papa Francisco: El S\u00ednodo, un don del Esp\u00edritu, ahora pasar de las palabras a los hechos - Obispado San Marcos de Arica\" \/>\n<meta property=\"og:description\" content=\"La tarde de este s\u00e1bado, 26 de octubre, en su discurso conclusivo a la XVI Asamblea General Ordinaria del S\u00ednodo, el Santo Padre anunci\u00f3 su intenci\u00f3n de \u201cno publicar\u201d una Exhortaci\u00f3n Apost\u00f3lica Postsinodal, porque en el Documento \u201chay ya indicaciones muy concretas que pueden ser una gu\u00eda para la misi\u00f3n de las Iglesias\u201d, por eso [...]\" \/>\n<meta property=\"og:url\" content=\"https:\/\/obispadoarica.cl\/home\/papa-francisco-el-sinodo-un-don-del-espiritu-ahora-pasar-de-las-palabras-a-los-hechos\/\" \/>\n<meta property=\"og:site_name\" content=\"Obispado San Marcos de Arica\" \/>\n<meta property=\"article:published_time\" content=\"2024-10-27T00:47:27+00:00\" \/>\n<meta property=\"article:modified_time\" content=\"2025-03-09T00:47:31+00:00\" \/>\n<meta property=\"og:image\" content=\"https:\/\/obispadoarica.cl\/home\/wp-content\/uploads\/2024\/10\/cq5dam.web_.800.800.jpeg\" \/>\n\t<meta property=\"og:image:width\" content=\"800\" \/>\n\t<meta property=\"og:image:height\" content=\"533\" \/>\n\t<meta property=\"og:image:type\" content=\"image\/jpeg\" \/>\n<meta name=\"author\" content=\"Obispado de Arica\" \/>\n<meta name=\"twitter:card\" content=\"summary_large_image\" \/>\n<meta name=\"twitter:label1\" content=\"Escrito por\" \/>\n\t<meta name=\"twitter:data1\" content=\"Obispado de Arica\" \/>\n\t<meta name=\"twitter:label2\" content=\"Tiempo de lectura\" \/>\n\t<meta name=\"twitter:data2\" content=\"7 minutos\" \/>\n<script type=\"application\/ld+json\" class=\"yoast-schema-graph\">{\"@context\":\"https:\/\/schema.org\",\"@graph\":[{\"@type\":\"WebPage\",\"@id\":\"https:\/\/obispadoarica.cl\/home\/papa-francisco-el-sinodo-un-don-del-espiritu-ahora-pasar-de-las-palabras-a-los-hechos\/\",\"url\":\"https:\/\/obispadoarica.cl\/home\/papa-francisco-el-sinodo-un-don-del-espiritu-ahora-pasar-de-las-palabras-a-los-hechos\/\",\"name\":\"Papa Francisco: El S\u00ednodo, un don del Esp\u00edritu, ahora pasar de las palabras a los hechos - Obispado San Marcos de Arica\",\"isPartOf\":{\"@id\":\"https:\/\/obispadoarica.cl\/home\/#website\"},\"primaryImageOfPage\":{\"@id\":\"https:\/\/obispadoarica.cl\/home\/papa-francisco-el-sinodo-un-don-del-espiritu-ahora-pasar-de-las-palabras-a-los-hechos\/#primaryimage\"},\"image\":{\"@id\":\"https:\/\/obispadoarica.cl\/home\/papa-francisco-el-sinodo-un-don-del-espiritu-ahora-pasar-de-las-palabras-a-los-hechos\/#primaryimage\"},\"thumbnailUrl\":\"https:\/\/obispadoarica.cl\/home\/wp-content\/uploads\/2024\/10\/cq5dam.web_.800.800.jpeg\",\"datePublished\":\"2024-10-27T00:47:27+00:00\",\"dateModified\":\"2025-03-09T00:47:31+00:00\",\"author\":{\"@id\":\"https:\/\/obispadoarica.cl\/home\/#\/schema\/person\/1a8f4c2a3418412187dff039ecf9d97e\"},\"breadcrumb\":{\"@id\":\"https:\/\/obispadoarica.cl\/home\/papa-francisco-el-sinodo-un-don-del-espiritu-ahora-pasar-de-las-palabras-a-los-hechos\/#breadcrumb\"},\"inLanguage\":\"es\",\"potentialAction\":[{\"@type\":\"ReadAction\",\"target\":[\"https:\/\/obispadoarica.cl\/home\/papa-francisco-el-sinodo-un-don-del-espiritu-ahora-pasar-de-las-palabras-a-los-hechos\/\"]}]},{\"@type\":\"ImageObject\",\"inLanguage\":\"es\",\"@id\":\"https:\/\/obispadoarica.cl\/home\/papa-francisco-el-sinodo-un-don-del-espiritu-ahora-pasar-de-las-palabras-a-los-hechos\/#primaryimage\",\"url\":\"https:\/\/obispadoarica.cl\/home\/wp-content\/uploads\/2024\/10\/cq5dam.web_.800.800.jpeg\",\"contentUrl\":\"https:\/\/obispadoarica.cl\/home\/wp-content\/uploads\/2024\/10\/cq5dam.web_.800.800.jpeg\",\"width\":800,\"height\":533},{\"@type\":\"BreadcrumbList\",\"@id\":\"https:\/\/obispadoarica.cl\/home\/papa-francisco-el-sinodo-un-don-del-espiritu-ahora-pasar-de-las-palabras-a-los-hechos\/#breadcrumb\",\"itemListElement\":[{\"@type\":\"ListItem\",\"position\":1,\"name\":\"Portada\",\"item\":\"https:\/\/obispadoarica.cl\/home\/\"},{\"@type\":\"ListItem\",\"position\":2,\"name\":\"Papa Francisco: El S\u00ednodo, un don del Esp\u00edritu, ahora pasar de las palabras a los hechos\"}]},{\"@type\":\"WebSite\",\"@id\":\"https:\/\/obispadoarica.cl\/home\/#website\",\"url\":\"https:\/\/obispadoarica.cl\/home\/\",\"name\":\"Obispado San Marcos de Arica\",\"description\":\"Di\u00f3cesis San Marcos de Arica\",\"potentialAction\":[{\"@type\":\"SearchAction\",\"target\":{\"@type\":\"EntryPoint\",\"urlTemplate\":\"https:\/\/obispadoarica.cl\/home\/?s={search_term_string}\"},\"query-input\":{\"@type\":\"PropertyValueSpecification\",\"valueRequired\":true,\"valueName\":\"search_term_string\"}}],\"inLanguage\":\"es\"},{\"@type\":\"Person\",\"@id\":\"https:\/\/obispadoarica.cl\/home\/#\/schema\/person\/1a8f4c2a3418412187dff039ecf9d97e\",\"name\":\"Obispado de Arica\",\"image\":{\"@type\":\"ImageObject\",\"inLanguage\":\"es\",\"@id\":\"https:\/\/obispadoarica.cl\/home\/#\/schema\/person\/image\/\",\"url\":\"https:\/\/secure.gravatar.com\/avatar\/c75d5ceafb11502016ed664658884b0b1b183fa6f96260878f47ac58f950c8d9?s=96&d=mm&r=g\",\"contentUrl\":\"https:\/\/secure.gravatar.com\/avatar\/c75d5ceafb11502016ed664658884b0b1b183fa6f96260878f47ac58f950c8d9?s=96&d=mm&r=g\",\"caption\":\"Obispado de Arica\"},\"url\":\"https:\/\/obispadoarica.cl\/home\/author\/c1300590\/\"}]}<\/script>\n<!-- \/ Yoast SEO plugin. -->","yoast_head_json":{"title":"Papa Francisco: El S\u00ednodo, un don del Esp\u00edritu, ahora pasar de las palabras a los hechos - Obispado San Marcos de Arica","robots":{"index":"index","follow":"follow","max-snippet":"max-snippet:-1","max-image-preview":"max-image-preview:large","max-video-preview":"max-video-preview:-1"},"canonical":"https:\/\/obispadoarica.cl\/home\/papa-francisco-el-sinodo-un-don-del-espiritu-ahora-pasar-de-las-palabras-a-los-hechos\/","og_locale":"es_ES","og_type":"article","og_title":"Papa Francisco: El S\u00ednodo, un don del Esp\u00edritu, ahora pasar de las palabras a los hechos - Obispado San Marcos de Arica","og_description":"La tarde de este s\u00e1bado, 26 de octubre, en su discurso conclusivo a la XVI Asamblea General Ordinaria del S\u00ednodo, el Santo Padre anunci\u00f3 su intenci\u00f3n de \u201cno publicar\u201d una Exhortaci\u00f3n Apost\u00f3lica Postsinodal, porque en el Documento \u201chay ya indicaciones muy concretas que pueden ser una gu\u00eda para la misi\u00f3n de las Iglesias\u201d, por eso [...]","og_url":"https:\/\/obispadoarica.cl\/home\/papa-francisco-el-sinodo-un-don-del-espiritu-ahora-pasar-de-las-palabras-a-los-hechos\/","og_site_name":"Obispado San Marcos de Arica","article_published_time":"2024-10-27T00:47:27+00:00","article_modified_time":"2025-03-09T00:47:31+00:00","og_image":[{"width":800,"height":533,"url":"https:\/\/obispadoarica.cl\/home\/wp-content\/uploads\/2024\/10\/cq5dam.web_.800.800.jpeg","type":"image\/jpeg"}],"author":"Obispado de Arica","twitter_card":"summary_large_image","twitter_misc":{"Escrito por":"Obispado de Arica","Tiempo de lectura":"7 minutos"},"schema":{"@context":"https:\/\/schema.org","@graph":[{"@type":"WebPage","@id":"https:\/\/obispadoarica.cl\/home\/papa-francisco-el-sinodo-un-don-del-espiritu-ahora-pasar-de-las-palabras-a-los-hechos\/","url":"https:\/\/obispadoarica.cl\/home\/papa-francisco-el-sinodo-un-don-del-espiritu-ahora-pasar-de-las-palabras-a-los-hechos\/","name":"Papa Francisco: El S\u00ednodo, un don del Esp\u00edritu, ahora pasar de las palabras a los hechos - Obispado San Marcos de Arica","isPartOf":{"@id":"https:\/\/obispadoarica.cl\/home\/#website"},"primaryImageOfPage":{"@id":"https:\/\/obispadoarica.cl\/home\/papa-francisco-el-sinodo-un-don-del-espiritu-ahora-pasar-de-las-palabras-a-los-hechos\/#primaryimage"},"image":{"@id":"https:\/\/obispadoarica.cl\/home\/papa-francisco-el-sinodo-un-don-del-espiritu-ahora-pasar-de-las-palabras-a-los-hechos\/#primaryimage"},"thumbnailUrl":"https:\/\/obispadoarica.cl\/home\/wp-content\/uploads\/2024\/10\/cq5dam.web_.800.800.jpeg","datePublished":"2024-10-27T00:47:27+00:00","dateModified":"2025-03-09T00:47:31+00:00","author":{"@id":"https:\/\/obispadoarica.cl\/home\/#\/schema\/person\/1a8f4c2a3418412187dff039ecf9d97e"},"breadcrumb":{"@id":"https:\/\/obispadoarica.cl\/home\/papa-francisco-el-sinodo-un-don-del-espiritu-ahora-pasar-de-las-palabras-a-los-hechos\/#breadcrumb"},"inLanguage":"es","potentialAction":[{"@type":"ReadAction","target":["https:\/\/obispadoarica.cl\/home\/papa-francisco-el-sinodo-un-don-del-espiritu-ahora-pasar-de-las-palabras-a-los-hechos\/"]}]},{"@type":"ImageObject","inLanguage":"es","@id":"https:\/\/obispadoarica.cl\/home\/papa-francisco-el-sinodo-un-don-del-espiritu-ahora-pasar-de-las-palabras-a-los-hechos\/#primaryimage","url":"https:\/\/obispadoarica.cl\/home\/wp-content\/uploads\/2024\/10\/cq5dam.web_.800.800.jpeg","contentUrl":"https:\/\/obispadoarica.cl\/home\/wp-content\/uploads\/2024\/10\/cq5dam.web_.800.800.jpeg","width":800,"height":533},{"@type":"BreadcrumbList","@id":"https:\/\/obispadoarica.cl\/home\/papa-francisco-el-sinodo-un-don-del-espiritu-ahora-pasar-de-las-palabras-a-los-hechos\/#breadcrumb","itemListElement":[{"@type":"ListItem","position":1,"name":"Portada","item":"https:\/\/obispadoarica.cl\/home\/"},{"@type":"ListItem","position":2,"name":"Papa Francisco: El S\u00ednodo, un don del Esp\u00edritu, ahora pasar de las palabras a los hechos"}]},{"@type":"WebSite","@id":"https:\/\/obispadoarica.cl\/home\/#website","url":"https:\/\/obispadoarica.cl\/home\/","name":"Obispado San Marcos de Arica","description":"Di\u00f3cesis San Marcos de Arica","potentialAction":[{"@type":"SearchAction","target":{"@type":"EntryPoint","urlTemplate":"https:\/\/obispadoarica.cl\/home\/?s={search_term_string}"},"query-input":{"@type":"PropertyValueSpecification","valueRequired":true,"valueName":"search_term_string"}}],"inLanguage":"es"},{"@type":"Person","@id":"https:\/\/obispadoarica.cl\/home\/#\/schema\/person\/1a8f4c2a3418412187dff039ecf9d97e","name":"Obispado de Arica","image":{"@type":"ImageObject","inLanguage":"es","@id":"https:\/\/obispadoarica.cl\/home\/#\/schema\/person\/image\/","url":"https:\/\/secure.gravatar.com\/avatar\/c75d5ceafb11502016ed664658884b0b1b183fa6f96260878f47ac58f950c8d9?s=96&d=mm&r=g","contentUrl":"https:\/\/secure.gravatar.com\/avatar\/c75d5ceafb11502016ed664658884b0b1b183fa6f96260878f47ac58f950c8d9?s=96&d=mm&r=g","caption":"Obispado de Arica"},"url":"https:\/\/obispadoarica.cl\/home\/author\/c1300590\/"}]}},"_links":{"self":[{"href":"https:\/\/obispadoarica.cl\/home\/wp-json\/wp\/v2\/posts\/2943","targetHints":{"allow":["GET"]}}],"collection":[{"href":"https:\/\/obispadoarica.cl\/home\/wp-json\/wp\/v2\/posts"}],"about":[{"href":"https:\/\/obispadoarica.cl\/home\/wp-json\/wp\/v2\/types\/post"}],"author":[{"embeddable":true,"href":"https:\/\/obispadoarica.cl\/home\/wp-json\/wp\/v2\/users\/2"}],"replies":[{"embeddable":true,"href":"https:\/\/obispadoarica.cl\/home\/wp-json\/wp\/v2\/comments?post=2943"}],"version-history":[{"count":1,"href":"https:\/\/obispadoarica.cl\/home\/wp-json\/wp\/v2\/posts\/2943\/revisions"}],"predecessor-version":[{"id":2945,"href":"https:\/\/obispadoarica.cl\/home\/wp-json\/wp\/v2\/posts\/2943\/revisions\/2945"}],"wp:featuredmedia":[{"embeddable":true,"href":"https:\/\/obispadoarica.cl\/home\/wp-json\/wp\/v2\/media\/2944"}],"wp:attachment":[{"href":"https:\/\/obispadoarica.cl\/home\/wp-json\/wp\/v2\/media?parent=2943"}],"wp:term":[{"taxonomy":"category","embeddable":true,"href":"https:\/\/obispadoarica.cl\/home\/wp-json\/wp\/v2\/categories?post=2943"},{"taxonomy":"post_tag","embeddable":true,"href":"https:\/\/obispadoarica.cl\/home\/wp-json\/wp\/v2\/tags?post=2943"}],"curies":[{"name":"wp","href":"https:\/\/api.w.org\/{rel}","templated":true}]}}