{"id":3023,"date":"2024-11-15T16:47:43","date_gmt":"2024-11-15T20:47:43","guid":{"rendered":"https:\/\/obispadoarica.cl\/home\/?p=3023"},"modified":"2025-03-08T20:46:43","modified_gmt":"2025-03-09T00:46:43","slug":"santa-eucaristia","status":"publish","type":"post","link":"https:\/\/obispadoarica.cl\/home\/santa-eucaristia\/","title":{"rendered":"Santa Eucarist\u00eda"},"content":{"rendered":"\n\n\n<p>&#x1f64f;&nbsp;<a href=\"https:\/\/www.instagram.com\/explore\/tags\/misa\/\">#Misa<\/a>&nbsp;por los 50 a\u00f1os de la Consagraci\u00f3n del Santuario de Maip\u00fa y el Tratado de&nbsp;<a href=\"https:\/\/www.instagram.com\/explore\/tags\/paz\/\">#paz<\/a>&nbsp;y&nbsp;<a href=\"https:\/\/www.instagram.com\/explore\/tags\/amistad\/\">#amistad<\/a>&nbsp;entre&nbsp;<a href=\"https:\/\/www.instagram.com\/explore\/tags\/argentina\/\">#Argentina<\/a>&nbsp;y&nbsp;<a href=\"https:\/\/www.instagram.com\/explore\/tags\/chile\/\">#Chile<\/a>&nbsp;&#x1f1e6;&#x1f1f7;&#x1f1e8;&#x1f1f1;&#x1f1fb;&#x1f1e6;<\/p>\n\n\n\n<p>Este s\u00e1bado 16 de noviembre a las 11:00 hrs., en el Templo Votivo de Maip\u00fa se realizar\u00e1 una Eucarist\u00eda por el 50\u00ba aniversario de la Consagraci\u00f3n del Santuario Nacional de Maip\u00fa a la&nbsp;<a href=\"https:\/\/www.instagram.com\/explore\/tags\/virgendelcarmen\/\">#VirgendelCarmen<\/a>&nbsp;en donde se conmemorar\u00e1n tambi\u00e9n los 40 a\u00f1os del Tratado de Paz y Amistad entre Argentina y Chile.<\/p>\n\n\n\n<p>La especial liturgia, que ser\u00e1 concelebrada por los Obispos de la Conferencia Espicopal de Chile que durante estos d\u00edas se han reunido en su 130\u00aa Asamblea Plenaria, contar\u00e1 con la presencia de autoridades de ambos pa\u00edses hermanos, que se unir\u00e1n a la conmemoraci\u00f3n, en el emblem\u00e1tico lugar donde se sell\u00f3 la independencia de Chile.<\/p>\n\n\n\n<p>La Misa est\u00e1 abierta a todas las personas y comunidades que quieran unirse a la celebraci\u00f3n, la que tambi\u00e9n ser\u00e1 transmitida en conjunto por las plataformas digitales de www.iglesia.cl y el Santuario Nacional de Maip\u00fa, adem\u00e1s de las diversas se\u00f1ales de Radio Mar\u00eda Chile y el canal ISB TV, que puede visualizarse a trav\u00e9s de distintos operadores de televisi\u00f3n del pa\u00eds.<\/p>\n\n\n\n<p>Mas detalles en iglesia.cl<\/p>\n","protected":false},"excerpt":{"rendered":"<p>&#x1f64f;&nbsp;#Misa&nbsp;por los 50 a\u00f1os de la Consagraci\u00f3n del Santuario de Maip\u00fa y el Tratado de&nbsp;#paz&nbsp;y&nbsp;#amistad&nbsp;entre&nbsp;#Argentina&nbsp;y&nbsp;#Chile&nbsp;&#x1f1e6;&#x1f1f7;&#x1f1e8;&#x1f1f1;&#x1f1fb;&#x1f1e6; Este s\u00e1bado 16 de noviembre a las 11:00 hrs., en el Templo Votivo de Maip\u00fa se realizar\u00e1 una Eucarist\u00eda por el 50\u00ba aniversario de la Consagraci\u00f3n del Santuario Nacional de Maip\u00fa a la&nbsp;#VirgendelCarmen&nbsp;en donde se conmemorar\u00e1n tambi\u00e9n los 40 a\u00f1os [&#8230;]\n","protected":false},"author":2,"featured_media":3024,"comment_status":"closed","ping_status":"open","sticky":false,"template":"","format":"standard","meta":{"footnotes":""},"categories":[1],"tags":[],"class_list":["post-3023","post","type-post","status-publish","format-standard","has-post-thumbnail","hentry","category-sin-categoria"],"yoast_head":"<!-- This site is optimized with the Yoast SEO plugin v24.6 - https:\/\/yoast.com\/wordpress\/plugins\/seo\/ -->\n<title>Santa Eucarist\u00eda - Obispado San Marcos de Arica<\/title>\n<meta name=\"robots\" content=\"index, follow, max-snippet:-1, max-image-preview:large, max-video-preview:-1\" \/>\n<link rel=\"canonical\" href=\"https:\/\/obispadoarica.cl\/home\/santa-eucaristia\/\" \/>\n<meta property=\"og:locale\" content=\"es_ES\" \/>\n<meta property=\"og:type\" content=\"article\" \/>\n<meta property=\"og:title\" content=\"Santa Eucarist\u00eda - Obispado San Marcos de Arica\" \/>\n<meta property=\"og:description\" content=\"&#x1f64f;&nbsp;#Misa&nbsp;por los 50 a\u00f1os de la Consagraci\u00f3n del Santuario de Maip\u00fa y el Tratado de&nbsp;#paz&nbsp;y&nbsp;#amistad&nbsp;entre&nbsp;#Argentina&nbsp;y&nbsp;#Chile&nbsp;&#x1f1e6;&#x1f1f7;&#x1f1e8;&#x1f1f1;&#x1f1fb;&#x1f1e6; Este s\u00e1bado 16 de noviembre a las 11:00 hrs., en el Templo Votivo de Maip\u00fa se realizar\u00e1 una Eucarist\u00eda por el 50\u00ba aniversario de la Consagraci\u00f3n del Santuario Nacional de Maip\u00fa a la&nbsp;#VirgendelCarmen&nbsp;en donde se conmemorar\u00e1n tambi\u00e9n los 40 a\u00f1os [...]\" \/>\n<meta property=\"og:url\" content=\"https:\/\/obispadoarica.cl\/home\/santa-eucaristia\/\" \/>\n<meta property=\"og:site_name\" content=\"Obispado San Marcos de Arica\" \/>\n<meta property=\"article:published_time\" content=\"2024-11-15T20:47:43+00:00\" \/>\n<meta property=\"article:modified_time\" content=\"2025-03-09T00:46:43+00:00\" \/>\n<meta property=\"og:image\" content=\"https:\/\/obispadoarica.cl\/home\/wp-content\/uploads\/2024\/11\/467220860_860483445937568_7995441054517977317_n.jpg\" \/>\n\t<meta property=\"og:image:width\" content=\"750\" \/>\n\t<meta property=\"og:image:height\" content=\"750\" \/>\n\t<meta property=\"og:image:type\" content=\"image\/jpeg\" \/>\n<meta name=\"author\" content=\"Obispado de Arica\" \/>\n<meta name=\"twitter:card\" content=\"summary_large_image\" \/>\n<meta name=\"twitter:label1\" content=\"Escrito por\" \/>\n\t<meta name=\"twitter:data1\" content=\"Obispado de Arica\" \/>\n\t<meta name=\"twitter:label2\" content=\"Tiempo de lectura\" \/>\n\t<meta name=\"twitter:data2\" content=\"2 minutos\" \/>\n<script type=\"application\/ld+json\" class=\"yoast-schema-graph\">{\"@context\":\"https:\/\/schema.org\",\"@graph\":[{\"@type\":\"WebPage\",\"@id\":\"https:\/\/obispadoarica.cl\/home\/santa-eucaristia\/\",\"url\":\"https:\/\/obispadoarica.cl\/home\/santa-eucaristia\/\",\"name\":\"Santa Eucarist\u00eda - Obispado San Marcos de Arica\",\"isPartOf\":{\"@id\":\"https:\/\/obispadoarica.cl\/home\/#website\"},\"primaryImageOfPage\":{\"@id\":\"https:\/\/obispadoarica.cl\/home\/santa-eucaristia\/#primaryimage\"},\"image\":{\"@id\":\"https:\/\/obispadoarica.cl\/home\/santa-eucaristia\/#primaryimage\"},\"thumbnailUrl\":\"https:\/\/obispadoarica.cl\/home\/wp-content\/uploads\/2024\/11\/467220860_860483445937568_7995441054517977317_n.jpg\",\"datePublished\":\"2024-11-15T20:47:43+00:00\",\"dateModified\":\"2025-03-09T00:46:43+00:00\",\"author\":{\"@id\":\"https:\/\/obispadoarica.cl\/home\/#\/schema\/person\/1a8f4c2a3418412187dff039ecf9d97e\"},\"breadcrumb\":{\"@id\":\"https:\/\/obispadoarica.cl\/home\/santa-eucaristia\/#breadcrumb\"},\"inLanguage\":\"es\",\"potentialAction\":[{\"@type\":\"ReadAction\",\"target\":[\"https:\/\/obispadoarica.cl\/home\/santa-eucaristia\/\"]}]},{\"@type\":\"ImageObject\",\"inLanguage\":\"es\",\"@id\":\"https:\/\/obispadoarica.cl\/home\/santa-eucaristia\/#primaryimage\",\"url\":\"https:\/\/obispadoarica.cl\/home\/wp-content\/uploads\/2024\/11\/467220860_860483445937568_7995441054517977317_n.jpg\",\"contentUrl\":\"https:\/\/obispadoarica.cl\/home\/wp-content\/uploads\/2024\/11\/467220860_860483445937568_7995441054517977317_n.jpg\",\"width\":750,\"height\":750},{\"@type\":\"BreadcrumbList\",\"@id\":\"https:\/\/obispadoarica.cl\/home\/santa-eucaristia\/#breadcrumb\",\"itemListElement\":[{\"@type\":\"ListItem\",\"position\":1,\"name\":\"Portada\",\"item\":\"https:\/\/obispadoarica.cl\/home\/\"},{\"@type\":\"ListItem\",\"position\":2,\"name\":\"Santa Eucarist\u00eda\"}]},{\"@type\":\"WebSite\",\"@id\":\"https:\/\/obispadoarica.cl\/home\/#website\",\"url\":\"https:\/\/obispadoarica.cl\/home\/\",\"name\":\"Obispado San Marcos de Arica\",\"description\":\"Di\u00f3cesis San Marcos de Arica\",\"potentialAction\":[{\"@type\":\"SearchAction\",\"target\":{\"@type\":\"EntryPoint\",\"urlTemplate\":\"https:\/\/obispadoarica.cl\/home\/?s={search_term_string}\"},\"query-input\":{\"@type\":\"PropertyValueSpecification\",\"valueRequired\":true,\"valueName\":\"search_term_string\"}}],\"inLanguage\":\"es\"},{\"@type\":\"Person\",\"@id\":\"https:\/\/obispadoarica.cl\/home\/#\/schema\/person\/1a8f4c2a3418412187dff039ecf9d97e\",\"name\":\"Obispado de Arica\",\"image\":{\"@type\":\"ImageObject\",\"inLanguage\":\"es\",\"@id\":\"https:\/\/obispadoarica.cl\/home\/#\/schema\/person\/image\/\",\"url\":\"https:\/\/secure.gravatar.com\/avatar\/c75d5ceafb11502016ed664658884b0b1b183fa6f96260878f47ac58f950c8d9?s=96&d=mm&r=g\",\"contentUrl\":\"https:\/\/secure.gravatar.com\/avatar\/c75d5ceafb11502016ed664658884b0b1b183fa6f96260878f47ac58f950c8d9?s=96&d=mm&r=g\",\"caption\":\"Obispado de Arica\"},\"url\":\"https:\/\/obispadoarica.cl\/home\/author\/c1300590\/\"}]}<\/script>\n<!-- \/ Yoast SEO plugin. -->","yoast_head_json":{"title":"Santa Eucarist\u00eda - Obispado San Marcos de Arica","robots":{"index":"index","follow":"follow","max-snippet":"max-snippet:-1","max-image-preview":"max-image-preview:large","max-video-preview":"max-video-preview:-1"},"canonical":"https:\/\/obispadoarica.cl\/home\/santa-eucaristia\/","og_locale":"es_ES","og_type":"article","og_title":"Santa Eucarist\u00eda - Obispado San Marcos de Arica","og_description":"&#x1f64f;&nbsp;#Misa&nbsp;por los 50 a\u00f1os de la Consagraci\u00f3n del Santuario de Maip\u00fa y el Tratado de&nbsp;#paz&nbsp;y&nbsp;#amistad&nbsp;entre&nbsp;#Argentina&nbsp;y&nbsp;#Chile&nbsp;&#x1f1e6;&#x1f1f7;&#x1f1e8;&#x1f1f1;&#x1f1fb;&#x1f1e6; Este s\u00e1bado 16 de noviembre a las 11:00 hrs., en el Templo Votivo de Maip\u00fa se realizar\u00e1 una Eucarist\u00eda por el 50\u00ba aniversario de la Consagraci\u00f3n del Santuario Nacional de Maip\u00fa a la&nbsp;#VirgendelCarmen&nbsp;en donde se conmemorar\u00e1n tambi\u00e9n los 40 a\u00f1os [...]","og_url":"https:\/\/obispadoarica.cl\/home\/santa-eucaristia\/","og_site_name":"Obispado San Marcos de Arica","article_published_time":"2024-11-15T20:47:43+00:00","article_modified_time":"2025-03-09T00:46:43+00:00","og_image":[{"width":750,"height":750,"url":"https:\/\/obispadoarica.cl\/home\/wp-content\/uploads\/2024\/11\/467220860_860483445937568_7995441054517977317_n.jpg","type":"image\/jpeg"}],"author":"Obispado de Arica","twitter_card":"summary_large_image","twitter_misc":{"Escrito por":"Obispado de Arica","Tiempo de lectura":"2 minutos"},"schema":{"@context":"https:\/\/schema.org","@graph":[{"@type":"WebPage","@id":"https:\/\/obispadoarica.cl\/home\/santa-eucaristia\/","url":"https:\/\/obispadoarica.cl\/home\/santa-eucaristia\/","name":"Santa Eucarist\u00eda - Obispado San Marcos de Arica","isPartOf":{"@id":"https:\/\/obispadoarica.cl\/home\/#website"},"primaryImageOfPage":{"@id":"https:\/\/obispadoarica.cl\/home\/santa-eucaristia\/#primaryimage"},"image":{"@id":"https:\/\/obispadoarica.cl\/home\/santa-eucaristia\/#primaryimage"},"thumbnailUrl":"https:\/\/obispadoarica.cl\/home\/wp-content\/uploads\/2024\/11\/467220860_860483445937568_7995441054517977317_n.jpg","datePublished":"2024-11-15T20:47:43+00:00","dateModified":"2025-03-09T00:46:43+00:00","author":{"@id":"https:\/\/obispadoarica.cl\/home\/#\/schema\/person\/1a8f4c2a3418412187dff039ecf9d97e"},"breadcrumb":{"@id":"https:\/\/obispadoarica.cl\/home\/santa-eucaristia\/#breadcrumb"},"inLanguage":"es","potentialAction":[{"@type":"ReadAction","target":["https:\/\/obispadoarica.cl\/home\/santa-eucaristia\/"]}]},{"@type":"ImageObject","inLanguage":"es","@id":"https:\/\/obispadoarica.cl\/home\/santa-eucaristia\/#primaryimage","url":"https:\/\/obispadoarica.cl\/home\/wp-content\/uploads\/2024\/11\/467220860_860483445937568_7995441054517977317_n.jpg","contentUrl":"https:\/\/obispadoarica.cl\/home\/wp-content\/uploads\/2024\/11\/467220860_860483445937568_7995441054517977317_n.jpg","width":750,"height":750},{"@type":"BreadcrumbList","@id":"https:\/\/obispadoarica.cl\/home\/santa-eucaristia\/#breadcrumb","itemListElement":[{"@type":"ListItem","position":1,"name":"Portada","item":"https:\/\/obispadoarica.cl\/home\/"},{"@type":"ListItem","position":2,"name":"Santa Eucarist\u00eda"}]},{"@type":"WebSite","@id":"https:\/\/obispadoarica.cl\/home\/#website","url":"https:\/\/obispadoarica.cl\/home\/","name":"Obispado San Marcos de Arica","description":"Di\u00f3cesis San Marcos de Arica","potentialAction":[{"@type":"SearchAction","target":{"@type":"EntryPoint","urlTemplate":"https:\/\/obispadoarica.cl\/home\/?s={search_term_string}"},"query-input":{"@type":"PropertyValueSpecification","valueRequired":true,"valueName":"search_term_string"}}],"inLanguage":"es"},{"@type":"Person","@id":"https:\/\/obispadoarica.cl\/home\/#\/schema\/person\/1a8f4c2a3418412187dff039ecf9d97e","name":"Obispado de Arica","image":{"@type":"ImageObject","inLanguage":"es","@id":"https:\/\/obispadoarica.cl\/home\/#\/schema\/person\/image\/","url":"https:\/\/secure.gravatar.com\/avatar\/c75d5ceafb11502016ed664658884b0b1b183fa6f96260878f47ac58f950c8d9?s=96&d=mm&r=g","contentUrl":"https:\/\/secure.gravatar.com\/avatar\/c75d5ceafb11502016ed664658884b0b1b183fa6f96260878f47ac58f950c8d9?s=96&d=mm&r=g","caption":"Obispado de Arica"},"url":"https:\/\/obispadoarica.cl\/home\/author\/c1300590\/"}]}},"_links":{"self":[{"href":"https:\/\/obispadoarica.cl\/home\/wp-json\/wp\/v2\/posts\/3023","targetHints":{"allow":["GET"]}}],"collection":[{"href":"https:\/\/obispadoarica.cl\/home\/wp-json\/wp\/v2\/posts"}],"about":[{"href":"https:\/\/obispadoarica.cl\/home\/wp-json\/wp\/v2\/types\/post"}],"author":[{"embeddable":true,"href":"https:\/\/obispadoarica.cl\/home\/wp-json\/wp\/v2\/users\/2"}],"replies":[{"embeddable":true,"href":"https:\/\/obispadoarica.cl\/home\/wp-json\/wp\/v2\/comments?post=3023"}],"version-history":[{"count":1,"href":"https:\/\/obispadoarica.cl\/home\/wp-json\/wp\/v2\/posts\/3023\/revisions"}],"predecessor-version":[{"id":3025,"href":"https:\/\/obispadoarica.cl\/home\/wp-json\/wp\/v2\/posts\/3023\/revisions\/3025"}],"wp:featuredmedia":[{"embeddable":true,"href":"https:\/\/obispadoarica.cl\/home\/wp-json\/wp\/v2\/media\/3024"}],"wp:attachment":[{"href":"https:\/\/obispadoarica.cl\/home\/wp-json\/wp\/v2\/media?parent=3023"}],"wp:term":[{"taxonomy":"category","embeddable":true,"href":"https:\/\/obispadoarica.cl\/home\/wp-json\/wp\/v2\/categories?post=3023"},{"taxonomy":"post_tag","embeddable":true,"href":"https:\/\/obispadoarica.cl\/home\/wp-json\/wp\/v2\/tags?post=3023"}],"curies":[{"name":"wp","href":"https:\/\/api.w.org\/{rel}","templated":true}]}}