{"id":3112,"date":"2024-11-30T21:39:38","date_gmt":"2024-12-01T01:39:38","guid":{"rendered":"https:\/\/obispadoarica.cl\/home\/?p=3112"},"modified":"2025-03-08T20:46:42","modified_gmt":"2025-03-09T00:46:42","slug":"especial-adviento-y-navidad-2024-en-iglesia-cl","status":"publish","type":"post","link":"https:\/\/obispadoarica.cl\/home\/especial-adviento-y-navidad-2024-en-iglesia-cl\/","title":{"rendered":"Especial Adviento y Navidad 2024 en Iglesia.cl"},"content":{"rendered":"\n\n\n<p><em>La Conferencia Episcopal de Chile invita a toda la comunidad a visitar el Especial de Adviento y Navidad 2024, un espacio web con recursos dise\u00f1ados para acompa\u00f1ar y enriquecer la vivencia cristiana durante este tiempo de preparaci\u00f3n y celebraci\u00f3n del nacimiento de Jes\u00fas.<\/em><\/p>\n\n\n\n<p>En esta plataforma se encuentran lecturas, reflexiones y variadas propuestas para celebrar en familia y en comunidad el esp\u00edritu de Adviento y Navidad.<\/p>\n\n\n\n<p><strong>Adviento<\/strong><br>Descubre el significado profundo de este tiempo lit\u00fargico con oraciones para cada domingo y un calendario con acciones y oraciones diarias, pensado para vivir intensamente este periodo de espera activa y esperanza.<\/p>\n\n\n\n<p><strong>Celebraciones<\/strong><br>Se ofrecen recursos como la novena navide\u00f1a, sugerencias para la liturgia, orientaciones para la misa de Navidad y materiales sobre la tradicional corona de Adviento.<\/p>\n\n\n\n<p><strong>Navidad para ni\u00f1os<\/strong><br>Esta secci\u00f3n propone actividades familiares que ayudan a los m\u00e1s peque\u00f1os a descubrir el verdadero sentido de la Navidad, desde un enfoque l\u00fadico y catequ\u00e9tico.<\/p>\n\n\n\n<p><strong>Recursos<\/strong><br>El especial tambi\u00e9n incluye materiales diversos como fondos de pantalla, tarjetas de saludo, recetas navide\u00f1as, juegos, manualidades, un pesebre para recortar y reflexiones, ideales para compartir en comunidad o en familia.<\/p>\n\n\n\n<p>Todos estos recursos est\u00e1n disponibles en:&nbsp;<a href=\"http:\/\/www.iglesia.cl\/especiales\/navidad\" target=\"_blank\" rel=\"noreferrer noopener\">www.iglesia.cl\/especiales\/navidad<\/a><\/p>\n\n\n\n<p>\u00a1Te invitamos a visitar este espacio y vivir un Adviento y Navidad en profundidad y alegr\u00eda!<\/p>\n\n\n\n<p><strong>Fuente: Comunicaciones CECh<\/strong><br><em>CECh, 29-11-2024<\/em><\/p>\n","protected":false},"excerpt":{"rendered":"<p>La Conferencia Episcopal de Chile invita a toda la comunidad a visitar el Especial de Adviento y Navidad 2024, un espacio web con recursos dise\u00f1ados para acompa\u00f1ar y enriquecer la vivencia cristiana durante este tiempo de preparaci\u00f3n y celebraci\u00f3n del nacimiento de Jes\u00fas. En esta plataforma se encuentran lecturas, reflexiones y variadas propuestas para celebrar [&#8230;]\n","protected":false},"author":2,"featured_media":3113,"comment_status":"closed","ping_status":"open","sticky":false,"template":"","format":"standard","meta":{"footnotes":""},"categories":[7],"tags":[],"class_list":["post-3112","post","type-post","status-publish","format-standard","has-post-thumbnail","hentry","category-noticias"],"yoast_head":"<!-- This site is optimized with the Yoast SEO plugin v24.6 - https:\/\/yoast.com\/wordpress\/plugins\/seo\/ -->\n<title>Especial Adviento y Navidad 2024 en Iglesia.cl - Obispado San Marcos de Arica<\/title>\n<meta name=\"robots\" content=\"index, follow, max-snippet:-1, max-image-preview:large, max-video-preview:-1\" \/>\n<link rel=\"canonical\" href=\"https:\/\/obispadoarica.cl\/home\/especial-adviento-y-navidad-2024-en-iglesia-cl\/\" \/>\n<meta property=\"og:locale\" content=\"es_ES\" \/>\n<meta property=\"og:type\" content=\"article\" \/>\n<meta property=\"og:title\" content=\"Especial Adviento y Navidad 2024 en Iglesia.cl - Obispado San Marcos de Arica\" \/>\n<meta property=\"og:description\" content=\"La Conferencia Episcopal de Chile invita a toda la comunidad a visitar el Especial de Adviento y Navidad 2024, un espacio web con recursos dise\u00f1ados para acompa\u00f1ar y enriquecer la vivencia cristiana durante este tiempo de preparaci\u00f3n y celebraci\u00f3n del nacimiento de Jes\u00fas. En esta plataforma se encuentran lecturas, reflexiones y variadas propuestas para celebrar [...]\" \/>\n<meta property=\"og:url\" content=\"https:\/\/obispadoarica.cl\/home\/especial-adviento-y-navidad-2024-en-iglesia-cl\/\" \/>\n<meta property=\"og:site_name\" content=\"Obispado San Marcos de Arica\" \/>\n<meta property=\"article:published_time\" content=\"2024-12-01T01:39:38+00:00\" \/>\n<meta property=\"article:modified_time\" content=\"2025-03-09T00:46:42+00:00\" \/>\n<meta property=\"og:image\" content=\"https:\/\/obispadoarica.cl\/home\/wp-content\/uploads\/2024\/11\/2f6d249b-07ff-471f-bea7-fc118ea94fae.jpg\" \/>\n\t<meta property=\"og:image:width\" content=\"1000\" \/>\n\t<meta property=\"og:image:height\" content=\"668\" \/>\n\t<meta property=\"og:image:type\" content=\"image\/jpeg\" \/>\n<meta name=\"author\" content=\"Obispado de Arica\" \/>\n<meta name=\"twitter:card\" content=\"summary_large_image\" \/>\n<meta name=\"twitter:label1\" content=\"Escrito por\" \/>\n\t<meta name=\"twitter:data1\" content=\"Obispado de Arica\" \/>\n\t<meta name=\"twitter:label2\" content=\"Tiempo de lectura\" \/>\n\t<meta name=\"twitter:data2\" content=\"2 minutos\" \/>\n<script type=\"application\/ld+json\" class=\"yoast-schema-graph\">{\"@context\":\"https:\/\/schema.org\",\"@graph\":[{\"@type\":\"WebPage\",\"@id\":\"https:\/\/obispadoarica.cl\/home\/especial-adviento-y-navidad-2024-en-iglesia-cl\/\",\"url\":\"https:\/\/obispadoarica.cl\/home\/especial-adviento-y-navidad-2024-en-iglesia-cl\/\",\"name\":\"Especial Adviento y Navidad 2024 en Iglesia.cl - Obispado San Marcos de Arica\",\"isPartOf\":{\"@id\":\"https:\/\/obispadoarica.cl\/home\/#website\"},\"primaryImageOfPage\":{\"@id\":\"https:\/\/obispadoarica.cl\/home\/especial-adviento-y-navidad-2024-en-iglesia-cl\/#primaryimage\"},\"image\":{\"@id\":\"https:\/\/obispadoarica.cl\/home\/especial-adviento-y-navidad-2024-en-iglesia-cl\/#primaryimage\"},\"thumbnailUrl\":\"https:\/\/obispadoarica.cl\/home\/wp-content\/uploads\/2024\/11\/2f6d249b-07ff-471f-bea7-fc118ea94fae.jpg\",\"datePublished\":\"2024-12-01T01:39:38+00:00\",\"dateModified\":\"2025-03-09T00:46:42+00:00\",\"author\":{\"@id\":\"https:\/\/obispadoarica.cl\/home\/#\/schema\/person\/1a8f4c2a3418412187dff039ecf9d97e\"},\"breadcrumb\":{\"@id\":\"https:\/\/obispadoarica.cl\/home\/especial-adviento-y-navidad-2024-en-iglesia-cl\/#breadcrumb\"},\"inLanguage\":\"es\",\"potentialAction\":[{\"@type\":\"ReadAction\",\"target\":[\"https:\/\/obispadoarica.cl\/home\/especial-adviento-y-navidad-2024-en-iglesia-cl\/\"]}]},{\"@type\":\"ImageObject\",\"inLanguage\":\"es\",\"@id\":\"https:\/\/obispadoarica.cl\/home\/especial-adviento-y-navidad-2024-en-iglesia-cl\/#primaryimage\",\"url\":\"https:\/\/obispadoarica.cl\/home\/wp-content\/uploads\/2024\/11\/2f6d249b-07ff-471f-bea7-fc118ea94fae.jpg\",\"contentUrl\":\"https:\/\/obispadoarica.cl\/home\/wp-content\/uploads\/2024\/11\/2f6d249b-07ff-471f-bea7-fc118ea94fae.jpg\",\"width\":1000,\"height\":668},{\"@type\":\"BreadcrumbList\",\"@id\":\"https:\/\/obispadoarica.cl\/home\/especial-adviento-y-navidad-2024-en-iglesia-cl\/#breadcrumb\",\"itemListElement\":[{\"@type\":\"ListItem\",\"position\":1,\"name\":\"Portada\",\"item\":\"https:\/\/obispadoarica.cl\/home\/\"},{\"@type\":\"ListItem\",\"position\":2,\"name\":\"Especial Adviento y Navidad 2024 en Iglesia.cl\"}]},{\"@type\":\"WebSite\",\"@id\":\"https:\/\/obispadoarica.cl\/home\/#website\",\"url\":\"https:\/\/obispadoarica.cl\/home\/\",\"name\":\"Obispado San Marcos de Arica\",\"description\":\"Di\u00f3cesis San Marcos de Arica\",\"potentialAction\":[{\"@type\":\"SearchAction\",\"target\":{\"@type\":\"EntryPoint\",\"urlTemplate\":\"https:\/\/obispadoarica.cl\/home\/?s={search_term_string}\"},\"query-input\":{\"@type\":\"PropertyValueSpecification\",\"valueRequired\":true,\"valueName\":\"search_term_string\"}}],\"inLanguage\":\"es\"},{\"@type\":\"Person\",\"@id\":\"https:\/\/obispadoarica.cl\/home\/#\/schema\/person\/1a8f4c2a3418412187dff039ecf9d97e\",\"name\":\"Obispado de Arica\",\"image\":{\"@type\":\"ImageObject\",\"inLanguage\":\"es\",\"@id\":\"https:\/\/obispadoarica.cl\/home\/#\/schema\/person\/image\/\",\"url\":\"https:\/\/secure.gravatar.com\/avatar\/c75d5ceafb11502016ed664658884b0b1b183fa6f96260878f47ac58f950c8d9?s=96&d=mm&r=g\",\"contentUrl\":\"https:\/\/secure.gravatar.com\/avatar\/c75d5ceafb11502016ed664658884b0b1b183fa6f96260878f47ac58f950c8d9?s=96&d=mm&r=g\",\"caption\":\"Obispado de Arica\"},\"url\":\"https:\/\/obispadoarica.cl\/home\/author\/c1300590\/\"}]}<\/script>\n<!-- \/ Yoast SEO plugin. -->","yoast_head_json":{"title":"Especial Adviento y Navidad 2024 en Iglesia.cl - Obispado San Marcos de Arica","robots":{"index":"index","follow":"follow","max-snippet":"max-snippet:-1","max-image-preview":"max-image-preview:large","max-video-preview":"max-video-preview:-1"},"canonical":"https:\/\/obispadoarica.cl\/home\/especial-adviento-y-navidad-2024-en-iglesia-cl\/","og_locale":"es_ES","og_type":"article","og_title":"Especial Adviento y Navidad 2024 en Iglesia.cl - Obispado San Marcos de Arica","og_description":"La Conferencia Episcopal de Chile invita a toda la comunidad a visitar el Especial de Adviento y Navidad 2024, un espacio web con recursos dise\u00f1ados para acompa\u00f1ar y enriquecer la vivencia cristiana durante este tiempo de preparaci\u00f3n y celebraci\u00f3n del nacimiento de Jes\u00fas. En esta plataforma se encuentran lecturas, reflexiones y variadas propuestas para celebrar [...]","og_url":"https:\/\/obispadoarica.cl\/home\/especial-adviento-y-navidad-2024-en-iglesia-cl\/","og_site_name":"Obispado San Marcos de Arica","article_published_time":"2024-12-01T01:39:38+00:00","article_modified_time":"2025-03-09T00:46:42+00:00","og_image":[{"width":1000,"height":668,"url":"https:\/\/obispadoarica.cl\/home\/wp-content\/uploads\/2024\/11\/2f6d249b-07ff-471f-bea7-fc118ea94fae.jpg","type":"image\/jpeg"}],"author":"Obispado de Arica","twitter_card":"summary_large_image","twitter_misc":{"Escrito por":"Obispado de Arica","Tiempo de lectura":"2 minutos"},"schema":{"@context":"https:\/\/schema.org","@graph":[{"@type":"WebPage","@id":"https:\/\/obispadoarica.cl\/home\/especial-adviento-y-navidad-2024-en-iglesia-cl\/","url":"https:\/\/obispadoarica.cl\/home\/especial-adviento-y-navidad-2024-en-iglesia-cl\/","name":"Especial Adviento y Navidad 2024 en Iglesia.cl - Obispado San Marcos de Arica","isPartOf":{"@id":"https:\/\/obispadoarica.cl\/home\/#website"},"primaryImageOfPage":{"@id":"https:\/\/obispadoarica.cl\/home\/especial-adviento-y-navidad-2024-en-iglesia-cl\/#primaryimage"},"image":{"@id":"https:\/\/obispadoarica.cl\/home\/especial-adviento-y-navidad-2024-en-iglesia-cl\/#primaryimage"},"thumbnailUrl":"https:\/\/obispadoarica.cl\/home\/wp-content\/uploads\/2024\/11\/2f6d249b-07ff-471f-bea7-fc118ea94fae.jpg","datePublished":"2024-12-01T01:39:38+00:00","dateModified":"2025-03-09T00:46:42+00:00","author":{"@id":"https:\/\/obispadoarica.cl\/home\/#\/schema\/person\/1a8f4c2a3418412187dff039ecf9d97e"},"breadcrumb":{"@id":"https:\/\/obispadoarica.cl\/home\/especial-adviento-y-navidad-2024-en-iglesia-cl\/#breadcrumb"},"inLanguage":"es","potentialAction":[{"@type":"ReadAction","target":["https:\/\/obispadoarica.cl\/home\/especial-adviento-y-navidad-2024-en-iglesia-cl\/"]}]},{"@type":"ImageObject","inLanguage":"es","@id":"https:\/\/obispadoarica.cl\/home\/especial-adviento-y-navidad-2024-en-iglesia-cl\/#primaryimage","url":"https:\/\/obispadoarica.cl\/home\/wp-content\/uploads\/2024\/11\/2f6d249b-07ff-471f-bea7-fc118ea94fae.jpg","contentUrl":"https:\/\/obispadoarica.cl\/home\/wp-content\/uploads\/2024\/11\/2f6d249b-07ff-471f-bea7-fc118ea94fae.jpg","width":1000,"height":668},{"@type":"BreadcrumbList","@id":"https:\/\/obispadoarica.cl\/home\/especial-adviento-y-navidad-2024-en-iglesia-cl\/#breadcrumb","itemListElement":[{"@type":"ListItem","position":1,"name":"Portada","item":"https:\/\/obispadoarica.cl\/home\/"},{"@type":"ListItem","position":2,"name":"Especial Adviento y Navidad 2024 en Iglesia.cl"}]},{"@type":"WebSite","@id":"https:\/\/obispadoarica.cl\/home\/#website","url":"https:\/\/obispadoarica.cl\/home\/","name":"Obispado San Marcos de Arica","description":"Di\u00f3cesis San Marcos de Arica","potentialAction":[{"@type":"SearchAction","target":{"@type":"EntryPoint","urlTemplate":"https:\/\/obispadoarica.cl\/home\/?s={search_term_string}"},"query-input":{"@type":"PropertyValueSpecification","valueRequired":true,"valueName":"search_term_string"}}],"inLanguage":"es"},{"@type":"Person","@id":"https:\/\/obispadoarica.cl\/home\/#\/schema\/person\/1a8f4c2a3418412187dff039ecf9d97e","name":"Obispado de Arica","image":{"@type":"ImageObject","inLanguage":"es","@id":"https:\/\/obispadoarica.cl\/home\/#\/schema\/person\/image\/","url":"https:\/\/secure.gravatar.com\/avatar\/c75d5ceafb11502016ed664658884b0b1b183fa6f96260878f47ac58f950c8d9?s=96&d=mm&r=g","contentUrl":"https:\/\/secure.gravatar.com\/avatar\/c75d5ceafb11502016ed664658884b0b1b183fa6f96260878f47ac58f950c8d9?s=96&d=mm&r=g","caption":"Obispado de Arica"},"url":"https:\/\/obispadoarica.cl\/home\/author\/c1300590\/"}]}},"_links":{"self":[{"href":"https:\/\/obispadoarica.cl\/home\/wp-json\/wp\/v2\/posts\/3112","targetHints":{"allow":["GET"]}}],"collection":[{"href":"https:\/\/obispadoarica.cl\/home\/wp-json\/wp\/v2\/posts"}],"about":[{"href":"https:\/\/obispadoarica.cl\/home\/wp-json\/wp\/v2\/types\/post"}],"author":[{"embeddable":true,"href":"https:\/\/obispadoarica.cl\/home\/wp-json\/wp\/v2\/users\/2"}],"replies":[{"embeddable":true,"href":"https:\/\/obispadoarica.cl\/home\/wp-json\/wp\/v2\/comments?post=3112"}],"version-history":[{"count":1,"href":"https:\/\/obispadoarica.cl\/home\/wp-json\/wp\/v2\/posts\/3112\/revisions"}],"predecessor-version":[{"id":3114,"href":"https:\/\/obispadoarica.cl\/home\/wp-json\/wp\/v2\/posts\/3112\/revisions\/3114"}],"wp:featuredmedia":[{"embeddable":true,"href":"https:\/\/obispadoarica.cl\/home\/wp-json\/wp\/v2\/media\/3113"}],"wp:attachment":[{"href":"https:\/\/obispadoarica.cl\/home\/wp-json\/wp\/v2\/media?parent=3112"}],"wp:term":[{"taxonomy":"category","embeddable":true,"href":"https:\/\/obispadoarica.cl\/home\/wp-json\/wp\/v2\/categories?post=3112"},{"taxonomy":"post_tag","embeddable":true,"href":"https:\/\/obispadoarica.cl\/home\/wp-json\/wp\/v2\/tags?post=3112"}],"curies":[{"name":"wp","href":"https:\/\/api.w.org\/{rel}","templated":true}]}}