{"id":3143,"date":"2024-12-18T21:59:42","date_gmt":"2024-12-19T01:59:42","guid":{"rendered":"https:\/\/obispadoarica.cl\/home\/?p=3143"},"modified":"2025-03-08T20:46:41","modified_gmt":"2025-03-09T00:46:41","slug":"carta-de-hoy-miercoles-18-de-diciembre-en-el-mercurio","status":"publish","type":"post","link":"https:\/\/obispadoarica.cl\/home\/carta-de-hoy-miercoles-18-de-diciembre-en-el-mercurio\/","title":{"rendered":"Carta de hoy mi\u00e9rcoles 18 de diciembre en el Mercurio."},"content":{"rendered":"\n\n\n<p>Se\u00f1or director:<\/p>\n\n\n\n<p>Haciendo memoria del Hijo de Dios nacido lejos de su hogar, redescubrimos una mirada fraterna hacia las hermanas y hermanos desplazados que migran a Chile con la esperanza de poder vivir en paz.<\/p>\n\n\n\n<p>Son miles las &nbsp;familias que han llegado huyendo de dictaduras y de crisis sociales grav\u00edsimas, como lo hicimos en otros tiempos los chilenos. Otros han migrado movidos por el leg\u00edtimo derecho de la oportunidad a una vida mejor a sus hijos como lo hicieron tambi\u00e9n nuestros padres. Muchos ingresaron irregularmente como una medida desesperada y desde el primer minuto demostraron su intenci\u00f3n de ponerse a disposici\u00f3n &nbsp;del estado, mediante la autodenuncia, el empadronamiento y el cumplimiento de cada tr\u00e1mite migratorio. En medio de la pobreza y la incertidumbre cotidiana perseveraron por a\u00f1os en la incierta b\u00fasqueda de un empleo formal y en el cumplimiento de sus roles parentales demostrando un genuino arraigo a nuestro pa\u00eds.<\/p>\n\n\n\n<p>Pero estas familias est\u00e1n en riesgo. Alertamos respecto de los miles de ni\u00f1os, ni\u00f1as y adolescentes, que est\u00e1n sufriendo las peores consecuencias de la situaci\u00f3n migratoria irregular de sus padres y de la dilaci\u00f3n de las propios tr\u00e1mites migratorios. Se enfrentan a la posibilidad legal de quedar sin cobertura escolar o de llegar a los dieciocho a\u00f1os sin haber logrado regularizarse tras a\u00f1os de tr\u00e1mites. Sabemos que esto empuja a la desescolarizaci\u00f3n y a los riesgos del trabajo informal, al abuso de la trata de personas, e incluso a su eventual captura por el crimen organizado. Es un circuito similar al que muchos j\u00f3venes chilenos se han expuesto y que tenemos el deber moral de revertir.<\/p>\n\n\n\n<p>Por ello, nos alegra la noticia de que el gobierno haya abierto la alternativa de una regularizaci\u00f3n acotada a tantas personas que honestamente buscan vivir en nuestro pa\u00eds demostrando su arraigo. Nos urgen los di\u00e1logos necesarios para que, salvaguardando la soberan\u00eda&nbsp; y el cumplimiento de la ley, se asegure el derecho al refugio, a la especial protecci\u00f3n de la ni\u00f1ez y de otros grupos particularmente vulnerables. Fortalezcamos de este modo la consolidaci\u00f3n de una migraci\u00f3n segura y regular que aporte a la convivencia en paz para los habitantes de nuestra patria.<\/p>\n\n\n\n<p>Firman:<\/p>\n\n\n\n<ul class=\"wp-block-list\">\n<li><strong>Mons. Mois\u00e9s Atisha, referente Red Clamor Chile y presidente de INCAMI<\/strong><\/li>\n\n\n\n<li><strong>Hna. Gabriela Herrera, coordinadora Red Clamor Chile<\/strong><\/li>\n\n\n\n<li><strong>Pablo Walker S.J., capell\u00e1n Servicio Jesuita a Migrantes<\/strong><\/li>\n<\/ul>\n\n\n\n<figure class=\"wp-block-image size-full\"><a href=\"https:\/\/obispadoarica.cl\/home\/wp-content\/uploads\/2024\/12\/WhatsApp-Image-2024-12-18-at-6.38.31-PM.jpeg\"><img fetchpriority=\"high\" decoding=\"async\" width=\"760\" height=\"666\" src=\"https:\/\/obispadoarica.cl\/home\/wp-content\/uploads\/2024\/12\/WhatsApp-Image-2024-12-18-at-6.38.31-PM.jpeg\" alt=\"\" class=\"wp-image-3144\" srcset=\"https:\/\/obispadoarica.cl\/home\/wp-content\/uploads\/2024\/12\/WhatsApp-Image-2024-12-18-at-6.38.31-PM.jpeg 760w, https:\/\/obispadoarica.cl\/home\/wp-content\/uploads\/2024\/12\/WhatsApp-Image-2024-12-18-at-6.38.31-PM-300x263.jpeg 300w\" sizes=\"(max-width: 760px) 100vw, 760px\" \/><\/a><\/figure>\n","protected":false},"excerpt":{"rendered":"<p>Se\u00f1or director: Haciendo memoria del Hijo de Dios nacido lejos de su hogar, redescubrimos una mirada fraterna hacia las hermanas y hermanos desplazados que migran a Chile con la esperanza de poder vivir en paz. Son miles las &nbsp;familias que han llegado huyendo de dictaduras y de crisis sociales grav\u00edsimas, como lo hicimos en otros [&#8230;]\n","protected":false},"author":2,"featured_media":3144,"comment_status":"closed","ping_status":"open","sticky":false,"template":"","format":"standard","meta":{"footnotes":""},"categories":[7],"tags":[],"class_list":["post-3143","post","type-post","status-publish","format-standard","has-post-thumbnail","hentry","category-noticias"],"yoast_head":"<!-- This site is optimized with the Yoast SEO plugin v24.6 - https:\/\/yoast.com\/wordpress\/plugins\/seo\/ -->\n<title>Carta de hoy mi\u00e9rcoles 18 de diciembre en el Mercurio. - Obispado San Marcos de Arica<\/title>\n<meta name=\"robots\" content=\"index, follow, max-snippet:-1, max-image-preview:large, max-video-preview:-1\" \/>\n<link rel=\"canonical\" href=\"https:\/\/obispadoarica.cl\/home\/carta-de-hoy-miercoles-18-de-diciembre-en-el-mercurio\/\" \/>\n<meta property=\"og:locale\" content=\"es_ES\" \/>\n<meta property=\"og:type\" content=\"article\" \/>\n<meta property=\"og:title\" content=\"Carta de hoy mi\u00e9rcoles 18 de diciembre en el Mercurio. - Obispado San Marcos de Arica\" \/>\n<meta property=\"og:description\" content=\"Se\u00f1or director: Haciendo memoria del Hijo de Dios nacido lejos de su hogar, redescubrimos una mirada fraterna hacia las hermanas y hermanos desplazados que migran a Chile con la esperanza de poder vivir en paz. Son miles las &nbsp;familias que han llegado huyendo de dictaduras y de crisis sociales grav\u00edsimas, como lo hicimos en otros [...]\" \/>\n<meta property=\"og:url\" content=\"https:\/\/obispadoarica.cl\/home\/carta-de-hoy-miercoles-18-de-diciembre-en-el-mercurio\/\" \/>\n<meta property=\"og:site_name\" content=\"Obispado San Marcos de Arica\" \/>\n<meta property=\"article:published_time\" content=\"2024-12-19T01:59:42+00:00\" \/>\n<meta property=\"article:modified_time\" content=\"2025-03-09T00:46:41+00:00\" \/>\n<meta property=\"og:image\" content=\"https:\/\/obispadoarica.cl\/home\/wp-content\/uploads\/2024\/12\/WhatsApp-Image-2024-12-18-at-6.38.31-PM.jpeg\" \/>\n\t<meta property=\"og:image:width\" content=\"760\" \/>\n\t<meta property=\"og:image:height\" content=\"666\" \/>\n\t<meta property=\"og:image:type\" content=\"image\/jpeg\" \/>\n<meta name=\"author\" content=\"Obispado de Arica\" \/>\n<meta name=\"twitter:card\" content=\"summary_large_image\" \/>\n<meta name=\"twitter:label1\" content=\"Escrito por\" \/>\n\t<meta name=\"twitter:data1\" content=\"Obispado de Arica\" \/>\n\t<meta name=\"twitter:label2\" content=\"Tiempo de lectura\" \/>\n\t<meta name=\"twitter:data2\" content=\"3 minutos\" \/>\n<script type=\"application\/ld+json\" class=\"yoast-schema-graph\">{\"@context\":\"https:\/\/schema.org\",\"@graph\":[{\"@type\":\"WebPage\",\"@id\":\"https:\/\/obispadoarica.cl\/home\/carta-de-hoy-miercoles-18-de-diciembre-en-el-mercurio\/\",\"url\":\"https:\/\/obispadoarica.cl\/home\/carta-de-hoy-miercoles-18-de-diciembre-en-el-mercurio\/\",\"name\":\"Carta de hoy mi\u00e9rcoles 18 de diciembre en el Mercurio. - Obispado San Marcos de Arica\",\"isPartOf\":{\"@id\":\"https:\/\/obispadoarica.cl\/home\/#website\"},\"primaryImageOfPage\":{\"@id\":\"https:\/\/obispadoarica.cl\/home\/carta-de-hoy-miercoles-18-de-diciembre-en-el-mercurio\/#primaryimage\"},\"image\":{\"@id\":\"https:\/\/obispadoarica.cl\/home\/carta-de-hoy-miercoles-18-de-diciembre-en-el-mercurio\/#primaryimage\"},\"thumbnailUrl\":\"https:\/\/obispadoarica.cl\/home\/wp-content\/uploads\/2024\/12\/WhatsApp-Image-2024-12-18-at-6.38.31-PM.jpeg\",\"datePublished\":\"2024-12-19T01:59:42+00:00\",\"dateModified\":\"2025-03-09T00:46:41+00:00\",\"author\":{\"@id\":\"https:\/\/obispadoarica.cl\/home\/#\/schema\/person\/1a8f4c2a3418412187dff039ecf9d97e\"},\"breadcrumb\":{\"@id\":\"https:\/\/obispadoarica.cl\/home\/carta-de-hoy-miercoles-18-de-diciembre-en-el-mercurio\/#breadcrumb\"},\"inLanguage\":\"es\",\"potentialAction\":[{\"@type\":\"ReadAction\",\"target\":[\"https:\/\/obispadoarica.cl\/home\/carta-de-hoy-miercoles-18-de-diciembre-en-el-mercurio\/\"]}]},{\"@type\":\"ImageObject\",\"inLanguage\":\"es\",\"@id\":\"https:\/\/obispadoarica.cl\/home\/carta-de-hoy-miercoles-18-de-diciembre-en-el-mercurio\/#primaryimage\",\"url\":\"https:\/\/obispadoarica.cl\/home\/wp-content\/uploads\/2024\/12\/WhatsApp-Image-2024-12-18-at-6.38.31-PM.jpeg\",\"contentUrl\":\"https:\/\/obispadoarica.cl\/home\/wp-content\/uploads\/2024\/12\/WhatsApp-Image-2024-12-18-at-6.38.31-PM.jpeg\",\"width\":760,\"height\":666},{\"@type\":\"BreadcrumbList\",\"@id\":\"https:\/\/obispadoarica.cl\/home\/carta-de-hoy-miercoles-18-de-diciembre-en-el-mercurio\/#breadcrumb\",\"itemListElement\":[{\"@type\":\"ListItem\",\"position\":1,\"name\":\"Portada\",\"item\":\"https:\/\/obispadoarica.cl\/home\/\"},{\"@type\":\"ListItem\",\"position\":2,\"name\":\"Carta de hoy mi\u00e9rcoles 18 de diciembre en el Mercurio.\"}]},{\"@type\":\"WebSite\",\"@id\":\"https:\/\/obispadoarica.cl\/home\/#website\",\"url\":\"https:\/\/obispadoarica.cl\/home\/\",\"name\":\"Obispado San Marcos de Arica\",\"description\":\"Di\u00f3cesis San Marcos de Arica\",\"potentialAction\":[{\"@type\":\"SearchAction\",\"target\":{\"@type\":\"EntryPoint\",\"urlTemplate\":\"https:\/\/obispadoarica.cl\/home\/?s={search_term_string}\"},\"query-input\":{\"@type\":\"PropertyValueSpecification\",\"valueRequired\":true,\"valueName\":\"search_term_string\"}}],\"inLanguage\":\"es\"},{\"@type\":\"Person\",\"@id\":\"https:\/\/obispadoarica.cl\/home\/#\/schema\/person\/1a8f4c2a3418412187dff039ecf9d97e\",\"name\":\"Obispado de Arica\",\"image\":{\"@type\":\"ImageObject\",\"inLanguage\":\"es\",\"@id\":\"https:\/\/obispadoarica.cl\/home\/#\/schema\/person\/image\/\",\"url\":\"https:\/\/secure.gravatar.com\/avatar\/c75d5ceafb11502016ed664658884b0b1b183fa6f96260878f47ac58f950c8d9?s=96&d=mm&r=g\",\"contentUrl\":\"https:\/\/secure.gravatar.com\/avatar\/c75d5ceafb11502016ed664658884b0b1b183fa6f96260878f47ac58f950c8d9?s=96&d=mm&r=g\",\"caption\":\"Obispado de Arica\"},\"url\":\"https:\/\/obispadoarica.cl\/home\/author\/c1300590\/\"}]}<\/script>\n<!-- \/ Yoast SEO plugin. -->","yoast_head_json":{"title":"Carta de hoy mi\u00e9rcoles 18 de diciembre en el Mercurio. - Obispado San Marcos de Arica","robots":{"index":"index","follow":"follow","max-snippet":"max-snippet:-1","max-image-preview":"max-image-preview:large","max-video-preview":"max-video-preview:-1"},"canonical":"https:\/\/obispadoarica.cl\/home\/carta-de-hoy-miercoles-18-de-diciembre-en-el-mercurio\/","og_locale":"es_ES","og_type":"article","og_title":"Carta de hoy mi\u00e9rcoles 18 de diciembre en el Mercurio. - Obispado San Marcos de Arica","og_description":"Se\u00f1or director: Haciendo memoria del Hijo de Dios nacido lejos de su hogar, redescubrimos una mirada fraterna hacia las hermanas y hermanos desplazados que migran a Chile con la esperanza de poder vivir en paz. Son miles las &nbsp;familias que han llegado huyendo de dictaduras y de crisis sociales grav\u00edsimas, como lo hicimos en otros [...]","og_url":"https:\/\/obispadoarica.cl\/home\/carta-de-hoy-miercoles-18-de-diciembre-en-el-mercurio\/","og_site_name":"Obispado San Marcos de Arica","article_published_time":"2024-12-19T01:59:42+00:00","article_modified_time":"2025-03-09T00:46:41+00:00","og_image":[{"width":760,"height":666,"url":"https:\/\/obispadoarica.cl\/home\/wp-content\/uploads\/2024\/12\/WhatsApp-Image-2024-12-18-at-6.38.31-PM.jpeg","type":"image\/jpeg"}],"author":"Obispado de Arica","twitter_card":"summary_large_image","twitter_misc":{"Escrito por":"Obispado de Arica","Tiempo de lectura":"3 minutos"},"schema":{"@context":"https:\/\/schema.org","@graph":[{"@type":"WebPage","@id":"https:\/\/obispadoarica.cl\/home\/carta-de-hoy-miercoles-18-de-diciembre-en-el-mercurio\/","url":"https:\/\/obispadoarica.cl\/home\/carta-de-hoy-miercoles-18-de-diciembre-en-el-mercurio\/","name":"Carta de hoy mi\u00e9rcoles 18 de diciembre en el Mercurio. - Obispado San Marcos de Arica","isPartOf":{"@id":"https:\/\/obispadoarica.cl\/home\/#website"},"primaryImageOfPage":{"@id":"https:\/\/obispadoarica.cl\/home\/carta-de-hoy-miercoles-18-de-diciembre-en-el-mercurio\/#primaryimage"},"image":{"@id":"https:\/\/obispadoarica.cl\/home\/carta-de-hoy-miercoles-18-de-diciembre-en-el-mercurio\/#primaryimage"},"thumbnailUrl":"https:\/\/obispadoarica.cl\/home\/wp-content\/uploads\/2024\/12\/WhatsApp-Image-2024-12-18-at-6.38.31-PM.jpeg","datePublished":"2024-12-19T01:59:42+00:00","dateModified":"2025-03-09T00:46:41+00:00","author":{"@id":"https:\/\/obispadoarica.cl\/home\/#\/schema\/person\/1a8f4c2a3418412187dff039ecf9d97e"},"breadcrumb":{"@id":"https:\/\/obispadoarica.cl\/home\/carta-de-hoy-miercoles-18-de-diciembre-en-el-mercurio\/#breadcrumb"},"inLanguage":"es","potentialAction":[{"@type":"ReadAction","target":["https:\/\/obispadoarica.cl\/home\/carta-de-hoy-miercoles-18-de-diciembre-en-el-mercurio\/"]}]},{"@type":"ImageObject","inLanguage":"es","@id":"https:\/\/obispadoarica.cl\/home\/carta-de-hoy-miercoles-18-de-diciembre-en-el-mercurio\/#primaryimage","url":"https:\/\/obispadoarica.cl\/home\/wp-content\/uploads\/2024\/12\/WhatsApp-Image-2024-12-18-at-6.38.31-PM.jpeg","contentUrl":"https:\/\/obispadoarica.cl\/home\/wp-content\/uploads\/2024\/12\/WhatsApp-Image-2024-12-18-at-6.38.31-PM.jpeg","width":760,"height":666},{"@type":"BreadcrumbList","@id":"https:\/\/obispadoarica.cl\/home\/carta-de-hoy-miercoles-18-de-diciembre-en-el-mercurio\/#breadcrumb","itemListElement":[{"@type":"ListItem","position":1,"name":"Portada","item":"https:\/\/obispadoarica.cl\/home\/"},{"@type":"ListItem","position":2,"name":"Carta de hoy mi\u00e9rcoles 18 de diciembre en el Mercurio."}]},{"@type":"WebSite","@id":"https:\/\/obispadoarica.cl\/home\/#website","url":"https:\/\/obispadoarica.cl\/home\/","name":"Obispado San Marcos de Arica","description":"Di\u00f3cesis San Marcos de Arica","potentialAction":[{"@type":"SearchAction","target":{"@type":"EntryPoint","urlTemplate":"https:\/\/obispadoarica.cl\/home\/?s={search_term_string}"},"query-input":{"@type":"PropertyValueSpecification","valueRequired":true,"valueName":"search_term_string"}}],"inLanguage":"es"},{"@type":"Person","@id":"https:\/\/obispadoarica.cl\/home\/#\/schema\/person\/1a8f4c2a3418412187dff039ecf9d97e","name":"Obispado de Arica","image":{"@type":"ImageObject","inLanguage":"es","@id":"https:\/\/obispadoarica.cl\/home\/#\/schema\/person\/image\/","url":"https:\/\/secure.gravatar.com\/avatar\/c75d5ceafb11502016ed664658884b0b1b183fa6f96260878f47ac58f950c8d9?s=96&d=mm&r=g","contentUrl":"https:\/\/secure.gravatar.com\/avatar\/c75d5ceafb11502016ed664658884b0b1b183fa6f96260878f47ac58f950c8d9?s=96&d=mm&r=g","caption":"Obispado de Arica"},"url":"https:\/\/obispadoarica.cl\/home\/author\/c1300590\/"}]}},"_links":{"self":[{"href":"https:\/\/obispadoarica.cl\/home\/wp-json\/wp\/v2\/posts\/3143","targetHints":{"allow":["GET"]}}],"collection":[{"href":"https:\/\/obispadoarica.cl\/home\/wp-json\/wp\/v2\/posts"}],"about":[{"href":"https:\/\/obispadoarica.cl\/home\/wp-json\/wp\/v2\/types\/post"}],"author":[{"embeddable":true,"href":"https:\/\/obispadoarica.cl\/home\/wp-json\/wp\/v2\/users\/2"}],"replies":[{"embeddable":true,"href":"https:\/\/obispadoarica.cl\/home\/wp-json\/wp\/v2\/comments?post=3143"}],"version-history":[{"count":1,"href":"https:\/\/obispadoarica.cl\/home\/wp-json\/wp\/v2\/posts\/3143\/revisions"}],"predecessor-version":[{"id":3145,"href":"https:\/\/obispadoarica.cl\/home\/wp-json\/wp\/v2\/posts\/3143\/revisions\/3145"}],"wp:featuredmedia":[{"embeddable":true,"href":"https:\/\/obispadoarica.cl\/home\/wp-json\/wp\/v2\/media\/3144"}],"wp:attachment":[{"href":"https:\/\/obispadoarica.cl\/home\/wp-json\/wp\/v2\/media?parent=3143"}],"wp:term":[{"taxonomy":"category","embeddable":true,"href":"https:\/\/obispadoarica.cl\/home\/wp-json\/wp\/v2\/categories?post=3143"},{"taxonomy":"post_tag","embeddable":true,"href":"https:\/\/obispadoarica.cl\/home\/wp-json\/wp\/v2\/tags?post=3143"}],"curies":[{"name":"wp","href":"https:\/\/api.w.org\/{rel}","templated":true}]}}