{"id":3239,"date":"2025-01-14T23:23:53","date_gmt":"2025-01-15T03:23:53","guid":{"rendered":"https:\/\/obispadoarica.cl\/home\/?p=3239"},"modified":"2025-03-08T20:46:41","modified_gmt":"2025-03-09T00:46:41","slug":"estudio-del-consejo-nacional-de-prevencion-de-abusos-es-destacado-por-dar-voz-a-sobrevivientes","status":"publish","type":"post","link":"https:\/\/obispadoarica.cl\/home\/estudio-del-consejo-nacional-de-prevencion-de-abusos-es-destacado-por-dar-voz-a-sobrevivientes\/","title":{"rendered":"Estudio del Consejo Nacional de Prevenci\u00f3n de Abusos es destacado por dar voz a sobrevivientes"},"content":{"rendered":"\n\n\n<hr class=\"wp-block-separator has-alpha-channel-opacity\"\/>\n\n\n\n<p>El diario El Mercurio ha dado a conocer en su edici\u00f3n de este 13 de enero, los principales hallazgos del estudio encargado por el Consejo Nacional de Prevenci\u00f3n de Abusos de la Conferencia Episcopal de Chile al Centro UC Derecho y Religi\u00f3n, que analiza los delitos cometidos por cl\u00e9rigos entre 1960 y 2023.<\/p>\n\n\n\n<p>Este informe, titulado \u00abEl abuso sexual en contextos eclesiales. An\u00e1lisis del caso chileno. Aprendizajes y desaf\u00edos\u00bb, busca arrojar luz sobre las razones detr\u00e1s de estos hechos, centr\u00e1ndose en el \u00ababuso de poder espiritual\u00bb. Cabe se\u00f1alar que&nbsp;<a href=\"https:\/\/www.iglesia.cl\/46518-se-presenta-libro-el-abuso-sexual-en-contextos-eclesiales-analisis-en-chile-aprendizajes-y-desafios.html\" target=\"_blank\" rel=\"noreferrer noopener\">este estudio fue presentado a fines de 2023<\/a>&nbsp;en una instancia que cont\u00f3 con la presencia de representantes del Episcopado Nacional, y ahora se encuentra en un proceso de divulgaci\u00f3n en \u00e1mbitos de la sociedad civil.<\/p>\n\n\n\n<p><strong>Testimonios reveladores y llamados de atenci\u00f3n<\/strong><br>La nota inicia haciendo eco de algunos de los 22 testimonios de v\u00edctimas recopilados por el estudio, incluyendo frases desgarradoras que evidencian como la figura \u00abdivinizada\u00bb de los cl\u00e9rigos facilit\u00f3 estos abusos. Por ejemplo, un sobreviviente describi\u00f3: \u00abMis padres nunca le cuestionaron de por qu\u00e9 se encerraba en la habitaci\u00f3n con nosotros. El sacerdote era para nosotros una especie de \u00e1ngel\u00bb.<\/p>\n\n\n\n<p>El obispo de Copiap\u00f3 Ricardo Morales, presidente del Consejo Nacional, subray\u00f3 para el medio que el estudio:\u00bbles da voz a las victimas, y escuchar la voz de las victimas es conmoverse para un nunca m\u00e1s (&#8230;). Por respeto y compromiso con ellas, que fueron capaces de decir las aberraciones que vivieron, tenemos que decir hoy nunca m\u00e1s\u00bb.<\/p>\n\n\n\n<p>Por su parte, Ana Mar\u00eda Celis, abogada UC y coordinadora de la investigaci\u00f3n y el libro, se\u00f1al\u00f3 que si bien el porqu\u00e9 de estos delitos es una cuesti\u00f3n multifactorial, en el caso chleno tienen una clara especificidad: el abuso espiritual. \u00abAc\u00e1 las victimas llegan al abusador, no es que el abusador se las encuentre en la calle\u00bb, plantea Celis quien llev\u00f3 adelante el estudio junto a Josefina Mart\u00ednez, Claudia Capella, Paulina Eyzaguirre, Constanza Garrido y Camila G\u00f3mez.<\/p>\n\n\n\n<p><strong>Principales hallazgos del informe<\/strong><br>Se identifican 568 v\u00edctimas\/sobrevivientes (320 menores de edad) y 225 agresores, principalmente sacerdotes diocesanos (48,4%) y religiosos (22,2%).<br>Desde el a\u00f1o 2000 a 2023, la justicia civil ha dictado 39 condenas relacionadas con abusos en la Iglesia Cat\u00f3lica.<br>En el 61% de los casos, las v\u00edctimas eran varones de entre 4 y 17 a\u00f1os al momento de los hechos.<br>El estudio tambi\u00e9n expone configuraciones espec\u00edficas de los abusos, factores agravados por la manipulaci\u00f3n espiritual.<\/p>\n\n\n\n<p><strong>Hitos y acciones de la Iglesia<\/strong><br>El diario, tambi\u00e9n recoge algunos hitos en este proceso, dando cuenta que desde la creaci\u00f3n del Consejo Nacional de Prevenci\u00f3n en 2011 se ha intentado sensibilizar y formar en prevenci\u00f3n de abusos. En este sentido, el presente estudio: \u00abEs un acto de transparencia m\u00ednimo, b\u00e1sico, quiz\u00e1s demasiado poco y demasiado tarde, pero que hab\u00eda que hacer\u00bb, resume la abogada Ana Maria Celis.<\/p>\n\n\n\n<p><strong>Presentaci\u00f3n de los hallazgos del estudio<\/strong><br>Los hallazgos del estudio ser\u00e1n analizados este jueves 16 de enero, en un conversatorio de 9:00 a 11:00 horas en el sal\u00f3n Aquiles Portaluppi de la Facultad de Derecho de la P.Universidad Cat\u00f3lica de Chile. Para m\u00e1s detalles se puede revisar el siguiente&nbsp;<a href=\"https:\/\/www.iglesia.cl\/48050-invitacion-al-conversatorio-hallazgos-del-estudio-sobre-abusos-sexuales-en-la-iglesia-en-chile.html\" target=\"_blank\" rel=\"noreferrer noopener\">enlace<\/a>. Adem\u00e1s, en el contexto de 3\u00ba Congreso Chileno sobre maltrato y abuso sexual infantil, el estudio ser\u00e1 presentado, tambi\u00e9n el jueves 16, en la Universidad de Valpara\u00edso, a las 17:50 hrs. en el Auditorio de la Facultad de Ciencias Sociales de dicho centro de estudios.<\/p>\n\n\n\n<p><strong>Fuente:&nbsp;<a href=\"https:\/\/digital.elmercurio.com\/2025\/01\/13\/C\/J14GNB7E#zoom=page-width\" target=\"_blank\" rel=\"noreferrer noopener\">Diario El Mercurio<\/a><\/strong><br><em>CECh, 13-01-2025<\/em><\/p>\n\n\n\n<div data-wp-interactive=\"core\/file\" class=\"wp-block-file\"><object data-wp-bind--hidden=\"!state.hasPdfPreview\" hidden class=\"wp-block-file__embed\" data=\"https:\/\/obispadoarica.cl\/home\/wp-content\/uploads\/2025\/01\/13012025_637pm_678595931e930-1.pdf\" type=\"application\/pdf\" style=\"width:100%;height:600px\" aria-label=\"Incrustado de 13012025_637pm_678595931e930 (1).\"><\/object><a id=\"wp-block-file--media-da298a94-30a4-4ced-bd34-bf11edf67748\" href=\"https:\/\/obispadoarica.cl\/home\/wp-content\/uploads\/2025\/01\/13012025_637pm_678595931e930-1.pdf\">13012025_637pm_678595931e930 (1)<\/a><\/div>\n\n\n\n<p><\/p>\n","protected":false},"excerpt":{"rendered":"<p>El diario El Mercurio ha dado a conocer en su edici\u00f3n de este 13 de enero, los principales hallazgos del estudio encargado por el Consejo Nacional de Prevenci\u00f3n de Abusos de la Conferencia Episcopal de Chile al Centro UC Derecho y Religi\u00f3n, que analiza los delitos cometidos por cl\u00e9rigos entre 1960 y 2023. Este informe, [&#8230;]\n","protected":false},"author":2,"featured_media":3241,"comment_status":"closed","ping_status":"open","sticky":false,"template":"","format":"standard","meta":{"footnotes":""},"categories":[7],"tags":[],"class_list":["post-3239","post","type-post","status-publish","format-standard","has-post-thumbnail","hentry","category-noticias"],"yoast_head":"<!-- This site is optimized with the Yoast SEO plugin v24.6 - https:\/\/yoast.com\/wordpress\/plugins\/seo\/ -->\n<title>Estudio del Consejo Nacional de Prevenci\u00f3n de Abusos es destacado por dar voz a sobrevivientes - Obispado San Marcos de Arica<\/title>\n<meta name=\"robots\" content=\"index, follow, max-snippet:-1, max-image-preview:large, max-video-preview:-1\" \/>\n<link rel=\"canonical\" href=\"https:\/\/obispadoarica.cl\/home\/estudio-del-consejo-nacional-de-prevencion-de-abusos-es-destacado-por-dar-voz-a-sobrevivientes\/\" \/>\n<meta property=\"og:locale\" content=\"es_ES\" \/>\n<meta property=\"og:type\" content=\"article\" \/>\n<meta property=\"og:title\" content=\"Estudio del Consejo Nacional de Prevenci\u00f3n de Abusos es destacado por dar voz a sobrevivientes - Obispado San Marcos de Arica\" \/>\n<meta property=\"og:description\" content=\"El diario El Mercurio ha dado a conocer en su edici\u00f3n de este 13 de enero, los principales hallazgos del estudio encargado por el Consejo Nacional de Prevenci\u00f3n de Abusos de la Conferencia Episcopal de Chile al Centro UC Derecho y Religi\u00f3n, que analiza los delitos cometidos por cl\u00e9rigos entre 1960 y 2023. Este informe, [...]\" \/>\n<meta property=\"og:url\" content=\"https:\/\/obispadoarica.cl\/home\/estudio-del-consejo-nacional-de-prevencion-de-abusos-es-destacado-por-dar-voz-a-sobrevivientes\/\" \/>\n<meta property=\"og:site_name\" content=\"Obispado San Marcos de Arica\" \/>\n<meta property=\"article:published_time\" content=\"2025-01-15T03:23:53+00:00\" \/>\n<meta property=\"article:modified_time\" content=\"2025-03-09T00:46:41+00:00\" \/>\n<meta property=\"og:image\" content=\"https:\/\/obispadoarica.cl\/home\/wp-content\/uploads\/2025\/01\/portada-diario.png\" \/>\n\t<meta property=\"og:image:width\" content=\"908\" \/>\n\t<meta property=\"og:image:height\" content=\"532\" \/>\n\t<meta property=\"og:image:type\" content=\"image\/png\" \/>\n<meta name=\"author\" content=\"Obispado de Arica\" \/>\n<meta name=\"twitter:card\" content=\"summary_large_image\" \/>\n<meta name=\"twitter:label1\" content=\"Escrito por\" \/>\n\t<meta name=\"twitter:data1\" content=\"Obispado de Arica\" \/>\n\t<meta name=\"twitter:label2\" content=\"Tiempo de lectura\" \/>\n\t<meta name=\"twitter:data2\" content=\"3 minutos\" \/>\n<script type=\"application\/ld+json\" class=\"yoast-schema-graph\">{\"@context\":\"https:\/\/schema.org\",\"@graph\":[{\"@type\":\"WebPage\",\"@id\":\"https:\/\/obispadoarica.cl\/home\/estudio-del-consejo-nacional-de-prevencion-de-abusos-es-destacado-por-dar-voz-a-sobrevivientes\/\",\"url\":\"https:\/\/obispadoarica.cl\/home\/estudio-del-consejo-nacional-de-prevencion-de-abusos-es-destacado-por-dar-voz-a-sobrevivientes\/\",\"name\":\"Estudio del Consejo Nacional de Prevenci\u00f3n de Abusos es destacado por dar voz a sobrevivientes - Obispado San Marcos de Arica\",\"isPartOf\":{\"@id\":\"https:\/\/obispadoarica.cl\/home\/#website\"},\"primaryImageOfPage\":{\"@id\":\"https:\/\/obispadoarica.cl\/home\/estudio-del-consejo-nacional-de-prevencion-de-abusos-es-destacado-por-dar-voz-a-sobrevivientes\/#primaryimage\"},\"image\":{\"@id\":\"https:\/\/obispadoarica.cl\/home\/estudio-del-consejo-nacional-de-prevencion-de-abusos-es-destacado-por-dar-voz-a-sobrevivientes\/#primaryimage\"},\"thumbnailUrl\":\"https:\/\/obispadoarica.cl\/home\/wp-content\/uploads\/2025\/01\/portada-diario.png\",\"datePublished\":\"2025-01-15T03:23:53+00:00\",\"dateModified\":\"2025-03-09T00:46:41+00:00\",\"author\":{\"@id\":\"https:\/\/obispadoarica.cl\/home\/#\/schema\/person\/1a8f4c2a3418412187dff039ecf9d97e\"},\"breadcrumb\":{\"@id\":\"https:\/\/obispadoarica.cl\/home\/estudio-del-consejo-nacional-de-prevencion-de-abusos-es-destacado-por-dar-voz-a-sobrevivientes\/#breadcrumb\"},\"inLanguage\":\"es\",\"potentialAction\":[{\"@type\":\"ReadAction\",\"target\":[\"https:\/\/obispadoarica.cl\/home\/estudio-del-consejo-nacional-de-prevencion-de-abusos-es-destacado-por-dar-voz-a-sobrevivientes\/\"]}]},{\"@type\":\"ImageObject\",\"inLanguage\":\"es\",\"@id\":\"https:\/\/obispadoarica.cl\/home\/estudio-del-consejo-nacional-de-prevencion-de-abusos-es-destacado-por-dar-voz-a-sobrevivientes\/#primaryimage\",\"url\":\"https:\/\/obispadoarica.cl\/home\/wp-content\/uploads\/2025\/01\/portada-diario.png\",\"contentUrl\":\"https:\/\/obispadoarica.cl\/home\/wp-content\/uploads\/2025\/01\/portada-diario.png\",\"width\":908,\"height\":532},{\"@type\":\"BreadcrumbList\",\"@id\":\"https:\/\/obispadoarica.cl\/home\/estudio-del-consejo-nacional-de-prevencion-de-abusos-es-destacado-por-dar-voz-a-sobrevivientes\/#breadcrumb\",\"itemListElement\":[{\"@type\":\"ListItem\",\"position\":1,\"name\":\"Portada\",\"item\":\"https:\/\/obispadoarica.cl\/home\/\"},{\"@type\":\"ListItem\",\"position\":2,\"name\":\"Estudio del Consejo Nacional de Prevenci\u00f3n de Abusos es destacado por dar voz a sobrevivientes\"}]},{\"@type\":\"WebSite\",\"@id\":\"https:\/\/obispadoarica.cl\/home\/#website\",\"url\":\"https:\/\/obispadoarica.cl\/home\/\",\"name\":\"Obispado San Marcos de Arica\",\"description\":\"Di\u00f3cesis San Marcos de Arica\",\"potentialAction\":[{\"@type\":\"SearchAction\",\"target\":{\"@type\":\"EntryPoint\",\"urlTemplate\":\"https:\/\/obispadoarica.cl\/home\/?s={search_term_string}\"},\"query-input\":{\"@type\":\"PropertyValueSpecification\",\"valueRequired\":true,\"valueName\":\"search_term_string\"}}],\"inLanguage\":\"es\"},{\"@type\":\"Person\",\"@id\":\"https:\/\/obispadoarica.cl\/home\/#\/schema\/person\/1a8f4c2a3418412187dff039ecf9d97e\",\"name\":\"Obispado de Arica\",\"image\":{\"@type\":\"ImageObject\",\"inLanguage\":\"es\",\"@id\":\"https:\/\/obispadoarica.cl\/home\/#\/schema\/person\/image\/\",\"url\":\"https:\/\/secure.gravatar.com\/avatar\/c75d5ceafb11502016ed664658884b0b1b183fa6f96260878f47ac58f950c8d9?s=96&d=mm&r=g\",\"contentUrl\":\"https:\/\/secure.gravatar.com\/avatar\/c75d5ceafb11502016ed664658884b0b1b183fa6f96260878f47ac58f950c8d9?s=96&d=mm&r=g\",\"caption\":\"Obispado de Arica\"},\"url\":\"https:\/\/obispadoarica.cl\/home\/author\/c1300590\/\"}]}<\/script>\n<!-- \/ Yoast SEO plugin. -->","yoast_head_json":{"title":"Estudio del Consejo Nacional de Prevenci\u00f3n de Abusos es destacado por dar voz a sobrevivientes - Obispado San Marcos de Arica","robots":{"index":"index","follow":"follow","max-snippet":"max-snippet:-1","max-image-preview":"max-image-preview:large","max-video-preview":"max-video-preview:-1"},"canonical":"https:\/\/obispadoarica.cl\/home\/estudio-del-consejo-nacional-de-prevencion-de-abusos-es-destacado-por-dar-voz-a-sobrevivientes\/","og_locale":"es_ES","og_type":"article","og_title":"Estudio del Consejo Nacional de Prevenci\u00f3n de Abusos es destacado por dar voz a sobrevivientes - Obispado San Marcos de Arica","og_description":"El diario El Mercurio ha dado a conocer en su edici\u00f3n de este 13 de enero, los principales hallazgos del estudio encargado por el Consejo Nacional de Prevenci\u00f3n de Abusos de la Conferencia Episcopal de Chile al Centro UC Derecho y Religi\u00f3n, que analiza los delitos cometidos por cl\u00e9rigos entre 1960 y 2023. Este informe, [...]","og_url":"https:\/\/obispadoarica.cl\/home\/estudio-del-consejo-nacional-de-prevencion-de-abusos-es-destacado-por-dar-voz-a-sobrevivientes\/","og_site_name":"Obispado San Marcos de Arica","article_published_time":"2025-01-15T03:23:53+00:00","article_modified_time":"2025-03-09T00:46:41+00:00","og_image":[{"width":908,"height":532,"url":"https:\/\/obispadoarica.cl\/home\/wp-content\/uploads\/2025\/01\/portada-diario.png","type":"image\/png"}],"author":"Obispado de Arica","twitter_card":"summary_large_image","twitter_misc":{"Escrito por":"Obispado de Arica","Tiempo de lectura":"3 minutos"},"schema":{"@context":"https:\/\/schema.org","@graph":[{"@type":"WebPage","@id":"https:\/\/obispadoarica.cl\/home\/estudio-del-consejo-nacional-de-prevencion-de-abusos-es-destacado-por-dar-voz-a-sobrevivientes\/","url":"https:\/\/obispadoarica.cl\/home\/estudio-del-consejo-nacional-de-prevencion-de-abusos-es-destacado-por-dar-voz-a-sobrevivientes\/","name":"Estudio del Consejo Nacional de Prevenci\u00f3n de Abusos es destacado por dar voz a sobrevivientes - Obispado San Marcos de Arica","isPartOf":{"@id":"https:\/\/obispadoarica.cl\/home\/#website"},"primaryImageOfPage":{"@id":"https:\/\/obispadoarica.cl\/home\/estudio-del-consejo-nacional-de-prevencion-de-abusos-es-destacado-por-dar-voz-a-sobrevivientes\/#primaryimage"},"image":{"@id":"https:\/\/obispadoarica.cl\/home\/estudio-del-consejo-nacional-de-prevencion-de-abusos-es-destacado-por-dar-voz-a-sobrevivientes\/#primaryimage"},"thumbnailUrl":"https:\/\/obispadoarica.cl\/home\/wp-content\/uploads\/2025\/01\/portada-diario.png","datePublished":"2025-01-15T03:23:53+00:00","dateModified":"2025-03-09T00:46:41+00:00","author":{"@id":"https:\/\/obispadoarica.cl\/home\/#\/schema\/person\/1a8f4c2a3418412187dff039ecf9d97e"},"breadcrumb":{"@id":"https:\/\/obispadoarica.cl\/home\/estudio-del-consejo-nacional-de-prevencion-de-abusos-es-destacado-por-dar-voz-a-sobrevivientes\/#breadcrumb"},"inLanguage":"es","potentialAction":[{"@type":"ReadAction","target":["https:\/\/obispadoarica.cl\/home\/estudio-del-consejo-nacional-de-prevencion-de-abusos-es-destacado-por-dar-voz-a-sobrevivientes\/"]}]},{"@type":"ImageObject","inLanguage":"es","@id":"https:\/\/obispadoarica.cl\/home\/estudio-del-consejo-nacional-de-prevencion-de-abusos-es-destacado-por-dar-voz-a-sobrevivientes\/#primaryimage","url":"https:\/\/obispadoarica.cl\/home\/wp-content\/uploads\/2025\/01\/portada-diario.png","contentUrl":"https:\/\/obispadoarica.cl\/home\/wp-content\/uploads\/2025\/01\/portada-diario.png","width":908,"height":532},{"@type":"BreadcrumbList","@id":"https:\/\/obispadoarica.cl\/home\/estudio-del-consejo-nacional-de-prevencion-de-abusos-es-destacado-por-dar-voz-a-sobrevivientes\/#breadcrumb","itemListElement":[{"@type":"ListItem","position":1,"name":"Portada","item":"https:\/\/obispadoarica.cl\/home\/"},{"@type":"ListItem","position":2,"name":"Estudio del Consejo Nacional de Prevenci\u00f3n de Abusos es destacado por dar voz a sobrevivientes"}]},{"@type":"WebSite","@id":"https:\/\/obispadoarica.cl\/home\/#website","url":"https:\/\/obispadoarica.cl\/home\/","name":"Obispado San Marcos de Arica","description":"Di\u00f3cesis San Marcos de Arica","potentialAction":[{"@type":"SearchAction","target":{"@type":"EntryPoint","urlTemplate":"https:\/\/obispadoarica.cl\/home\/?s={search_term_string}"},"query-input":{"@type":"PropertyValueSpecification","valueRequired":true,"valueName":"search_term_string"}}],"inLanguage":"es"},{"@type":"Person","@id":"https:\/\/obispadoarica.cl\/home\/#\/schema\/person\/1a8f4c2a3418412187dff039ecf9d97e","name":"Obispado de Arica","image":{"@type":"ImageObject","inLanguage":"es","@id":"https:\/\/obispadoarica.cl\/home\/#\/schema\/person\/image\/","url":"https:\/\/secure.gravatar.com\/avatar\/c75d5ceafb11502016ed664658884b0b1b183fa6f96260878f47ac58f950c8d9?s=96&d=mm&r=g","contentUrl":"https:\/\/secure.gravatar.com\/avatar\/c75d5ceafb11502016ed664658884b0b1b183fa6f96260878f47ac58f950c8d9?s=96&d=mm&r=g","caption":"Obispado de Arica"},"url":"https:\/\/obispadoarica.cl\/home\/author\/c1300590\/"}]}},"_links":{"self":[{"href":"https:\/\/obispadoarica.cl\/home\/wp-json\/wp\/v2\/posts\/3239","targetHints":{"allow":["GET"]}}],"collection":[{"href":"https:\/\/obispadoarica.cl\/home\/wp-json\/wp\/v2\/posts"}],"about":[{"href":"https:\/\/obispadoarica.cl\/home\/wp-json\/wp\/v2\/types\/post"}],"author":[{"embeddable":true,"href":"https:\/\/obispadoarica.cl\/home\/wp-json\/wp\/v2\/users\/2"}],"replies":[{"embeddable":true,"href":"https:\/\/obispadoarica.cl\/home\/wp-json\/wp\/v2\/comments?post=3239"}],"version-history":[{"count":3,"href":"https:\/\/obispadoarica.cl\/home\/wp-json\/wp\/v2\/posts\/3239\/revisions"}],"predecessor-version":[{"id":3244,"href":"https:\/\/obispadoarica.cl\/home\/wp-json\/wp\/v2\/posts\/3239\/revisions\/3244"}],"wp:featuredmedia":[{"embeddable":true,"href":"https:\/\/obispadoarica.cl\/home\/wp-json\/wp\/v2\/media\/3241"}],"wp:attachment":[{"href":"https:\/\/obispadoarica.cl\/home\/wp-json\/wp\/v2\/media?parent=3239"}],"wp:term":[{"taxonomy":"category","embeddable":true,"href":"https:\/\/obispadoarica.cl\/home\/wp-json\/wp\/v2\/categories?post=3239"},{"taxonomy":"post_tag","embeddable":true,"href":"https:\/\/obispadoarica.cl\/home\/wp-json\/wp\/v2\/tags?post=3239"}],"curies":[{"name":"wp","href":"https:\/\/api.w.org\/{rel}","templated":true}]}}