{"id":3418,"date":"2025-04-13T09:53:28","date_gmt":"2025-04-13T13:53:28","guid":{"rendered":"https:\/\/obispadoarica.cl\/home\/?p=3418"},"modified":"2025-04-13T09:53:30","modified_gmt":"2025-04-13T13:53:30","slug":"convivencia-entre-chilenos-y-migrantes","status":"publish","type":"post","link":"https:\/\/obispadoarica.cl\/home\/convivencia-entre-chilenos-y-migrantes\/","title":{"rendered":"Convivencia entre chilenos y migrantes"},"content":{"rendered":"\n\n\n<p><strong>Se\u00f1or director:&nbsp;<\/strong><\/p>\n\n\n\n<p>El estudio de Activa \u201cPercepci\u00f3n de inmigraci\u00f3n y prejuicio hacia inmigrantes\u201d da cuenta de un importante aumento en la distancia social y prejuicio hacia los inmigrantes. Estos resultados van en el mismo sentido de otros estudios, como la Encuesta Bicentenario UC, que dio cuenta que gran parte de los encuestados considera que existe hoy un gran un conflicto entre inmigrantes y chilenos.<\/p>\n\n\n\n<p>Desde la Iglesia Cat\u00f3lica no podemos quedar mudos ante una realidad que hipoteca nuestra cohesi\u00f3n social y que nos sit\u00faa en el umbral de normalizaciones que permitieron los peores cr\u00edmenes contra la humanidad de la historia reciente. Con la misma determinaci\u00f3n con que exigimos a la autoridad que se combata la delincuencia y se cuide la seguridad, hacemos un llamado tanto a la sociedad civil como los representantes del Estado y el poder pol\u00edtico, por promover una buena convivencia entre todos quienes habitamos Chile, en que prime el respeto mutuo en nuestra vida cotidiana, teniendo presentes nuestros derechos y deberes en la sociedad que somos parte.<\/p>\n\n\n\n<p>Tenemos una responsabilidad \u00e9tica en cada espacio, escuela, empresa, familia, barrio, para el cultivo de una convivencia nacida de un \u201cnosotros m\u00e1s grande\u201d que el propio prejuicio de origen, credo o condici\u00f3n.<\/p>\n\n\n\n<p>En el a\u00f1o del Jubileo de la Esperanza queremos aportar al pa\u00eds multiplicando iniciativas territoriales y ambientales para multiplicar culturas del encuentro entre chilenos y migrantes.&nbsp;<\/p>\n\n\n\n<p><strong>&nbsp;Gabriela Herrera<\/strong>, coordinadora Red Clamor Chile<\/p>\n\n\n\n<p><strong>Mois\u00e9s Atisha<\/strong>, referente Red Clamor Chile<\/p>\n\n\n\n<p><strong>Pablo Walker,&nbsp;<\/strong>capell\u00e1n Servicio Jesuita a Migrantes<\/p>\n\n\n\n<p><\/p>\n\n\n\n<p>Fuente: Mostrador.cl<\/p>\n","protected":false},"excerpt":{"rendered":"<p>Se\u00f1or director:&nbsp; El estudio de Activa \u201cPercepci\u00f3n de inmigraci\u00f3n y prejuicio hacia inmigrantes\u201d da cuenta de un importante aumento en la distancia social y prejuicio hacia los inmigrantes. Estos resultados van en el mismo sentido de otros estudios, como la Encuesta Bicentenario UC, que dio cuenta que gran parte de los encuestados considera que existe [&#8230;]\n","protected":false},"author":2,"featured_media":3419,"comment_status":"closed","ping_status":"open","sticky":false,"template":"","format":"standard","meta":{"footnotes":""},"categories":[7],"tags":[],"class_list":["post-3418","post","type-post","status-publish","format-standard","has-post-thumbnail","hentry","category-noticias"],"yoast_head":"<!-- This site is optimized with the Yoast SEO plugin v24.6 - https:\/\/yoast.com\/wordpress\/plugins\/seo\/ -->\n<title>Convivencia entre chilenos y migrantes - Obispado San Marcos de Arica<\/title>\n<meta name=\"robots\" content=\"index, follow, max-snippet:-1, max-image-preview:large, max-video-preview:-1\" \/>\n<link rel=\"canonical\" href=\"https:\/\/obispadoarica.cl\/home\/convivencia-entre-chilenos-y-migrantes\/\" \/>\n<meta property=\"og:locale\" content=\"es_ES\" \/>\n<meta property=\"og:type\" content=\"article\" \/>\n<meta property=\"og:title\" content=\"Convivencia entre chilenos y migrantes - Obispado San Marcos de Arica\" \/>\n<meta property=\"og:description\" content=\"Se\u00f1or director:&nbsp; El estudio de Activa \u201cPercepci\u00f3n de inmigraci\u00f3n y prejuicio hacia inmigrantes\u201d da cuenta de un importante aumento en la distancia social y prejuicio hacia los inmigrantes. Estos resultados van en el mismo sentido de otros estudios, como la Encuesta Bicentenario UC, que dio cuenta que gran parte de los encuestados considera que existe [...]\" \/>\n<meta property=\"og:url\" content=\"https:\/\/obispadoarica.cl\/home\/convivencia-entre-chilenos-y-migrantes\/\" \/>\n<meta property=\"og:site_name\" content=\"Obispado San Marcos de Arica\" \/>\n<meta property=\"article:published_time\" content=\"2025-04-13T13:53:28+00:00\" \/>\n<meta property=\"article:modified_time\" content=\"2025-04-13T13:53:30+00:00\" \/>\n<meta property=\"og:image\" content=\"https:\/\/obispadoarica.cl\/home\/wp-content\/uploads\/2025\/04\/moises.jpeg\" \/>\n\t<meta property=\"og:image:width\" content=\"1024\" \/>\n\t<meta property=\"og:image:height\" content=\"575\" \/>\n\t<meta property=\"og:image:type\" content=\"image\/jpeg\" \/>\n<meta name=\"author\" content=\"Obispado de Arica\" \/>\n<meta name=\"twitter:card\" content=\"summary_large_image\" \/>\n<meta name=\"twitter:label1\" content=\"Escrito por\" \/>\n\t<meta name=\"twitter:data1\" content=\"Obispado de Arica\" \/>\n\t<meta name=\"twitter:label2\" content=\"Tiempo de lectura\" \/>\n\t<meta name=\"twitter:data2\" content=\"2 minutos\" \/>\n<script type=\"application\/ld+json\" class=\"yoast-schema-graph\">{\"@context\":\"https:\/\/schema.org\",\"@graph\":[{\"@type\":\"WebPage\",\"@id\":\"https:\/\/obispadoarica.cl\/home\/convivencia-entre-chilenos-y-migrantes\/\",\"url\":\"https:\/\/obispadoarica.cl\/home\/convivencia-entre-chilenos-y-migrantes\/\",\"name\":\"Convivencia entre chilenos y migrantes - Obispado San Marcos de Arica\",\"isPartOf\":{\"@id\":\"https:\/\/obispadoarica.cl\/home\/#website\"},\"primaryImageOfPage\":{\"@id\":\"https:\/\/obispadoarica.cl\/home\/convivencia-entre-chilenos-y-migrantes\/#primaryimage\"},\"image\":{\"@id\":\"https:\/\/obispadoarica.cl\/home\/convivencia-entre-chilenos-y-migrantes\/#primaryimage\"},\"thumbnailUrl\":\"https:\/\/obispadoarica.cl\/home\/wp-content\/uploads\/2025\/04\/moises.jpeg\",\"datePublished\":\"2025-04-13T13:53:28+00:00\",\"dateModified\":\"2025-04-13T13:53:30+00:00\",\"author\":{\"@id\":\"https:\/\/obispadoarica.cl\/home\/#\/schema\/person\/1a8f4c2a3418412187dff039ecf9d97e\"},\"breadcrumb\":{\"@id\":\"https:\/\/obispadoarica.cl\/home\/convivencia-entre-chilenos-y-migrantes\/#breadcrumb\"},\"inLanguage\":\"es\",\"potentialAction\":[{\"@type\":\"ReadAction\",\"target\":[\"https:\/\/obispadoarica.cl\/home\/convivencia-entre-chilenos-y-migrantes\/\"]}]},{\"@type\":\"ImageObject\",\"inLanguage\":\"es\",\"@id\":\"https:\/\/obispadoarica.cl\/home\/convivencia-entre-chilenos-y-migrantes\/#primaryimage\",\"url\":\"https:\/\/obispadoarica.cl\/home\/wp-content\/uploads\/2025\/04\/moises.jpeg\",\"contentUrl\":\"https:\/\/obispadoarica.cl\/home\/wp-content\/uploads\/2025\/04\/moises.jpeg\",\"width\":1024,\"height\":575},{\"@type\":\"BreadcrumbList\",\"@id\":\"https:\/\/obispadoarica.cl\/home\/convivencia-entre-chilenos-y-migrantes\/#breadcrumb\",\"itemListElement\":[{\"@type\":\"ListItem\",\"position\":1,\"name\":\"Portada\",\"item\":\"https:\/\/obispadoarica.cl\/home\/\"},{\"@type\":\"ListItem\",\"position\":2,\"name\":\"Convivencia entre chilenos y migrantes\"}]},{\"@type\":\"WebSite\",\"@id\":\"https:\/\/obispadoarica.cl\/home\/#website\",\"url\":\"https:\/\/obispadoarica.cl\/home\/\",\"name\":\"Obispado San Marcos de Arica\",\"description\":\"Di\u00f3cesis San Marcos de Arica\",\"potentialAction\":[{\"@type\":\"SearchAction\",\"target\":{\"@type\":\"EntryPoint\",\"urlTemplate\":\"https:\/\/obispadoarica.cl\/home\/?s={search_term_string}\"},\"query-input\":{\"@type\":\"PropertyValueSpecification\",\"valueRequired\":true,\"valueName\":\"search_term_string\"}}],\"inLanguage\":\"es\"},{\"@type\":\"Person\",\"@id\":\"https:\/\/obispadoarica.cl\/home\/#\/schema\/person\/1a8f4c2a3418412187dff039ecf9d97e\",\"name\":\"Obispado de Arica\",\"image\":{\"@type\":\"ImageObject\",\"inLanguage\":\"es\",\"@id\":\"https:\/\/obispadoarica.cl\/home\/#\/schema\/person\/image\/\",\"url\":\"https:\/\/secure.gravatar.com\/avatar\/c75d5ceafb11502016ed664658884b0b1b183fa6f96260878f47ac58f950c8d9?s=96&d=mm&r=g\",\"contentUrl\":\"https:\/\/secure.gravatar.com\/avatar\/c75d5ceafb11502016ed664658884b0b1b183fa6f96260878f47ac58f950c8d9?s=96&d=mm&r=g\",\"caption\":\"Obispado de Arica\"},\"url\":\"https:\/\/obispadoarica.cl\/home\/author\/c1300590\/\"}]}<\/script>\n<!-- \/ Yoast SEO plugin. -->","yoast_head_json":{"title":"Convivencia entre chilenos y migrantes - Obispado San Marcos de Arica","robots":{"index":"index","follow":"follow","max-snippet":"max-snippet:-1","max-image-preview":"max-image-preview:large","max-video-preview":"max-video-preview:-1"},"canonical":"https:\/\/obispadoarica.cl\/home\/convivencia-entre-chilenos-y-migrantes\/","og_locale":"es_ES","og_type":"article","og_title":"Convivencia entre chilenos y migrantes - Obispado San Marcos de Arica","og_description":"Se\u00f1or director:&nbsp; El estudio de Activa \u201cPercepci\u00f3n de inmigraci\u00f3n y prejuicio hacia inmigrantes\u201d da cuenta de un importante aumento en la distancia social y prejuicio hacia los inmigrantes. Estos resultados van en el mismo sentido de otros estudios, como la Encuesta Bicentenario UC, que dio cuenta que gran parte de los encuestados considera que existe [...]","og_url":"https:\/\/obispadoarica.cl\/home\/convivencia-entre-chilenos-y-migrantes\/","og_site_name":"Obispado San Marcos de Arica","article_published_time":"2025-04-13T13:53:28+00:00","article_modified_time":"2025-04-13T13:53:30+00:00","og_image":[{"width":1024,"height":575,"url":"https:\/\/obispadoarica.cl\/home\/wp-content\/uploads\/2025\/04\/moises.jpeg","type":"image\/jpeg"}],"author":"Obispado de Arica","twitter_card":"summary_large_image","twitter_misc":{"Escrito por":"Obispado de Arica","Tiempo de lectura":"2 minutos"},"schema":{"@context":"https:\/\/schema.org","@graph":[{"@type":"WebPage","@id":"https:\/\/obispadoarica.cl\/home\/convivencia-entre-chilenos-y-migrantes\/","url":"https:\/\/obispadoarica.cl\/home\/convivencia-entre-chilenos-y-migrantes\/","name":"Convivencia entre chilenos y migrantes - Obispado San Marcos de Arica","isPartOf":{"@id":"https:\/\/obispadoarica.cl\/home\/#website"},"primaryImageOfPage":{"@id":"https:\/\/obispadoarica.cl\/home\/convivencia-entre-chilenos-y-migrantes\/#primaryimage"},"image":{"@id":"https:\/\/obispadoarica.cl\/home\/convivencia-entre-chilenos-y-migrantes\/#primaryimage"},"thumbnailUrl":"https:\/\/obispadoarica.cl\/home\/wp-content\/uploads\/2025\/04\/moises.jpeg","datePublished":"2025-04-13T13:53:28+00:00","dateModified":"2025-04-13T13:53:30+00:00","author":{"@id":"https:\/\/obispadoarica.cl\/home\/#\/schema\/person\/1a8f4c2a3418412187dff039ecf9d97e"},"breadcrumb":{"@id":"https:\/\/obispadoarica.cl\/home\/convivencia-entre-chilenos-y-migrantes\/#breadcrumb"},"inLanguage":"es","potentialAction":[{"@type":"ReadAction","target":["https:\/\/obispadoarica.cl\/home\/convivencia-entre-chilenos-y-migrantes\/"]}]},{"@type":"ImageObject","inLanguage":"es","@id":"https:\/\/obispadoarica.cl\/home\/convivencia-entre-chilenos-y-migrantes\/#primaryimage","url":"https:\/\/obispadoarica.cl\/home\/wp-content\/uploads\/2025\/04\/moises.jpeg","contentUrl":"https:\/\/obispadoarica.cl\/home\/wp-content\/uploads\/2025\/04\/moises.jpeg","width":1024,"height":575},{"@type":"BreadcrumbList","@id":"https:\/\/obispadoarica.cl\/home\/convivencia-entre-chilenos-y-migrantes\/#breadcrumb","itemListElement":[{"@type":"ListItem","position":1,"name":"Portada","item":"https:\/\/obispadoarica.cl\/home\/"},{"@type":"ListItem","position":2,"name":"Convivencia entre chilenos y migrantes"}]},{"@type":"WebSite","@id":"https:\/\/obispadoarica.cl\/home\/#website","url":"https:\/\/obispadoarica.cl\/home\/","name":"Obispado San Marcos de Arica","description":"Di\u00f3cesis San Marcos de Arica","potentialAction":[{"@type":"SearchAction","target":{"@type":"EntryPoint","urlTemplate":"https:\/\/obispadoarica.cl\/home\/?s={search_term_string}"},"query-input":{"@type":"PropertyValueSpecification","valueRequired":true,"valueName":"search_term_string"}}],"inLanguage":"es"},{"@type":"Person","@id":"https:\/\/obispadoarica.cl\/home\/#\/schema\/person\/1a8f4c2a3418412187dff039ecf9d97e","name":"Obispado de Arica","image":{"@type":"ImageObject","inLanguage":"es","@id":"https:\/\/obispadoarica.cl\/home\/#\/schema\/person\/image\/","url":"https:\/\/secure.gravatar.com\/avatar\/c75d5ceafb11502016ed664658884b0b1b183fa6f96260878f47ac58f950c8d9?s=96&d=mm&r=g","contentUrl":"https:\/\/secure.gravatar.com\/avatar\/c75d5ceafb11502016ed664658884b0b1b183fa6f96260878f47ac58f950c8d9?s=96&d=mm&r=g","caption":"Obispado de Arica"},"url":"https:\/\/obispadoarica.cl\/home\/author\/c1300590\/"}]}},"_links":{"self":[{"href":"https:\/\/obispadoarica.cl\/home\/wp-json\/wp\/v2\/posts\/3418","targetHints":{"allow":["GET"]}}],"collection":[{"href":"https:\/\/obispadoarica.cl\/home\/wp-json\/wp\/v2\/posts"}],"about":[{"href":"https:\/\/obispadoarica.cl\/home\/wp-json\/wp\/v2\/types\/post"}],"author":[{"embeddable":true,"href":"https:\/\/obispadoarica.cl\/home\/wp-json\/wp\/v2\/users\/2"}],"replies":[{"embeddable":true,"href":"https:\/\/obispadoarica.cl\/home\/wp-json\/wp\/v2\/comments?post=3418"}],"version-history":[{"count":1,"href":"https:\/\/obispadoarica.cl\/home\/wp-json\/wp\/v2\/posts\/3418\/revisions"}],"predecessor-version":[{"id":3420,"href":"https:\/\/obispadoarica.cl\/home\/wp-json\/wp\/v2\/posts\/3418\/revisions\/3420"}],"wp:featuredmedia":[{"embeddable":true,"href":"https:\/\/obispadoarica.cl\/home\/wp-json\/wp\/v2\/media\/3419"}],"wp:attachment":[{"href":"https:\/\/obispadoarica.cl\/home\/wp-json\/wp\/v2\/media?parent=3418"}],"wp:term":[{"taxonomy":"category","embeddable":true,"href":"https:\/\/obispadoarica.cl\/home\/wp-json\/wp\/v2\/categories?post=3418"},{"taxonomy":"post_tag","embeddable":true,"href":"https:\/\/obispadoarica.cl\/home\/wp-json\/wp\/v2\/tags?post=3418"}],"curies":[{"name":"wp","href":"https:\/\/api.w.org\/{rel}","templated":true}]}}