{"id":350,"date":"2022-03-07T16:32:53","date_gmt":"2022-03-07T16:32:53","guid":{"rendered":"https:\/\/obispadoarica.cl\/home\/?p=350"},"modified":"2025-03-08T20:54:41","modified_gmt":"2025-03-09T00:54:41","slug":"c-o-m-u-n-i-c-a-d-o-o-b-i-s-p-a-d-o-de-a-r-i-c-a","status":"publish","type":"post","link":"https:\/\/obispadoarica.cl\/home\/c-o-m-u-n-i-c-a-d-o-o-b-i-s-p-a-d-o-de-a-r-i-c-a\/","title":{"rendered":"Comunicado Obispado de Arica"},"content":{"rendered":"\nCon profundo pesar, damos a conocer a nombre de Monse\u00f1or Mois\u00e9s Atisha a todos los fieles de la Di\u00f3cesis de San Marcos de Arica el sensible fallecimiento de Mons. H\u00e9ctor Vargas Bastidas, obispo de Temuco, quien desde el 2003 al 2013 estuvo desempe\u00f1ando su pastoreando en nuestra Di\u00f3cesis. Este lunes 07 de Marzo en horas de las 11.00 am ha fallecido en la ciudad de Temuco.\nComo Iglesia Cat\u00f3lica en Arica, elevamos nuestra oraci\u00f3n por quien fuera uno de nuestros Obispos, por su labor realizada y desempe\u00f1o en medio nuestro. Damos gracias a Dios por su paso en estas tierras de norte grande y que el buen Dios retribuya en \u00e9l todo bien entregado.\n","protected":false},"excerpt":{"rendered":"<p>Con profundo pesar, damos a conocer a nombre de Monse\u00f1or Mois\u00e9s Atisha a todos los fieles de la Di\u00f3cesis de San Marcos de Arica el sensible fallecimiento de Mons. H\u00e9ctor Vargas Bastidas, obispo de Temuco, quien desde el 2003 al 2013 estuvo desempe\u00f1ando su pastoreando en nuestra Di\u00f3cesis. Este lunes 07 de Marzo en horas [&#8230;]\n","protected":false},"author":2,"featured_media":352,"comment_status":"closed","ping_status":"open","sticky":false,"template":"","format":"standard","meta":{"footnotes":""},"categories":[10],"tags":[],"class_list":["post-350","post","type-post","status-publish","format-standard","has-post-thumbnail","hentry","category-comunicados"],"yoast_head":"<!-- This site is optimized with the Yoast SEO plugin v24.6 - https:\/\/yoast.com\/wordpress\/plugins\/seo\/ -->\n<title>Comunicado Obispado de Arica - Obispado San Marcos de Arica<\/title>\n<meta name=\"robots\" content=\"index, follow, max-snippet:-1, max-image-preview:large, max-video-preview:-1\" \/>\n<link rel=\"canonical\" href=\"https:\/\/obispadoarica.cl\/home\/c-o-m-u-n-i-c-a-d-o-o-b-i-s-p-a-d-o-de-a-r-i-c-a\/\" \/>\n<meta property=\"og:locale\" content=\"es_ES\" \/>\n<meta property=\"og:type\" content=\"article\" \/>\n<meta property=\"og:title\" content=\"Comunicado Obispado de Arica - Obispado San Marcos de Arica\" \/>\n<meta property=\"og:description\" content=\"Con profundo pesar, damos a conocer a nombre de Monse\u00f1or Mois\u00e9s Atisha a todos los fieles de la Di\u00f3cesis de San Marcos de Arica el sensible fallecimiento de Mons. H\u00e9ctor Vargas Bastidas, obispo de Temuco, quien desde el 2003 al 2013 estuvo desempe\u00f1ando su pastoreando en nuestra Di\u00f3cesis. Este lunes 07 de Marzo en horas [...]\" \/>\n<meta property=\"og:url\" content=\"https:\/\/obispadoarica.cl\/home\/c-o-m-u-n-i-c-a-d-o-o-b-i-s-p-a-d-o-de-a-r-i-c-a\/\" \/>\n<meta property=\"og:site_name\" content=\"Obispado San Marcos de Arica\" \/>\n<meta property=\"article:published_time\" content=\"2022-03-07T16:32:53+00:00\" \/>\n<meta property=\"article:modified_time\" content=\"2025-03-09T00:54:41+00:00\" \/>\n<meta property=\"og:image\" content=\"https:\/\/obispadoarica.cl\/home\/wp-content\/uploads\/2022\/03\/52b88781-513c-468a-8bb4-08b29863a75d.jpeg\" \/>\n\t<meta property=\"og:image:width\" content=\"404\" \/>\n\t<meta property=\"og:image:height\" content=\"532\" \/>\n\t<meta property=\"og:image:type\" content=\"image\/jpeg\" \/>\n<meta name=\"author\" content=\"Obispado de Arica\" \/>\n<meta name=\"twitter:card\" content=\"summary_large_image\" \/>\n<meta name=\"twitter:label1\" content=\"Escrito por\" \/>\n\t<meta name=\"twitter:data1\" content=\"Obispado de Arica\" \/>\n\t<meta name=\"twitter:label2\" content=\"Tiempo de lectura\" \/>\n\t<meta name=\"twitter:data2\" content=\"1 minuto\" \/>\n<script type=\"application\/ld+json\" class=\"yoast-schema-graph\">{\"@context\":\"https:\/\/schema.org\",\"@graph\":[{\"@type\":\"WebPage\",\"@id\":\"https:\/\/obispadoarica.cl\/home\/c-o-m-u-n-i-c-a-d-o-o-b-i-s-p-a-d-o-de-a-r-i-c-a\/\",\"url\":\"https:\/\/obispadoarica.cl\/home\/c-o-m-u-n-i-c-a-d-o-o-b-i-s-p-a-d-o-de-a-r-i-c-a\/\",\"name\":\"Comunicado Obispado de Arica - Obispado San Marcos de Arica\",\"isPartOf\":{\"@id\":\"https:\/\/obispadoarica.cl\/home\/#website\"},\"primaryImageOfPage\":{\"@id\":\"https:\/\/obispadoarica.cl\/home\/c-o-m-u-n-i-c-a-d-o-o-b-i-s-p-a-d-o-de-a-r-i-c-a\/#primaryimage\"},\"image\":{\"@id\":\"https:\/\/obispadoarica.cl\/home\/c-o-m-u-n-i-c-a-d-o-o-b-i-s-p-a-d-o-de-a-r-i-c-a\/#primaryimage\"},\"thumbnailUrl\":\"https:\/\/obispadoarica.cl\/home\/wp-content\/uploads\/2022\/03\/52b88781-513c-468a-8bb4-08b29863a75d.jpeg\",\"datePublished\":\"2022-03-07T16:32:53+00:00\",\"dateModified\":\"2025-03-09T00:54:41+00:00\",\"author\":{\"@id\":\"https:\/\/obispadoarica.cl\/home\/#\/schema\/person\/1a8f4c2a3418412187dff039ecf9d97e\"},\"breadcrumb\":{\"@id\":\"https:\/\/obispadoarica.cl\/home\/c-o-m-u-n-i-c-a-d-o-o-b-i-s-p-a-d-o-de-a-r-i-c-a\/#breadcrumb\"},\"inLanguage\":\"es\",\"potentialAction\":[{\"@type\":\"ReadAction\",\"target\":[\"https:\/\/obispadoarica.cl\/home\/c-o-m-u-n-i-c-a-d-o-o-b-i-s-p-a-d-o-de-a-r-i-c-a\/\"]}]},{\"@type\":\"ImageObject\",\"inLanguage\":\"es\",\"@id\":\"https:\/\/obispadoarica.cl\/home\/c-o-m-u-n-i-c-a-d-o-o-b-i-s-p-a-d-o-de-a-r-i-c-a\/#primaryimage\",\"url\":\"https:\/\/obispadoarica.cl\/home\/wp-content\/uploads\/2022\/03\/52b88781-513c-468a-8bb4-08b29863a75d.jpeg\",\"contentUrl\":\"https:\/\/obispadoarica.cl\/home\/wp-content\/uploads\/2022\/03\/52b88781-513c-468a-8bb4-08b29863a75d.jpeg\",\"width\":404,\"height\":532},{\"@type\":\"BreadcrumbList\",\"@id\":\"https:\/\/obispadoarica.cl\/home\/c-o-m-u-n-i-c-a-d-o-o-b-i-s-p-a-d-o-de-a-r-i-c-a\/#breadcrumb\",\"itemListElement\":[{\"@type\":\"ListItem\",\"position\":1,\"name\":\"Portada\",\"item\":\"https:\/\/obispadoarica.cl\/home\/\"},{\"@type\":\"ListItem\",\"position\":2,\"name\":\"Comunicado Obispado de Arica\"}]},{\"@type\":\"WebSite\",\"@id\":\"https:\/\/obispadoarica.cl\/home\/#website\",\"url\":\"https:\/\/obispadoarica.cl\/home\/\",\"name\":\"Obispado San Marcos de Arica\",\"description\":\"Di\u00f3cesis San Marcos de Arica\",\"potentialAction\":[{\"@type\":\"SearchAction\",\"target\":{\"@type\":\"EntryPoint\",\"urlTemplate\":\"https:\/\/obispadoarica.cl\/home\/?s={search_term_string}\"},\"query-input\":{\"@type\":\"PropertyValueSpecification\",\"valueRequired\":true,\"valueName\":\"search_term_string\"}}],\"inLanguage\":\"es\"},{\"@type\":\"Person\",\"@id\":\"https:\/\/obispadoarica.cl\/home\/#\/schema\/person\/1a8f4c2a3418412187dff039ecf9d97e\",\"name\":\"Obispado de Arica\",\"image\":{\"@type\":\"ImageObject\",\"inLanguage\":\"es\",\"@id\":\"https:\/\/obispadoarica.cl\/home\/#\/schema\/person\/image\/\",\"url\":\"https:\/\/secure.gravatar.com\/avatar\/c75d5ceafb11502016ed664658884b0b1b183fa6f96260878f47ac58f950c8d9?s=96&d=mm&r=g\",\"contentUrl\":\"https:\/\/secure.gravatar.com\/avatar\/c75d5ceafb11502016ed664658884b0b1b183fa6f96260878f47ac58f950c8d9?s=96&d=mm&r=g\",\"caption\":\"Obispado de Arica\"},\"url\":\"https:\/\/obispadoarica.cl\/home\/author\/c1300590\/\"}]}<\/script>\n<!-- \/ Yoast SEO plugin. -->","yoast_head_json":{"title":"Comunicado Obispado de Arica - Obispado San Marcos de Arica","robots":{"index":"index","follow":"follow","max-snippet":"max-snippet:-1","max-image-preview":"max-image-preview:large","max-video-preview":"max-video-preview:-1"},"canonical":"https:\/\/obispadoarica.cl\/home\/c-o-m-u-n-i-c-a-d-o-o-b-i-s-p-a-d-o-de-a-r-i-c-a\/","og_locale":"es_ES","og_type":"article","og_title":"Comunicado Obispado de Arica - Obispado San Marcos de Arica","og_description":"Con profundo pesar, damos a conocer a nombre de Monse\u00f1or Mois\u00e9s Atisha a todos los fieles de la Di\u00f3cesis de San Marcos de Arica el sensible fallecimiento de Mons. H\u00e9ctor Vargas Bastidas, obispo de Temuco, quien desde el 2003 al 2013 estuvo desempe\u00f1ando su pastoreando en nuestra Di\u00f3cesis. Este lunes 07 de Marzo en horas [...]","og_url":"https:\/\/obispadoarica.cl\/home\/c-o-m-u-n-i-c-a-d-o-o-b-i-s-p-a-d-o-de-a-r-i-c-a\/","og_site_name":"Obispado San Marcos de Arica","article_published_time":"2022-03-07T16:32:53+00:00","article_modified_time":"2025-03-09T00:54:41+00:00","og_image":[{"width":404,"height":532,"url":"https:\/\/obispadoarica.cl\/home\/wp-content\/uploads\/2022\/03\/52b88781-513c-468a-8bb4-08b29863a75d.jpeg","type":"image\/jpeg"}],"author":"Obispado de Arica","twitter_card":"summary_large_image","twitter_misc":{"Escrito por":"Obispado de Arica","Tiempo de lectura":"1 minuto"},"schema":{"@context":"https:\/\/schema.org","@graph":[{"@type":"WebPage","@id":"https:\/\/obispadoarica.cl\/home\/c-o-m-u-n-i-c-a-d-o-o-b-i-s-p-a-d-o-de-a-r-i-c-a\/","url":"https:\/\/obispadoarica.cl\/home\/c-o-m-u-n-i-c-a-d-o-o-b-i-s-p-a-d-o-de-a-r-i-c-a\/","name":"Comunicado Obispado de Arica - Obispado San Marcos de Arica","isPartOf":{"@id":"https:\/\/obispadoarica.cl\/home\/#website"},"primaryImageOfPage":{"@id":"https:\/\/obispadoarica.cl\/home\/c-o-m-u-n-i-c-a-d-o-o-b-i-s-p-a-d-o-de-a-r-i-c-a\/#primaryimage"},"image":{"@id":"https:\/\/obispadoarica.cl\/home\/c-o-m-u-n-i-c-a-d-o-o-b-i-s-p-a-d-o-de-a-r-i-c-a\/#primaryimage"},"thumbnailUrl":"https:\/\/obispadoarica.cl\/home\/wp-content\/uploads\/2022\/03\/52b88781-513c-468a-8bb4-08b29863a75d.jpeg","datePublished":"2022-03-07T16:32:53+00:00","dateModified":"2025-03-09T00:54:41+00:00","author":{"@id":"https:\/\/obispadoarica.cl\/home\/#\/schema\/person\/1a8f4c2a3418412187dff039ecf9d97e"},"breadcrumb":{"@id":"https:\/\/obispadoarica.cl\/home\/c-o-m-u-n-i-c-a-d-o-o-b-i-s-p-a-d-o-de-a-r-i-c-a\/#breadcrumb"},"inLanguage":"es","potentialAction":[{"@type":"ReadAction","target":["https:\/\/obispadoarica.cl\/home\/c-o-m-u-n-i-c-a-d-o-o-b-i-s-p-a-d-o-de-a-r-i-c-a\/"]}]},{"@type":"ImageObject","inLanguage":"es","@id":"https:\/\/obispadoarica.cl\/home\/c-o-m-u-n-i-c-a-d-o-o-b-i-s-p-a-d-o-de-a-r-i-c-a\/#primaryimage","url":"https:\/\/obispadoarica.cl\/home\/wp-content\/uploads\/2022\/03\/52b88781-513c-468a-8bb4-08b29863a75d.jpeg","contentUrl":"https:\/\/obispadoarica.cl\/home\/wp-content\/uploads\/2022\/03\/52b88781-513c-468a-8bb4-08b29863a75d.jpeg","width":404,"height":532},{"@type":"BreadcrumbList","@id":"https:\/\/obispadoarica.cl\/home\/c-o-m-u-n-i-c-a-d-o-o-b-i-s-p-a-d-o-de-a-r-i-c-a\/#breadcrumb","itemListElement":[{"@type":"ListItem","position":1,"name":"Portada","item":"https:\/\/obispadoarica.cl\/home\/"},{"@type":"ListItem","position":2,"name":"Comunicado Obispado de Arica"}]},{"@type":"WebSite","@id":"https:\/\/obispadoarica.cl\/home\/#website","url":"https:\/\/obispadoarica.cl\/home\/","name":"Obispado San Marcos de Arica","description":"Di\u00f3cesis San Marcos de Arica","potentialAction":[{"@type":"SearchAction","target":{"@type":"EntryPoint","urlTemplate":"https:\/\/obispadoarica.cl\/home\/?s={search_term_string}"},"query-input":{"@type":"PropertyValueSpecification","valueRequired":true,"valueName":"search_term_string"}}],"inLanguage":"es"},{"@type":"Person","@id":"https:\/\/obispadoarica.cl\/home\/#\/schema\/person\/1a8f4c2a3418412187dff039ecf9d97e","name":"Obispado de Arica","image":{"@type":"ImageObject","inLanguage":"es","@id":"https:\/\/obispadoarica.cl\/home\/#\/schema\/person\/image\/","url":"https:\/\/secure.gravatar.com\/avatar\/c75d5ceafb11502016ed664658884b0b1b183fa6f96260878f47ac58f950c8d9?s=96&d=mm&r=g","contentUrl":"https:\/\/secure.gravatar.com\/avatar\/c75d5ceafb11502016ed664658884b0b1b183fa6f96260878f47ac58f950c8d9?s=96&d=mm&r=g","caption":"Obispado de Arica"},"url":"https:\/\/obispadoarica.cl\/home\/author\/c1300590\/"}]}},"_links":{"self":[{"href":"https:\/\/obispadoarica.cl\/home\/wp-json\/wp\/v2\/posts\/350","targetHints":{"allow":["GET"]}}],"collection":[{"href":"https:\/\/obispadoarica.cl\/home\/wp-json\/wp\/v2\/posts"}],"about":[{"href":"https:\/\/obispadoarica.cl\/home\/wp-json\/wp\/v2\/types\/post"}],"author":[{"embeddable":true,"href":"https:\/\/obispadoarica.cl\/home\/wp-json\/wp\/v2\/users\/2"}],"replies":[{"embeddable":true,"href":"https:\/\/obispadoarica.cl\/home\/wp-json\/wp\/v2\/comments?post=350"}],"version-history":[{"count":2,"href":"https:\/\/obispadoarica.cl\/home\/wp-json\/wp\/v2\/posts\/350\/revisions"}],"predecessor-version":[{"id":353,"href":"https:\/\/obispadoarica.cl\/home\/wp-json\/wp\/v2\/posts\/350\/revisions\/353"}],"wp:featuredmedia":[{"embeddable":true,"href":"https:\/\/obispadoarica.cl\/home\/wp-json\/wp\/v2\/media\/352"}],"wp:attachment":[{"href":"https:\/\/obispadoarica.cl\/home\/wp-json\/wp\/v2\/media?parent=350"}],"wp:term":[{"taxonomy":"category","embeddable":true,"href":"https:\/\/obispadoarica.cl\/home\/wp-json\/wp\/v2\/categories?post=350"},{"taxonomy":"post_tag","embeddable":true,"href":"https:\/\/obispadoarica.cl\/home\/wp-json\/wp\/v2\/tags?post=350"}],"curies":[{"name":"wp","href":"https:\/\/api.w.org\/{rel}","templated":true}]}}