{"id":3506,"date":"2025-05-11T13:02:17","date_gmt":"2025-05-11T17:02:17","guid":{"rendered":"https:\/\/obispadoarica.cl\/home\/?p=3506"},"modified":"2025-05-11T13:02:19","modified_gmt":"2025-05-11T17:02:19","slug":"obispos-llaman-a-la-esperanza-justicia-y-encuentro-por-el-bien-de-chile","status":"publish","type":"post","link":"https:\/\/obispadoarica.cl\/home\/obispos-llaman-a-la-esperanza-justicia-y-encuentro-por-el-bien-de-chile\/","title":{"rendered":"Obispos llaman a la esperanza, justicia y encuentro por el bien de Chile"},"content":{"rendered":"\n\n\n<p><em>En su 131\u00aa Asamblea Plenaria, los obispos de la Conferencia Episcopal de Chile oraron por Francisco y expresaron su fidelidad al nuevo papa Le\u00f3n XIV. Tambi\u00e9n denunciaron la expansi\u00f3n del narcotr\u00e1fico en un mundo que vive una realidad turbulenta producto de las guerras y disputas que atentan contra la dignidad humana. Por ello invitan a trabajar unidos por el bien com\u00fan y destacan signos de esperanza como la Comisi\u00f3n para la paz y entendimiento, adem\u00e1s de la Jornada Nacional de la Juventud.<\/em><\/p>\n\n\n\n<p><strong>Un tiempo in\u00e9dito para la Iglesia: De Francisco a Le\u00f3n XIV<\/strong><br>Desde el Centro de Espiritualidad Loyola, en la localidad de Padre Hurtado, los obispos calificaron la reciente Asamblea Plenaria como \u201cun acontecimiento in\u00e9dito\u201d que les llev\u00f3 a ofrecer su primera Eucarist\u00eda por el descanso del papa Francisco, de quien recordaron su \u201cluminoso ministerio entre nosotros\u201d. Asimismo, celebraron con gozo la elecci\u00f3n del papa Le\u00f3n XIV: \u201cLe aseguramos nuestra comuni\u00f3n y fidelidad para seguir trabajando por la nueva evangelizaci\u00f3n de nuestra patria\u201d.<\/p>\n\n\n\n<p><strong>Sinodalidad, cultura del cuidado y la esperanza en la juventud<\/strong><br>Marcados por el A\u00f1o Jubilar, los obispos reafirmaron su compromiso con la renovaci\u00f3n pastoral: \u201cSeguimos trabajando en la renovaci\u00f3n de nuestras estructuras y modos de servicios pastorales para vivir una creciente sinodalidad\u201d. Destacaron tambi\u00e9n los esfuerzos por promover \u201cuna cultura del cuidado y del buen trato\u201d.<\/p>\n\n\n\n<p>La reciente Jornada Nacional de J\u00f3venes (JNJ), celebrada en enero en La Serena, fue valorada como un acontecimiento esperanzador: \u201cDamos gracias al Se\u00f1or porque este acontecimiento ha dado un nuevo impulso a la evangelizaci\u00f3n de los j\u00f3venes\u201d.<\/p>\n\n\n\n<p><strong>Graves preocupaciones por la seguridad, el narcotr\u00e1fico y la natalidad<\/strong><br>Reconociendo como otro elemento esperanzador el Informe final de la Comisi\u00f3n presidencial para la paz y el entendimiento, los Obispos expresaron tambien su inquietud ante hechos que \u201cnos inquietan y duelen\u201d, como la expansi\u00f3n del narcotr\u00e1fico y el crimen organizado en el pa\u00eds: \u201cPromueven la violencia, inseguridad y pobreza\u201d, advirtieron, se\u00f1alando que este flagelo \u201cutiliza a los j\u00f3venes y seduce al \u00e1mbito pol\u00edtico, judicial y deportivo generando una realidad crecientemente corrupta y dif\u00edcil de enfrentar\u201d.<\/p>\n\n\n\n<p>Asimismo lamentaron los prejuicios contra la poblaci\u00f3n migrante: \u201cDesgraciadamente estas incivilidades llevan aparejadas prejuicios negativos, te\u00f1idos de generalizaciones injustas, contra numerosos hermanos migrantes que leg\u00edtimamente vienen a nuestra patria y contribuyen al bien com\u00fan de Chile\u201d. A ello sumaron la \u201calarmante baja de la natalidad que hipoteca el futuro del pa\u00eds\u201d, haciendo un llamado a estudiar en profundidad esta situaci\u00f3n tras los resultados del reciente Censo.<\/p>\n\n\n\n<p><strong>Un llamado al di\u00e1logo y al acuerdo, aun en las diferencias, en tiempo electoral<\/strong><br>Con una mirada pastoral y ciudadana, los obispos pidieron a los l\u00edderes pol\u00edticos y sociales que \u201ctrabajen juntos para revertir estas graves situaciones que hieren el alma de Chile\u201d. En medio de la polarizaci\u00f3n, se\u00f1alaron que el proceso electoral que se avecina puede ser \u201cprovidencial oportunidad para que los distintos actores pol\u00edticos y sociales, m\u00e1s all\u00e1 de las leg\u00edtimas diferencias que los distinguen, derriben \u2018muros\u2019 ideol\u00f3gicos, dejen atr\u00e1s la violencia verbal y alcancen un gran acuerdo nacional sobre las materias aludidas, que trascienda sus intereses particulares, poniendo en el centro el bien com\u00fan de Chile\u201d. Desde la Iglesia, reiteraron su compromiso para \u201ccolaborar activamente en favorecer el encuentro, el di\u00e1logo y el acuerdo entre los distintos actores sociales\u201d.<\/p>\n\n\n\n<p><strong>Ser signos de esperanza en el mundo de hoy<\/strong><br>Finalmente, invitaron a todo el Pueblo de Dios a ser \u201csignos de esperanza\u201d, subrayando la importancia de mirar con fe lo bueno que existe en la sociedad y en la Iglesia. Citando el documento Spes non confundit, recordaron: \u201cNos hace bien \u201crecuperar la confianza necesaria \u2026 en los v\u00ednculos interpersonales, en las relaciones internacionales, en la promoci\u00f3n de la dignidad de toda persona y en el respeto de la creaci\u00f3n.\u201d.<\/p>\n\n\n\n<p>Bajo el amparo de la Virgen del Carmen, la Asamblea concluy\u00f3 con el \u201cgozo propio de la Pascua\u201d manifestando su renovada comuni\u00f3n con el nuevo Papa Le\u00f3n a quien pidieron \u201cSu bendici\u00f3n apost\u00f3lica para el Pueblo de Dios peregrino en Chile\u201d.<\/p>\n\n\n\n<p><strong>Fuente: Comunicaciones CECh<\/strong><br><em>CECh, 09-05-2025<\/em><\/p>\n\n\n\n<hr class=\"wp-block-separator has-alpha-channel-opacity\"\/>\n\n\n\n<p><strong><em>Documentos Adjuntos:<\/em><\/strong><\/p>\n\n\n\n<div class=\"wp-block-file\"><a id=\"wp-block-file--media-31affad9-67ef-427f-a34e-b68fd2dd2438\" href=\"https:\/\/obispadoarica.cl\/home\/wp-content\/uploads\/2025\/05\/09052025_333pm_681e4a91680d4.pdf\" target=\"_blank\" rel=\"noreferrer noopener\">Mensaje 131\u00b0 Asamblea Plenaria de la Conferencia Episcopal de Chile (pdf)<\/a><a href=\"https:\/\/obispadoarica.cl\/home\/wp-content\/uploads\/2025\/05\/09052025_333pm_681e4a91680d4.pdf\" class=\"wp-block-file__button wp-element-button\" download aria-describedby=\"wp-block-file--media-31affad9-67ef-427f-a34e-b68fd2dd2438\">Descarga<\/a><\/div>\n\n\n\n<hr class=\"wp-block-separator has-alpha-channel-opacity\"\/>\n\n\n\n<figure class=\"wp-block-gallery has-nested-images columns-4 is-cropped wp-block-gallery-1 is-layout-flex wp-block-gallery-is-layout-flex\">\n<figure class=\"wp-block-image size-large\"><a href=\"https:\/\/obispadoarica.cl\/home\/wp-content\/uploads\/2025\/05\/Gale681e4a35d096f_09052025_332pm.jpg\" target=\"_blank\"><img fetchpriority=\"high\" decoding=\"async\" width=\"1000\" height=\"603\" data-id=\"3515\" src=\"https:\/\/obispadoarica.cl\/home\/wp-content\/uploads\/2025\/05\/Gale681e4a35d096f_09052025_332pm.jpg\" alt=\"\" class=\"wp-image-3515\" srcset=\"https:\/\/obispadoarica.cl\/home\/wp-content\/uploads\/2025\/05\/Gale681e4a35d096f_09052025_332pm.jpg 1000w, https:\/\/obispadoarica.cl\/home\/wp-content\/uploads\/2025\/05\/Gale681e4a35d096f_09052025_332pm-300x181.jpg 300w, https:\/\/obispadoarica.cl\/home\/wp-content\/uploads\/2025\/05\/Gale681e4a35d096f_09052025_332pm-768x463.jpg 768w\" sizes=\"(max-width: 1000px) 100vw, 1000px\" \/><\/a><\/figure>\n\n\n\n<figure class=\"wp-block-image size-large\"><a href=\"https:\/\/obispadoarica.cl\/home\/wp-content\/uploads\/2025\/05\/Gale681e4d14e7bc9_09052025_344pm.jpg\" target=\"_blank\"><img decoding=\"async\" width=\"1000\" height=\"564\" data-id=\"3508\" src=\"https:\/\/obispadoarica.cl\/home\/wp-content\/uploads\/2025\/05\/Gale681e4d14e7bc9_09052025_344pm.jpg\" alt=\"\" class=\"wp-image-3508\" srcset=\"https:\/\/obispadoarica.cl\/home\/wp-content\/uploads\/2025\/05\/Gale681e4d14e7bc9_09052025_344pm.jpg 1000w, https:\/\/obispadoarica.cl\/home\/wp-content\/uploads\/2025\/05\/Gale681e4d14e7bc9_09052025_344pm-300x169.jpg 300w, https:\/\/obispadoarica.cl\/home\/wp-content\/uploads\/2025\/05\/Gale681e4d14e7bc9_09052025_344pm-768x433.jpg 768w\" sizes=\"(max-width: 1000px) 100vw, 1000px\" \/><\/a><\/figure>\n\n\n\n<figure class=\"wp-block-image size-large\"><a href=\"https:\/\/obispadoarica.cl\/home\/wp-content\/uploads\/2025\/05\/Gale681e4d15baaac_09052025_344pm.jpg\" target=\"_blank\"><img decoding=\"async\" width=\"1000\" height=\"450\" data-id=\"3516\" src=\"https:\/\/obispadoarica.cl\/home\/wp-content\/uploads\/2025\/05\/Gale681e4d15baaac_09052025_344pm.jpg\" alt=\"\" class=\"wp-image-3516\" srcset=\"https:\/\/obispadoarica.cl\/home\/wp-content\/uploads\/2025\/05\/Gale681e4d15baaac_09052025_344pm.jpg 1000w, https:\/\/obispadoarica.cl\/home\/wp-content\/uploads\/2025\/05\/Gale681e4d15baaac_09052025_344pm-300x135.jpg 300w, https:\/\/obispadoarica.cl\/home\/wp-content\/uploads\/2025\/05\/Gale681e4d15baaac_09052025_344pm-768x346.jpg 768w\" sizes=\"(max-width: 1000px) 100vw, 1000px\" \/><\/a><\/figure>\n\n\n\n<figure class=\"wp-block-image size-large\"><a href=\"https:\/\/obispadoarica.cl\/home\/wp-content\/uploads\/2025\/05\/Gale681e4d15f2fcf_09052025_344pm.jpg\" target=\"_blank\"><img loading=\"lazy\" decoding=\"async\" width=\"1000\" height=\"450\" data-id=\"3509\" src=\"https:\/\/obispadoarica.cl\/home\/wp-content\/uploads\/2025\/05\/Gale681e4d15f2fcf_09052025_344pm.jpg\" alt=\"\" class=\"wp-image-3509\" srcset=\"https:\/\/obispadoarica.cl\/home\/wp-content\/uploads\/2025\/05\/Gale681e4d15f2fcf_09052025_344pm.jpg 1000w, https:\/\/obispadoarica.cl\/home\/wp-content\/uploads\/2025\/05\/Gale681e4d15f2fcf_09052025_344pm-300x135.jpg 300w, https:\/\/obispadoarica.cl\/home\/wp-content\/uploads\/2025\/05\/Gale681e4d15f2fcf_09052025_344pm-768x346.jpg 768w\" sizes=\"(max-width: 1000px) 100vw, 1000px\" \/><\/a><\/figure>\n\n\n\n<figure class=\"wp-block-image size-large\"><a href=\"https:\/\/obispadoarica.cl\/home\/wp-content\/uploads\/2025\/05\/Gale681e4d159b67c_09052025_344pm.jpg\" target=\"_blank\"><img loading=\"lazy\" decoding=\"async\" width=\"1000\" height=\"612\" data-id=\"3512\" src=\"https:\/\/obispadoarica.cl\/home\/wp-content\/uploads\/2025\/05\/Gale681e4d159b67c_09052025_344pm.jpg\" alt=\"\" class=\"wp-image-3512\" srcset=\"https:\/\/obispadoarica.cl\/home\/wp-content\/uploads\/2025\/05\/Gale681e4d159b67c_09052025_344pm.jpg 1000w, https:\/\/obispadoarica.cl\/home\/wp-content\/uploads\/2025\/05\/Gale681e4d159b67c_09052025_344pm-300x184.jpg 300w, https:\/\/obispadoarica.cl\/home\/wp-content\/uploads\/2025\/05\/Gale681e4d159b67c_09052025_344pm-768x470.jpg 768w\" sizes=\"(max-width: 1000px) 100vw, 1000px\" \/><\/a><\/figure>\n\n\n\n<figure class=\"wp-block-image size-large\"><a href=\"https:\/\/obispadoarica.cl\/home\/wp-content\/uploads\/2025\/05\/Gale681e4d166c705_09052025_344pm.jpg\" target=\"_blank\"><img loading=\"lazy\" decoding=\"async\" width=\"1000\" height=\"579\" data-id=\"3510\" src=\"https:\/\/obispadoarica.cl\/home\/wp-content\/uploads\/2025\/05\/Gale681e4d166c705_09052025_344pm.jpg\" alt=\"\" class=\"wp-image-3510\" srcset=\"https:\/\/obispadoarica.cl\/home\/wp-content\/uploads\/2025\/05\/Gale681e4d166c705_09052025_344pm.jpg 1000w, https:\/\/obispadoarica.cl\/home\/wp-content\/uploads\/2025\/05\/Gale681e4d166c705_09052025_344pm-300x174.jpg 300w, https:\/\/obispadoarica.cl\/home\/wp-content\/uploads\/2025\/05\/Gale681e4d166c705_09052025_344pm-768x445.jpg 768w\" sizes=\"(max-width: 1000px) 100vw, 1000px\" \/><\/a><\/figure>\n\n\n\n<figure class=\"wp-block-image size-large\"><a href=\"https:\/\/obispadoarica.cl\/home\/wp-content\/uploads\/2025\/05\/Gale681e4d168e622_09052025_344pm.jpg\" target=\"_blank\"><img loading=\"lazy\" decoding=\"async\" width=\"1000\" height=\"572\" data-id=\"3511\" src=\"https:\/\/obispadoarica.cl\/home\/wp-content\/uploads\/2025\/05\/Gale681e4d168e622_09052025_344pm.jpg\" alt=\"\" class=\"wp-image-3511\" srcset=\"https:\/\/obispadoarica.cl\/home\/wp-content\/uploads\/2025\/05\/Gale681e4d168e622_09052025_344pm.jpg 1000w, https:\/\/obispadoarica.cl\/home\/wp-content\/uploads\/2025\/05\/Gale681e4d168e622_09052025_344pm-300x172.jpg 300w, https:\/\/obispadoarica.cl\/home\/wp-content\/uploads\/2025\/05\/Gale681e4d168e622_09052025_344pm-768x439.jpg 768w\" sizes=\"(max-width: 1000px) 100vw, 1000px\" \/><\/a><\/figure>\n\n\n\n<figure class=\"wp-block-image size-large\"><a href=\"https:\/\/obispadoarica.cl\/home\/wp-content\/uploads\/2025\/05\/Gale681e4d15615cc_09052025_344pm.jpg\" target=\"_blank\"><img loading=\"lazy\" decoding=\"async\" width=\"1000\" height=\"450\" data-id=\"3514\" src=\"https:\/\/obispadoarica.cl\/home\/wp-content\/uploads\/2025\/05\/Gale681e4d15615cc_09052025_344pm.jpg\" alt=\"\" class=\"wp-image-3514\" srcset=\"https:\/\/obispadoarica.cl\/home\/wp-content\/uploads\/2025\/05\/Gale681e4d15615cc_09052025_344pm.jpg 1000w, https:\/\/obispadoarica.cl\/home\/wp-content\/uploads\/2025\/05\/Gale681e4d15615cc_09052025_344pm-300x135.jpg 300w, https:\/\/obispadoarica.cl\/home\/wp-content\/uploads\/2025\/05\/Gale681e4d15615cc_09052025_344pm-768x346.jpg 768w\" sizes=\"(max-width: 1000px) 100vw, 1000px\" \/><\/a><\/figure>\n\n\n\n<figure class=\"wp-block-image size-large\"><a href=\"https:\/\/obispadoarica.cl\/home\/wp-content\/uploads\/2025\/05\/Gale681e4d1637553_09052025_344pm.jpg\" target=\"_blank\"><img loading=\"lazy\" decoding=\"async\" width=\"1000\" height=\"450\" data-id=\"3513\" src=\"https:\/\/obispadoarica.cl\/home\/wp-content\/uploads\/2025\/05\/Gale681e4d1637553_09052025_344pm.jpg\" alt=\"\" class=\"wp-image-3513\" srcset=\"https:\/\/obispadoarica.cl\/home\/wp-content\/uploads\/2025\/05\/Gale681e4d1637553_09052025_344pm.jpg 1000w, https:\/\/obispadoarica.cl\/home\/wp-content\/uploads\/2025\/05\/Gale681e4d1637553_09052025_344pm-300x135.jpg 300w, https:\/\/obispadoarica.cl\/home\/wp-content\/uploads\/2025\/05\/Gale681e4d1637553_09052025_344pm-768x346.jpg 768w\" sizes=\"(max-width: 1000px) 100vw, 1000px\" \/><\/a><\/figure>\n<\/figure>\n\n\n\n<hr class=\"wp-block-separator has-alpha-channel-opacity\"\/>\n\n\n\n<figure class=\"wp-block-embed is-type-video is-provider-youtube wp-block-embed-youtube wp-embed-aspect-16-9 wp-has-aspect-ratio\"><div class=\"wp-block-embed__wrapper\">\n<iframe title=\"Mensaje 131\u00b0 Asamblea Plenaria de la Conferencia Episcopal de Chile\" width=\"1020\" height=\"574\" src=\"https:\/\/www.youtube.com\/embed\/LVQTw8IBVY4?feature=oembed\" frameborder=\"0\" allow=\"accelerometer; autoplay; clipboard-write; encrypted-media; gyroscope; picture-in-picture; web-share\" referrerpolicy=\"strict-origin-when-cross-origin\" allowfullscreen><\/iframe>\n<\/div><\/figure>\n","protected":false},"excerpt":{"rendered":"<p>En su 131\u00aa Asamblea Plenaria, los obispos de la Conferencia Episcopal de Chile oraron por Francisco y expresaron su fidelidad al nuevo papa Le\u00f3n XIV. Tambi\u00e9n denunciaron la expansi\u00f3n del narcotr\u00e1fico en un mundo que vive una realidad turbulenta producto de las guerras y disputas que atentan contra la dignidad humana. Por ello invitan a [&#8230;]\n","protected":false},"author":2,"featured_media":3515,"comment_status":"closed","ping_status":"open","sticky":false,"template":"","format":"standard","meta":{"footnotes":""},"categories":[7],"tags":[],"class_list":["post-3506","post","type-post","status-publish","format-standard","has-post-thumbnail","hentry","category-noticias"],"yoast_head":"<!-- This site is optimized with the Yoast SEO plugin v24.6 - https:\/\/yoast.com\/wordpress\/plugins\/seo\/ -->\n<title>Obispos llaman a la esperanza, justicia y encuentro por el bien de Chile - Obispado San Marcos de Arica<\/title>\n<meta name=\"robots\" content=\"index, follow, max-snippet:-1, max-image-preview:large, max-video-preview:-1\" \/>\n<link rel=\"canonical\" href=\"https:\/\/obispadoarica.cl\/home\/obispos-llaman-a-la-esperanza-justicia-y-encuentro-por-el-bien-de-chile\/\" \/>\n<meta property=\"og:locale\" content=\"es_ES\" \/>\n<meta property=\"og:type\" content=\"article\" \/>\n<meta property=\"og:title\" content=\"Obispos llaman a la esperanza, justicia y encuentro por el bien de Chile - Obispado San Marcos de Arica\" \/>\n<meta property=\"og:description\" content=\"En su 131\u00aa Asamblea Plenaria, los obispos de la Conferencia Episcopal de Chile oraron por Francisco y expresaron su fidelidad al nuevo papa Le\u00f3n XIV. Tambi\u00e9n denunciaron la expansi\u00f3n del narcotr\u00e1fico en un mundo que vive una realidad turbulenta producto de las guerras y disputas que atentan contra la dignidad humana. Por ello invitan a [...]\" \/>\n<meta property=\"og:url\" content=\"https:\/\/obispadoarica.cl\/home\/obispos-llaman-a-la-esperanza-justicia-y-encuentro-por-el-bien-de-chile\/\" \/>\n<meta property=\"og:site_name\" content=\"Obispado San Marcos de Arica\" \/>\n<meta property=\"article:published_time\" content=\"2025-05-11T17:02:17+00:00\" \/>\n<meta property=\"article:modified_time\" content=\"2025-05-11T17:02:19+00:00\" \/>\n<meta property=\"og:image\" content=\"https:\/\/obispadoarica.cl\/home\/wp-content\/uploads\/2025\/05\/Gale681e4a35d096f_09052025_332pm.jpg\" \/>\n\t<meta property=\"og:image:width\" content=\"1000\" \/>\n\t<meta property=\"og:image:height\" content=\"603\" \/>\n\t<meta property=\"og:image:type\" content=\"image\/jpeg\" \/>\n<meta name=\"author\" content=\"Obispado de Arica\" \/>\n<meta name=\"twitter:card\" content=\"summary_large_image\" \/>\n<meta name=\"twitter:label1\" content=\"Escrito por\" \/>\n\t<meta name=\"twitter:data1\" content=\"Obispado de Arica\" \/>\n\t<meta name=\"twitter:label2\" content=\"Tiempo de lectura\" \/>\n\t<meta name=\"twitter:data2\" content=\"6 minutos\" \/>\n<script type=\"application\/ld+json\" class=\"yoast-schema-graph\">{\"@context\":\"https:\/\/schema.org\",\"@graph\":[{\"@type\":\"WebPage\",\"@id\":\"https:\/\/obispadoarica.cl\/home\/obispos-llaman-a-la-esperanza-justicia-y-encuentro-por-el-bien-de-chile\/\",\"url\":\"https:\/\/obispadoarica.cl\/home\/obispos-llaman-a-la-esperanza-justicia-y-encuentro-por-el-bien-de-chile\/\",\"name\":\"Obispos llaman a la esperanza, justicia y encuentro por el bien de Chile - Obispado San Marcos de Arica\",\"isPartOf\":{\"@id\":\"https:\/\/obispadoarica.cl\/home\/#website\"},\"primaryImageOfPage\":{\"@id\":\"https:\/\/obispadoarica.cl\/home\/obispos-llaman-a-la-esperanza-justicia-y-encuentro-por-el-bien-de-chile\/#primaryimage\"},\"image\":{\"@id\":\"https:\/\/obispadoarica.cl\/home\/obispos-llaman-a-la-esperanza-justicia-y-encuentro-por-el-bien-de-chile\/#primaryimage\"},\"thumbnailUrl\":\"https:\/\/obispadoarica.cl\/home\/wp-content\/uploads\/2025\/05\/Gale681e4a35d096f_09052025_332pm.jpg\",\"datePublished\":\"2025-05-11T17:02:17+00:00\",\"dateModified\":\"2025-05-11T17:02:19+00:00\",\"author\":{\"@id\":\"https:\/\/obispadoarica.cl\/home\/#\/schema\/person\/1a8f4c2a3418412187dff039ecf9d97e\"},\"breadcrumb\":{\"@id\":\"https:\/\/obispadoarica.cl\/home\/obispos-llaman-a-la-esperanza-justicia-y-encuentro-por-el-bien-de-chile\/#breadcrumb\"},\"inLanguage\":\"es\",\"potentialAction\":[{\"@type\":\"ReadAction\",\"target\":[\"https:\/\/obispadoarica.cl\/home\/obispos-llaman-a-la-esperanza-justicia-y-encuentro-por-el-bien-de-chile\/\"]}]},{\"@type\":\"ImageObject\",\"inLanguage\":\"es\",\"@id\":\"https:\/\/obispadoarica.cl\/home\/obispos-llaman-a-la-esperanza-justicia-y-encuentro-por-el-bien-de-chile\/#primaryimage\",\"url\":\"https:\/\/obispadoarica.cl\/home\/wp-content\/uploads\/2025\/05\/Gale681e4a35d096f_09052025_332pm.jpg\",\"contentUrl\":\"https:\/\/obispadoarica.cl\/home\/wp-content\/uploads\/2025\/05\/Gale681e4a35d096f_09052025_332pm.jpg\",\"width\":1000,\"height\":603},{\"@type\":\"BreadcrumbList\",\"@id\":\"https:\/\/obispadoarica.cl\/home\/obispos-llaman-a-la-esperanza-justicia-y-encuentro-por-el-bien-de-chile\/#breadcrumb\",\"itemListElement\":[{\"@type\":\"ListItem\",\"position\":1,\"name\":\"Portada\",\"item\":\"https:\/\/obispadoarica.cl\/home\/\"},{\"@type\":\"ListItem\",\"position\":2,\"name\":\"Obispos llaman a la esperanza, justicia y encuentro por el bien de Chile\"}]},{\"@type\":\"WebSite\",\"@id\":\"https:\/\/obispadoarica.cl\/home\/#website\",\"url\":\"https:\/\/obispadoarica.cl\/home\/\",\"name\":\"Obispado San Marcos de Arica\",\"description\":\"Di\u00f3cesis San Marcos de Arica\",\"potentialAction\":[{\"@type\":\"SearchAction\",\"target\":{\"@type\":\"EntryPoint\",\"urlTemplate\":\"https:\/\/obispadoarica.cl\/home\/?s={search_term_string}\"},\"query-input\":{\"@type\":\"PropertyValueSpecification\",\"valueRequired\":true,\"valueName\":\"search_term_string\"}}],\"inLanguage\":\"es\"},{\"@type\":\"Person\",\"@id\":\"https:\/\/obispadoarica.cl\/home\/#\/schema\/person\/1a8f4c2a3418412187dff039ecf9d97e\",\"name\":\"Obispado de Arica\",\"image\":{\"@type\":\"ImageObject\",\"inLanguage\":\"es\",\"@id\":\"https:\/\/obispadoarica.cl\/home\/#\/schema\/person\/image\/\",\"url\":\"https:\/\/secure.gravatar.com\/avatar\/c75d5ceafb11502016ed664658884b0b1b183fa6f96260878f47ac58f950c8d9?s=96&d=mm&r=g\",\"contentUrl\":\"https:\/\/secure.gravatar.com\/avatar\/c75d5ceafb11502016ed664658884b0b1b183fa6f96260878f47ac58f950c8d9?s=96&d=mm&r=g\",\"caption\":\"Obispado de Arica\"},\"url\":\"https:\/\/obispadoarica.cl\/home\/author\/c1300590\/\"}]}<\/script>\n<!-- \/ Yoast SEO plugin. -->","yoast_head_json":{"title":"Obispos llaman a la esperanza, justicia y encuentro por el bien de Chile - Obispado San Marcos de Arica","robots":{"index":"index","follow":"follow","max-snippet":"max-snippet:-1","max-image-preview":"max-image-preview:large","max-video-preview":"max-video-preview:-1"},"canonical":"https:\/\/obispadoarica.cl\/home\/obispos-llaman-a-la-esperanza-justicia-y-encuentro-por-el-bien-de-chile\/","og_locale":"es_ES","og_type":"article","og_title":"Obispos llaman a la esperanza, justicia y encuentro por el bien de Chile - Obispado San Marcos de Arica","og_description":"En su 131\u00aa Asamblea Plenaria, los obispos de la Conferencia Episcopal de Chile oraron por Francisco y expresaron su fidelidad al nuevo papa Le\u00f3n XIV. Tambi\u00e9n denunciaron la expansi\u00f3n del narcotr\u00e1fico en un mundo que vive una realidad turbulenta producto de las guerras y disputas que atentan contra la dignidad humana. Por ello invitan a [...]","og_url":"https:\/\/obispadoarica.cl\/home\/obispos-llaman-a-la-esperanza-justicia-y-encuentro-por-el-bien-de-chile\/","og_site_name":"Obispado San Marcos de Arica","article_published_time":"2025-05-11T17:02:17+00:00","article_modified_time":"2025-05-11T17:02:19+00:00","og_image":[{"width":1000,"height":603,"url":"https:\/\/obispadoarica.cl\/home\/wp-content\/uploads\/2025\/05\/Gale681e4a35d096f_09052025_332pm.jpg","type":"image\/jpeg"}],"author":"Obispado de Arica","twitter_card":"summary_large_image","twitter_misc":{"Escrito por":"Obispado de Arica","Tiempo de lectura":"6 minutos"},"schema":{"@context":"https:\/\/schema.org","@graph":[{"@type":"WebPage","@id":"https:\/\/obispadoarica.cl\/home\/obispos-llaman-a-la-esperanza-justicia-y-encuentro-por-el-bien-de-chile\/","url":"https:\/\/obispadoarica.cl\/home\/obispos-llaman-a-la-esperanza-justicia-y-encuentro-por-el-bien-de-chile\/","name":"Obispos llaman a la esperanza, justicia y encuentro por el bien de Chile - Obispado San Marcos de Arica","isPartOf":{"@id":"https:\/\/obispadoarica.cl\/home\/#website"},"primaryImageOfPage":{"@id":"https:\/\/obispadoarica.cl\/home\/obispos-llaman-a-la-esperanza-justicia-y-encuentro-por-el-bien-de-chile\/#primaryimage"},"image":{"@id":"https:\/\/obispadoarica.cl\/home\/obispos-llaman-a-la-esperanza-justicia-y-encuentro-por-el-bien-de-chile\/#primaryimage"},"thumbnailUrl":"https:\/\/obispadoarica.cl\/home\/wp-content\/uploads\/2025\/05\/Gale681e4a35d096f_09052025_332pm.jpg","datePublished":"2025-05-11T17:02:17+00:00","dateModified":"2025-05-11T17:02:19+00:00","author":{"@id":"https:\/\/obispadoarica.cl\/home\/#\/schema\/person\/1a8f4c2a3418412187dff039ecf9d97e"},"breadcrumb":{"@id":"https:\/\/obispadoarica.cl\/home\/obispos-llaman-a-la-esperanza-justicia-y-encuentro-por-el-bien-de-chile\/#breadcrumb"},"inLanguage":"es","potentialAction":[{"@type":"ReadAction","target":["https:\/\/obispadoarica.cl\/home\/obispos-llaman-a-la-esperanza-justicia-y-encuentro-por-el-bien-de-chile\/"]}]},{"@type":"ImageObject","inLanguage":"es","@id":"https:\/\/obispadoarica.cl\/home\/obispos-llaman-a-la-esperanza-justicia-y-encuentro-por-el-bien-de-chile\/#primaryimage","url":"https:\/\/obispadoarica.cl\/home\/wp-content\/uploads\/2025\/05\/Gale681e4a35d096f_09052025_332pm.jpg","contentUrl":"https:\/\/obispadoarica.cl\/home\/wp-content\/uploads\/2025\/05\/Gale681e4a35d096f_09052025_332pm.jpg","width":1000,"height":603},{"@type":"BreadcrumbList","@id":"https:\/\/obispadoarica.cl\/home\/obispos-llaman-a-la-esperanza-justicia-y-encuentro-por-el-bien-de-chile\/#breadcrumb","itemListElement":[{"@type":"ListItem","position":1,"name":"Portada","item":"https:\/\/obispadoarica.cl\/home\/"},{"@type":"ListItem","position":2,"name":"Obispos llaman a la esperanza, justicia y encuentro por el bien de Chile"}]},{"@type":"WebSite","@id":"https:\/\/obispadoarica.cl\/home\/#website","url":"https:\/\/obispadoarica.cl\/home\/","name":"Obispado San Marcos de Arica","description":"Di\u00f3cesis San Marcos de Arica","potentialAction":[{"@type":"SearchAction","target":{"@type":"EntryPoint","urlTemplate":"https:\/\/obispadoarica.cl\/home\/?s={search_term_string}"},"query-input":{"@type":"PropertyValueSpecification","valueRequired":true,"valueName":"search_term_string"}}],"inLanguage":"es"},{"@type":"Person","@id":"https:\/\/obispadoarica.cl\/home\/#\/schema\/person\/1a8f4c2a3418412187dff039ecf9d97e","name":"Obispado de Arica","image":{"@type":"ImageObject","inLanguage":"es","@id":"https:\/\/obispadoarica.cl\/home\/#\/schema\/person\/image\/","url":"https:\/\/secure.gravatar.com\/avatar\/c75d5ceafb11502016ed664658884b0b1b183fa6f96260878f47ac58f950c8d9?s=96&d=mm&r=g","contentUrl":"https:\/\/secure.gravatar.com\/avatar\/c75d5ceafb11502016ed664658884b0b1b183fa6f96260878f47ac58f950c8d9?s=96&d=mm&r=g","caption":"Obispado de Arica"},"url":"https:\/\/obispadoarica.cl\/home\/author\/c1300590\/"}]}},"_links":{"self":[{"href":"https:\/\/obispadoarica.cl\/home\/wp-json\/wp\/v2\/posts\/3506","targetHints":{"allow":["GET"]}}],"collection":[{"href":"https:\/\/obispadoarica.cl\/home\/wp-json\/wp\/v2\/posts"}],"about":[{"href":"https:\/\/obispadoarica.cl\/home\/wp-json\/wp\/v2\/types\/post"}],"author":[{"embeddable":true,"href":"https:\/\/obispadoarica.cl\/home\/wp-json\/wp\/v2\/users\/2"}],"replies":[{"embeddable":true,"href":"https:\/\/obispadoarica.cl\/home\/wp-json\/wp\/v2\/comments?post=3506"}],"version-history":[{"count":1,"href":"https:\/\/obispadoarica.cl\/home\/wp-json\/wp\/v2\/posts\/3506\/revisions"}],"predecessor-version":[{"id":3517,"href":"https:\/\/obispadoarica.cl\/home\/wp-json\/wp\/v2\/posts\/3506\/revisions\/3517"}],"wp:featuredmedia":[{"embeddable":true,"href":"https:\/\/obispadoarica.cl\/home\/wp-json\/wp\/v2\/media\/3515"}],"wp:attachment":[{"href":"https:\/\/obispadoarica.cl\/home\/wp-json\/wp\/v2\/media?parent=3506"}],"wp:term":[{"taxonomy":"category","embeddable":true,"href":"https:\/\/obispadoarica.cl\/home\/wp-json\/wp\/v2\/categories?post=3506"},{"taxonomy":"post_tag","embeddable":true,"href":"https:\/\/obispadoarica.cl\/home\/wp-json\/wp\/v2\/tags?post=3506"}],"curies":[{"name":"wp","href":"https:\/\/api.w.org\/{rel}","templated":true}]}}