{"id":3526,"date":"2025-05-24T19:05:08","date_gmt":"2025-05-24T23:05:08","guid":{"rendered":"https:\/\/obispadoarica.cl\/home\/?p=3526"},"modified":"2025-05-24T19:05:10","modified_gmt":"2025-05-24T23:05:10","slug":"jornada-de-formacion-camino-de-esperanza","status":"publish","type":"post","link":"https:\/\/obispadoarica.cl\/home\/jornada-de-formacion-camino-de-esperanza\/","title":{"rendered":"Jornada de formaci\u00f3n: Camino de Esperanza"},"content":{"rendered":"\n\n\n<h3 class=\"wp-block-heading\"><strong>La Di\u00f3cesis de San Marcos de Arica invita a catequistas de novios y agentes pastorales a participar en la jornada de formaci\u00f3n \u00abCamino de Esperanza\u00bb, que se realizar\u00e1 el s\u00e1bado 31 de mayo en el Colegio San Marcos, de 09:00 a 13:00 horas.<\/strong><\/h3>\n\n\n\n<p>Este encuentro busca <strong>comprender y acompa\u00f1ar los procesos de nulidad matrimonial<\/strong> durante el A\u00f1o Jubilar, ofreciendo una mirada pastoral desde la misericordia y el discernimiento.<\/p>\n\n\n\n<p>Entre los <strong>expositores<\/strong> estar\u00e1n:<\/p>\n\n\n\n<ul class=\"wp-block-list\">\n<li><strong>P. Alberto Rodr\u00edguez R.<\/strong>, Vicario Judicial de la Di\u00f3cesis de San Marcos de Arica<\/li>\n\n\n\n<li><strong>Mart\u00edn del Solar S.<\/strong> y <strong>Blanca Medrano G.<\/strong>, del equipo de Pastoral Familiar y Acquanova<\/li>\n<\/ul>\n\n\n\n<p>Los <strong>temas<\/strong> a tratar incluyen:<\/p>\n\n\n\n<ul class=\"wp-block-list\">\n<li>Diferencias entre nulidad y divorcio<\/li>\n\n\n\n<li>Fundamentos teol\u00f3gicos y jur\u00eddicos<\/li>\n\n\n\n<li>C\u00e1nones e impedimentos<\/li>\n\n\n\n<li>Proceso de nulidad paso a paso<\/li>\n\n\n\n<li>Acompa\u00f1amiento pastoral con caridad y verdad<\/li>\n<\/ul>\n\n\n\n<p><strong>Valor por persona: $3.000<\/strong><\/p>\n\n\n\n<h4 class=\"wp-block-heading\">\u00bfPor qu\u00e9 participar?<\/h4>\n\n\n\n<p>Porque este servicio no es solo una cuesti\u00f3n normativa, sino humana. Acompa\u00f1ar estos procesos con caridad, oraci\u00f3n y cercan\u00eda es clave para aliviar el coraz\u00f3n de quienes viven en la duda y acercarlos a la luz del Evangelio y a la Iglesia.<\/p>\n\n\n\n<h4 class=\"wp-block-heading\">Inscripciones:<\/h4>\n\n\n\n<p>Para facilitar la inscripci\u00f3n, est\u00e1n disponibles las siguientes v\u00edas:<\/p>\n\n\n\n<ol class=\"wp-block-list\">\n<li><strong>V\u00eda formulario online:<\/strong><br>&#x1f449; <a class=\"\" href=\"https:\/\/forms.gle\/abVT8DwuZ662x5Jh7\">https:\/\/forms.gle\/abVT8DwuZ662x5Jh7<\/a><\/li>\n\n\n\n<li><strong>De forma presencial en el Obispado de Arica:<\/strong><br>&#x1f4cd; <em>Avda. Santa Mar\u00eda 1950, esquina Juan Antonio R\u00edos<\/em><br>&#x1f563; <em>Horario: 08:30 a 13:20 horas<\/em><\/li>\n<\/ol>\n\n\n\n<p>&#x1f4e9; M\u00e1s informaci\u00f3n: <strong><a>comisionfamiliaarica@gmail.com<\/a><\/strong><\/p>\n\n\n\n<p>Organiza: <strong>Comisi\u00f3n Familia y Vida \u2013 Di\u00f3cesis de San Marcos de Arica<\/strong><\/p>\n","protected":false},"excerpt":{"rendered":"<p>La Di\u00f3cesis de San Marcos de Arica invita a catequistas de novios y agentes pastorales a participar en la jornada de formaci\u00f3n \u00abCamino de Esperanza\u00bb, que se realizar\u00e1 el s\u00e1bado 31 de mayo en el Colegio San Marcos, de 09:00 a 13:00 horas. Este encuentro busca comprender y acompa\u00f1ar los procesos de nulidad matrimonial durante [&#8230;]\n","protected":false},"author":2,"featured_media":3521,"comment_status":"closed","ping_status":"open","sticky":false,"template":"","format":"standard","meta":{"footnotes":""},"categories":[10],"tags":[],"class_list":["post-3526","post","type-post","status-publish","format-standard","has-post-thumbnail","hentry","category-comunicados"],"yoast_head":"<!-- This site is optimized with the Yoast SEO plugin v24.6 - https:\/\/yoast.com\/wordpress\/plugins\/seo\/ -->\n<title>Jornada de formaci\u00f3n: Camino de Esperanza - Obispado San Marcos de Arica<\/title>\n<meta name=\"robots\" content=\"index, follow, max-snippet:-1, max-image-preview:large, max-video-preview:-1\" \/>\n<link rel=\"canonical\" href=\"https:\/\/obispadoarica.cl\/home\/jornada-de-formacion-camino-de-esperanza\/\" \/>\n<meta property=\"og:locale\" content=\"es_ES\" \/>\n<meta property=\"og:type\" content=\"article\" \/>\n<meta property=\"og:title\" content=\"Jornada de formaci\u00f3n: Camino de Esperanza - Obispado San Marcos de Arica\" \/>\n<meta property=\"og:description\" content=\"La Di\u00f3cesis de San Marcos de Arica invita a catequistas de novios y agentes pastorales a participar en la jornada de formaci\u00f3n \u00abCamino de Esperanza\u00bb, que se realizar\u00e1 el s\u00e1bado 31 de mayo en el Colegio San Marcos, de 09:00 a 13:00 horas. Este encuentro busca comprender y acompa\u00f1ar los procesos de nulidad matrimonial durante [...]\" \/>\n<meta property=\"og:url\" content=\"https:\/\/obispadoarica.cl\/home\/jornada-de-formacion-camino-de-esperanza\/\" \/>\n<meta property=\"og:site_name\" content=\"Obispado San Marcos de Arica\" \/>\n<meta property=\"article:published_time\" content=\"2025-05-24T23:05:08+00:00\" \/>\n<meta property=\"article:modified_time\" content=\"2025-05-24T23:05:10+00:00\" \/>\n<meta property=\"og:image\" content=\"https:\/\/obispadoarica.cl\/home\/wp-content\/uploads\/2023\/07\/WhatsApp-Image-2025-05-23-at-10.56.33-AM.jpeg\" \/>\n\t<meta property=\"og:image:width\" content=\"1131\" \/>\n\t<meta property=\"og:image:height\" content=\"1600\" \/>\n\t<meta property=\"og:image:type\" content=\"image\/jpeg\" \/>\n<meta name=\"author\" content=\"Obispado de Arica\" \/>\n<meta name=\"twitter:card\" content=\"summary_large_image\" \/>\n<meta name=\"twitter:label1\" content=\"Escrito por\" \/>\n\t<meta name=\"twitter:data1\" content=\"Obispado de Arica\" \/>\n\t<meta name=\"twitter:label2\" content=\"Tiempo de lectura\" \/>\n\t<meta name=\"twitter:data2\" content=\"2 minutos\" \/>\n<script type=\"application\/ld+json\" class=\"yoast-schema-graph\">{\"@context\":\"https:\/\/schema.org\",\"@graph\":[{\"@type\":\"WebPage\",\"@id\":\"https:\/\/obispadoarica.cl\/home\/jornada-de-formacion-camino-de-esperanza\/\",\"url\":\"https:\/\/obispadoarica.cl\/home\/jornada-de-formacion-camino-de-esperanza\/\",\"name\":\"Jornada de formaci\u00f3n: Camino de Esperanza - Obispado San Marcos de Arica\",\"isPartOf\":{\"@id\":\"https:\/\/obispadoarica.cl\/home\/#website\"},\"primaryImageOfPage\":{\"@id\":\"https:\/\/obispadoarica.cl\/home\/jornada-de-formacion-camino-de-esperanza\/#primaryimage\"},\"image\":{\"@id\":\"https:\/\/obispadoarica.cl\/home\/jornada-de-formacion-camino-de-esperanza\/#primaryimage\"},\"thumbnailUrl\":\"https:\/\/obispadoarica.cl\/home\/wp-content\/uploads\/2023\/07\/WhatsApp-Image-2025-05-23-at-10.56.33-AM.jpeg\",\"datePublished\":\"2025-05-24T23:05:08+00:00\",\"dateModified\":\"2025-05-24T23:05:10+00:00\",\"author\":{\"@id\":\"https:\/\/obispadoarica.cl\/home\/#\/schema\/person\/1a8f4c2a3418412187dff039ecf9d97e\"},\"breadcrumb\":{\"@id\":\"https:\/\/obispadoarica.cl\/home\/jornada-de-formacion-camino-de-esperanza\/#breadcrumb\"},\"inLanguage\":\"es\",\"potentialAction\":[{\"@type\":\"ReadAction\",\"target\":[\"https:\/\/obispadoarica.cl\/home\/jornada-de-formacion-camino-de-esperanza\/\"]}]},{\"@type\":\"ImageObject\",\"inLanguage\":\"es\",\"@id\":\"https:\/\/obispadoarica.cl\/home\/jornada-de-formacion-camino-de-esperanza\/#primaryimage\",\"url\":\"https:\/\/obispadoarica.cl\/home\/wp-content\/uploads\/2023\/07\/WhatsApp-Image-2025-05-23-at-10.56.33-AM.jpeg\",\"contentUrl\":\"https:\/\/obispadoarica.cl\/home\/wp-content\/uploads\/2023\/07\/WhatsApp-Image-2025-05-23-at-10.56.33-AM.jpeg\",\"width\":1131,\"height\":1600},{\"@type\":\"BreadcrumbList\",\"@id\":\"https:\/\/obispadoarica.cl\/home\/jornada-de-formacion-camino-de-esperanza\/#breadcrumb\",\"itemListElement\":[{\"@type\":\"ListItem\",\"position\":1,\"name\":\"Portada\",\"item\":\"https:\/\/obispadoarica.cl\/home\/\"},{\"@type\":\"ListItem\",\"position\":2,\"name\":\"Jornada de formaci\u00f3n: Camino de Esperanza\"}]},{\"@type\":\"WebSite\",\"@id\":\"https:\/\/obispadoarica.cl\/home\/#website\",\"url\":\"https:\/\/obispadoarica.cl\/home\/\",\"name\":\"Obispado San Marcos de Arica\",\"description\":\"Di\u00f3cesis San Marcos de Arica\",\"potentialAction\":[{\"@type\":\"SearchAction\",\"target\":{\"@type\":\"EntryPoint\",\"urlTemplate\":\"https:\/\/obispadoarica.cl\/home\/?s={search_term_string}\"},\"query-input\":{\"@type\":\"PropertyValueSpecification\",\"valueRequired\":true,\"valueName\":\"search_term_string\"}}],\"inLanguage\":\"es\"},{\"@type\":\"Person\",\"@id\":\"https:\/\/obispadoarica.cl\/home\/#\/schema\/person\/1a8f4c2a3418412187dff039ecf9d97e\",\"name\":\"Obispado de Arica\",\"image\":{\"@type\":\"ImageObject\",\"inLanguage\":\"es\",\"@id\":\"https:\/\/obispadoarica.cl\/home\/#\/schema\/person\/image\/\",\"url\":\"https:\/\/secure.gravatar.com\/avatar\/c75d5ceafb11502016ed664658884b0b1b183fa6f96260878f47ac58f950c8d9?s=96&d=mm&r=g\",\"contentUrl\":\"https:\/\/secure.gravatar.com\/avatar\/c75d5ceafb11502016ed664658884b0b1b183fa6f96260878f47ac58f950c8d9?s=96&d=mm&r=g\",\"caption\":\"Obispado de Arica\"},\"url\":\"https:\/\/obispadoarica.cl\/home\/author\/c1300590\/\"}]}<\/script>\n<!-- \/ Yoast SEO plugin. -->","yoast_head_json":{"title":"Jornada de formaci\u00f3n: Camino de Esperanza - Obispado San Marcos de Arica","robots":{"index":"index","follow":"follow","max-snippet":"max-snippet:-1","max-image-preview":"max-image-preview:large","max-video-preview":"max-video-preview:-1"},"canonical":"https:\/\/obispadoarica.cl\/home\/jornada-de-formacion-camino-de-esperanza\/","og_locale":"es_ES","og_type":"article","og_title":"Jornada de formaci\u00f3n: Camino de Esperanza - Obispado San Marcos de Arica","og_description":"La Di\u00f3cesis de San Marcos de Arica invita a catequistas de novios y agentes pastorales a participar en la jornada de formaci\u00f3n \u00abCamino de Esperanza\u00bb, que se realizar\u00e1 el s\u00e1bado 31 de mayo en el Colegio San Marcos, de 09:00 a 13:00 horas. Este encuentro busca comprender y acompa\u00f1ar los procesos de nulidad matrimonial durante [...]","og_url":"https:\/\/obispadoarica.cl\/home\/jornada-de-formacion-camino-de-esperanza\/","og_site_name":"Obispado San Marcos de Arica","article_published_time":"2025-05-24T23:05:08+00:00","article_modified_time":"2025-05-24T23:05:10+00:00","og_image":[{"width":1131,"height":1600,"url":"https:\/\/obispadoarica.cl\/home\/wp-content\/uploads\/2023\/07\/WhatsApp-Image-2025-05-23-at-10.56.33-AM.jpeg","type":"image\/jpeg"}],"author":"Obispado de Arica","twitter_card":"summary_large_image","twitter_misc":{"Escrito por":"Obispado de Arica","Tiempo de lectura":"2 minutos"},"schema":{"@context":"https:\/\/schema.org","@graph":[{"@type":"WebPage","@id":"https:\/\/obispadoarica.cl\/home\/jornada-de-formacion-camino-de-esperanza\/","url":"https:\/\/obispadoarica.cl\/home\/jornada-de-formacion-camino-de-esperanza\/","name":"Jornada de formaci\u00f3n: Camino de Esperanza - Obispado San Marcos de Arica","isPartOf":{"@id":"https:\/\/obispadoarica.cl\/home\/#website"},"primaryImageOfPage":{"@id":"https:\/\/obispadoarica.cl\/home\/jornada-de-formacion-camino-de-esperanza\/#primaryimage"},"image":{"@id":"https:\/\/obispadoarica.cl\/home\/jornada-de-formacion-camino-de-esperanza\/#primaryimage"},"thumbnailUrl":"https:\/\/obispadoarica.cl\/home\/wp-content\/uploads\/2023\/07\/WhatsApp-Image-2025-05-23-at-10.56.33-AM.jpeg","datePublished":"2025-05-24T23:05:08+00:00","dateModified":"2025-05-24T23:05:10+00:00","author":{"@id":"https:\/\/obispadoarica.cl\/home\/#\/schema\/person\/1a8f4c2a3418412187dff039ecf9d97e"},"breadcrumb":{"@id":"https:\/\/obispadoarica.cl\/home\/jornada-de-formacion-camino-de-esperanza\/#breadcrumb"},"inLanguage":"es","potentialAction":[{"@type":"ReadAction","target":["https:\/\/obispadoarica.cl\/home\/jornada-de-formacion-camino-de-esperanza\/"]}]},{"@type":"ImageObject","inLanguage":"es","@id":"https:\/\/obispadoarica.cl\/home\/jornada-de-formacion-camino-de-esperanza\/#primaryimage","url":"https:\/\/obispadoarica.cl\/home\/wp-content\/uploads\/2023\/07\/WhatsApp-Image-2025-05-23-at-10.56.33-AM.jpeg","contentUrl":"https:\/\/obispadoarica.cl\/home\/wp-content\/uploads\/2023\/07\/WhatsApp-Image-2025-05-23-at-10.56.33-AM.jpeg","width":1131,"height":1600},{"@type":"BreadcrumbList","@id":"https:\/\/obispadoarica.cl\/home\/jornada-de-formacion-camino-de-esperanza\/#breadcrumb","itemListElement":[{"@type":"ListItem","position":1,"name":"Portada","item":"https:\/\/obispadoarica.cl\/home\/"},{"@type":"ListItem","position":2,"name":"Jornada de formaci\u00f3n: Camino de Esperanza"}]},{"@type":"WebSite","@id":"https:\/\/obispadoarica.cl\/home\/#website","url":"https:\/\/obispadoarica.cl\/home\/","name":"Obispado San Marcos de Arica","description":"Di\u00f3cesis San Marcos de Arica","potentialAction":[{"@type":"SearchAction","target":{"@type":"EntryPoint","urlTemplate":"https:\/\/obispadoarica.cl\/home\/?s={search_term_string}"},"query-input":{"@type":"PropertyValueSpecification","valueRequired":true,"valueName":"search_term_string"}}],"inLanguage":"es"},{"@type":"Person","@id":"https:\/\/obispadoarica.cl\/home\/#\/schema\/person\/1a8f4c2a3418412187dff039ecf9d97e","name":"Obispado de Arica","image":{"@type":"ImageObject","inLanguage":"es","@id":"https:\/\/obispadoarica.cl\/home\/#\/schema\/person\/image\/","url":"https:\/\/secure.gravatar.com\/avatar\/c75d5ceafb11502016ed664658884b0b1b183fa6f96260878f47ac58f950c8d9?s=96&d=mm&r=g","contentUrl":"https:\/\/secure.gravatar.com\/avatar\/c75d5ceafb11502016ed664658884b0b1b183fa6f96260878f47ac58f950c8d9?s=96&d=mm&r=g","caption":"Obispado de Arica"},"url":"https:\/\/obispadoarica.cl\/home\/author\/c1300590\/"}]}},"_links":{"self":[{"href":"https:\/\/obispadoarica.cl\/home\/wp-json\/wp\/v2\/posts\/3526","targetHints":{"allow":["GET"]}}],"collection":[{"href":"https:\/\/obispadoarica.cl\/home\/wp-json\/wp\/v2\/posts"}],"about":[{"href":"https:\/\/obispadoarica.cl\/home\/wp-json\/wp\/v2\/types\/post"}],"author":[{"embeddable":true,"href":"https:\/\/obispadoarica.cl\/home\/wp-json\/wp\/v2\/users\/2"}],"replies":[{"embeddable":true,"href":"https:\/\/obispadoarica.cl\/home\/wp-json\/wp\/v2\/comments?post=3526"}],"version-history":[{"count":2,"href":"https:\/\/obispadoarica.cl\/home\/wp-json\/wp\/v2\/posts\/3526\/revisions"}],"predecessor-version":[{"id":3528,"href":"https:\/\/obispadoarica.cl\/home\/wp-json\/wp\/v2\/posts\/3526\/revisions\/3528"}],"wp:featuredmedia":[{"embeddable":true,"href":"https:\/\/obispadoarica.cl\/home\/wp-json\/wp\/v2\/media\/3521"}],"wp:attachment":[{"href":"https:\/\/obispadoarica.cl\/home\/wp-json\/wp\/v2\/media?parent=3526"}],"wp:term":[{"taxonomy":"category","embeddable":true,"href":"https:\/\/obispadoarica.cl\/home\/wp-json\/wp\/v2\/categories?post=3526"},{"taxonomy":"post_tag","embeddable":true,"href":"https:\/\/obispadoarica.cl\/home\/wp-json\/wp\/v2\/tags?post=3526"}],"curies":[{"name":"wp","href":"https:\/\/api.w.org\/{rel}","templated":true}]}}