{"id":3535,"date":"2025-05-27T21:15:52","date_gmt":"2025-05-28T01:15:52","guid":{"rendered":"https:\/\/obispadoarica.cl\/home\/?p=3535"},"modified":"2025-05-27T21:15:53","modified_gmt":"2025-05-28T01:15:53","slug":"encuentro-de-los-obispos-de-la-provincia-eclesiastica-del-norte-grande","status":"publish","type":"post","link":"https:\/\/obispadoarica.cl\/home\/encuentro-de-los-obispos-de-la-provincia-eclesiastica-del-norte-grande\/","title":{"rendered":"Encuentro de los Obispos de la provincia Eclesi\u00e1stica del Norte Grande"},"content":{"rendered":"\n\n\n<p><em>Encuentro fue marcado por la fraternidad, la reflexi\u00f3n pastoral y el compromiso con la identidad religiosa y cultural de los bailes.<\/em><\/p>\n\n\n\n<p>En la casa Ema\u00fas, en el Valle de Azapa en Arica, se llev\u00f3 a cabo un encuentro entre los obispos del norte del pa\u00eds y los asesores de los bailes religiosos de las di\u00f3cesis de Antofagasta, Arica, Calama e Iquique. El encuentro fue acogido por el obispo de Arica, Mons. Mois\u00e9s Atisha, y cont\u00f3 con la presencia de Mons. Ignacio Ducasse, arzobispo de Antofagasta; Mons. Tom\u00e1s Carrasco, obispo de Calama; y Mons. Isauro Covili, obispo de Iquique. La instancia fue moderada por Mons. Ignacio Ducasse.<\/p>\n\n\n\n<p>Cada jornada comenz\u00f3 con momentos de oraci\u00f3n, generando un espacio para la escucha fraterna y la reflexi\u00f3n espiritual.<\/p>\n\n\n\n<p>La instancia se desarroll\u00f3 en un clima de fraternidad, alegr\u00eda y profunda reflexi\u00f3n pastoral, y tuvo como centro la valoraci\u00f3n y acompa\u00f1amiento a los bailes religiosos, una expresi\u00f3n viva de fe, cultura y comuni\u00f3n eclesial en el norte de Chile. Estuvieron presentes tambi\u00e9n los asesores de los bailes religiosos de cada di\u00f3cesis: el padre Marcelo Pizarro (Antofagasta), el padre Nelson Pe\u00f1a (Arica), el padre Patricio Cort\u00e9s (Calama) y el padre Eduardo Parraguez (Iquique).<\/p>\n\n\n\n<p>Durante la jornada inicial, se profundiz\u00f3 en la identidad de los bailes religiosos como una experiencia de fe profundamente enraizada en la devoci\u00f3n popular, especialmente a la Virgen Mar\u00eda. Se destac\u00f3 su valor como expresi\u00f3n de compromiso cristiano y de comuni\u00f3n con la Iglesia, reconociendo sus signos, ritos y elementos propios que configuran una aut\u00e9ntica manifestaci\u00f3n cultural y espiritual.<\/p>\n\n\n\n<p>Los pastores compartieron con especial estima el amor y dedicaci\u00f3n que los integrantes de los bailes religiosos profesan a la Virgen, su vida sacramental activa y su estructura que, en muchos casos, corresponde a verdaderas comunidades de base. Se valor\u00f3 tambi\u00e9n el compromiso de estas agrupaciones por preservar su car\u00e1cter religioso, especialmente a trav\u00e9s de sus Estatutos, como los de la Federaci\u00f3n de Bailes Religiosos de La Tirana y la Federaci\u00f3n de Antofagasta, que regulan y orientan su vida comunitaria de acuerdo a sus realidades locales.<\/p>\n\n\n\n<p>Uno de los puntos centrales fue la reflexi\u00f3n en torno al acompa\u00f1amiento pastoral, destacando la importancia de la formaci\u00f3n de dirigentes, caporales e integrantes de los bailes. En ese contexto, los obispos asumieron tres desaf\u00edos pastorales concretos:<br>1. Contribuir activamente a la formaci\u00f3n permanente de los integrantes de los bailes religiosos.<br>2. Motivar el cultivo y enriquecimiento de la m\u00fasica y letras religiosas propias de los bailes.<br>3. Redactar una nueva Carta Pastoral sobre los bailes religiosos.<\/p>\n\n\n\n<p>Este encuentro refleja el compromiso de los pastores del norte con el caminar sinodal de la Iglesia, reconociendo en los bailes religiosos no solo una expresi\u00f3n cultural, sino una verdadera forma de vivir y anunciar la fe en el contexto del norte grande.<\/p>\n\n\n\n<p>Se agradece a Mons. Mois\u00e9s Atisha por la c\u00e1lida acogida brindada y por su hospitalidad fraterna durante todo el encuentro.<\/p>\n\n\n\n<p><em>Arica, 27-05-2025<\/em><\/p>\n\n\n\n<figure class=\"wp-block-gallery has-nested-images columns-default is-cropped wp-block-gallery-1 is-layout-flex wp-block-gallery-is-layout-flex\">\n<figure class=\"wp-block-image size-large\"><a href=\"https:\/\/obispadoarica.cl\/home\/wp-content\/uploads\/2025\/05\/Encuentro-de-Obispos-1.jpg\"><img fetchpriority=\"high\" decoding=\"async\" width=\"1024\" height=\"461\" data-id=\"3536\" src=\"https:\/\/obispadoarica.cl\/home\/wp-content\/uploads\/2025\/05\/Encuentro-de-Obispos-1-1024x461.jpg\" alt=\"\" class=\"wp-image-3536\" srcset=\"https:\/\/obispadoarica.cl\/home\/wp-content\/uploads\/2025\/05\/Encuentro-de-Obispos-1-1024x461.jpg 1024w, https:\/\/obispadoarica.cl\/home\/wp-content\/uploads\/2025\/05\/Encuentro-de-Obispos-1-300x135.jpg 300w, https:\/\/obispadoarica.cl\/home\/wp-content\/uploads\/2025\/05\/Encuentro-de-Obispos-1-768x346.jpg 768w, https:\/\/obispadoarica.cl\/home\/wp-content\/uploads\/2025\/05\/Encuentro-de-Obispos-1.jpg 1280w\" sizes=\"(max-width: 1024px) 100vw, 1024px\" \/><\/a><\/figure>\n\n\n\n<figure class=\"wp-block-image size-large\"><a href=\"https:\/\/obispadoarica.cl\/home\/wp-content\/uploads\/2025\/05\/Encuentro-de-Obispos-2.jpg\"><img decoding=\"async\" width=\"1024\" height=\"461\" data-id=\"3537\" src=\"https:\/\/obispadoarica.cl\/home\/wp-content\/uploads\/2025\/05\/Encuentro-de-Obispos-2-1024x461.jpg\" alt=\"\" class=\"wp-image-3537\" srcset=\"https:\/\/obispadoarica.cl\/home\/wp-content\/uploads\/2025\/05\/Encuentro-de-Obispos-2-1024x461.jpg 1024w, https:\/\/obispadoarica.cl\/home\/wp-content\/uploads\/2025\/05\/Encuentro-de-Obispos-2-300x135.jpg 300w, https:\/\/obispadoarica.cl\/home\/wp-content\/uploads\/2025\/05\/Encuentro-de-Obispos-2-768x346.jpg 768w, https:\/\/obispadoarica.cl\/home\/wp-content\/uploads\/2025\/05\/Encuentro-de-Obispos-2.jpg 1280w\" sizes=\"(max-width: 1024px) 100vw, 1024px\" \/><\/a><\/figure>\n\n\n\n<figure class=\"wp-block-image size-large\"><a href=\"https:\/\/obispadoarica.cl\/home\/wp-content\/uploads\/2025\/05\/Encuentro-de-Obispos-3.jpg\"><img decoding=\"async\" width=\"1024\" height=\"461\" data-id=\"3538\" src=\"https:\/\/obispadoarica.cl\/home\/wp-content\/uploads\/2025\/05\/Encuentro-de-Obispos-3-1024x461.jpg\" alt=\"\" class=\"wp-image-3538\" srcset=\"https:\/\/obispadoarica.cl\/home\/wp-content\/uploads\/2025\/05\/Encuentro-de-Obispos-3-1024x461.jpg 1024w, https:\/\/obispadoarica.cl\/home\/wp-content\/uploads\/2025\/05\/Encuentro-de-Obispos-3-300x135.jpg 300w, https:\/\/obispadoarica.cl\/home\/wp-content\/uploads\/2025\/05\/Encuentro-de-Obispos-3-768x346.jpg 768w, https:\/\/obispadoarica.cl\/home\/wp-content\/uploads\/2025\/05\/Encuentro-de-Obispos-3.jpg 1280w\" sizes=\"(max-width: 1024px) 100vw, 1024px\" \/><\/a><\/figure>\n<\/figure>\n","protected":false},"excerpt":{"rendered":"<p>Encuentro fue marcado por la fraternidad, la reflexi\u00f3n pastoral y el compromiso con la identidad religiosa y cultural de los bailes. En la casa Ema\u00fas, en el Valle de Azapa en Arica, se llev\u00f3 a cabo un encuentro entre los obispos del norte del pa\u00eds y los asesores de los bailes religiosos de las di\u00f3cesis [&#8230;]\n","protected":false},"author":2,"featured_media":3538,"comment_status":"closed","ping_status":"open","sticky":false,"template":"","format":"standard","meta":{"footnotes":""},"categories":[7],"tags":[],"class_list":["post-3535","post","type-post","status-publish","format-standard","has-post-thumbnail","hentry","category-noticias"],"yoast_head":"<!-- This site is optimized with the Yoast SEO plugin v24.6 - https:\/\/yoast.com\/wordpress\/plugins\/seo\/ -->\n<title>Encuentro de los Obispos de la provincia Eclesi\u00e1stica del Norte Grande - Obispado San Marcos de Arica<\/title>\n<meta name=\"robots\" content=\"index, follow, max-snippet:-1, max-image-preview:large, max-video-preview:-1\" \/>\n<link rel=\"canonical\" href=\"https:\/\/obispadoarica.cl\/home\/encuentro-de-los-obispos-de-la-provincia-eclesiastica-del-norte-grande\/\" \/>\n<meta property=\"og:locale\" content=\"es_ES\" \/>\n<meta property=\"og:type\" content=\"article\" \/>\n<meta property=\"og:title\" content=\"Encuentro de los Obispos de la provincia Eclesi\u00e1stica del Norte Grande - Obispado San Marcos de Arica\" \/>\n<meta property=\"og:description\" content=\"Encuentro fue marcado por la fraternidad, la reflexi\u00f3n pastoral y el compromiso con la identidad religiosa y cultural de los bailes. En la casa Ema\u00fas, en el Valle de Azapa en Arica, se llev\u00f3 a cabo un encuentro entre los obispos del norte del pa\u00eds y los asesores de los bailes religiosos de las di\u00f3cesis [...]\" \/>\n<meta property=\"og:url\" content=\"https:\/\/obispadoarica.cl\/home\/encuentro-de-los-obispos-de-la-provincia-eclesiastica-del-norte-grande\/\" \/>\n<meta property=\"og:site_name\" content=\"Obispado San Marcos de Arica\" \/>\n<meta property=\"article:published_time\" content=\"2025-05-28T01:15:52+00:00\" \/>\n<meta property=\"article:modified_time\" content=\"2025-05-28T01:15:53+00:00\" \/>\n<meta property=\"og:image\" content=\"https:\/\/obispadoarica.cl\/home\/wp-content\/uploads\/2025\/05\/Encuentro-de-Obispos-3.jpg\" \/>\n\t<meta property=\"og:image:width\" content=\"1280\" \/>\n\t<meta property=\"og:image:height\" content=\"576\" \/>\n\t<meta property=\"og:image:type\" content=\"image\/jpeg\" \/>\n<meta name=\"author\" content=\"Obispado de Arica\" \/>\n<meta name=\"twitter:card\" content=\"summary_large_image\" \/>\n<meta name=\"twitter:label1\" content=\"Escrito por\" \/>\n\t<meta name=\"twitter:data1\" content=\"Obispado de Arica\" \/>\n\t<meta name=\"twitter:label2\" content=\"Tiempo de lectura\" \/>\n\t<meta name=\"twitter:data2\" content=\"4 minutos\" \/>\n<script type=\"application\/ld+json\" class=\"yoast-schema-graph\">{\"@context\":\"https:\/\/schema.org\",\"@graph\":[{\"@type\":\"WebPage\",\"@id\":\"https:\/\/obispadoarica.cl\/home\/encuentro-de-los-obispos-de-la-provincia-eclesiastica-del-norte-grande\/\",\"url\":\"https:\/\/obispadoarica.cl\/home\/encuentro-de-los-obispos-de-la-provincia-eclesiastica-del-norte-grande\/\",\"name\":\"Encuentro de los Obispos de la provincia Eclesi\u00e1stica del Norte Grande - Obispado San Marcos de Arica\",\"isPartOf\":{\"@id\":\"https:\/\/obispadoarica.cl\/home\/#website\"},\"primaryImageOfPage\":{\"@id\":\"https:\/\/obispadoarica.cl\/home\/encuentro-de-los-obispos-de-la-provincia-eclesiastica-del-norte-grande\/#primaryimage\"},\"image\":{\"@id\":\"https:\/\/obispadoarica.cl\/home\/encuentro-de-los-obispos-de-la-provincia-eclesiastica-del-norte-grande\/#primaryimage\"},\"thumbnailUrl\":\"https:\/\/obispadoarica.cl\/home\/wp-content\/uploads\/2025\/05\/Encuentro-de-Obispos-3.jpg\",\"datePublished\":\"2025-05-28T01:15:52+00:00\",\"dateModified\":\"2025-05-28T01:15:53+00:00\",\"author\":{\"@id\":\"https:\/\/obispadoarica.cl\/home\/#\/schema\/person\/1a8f4c2a3418412187dff039ecf9d97e\"},\"breadcrumb\":{\"@id\":\"https:\/\/obispadoarica.cl\/home\/encuentro-de-los-obispos-de-la-provincia-eclesiastica-del-norte-grande\/#breadcrumb\"},\"inLanguage\":\"es\",\"potentialAction\":[{\"@type\":\"ReadAction\",\"target\":[\"https:\/\/obispadoarica.cl\/home\/encuentro-de-los-obispos-de-la-provincia-eclesiastica-del-norte-grande\/\"]}]},{\"@type\":\"ImageObject\",\"inLanguage\":\"es\",\"@id\":\"https:\/\/obispadoarica.cl\/home\/encuentro-de-los-obispos-de-la-provincia-eclesiastica-del-norte-grande\/#primaryimage\",\"url\":\"https:\/\/obispadoarica.cl\/home\/wp-content\/uploads\/2025\/05\/Encuentro-de-Obispos-3.jpg\",\"contentUrl\":\"https:\/\/obispadoarica.cl\/home\/wp-content\/uploads\/2025\/05\/Encuentro-de-Obispos-3.jpg\",\"width\":1280,\"height\":576},{\"@type\":\"BreadcrumbList\",\"@id\":\"https:\/\/obispadoarica.cl\/home\/encuentro-de-los-obispos-de-la-provincia-eclesiastica-del-norte-grande\/#breadcrumb\",\"itemListElement\":[{\"@type\":\"ListItem\",\"position\":1,\"name\":\"Portada\",\"item\":\"https:\/\/obispadoarica.cl\/home\/\"},{\"@type\":\"ListItem\",\"position\":2,\"name\":\"Encuentro de los Obispos de la provincia Eclesi\u00e1stica del Norte Grande\"}]},{\"@type\":\"WebSite\",\"@id\":\"https:\/\/obispadoarica.cl\/home\/#website\",\"url\":\"https:\/\/obispadoarica.cl\/home\/\",\"name\":\"Obispado San Marcos de Arica\",\"description\":\"Di\u00f3cesis San Marcos de Arica\",\"potentialAction\":[{\"@type\":\"SearchAction\",\"target\":{\"@type\":\"EntryPoint\",\"urlTemplate\":\"https:\/\/obispadoarica.cl\/home\/?s={search_term_string}\"},\"query-input\":{\"@type\":\"PropertyValueSpecification\",\"valueRequired\":true,\"valueName\":\"search_term_string\"}}],\"inLanguage\":\"es\"},{\"@type\":\"Person\",\"@id\":\"https:\/\/obispadoarica.cl\/home\/#\/schema\/person\/1a8f4c2a3418412187dff039ecf9d97e\",\"name\":\"Obispado de Arica\",\"image\":{\"@type\":\"ImageObject\",\"inLanguage\":\"es\",\"@id\":\"https:\/\/obispadoarica.cl\/home\/#\/schema\/person\/image\/\",\"url\":\"https:\/\/secure.gravatar.com\/avatar\/c75d5ceafb11502016ed664658884b0b1b183fa6f96260878f47ac58f950c8d9?s=96&d=mm&r=g\",\"contentUrl\":\"https:\/\/secure.gravatar.com\/avatar\/c75d5ceafb11502016ed664658884b0b1b183fa6f96260878f47ac58f950c8d9?s=96&d=mm&r=g\",\"caption\":\"Obispado de Arica\"},\"url\":\"https:\/\/obispadoarica.cl\/home\/author\/c1300590\/\"}]}<\/script>\n<!-- \/ Yoast SEO plugin. -->","yoast_head_json":{"title":"Encuentro de los Obispos de la provincia Eclesi\u00e1stica del Norte Grande - Obispado San Marcos de Arica","robots":{"index":"index","follow":"follow","max-snippet":"max-snippet:-1","max-image-preview":"max-image-preview:large","max-video-preview":"max-video-preview:-1"},"canonical":"https:\/\/obispadoarica.cl\/home\/encuentro-de-los-obispos-de-la-provincia-eclesiastica-del-norte-grande\/","og_locale":"es_ES","og_type":"article","og_title":"Encuentro de los Obispos de la provincia Eclesi\u00e1stica del Norte Grande - Obispado San Marcos de Arica","og_description":"Encuentro fue marcado por la fraternidad, la reflexi\u00f3n pastoral y el compromiso con la identidad religiosa y cultural de los bailes. En la casa Ema\u00fas, en el Valle de Azapa en Arica, se llev\u00f3 a cabo un encuentro entre los obispos del norte del pa\u00eds y los asesores de los bailes religiosos de las di\u00f3cesis [...]","og_url":"https:\/\/obispadoarica.cl\/home\/encuentro-de-los-obispos-de-la-provincia-eclesiastica-del-norte-grande\/","og_site_name":"Obispado San Marcos de Arica","article_published_time":"2025-05-28T01:15:52+00:00","article_modified_time":"2025-05-28T01:15:53+00:00","og_image":[{"width":1280,"height":576,"url":"https:\/\/obispadoarica.cl\/home\/wp-content\/uploads\/2025\/05\/Encuentro-de-Obispos-3.jpg","type":"image\/jpeg"}],"author":"Obispado de Arica","twitter_card":"summary_large_image","twitter_misc":{"Escrito por":"Obispado de Arica","Tiempo de lectura":"4 minutos"},"schema":{"@context":"https:\/\/schema.org","@graph":[{"@type":"WebPage","@id":"https:\/\/obispadoarica.cl\/home\/encuentro-de-los-obispos-de-la-provincia-eclesiastica-del-norte-grande\/","url":"https:\/\/obispadoarica.cl\/home\/encuentro-de-los-obispos-de-la-provincia-eclesiastica-del-norte-grande\/","name":"Encuentro de los Obispos de la provincia Eclesi\u00e1stica del Norte Grande - Obispado San Marcos de Arica","isPartOf":{"@id":"https:\/\/obispadoarica.cl\/home\/#website"},"primaryImageOfPage":{"@id":"https:\/\/obispadoarica.cl\/home\/encuentro-de-los-obispos-de-la-provincia-eclesiastica-del-norte-grande\/#primaryimage"},"image":{"@id":"https:\/\/obispadoarica.cl\/home\/encuentro-de-los-obispos-de-la-provincia-eclesiastica-del-norte-grande\/#primaryimage"},"thumbnailUrl":"https:\/\/obispadoarica.cl\/home\/wp-content\/uploads\/2025\/05\/Encuentro-de-Obispos-3.jpg","datePublished":"2025-05-28T01:15:52+00:00","dateModified":"2025-05-28T01:15:53+00:00","author":{"@id":"https:\/\/obispadoarica.cl\/home\/#\/schema\/person\/1a8f4c2a3418412187dff039ecf9d97e"},"breadcrumb":{"@id":"https:\/\/obispadoarica.cl\/home\/encuentro-de-los-obispos-de-la-provincia-eclesiastica-del-norte-grande\/#breadcrumb"},"inLanguage":"es","potentialAction":[{"@type":"ReadAction","target":["https:\/\/obispadoarica.cl\/home\/encuentro-de-los-obispos-de-la-provincia-eclesiastica-del-norte-grande\/"]}]},{"@type":"ImageObject","inLanguage":"es","@id":"https:\/\/obispadoarica.cl\/home\/encuentro-de-los-obispos-de-la-provincia-eclesiastica-del-norte-grande\/#primaryimage","url":"https:\/\/obispadoarica.cl\/home\/wp-content\/uploads\/2025\/05\/Encuentro-de-Obispos-3.jpg","contentUrl":"https:\/\/obispadoarica.cl\/home\/wp-content\/uploads\/2025\/05\/Encuentro-de-Obispos-3.jpg","width":1280,"height":576},{"@type":"BreadcrumbList","@id":"https:\/\/obispadoarica.cl\/home\/encuentro-de-los-obispos-de-la-provincia-eclesiastica-del-norte-grande\/#breadcrumb","itemListElement":[{"@type":"ListItem","position":1,"name":"Portada","item":"https:\/\/obispadoarica.cl\/home\/"},{"@type":"ListItem","position":2,"name":"Encuentro de los Obispos de la provincia Eclesi\u00e1stica del Norte Grande"}]},{"@type":"WebSite","@id":"https:\/\/obispadoarica.cl\/home\/#website","url":"https:\/\/obispadoarica.cl\/home\/","name":"Obispado San Marcos de Arica","description":"Di\u00f3cesis San Marcos de Arica","potentialAction":[{"@type":"SearchAction","target":{"@type":"EntryPoint","urlTemplate":"https:\/\/obispadoarica.cl\/home\/?s={search_term_string}"},"query-input":{"@type":"PropertyValueSpecification","valueRequired":true,"valueName":"search_term_string"}}],"inLanguage":"es"},{"@type":"Person","@id":"https:\/\/obispadoarica.cl\/home\/#\/schema\/person\/1a8f4c2a3418412187dff039ecf9d97e","name":"Obispado de Arica","image":{"@type":"ImageObject","inLanguage":"es","@id":"https:\/\/obispadoarica.cl\/home\/#\/schema\/person\/image\/","url":"https:\/\/secure.gravatar.com\/avatar\/c75d5ceafb11502016ed664658884b0b1b183fa6f96260878f47ac58f950c8d9?s=96&d=mm&r=g","contentUrl":"https:\/\/secure.gravatar.com\/avatar\/c75d5ceafb11502016ed664658884b0b1b183fa6f96260878f47ac58f950c8d9?s=96&d=mm&r=g","caption":"Obispado de Arica"},"url":"https:\/\/obispadoarica.cl\/home\/author\/c1300590\/"}]}},"_links":{"self":[{"href":"https:\/\/obispadoarica.cl\/home\/wp-json\/wp\/v2\/posts\/3535","targetHints":{"allow":["GET"]}}],"collection":[{"href":"https:\/\/obispadoarica.cl\/home\/wp-json\/wp\/v2\/posts"}],"about":[{"href":"https:\/\/obispadoarica.cl\/home\/wp-json\/wp\/v2\/types\/post"}],"author":[{"embeddable":true,"href":"https:\/\/obispadoarica.cl\/home\/wp-json\/wp\/v2\/users\/2"}],"replies":[{"embeddable":true,"href":"https:\/\/obispadoarica.cl\/home\/wp-json\/wp\/v2\/comments?post=3535"}],"version-history":[{"count":1,"href":"https:\/\/obispadoarica.cl\/home\/wp-json\/wp\/v2\/posts\/3535\/revisions"}],"predecessor-version":[{"id":3539,"href":"https:\/\/obispadoarica.cl\/home\/wp-json\/wp\/v2\/posts\/3535\/revisions\/3539"}],"wp:featuredmedia":[{"embeddable":true,"href":"https:\/\/obispadoarica.cl\/home\/wp-json\/wp\/v2\/media\/3538"}],"wp:attachment":[{"href":"https:\/\/obispadoarica.cl\/home\/wp-json\/wp\/v2\/media?parent=3535"}],"wp:term":[{"taxonomy":"category","embeddable":true,"href":"https:\/\/obispadoarica.cl\/home\/wp-json\/wp\/v2\/categories?post=3535"},{"taxonomy":"post_tag","embeddable":true,"href":"https:\/\/obispadoarica.cl\/home\/wp-json\/wp\/v2\/tags?post=3535"}],"curies":[{"name":"wp","href":"https:\/\/api.w.org\/{rel}","templated":true}]}}