{"id":3563,"date":"2025-06-10T19:52:04","date_gmt":"2025-06-10T23:52:04","guid":{"rendered":"https:\/\/obispadoarica.cl\/home\/?p=3563"},"modified":"2025-06-10T19:52:05","modified_gmt":"2025-06-10T23:52:05","slug":"declaracion-del-gran-canciller-sobre-la-eutanasia","status":"publish","type":"post","link":"https:\/\/obispadoarica.cl\/home\/declaracion-del-gran-canciller-sobre-la-eutanasia\/","title":{"rendered":"Declaraci\u00f3n del Gran Canciller sobre la eutanasia"},"content":{"rendered":"\n\n\n<p><strong>Carta del Cardenal y Arzobispo de Santiago Fernando Chomali, \u00abMorir en paz\u00bb.<\/strong><\/p>\n\n\n\n<p>En medio de una violencia desatada, de la perplejidad de los chilenos frente a la corrupci\u00f3n en muchos estamentos de la sociedad; adem\u00e1s de abutagados de listas de esperas interminables para obtener tratamientos m\u00e9dicos b\u00e1sicos y una gran inseguridad de la poblaci\u00f3n, reaparece, y con tramitaci\u00f3n inmediata, un proyecto de ley que permite la eliminaci\u00f3n directa de un ser humano en la etapa final de su vida. No nos enga\u00f1emos, detr\u00e1s de la idea de \u201cmuerte digna\u201d est\u00e1 la idea de disponer de la vida de los dem\u00e1s en su etapa terminal. Este proyecto fue ingresado el 2021 y ahora sucede que se quiere despachar en menos de una semana. \u00bfAlguien podr\u00eda explicar la urgencia? \u00bfHabr\u00e1 tiempo para escuchar a expertos en la materia y para que los legisladores estudien la materia y conozcan las experiencias nefastas de algunos pa\u00edses que han introducido esta pr\u00e1ctica?<br><br>Este proyecto de ley es ambiguo porque se extiende a personas en complejas situaciones de salud, que, seg\u00fan los promotores de la ley, como sus vidas no valdr\u00edan la pena de ser vividas, el Estado no les puede impedir que terminen con ella.<\/p>\n\n\n\n<p>Esta iniciativa parlamentaria apela a la autonom\u00eda y a la libertad individual como un derecho absoluto que ha de ser respetado, aun sabiendo que, en estas circunstancias, es de lo que m\u00e1s se carece.<\/p>\n\n\n\n<p>Esta ley es la respuesta pr\u00e1ctica a la desidia del Estado y la sociedad de hacerse cargo de los enfermos, en la mayor\u00eda de los casos adultos mayores, que muchos de ellos terminan sus d\u00edas viejos, solos, enfermos y pobres. Muchos en los hospitales p\u00fablicos, y en lugares que ni nos imaginamos, postrados y abandonados en paup\u00e9rrimas condiciones.<\/p>\n\n\n\n<p>Se alude a la eutanasia como un acto de compasi\u00f3n. No nos confundamos, es un acto de compasi\u00f3n hacia la sociedad occidental que todo lo mide en t\u00e9rminos de producci\u00f3n, gozo, \u00e9xito y ganancia y que no soporta nada que tenga que ver con el dolor y el sufrimiento y menos hacerse responsable de \u00e9l.<\/p>\n\n\n\n<p>Aunque no lo quieran decir, la eutanasia es una forma de eugenesia social frente a la incapacidad de empatizar, acompa\u00f1ar, amar y responder por ellos. Este proyecto es el ocaso del sentido de responsabilidad hacia el d\u00e9bil que le cabe a la sociedad toda y es el triunfo de la raz\u00f3n de la fuerza por sobre la fuerza de la raz\u00f3n. Con la eutanasia el drama de una persona gravemente enferma se resuelve con la violencia -cubierta con el manto de la bondad, la compasi\u00f3n, la autonom\u00eda, etc.-<\/p>\n\n\n\n<p>Este proyecto de ley es -en su ambig\u00fcedad y en la pr\u00e1ctica- clasista porque ser\u00e1 sobre todo respecto de los pobres por quienes cabe la posibilidad que terceros decidan por ellos ponerle fin a sus d\u00edas (lean bien el proyecto de ley). Quienes tienen recursos econ\u00f3micos estar\u00e1n acompa\u00f1ados y si est\u00e1n solos podr\u00e1n irse a un pa\u00eds donde nadie pueda realizar una acci\u00f3n que termine con sus vidas.<\/p>\n\n\n\n<p>La verdad es que quien est\u00e1 acompa\u00f1ado, se siente querido y bien cuidado, no pide terminar con sus d\u00edas, al contrario, se aferran a la vida y a sus seres queridos como un gran tesoro hasta el final (hasta cuando Diosito me lleve, suelen decir). Ejemplo de ello es la Fundaci\u00f3n las Rosas donde jam\u00e1s un residente, incluso postrado, se le ha pasado por la mente pedir que terminen con su vida. Como si fuera poco, a los estudiantes de medicina, que suelen entrar a la universidad motivados por sanar, acompa\u00f1ar y cuidar, se les ense\u00f1ar\u00e1 c\u00f3mo terminar con la vida de un ser humano inocente.<\/p>\n\n\n\n<p>Al final, como en muchos pa\u00edses \u201cdesarrollados\u201d el itinerario es el mismo: libertad para decidir cu\u00e1ntos hijos tener -y c\u00f3mo- y a falta de ellos, libertad para terminar con quienes son considerados un \u201cestorbo\u201d. Francisco los llama \u201clos descartados\u201d. \u00a1Cu\u00e1nta raz\u00f3n! Chile se empobrece con una ley semejante porque el talante de una sociedad se mide en la capacidad que tiene el tejido social -del cual formamos parte- de preocuparse de los indefensos y vulnerables.<\/p>\n\n\n\n<p>A los promotores de esta ley injusta los invito a poner atenci\u00f3n en los ancianos en situaciones lamentables -hogares clandestinos, sin vida social y abandonados-. Tambi\u00e9n los invito a levantar vuelo legislativo para promover la especialidad de cuidados paliativos en los hospitales y cl\u00ednicas y lugares donde terminan sus d\u00edas, as\u00ed como promover pol\u00edticas p\u00fablicas macizas en favor de los adultos mayores en materia de pensiones y acceso a los cuidados de salud mental y paliativos. Habr\u00e1 menos soledad y menos solicitudes de eutanasia si se promueven con m\u00e1s ah\u00ednco pol\u00edticas p\u00fablicas que privilegien la natalidad y la familia -lugar natural, originario y \u00fanico- para cuidar y ser cuidado en los momentos de dificultad que nos presenta la vida.<\/p>\n\n\n\n<p>Propongamos leyes que permita a los enfermos morir en paz, cuid\u00e9moslos con los medios ordinarios que dispone la medicina, sin obstinaciones ni tecnicismos abusivos, junto a sus familiares y con adecuada asistencia m\u00e9dica, espiritual y humana. Ni m\u00e1s ni menos. Los equipos m\u00e9dicos en Chile, -notables por su compromiso por sus pacientes-, que han lidiado cuerpo a cuerpo con el coronavirus saben mucho de esto y lo hacen muy bien.<\/p>\n\n\n\n<p>No caigamos en la tentaci\u00f3n del pragmatismo y pregunt\u00e9monos seriamente qu\u00e9 hay detr\u00e1s de la obstinaci\u00f3n de promover leyes que atentan contra los m\u00e1s d\u00e9biles de la sociedad como lo son los seres humanos en el vientre materno y en el lecho de enfermo y al mismo tiempo. \u00bfAcaso no estamos promoviendo la ley del m\u00e1s fuerte y la violencia para resolver dramas humanos, a veces dram\u00e1ticos, que no es otra cosa que renunciar al Estado de derecho que tanto ha costado instalar?<\/p>\n\n\n\n<p><\/p>\n","protected":false},"excerpt":{"rendered":"<p>Carta del Cardenal y Arzobispo de Santiago Fernando Chomali, \u00abMorir en paz\u00bb. En medio de una violencia desatada, de la perplejidad de los chilenos frente a la corrupci\u00f3n en muchos estamentos de la sociedad; adem\u00e1s de abutagados de listas de esperas interminables para obtener tratamientos m\u00e9dicos b\u00e1sicos y una gran inseguridad de la poblaci\u00f3n, reaparece, [&#8230;]\n","protected":false},"author":2,"featured_media":3564,"comment_status":"closed","ping_status":"open","sticky":false,"template":"","format":"standard","meta":{"footnotes":""},"categories":[10],"tags":[],"class_list":["post-3563","post","type-post","status-publish","format-standard","has-post-thumbnail","hentry","category-comunicados"],"yoast_head":"<!-- This site is optimized with the Yoast SEO plugin v24.6 - https:\/\/yoast.com\/wordpress\/plugins\/seo\/ -->\n<title>Declaraci\u00f3n del Gran Canciller sobre la eutanasia - Obispado San Marcos de Arica<\/title>\n<meta name=\"robots\" content=\"index, follow, max-snippet:-1, max-image-preview:large, max-video-preview:-1\" \/>\n<link rel=\"canonical\" href=\"https:\/\/obispadoarica.cl\/home\/declaracion-del-gran-canciller-sobre-la-eutanasia\/\" \/>\n<meta property=\"og:locale\" content=\"es_ES\" \/>\n<meta property=\"og:type\" content=\"article\" \/>\n<meta property=\"og:title\" content=\"Declaraci\u00f3n del Gran Canciller sobre la eutanasia - Obispado San Marcos de Arica\" \/>\n<meta property=\"og:description\" content=\"Carta del Cardenal y Arzobispo de Santiago Fernando Chomali, \u00abMorir en paz\u00bb. En medio de una violencia desatada, de la perplejidad de los chilenos frente a la corrupci\u00f3n en muchos estamentos de la sociedad; adem\u00e1s de abutagados de listas de esperas interminables para obtener tratamientos m\u00e9dicos b\u00e1sicos y una gran inseguridad de la poblaci\u00f3n, reaparece, [...]\" \/>\n<meta property=\"og:url\" content=\"https:\/\/obispadoarica.cl\/home\/declaracion-del-gran-canciller-sobre-la-eutanasia\/\" \/>\n<meta property=\"og:site_name\" content=\"Obispado San Marcos de Arica\" \/>\n<meta property=\"article:published_time\" content=\"2025-06-10T23:52:04+00:00\" \/>\n<meta property=\"article:modified_time\" content=\"2025-06-10T23:52:05+00:00\" \/>\n<meta property=\"og:image\" content=\"https:\/\/obispadoarica.cl\/home\/wp-content\/uploads\/2025\/06\/fachada-casacentral-uc.700x532.jpg\" \/>\n\t<meta property=\"og:image:width\" content=\"700\" \/>\n\t<meta property=\"og:image:height\" content=\"532\" \/>\n\t<meta property=\"og:image:type\" content=\"image\/jpeg\" \/>\n<meta name=\"author\" content=\"Obispado de Arica\" \/>\n<meta name=\"twitter:card\" content=\"summary_large_image\" \/>\n<meta name=\"twitter:label1\" content=\"Escrito por\" \/>\n\t<meta name=\"twitter:data1\" content=\"Obispado de Arica\" \/>\n\t<meta name=\"twitter:label2\" content=\"Tiempo de lectura\" \/>\n\t<meta name=\"twitter:data2\" content=\"5 minutos\" \/>\n<script type=\"application\/ld+json\" class=\"yoast-schema-graph\">{\"@context\":\"https:\/\/schema.org\",\"@graph\":[{\"@type\":\"WebPage\",\"@id\":\"https:\/\/obispadoarica.cl\/home\/declaracion-del-gran-canciller-sobre-la-eutanasia\/\",\"url\":\"https:\/\/obispadoarica.cl\/home\/declaracion-del-gran-canciller-sobre-la-eutanasia\/\",\"name\":\"Declaraci\u00f3n del Gran Canciller sobre la eutanasia - Obispado San Marcos de Arica\",\"isPartOf\":{\"@id\":\"https:\/\/obispadoarica.cl\/home\/#website\"},\"primaryImageOfPage\":{\"@id\":\"https:\/\/obispadoarica.cl\/home\/declaracion-del-gran-canciller-sobre-la-eutanasia\/#primaryimage\"},\"image\":{\"@id\":\"https:\/\/obispadoarica.cl\/home\/declaracion-del-gran-canciller-sobre-la-eutanasia\/#primaryimage\"},\"thumbnailUrl\":\"https:\/\/obispadoarica.cl\/home\/wp-content\/uploads\/2025\/06\/fachada-casacentral-uc.700x532.jpg\",\"datePublished\":\"2025-06-10T23:52:04+00:00\",\"dateModified\":\"2025-06-10T23:52:05+00:00\",\"author\":{\"@id\":\"https:\/\/obispadoarica.cl\/home\/#\/schema\/person\/1a8f4c2a3418412187dff039ecf9d97e\"},\"breadcrumb\":{\"@id\":\"https:\/\/obispadoarica.cl\/home\/declaracion-del-gran-canciller-sobre-la-eutanasia\/#breadcrumb\"},\"inLanguage\":\"es\",\"potentialAction\":[{\"@type\":\"ReadAction\",\"target\":[\"https:\/\/obispadoarica.cl\/home\/declaracion-del-gran-canciller-sobre-la-eutanasia\/\"]}]},{\"@type\":\"ImageObject\",\"inLanguage\":\"es\",\"@id\":\"https:\/\/obispadoarica.cl\/home\/declaracion-del-gran-canciller-sobre-la-eutanasia\/#primaryimage\",\"url\":\"https:\/\/obispadoarica.cl\/home\/wp-content\/uploads\/2025\/06\/fachada-casacentral-uc.700x532.jpg\",\"contentUrl\":\"https:\/\/obispadoarica.cl\/home\/wp-content\/uploads\/2025\/06\/fachada-casacentral-uc.700x532.jpg\",\"width\":700,\"height\":532},{\"@type\":\"BreadcrumbList\",\"@id\":\"https:\/\/obispadoarica.cl\/home\/declaracion-del-gran-canciller-sobre-la-eutanasia\/#breadcrumb\",\"itemListElement\":[{\"@type\":\"ListItem\",\"position\":1,\"name\":\"Portada\",\"item\":\"https:\/\/obispadoarica.cl\/home\/\"},{\"@type\":\"ListItem\",\"position\":2,\"name\":\"Declaraci\u00f3n del Gran Canciller sobre la eutanasia\"}]},{\"@type\":\"WebSite\",\"@id\":\"https:\/\/obispadoarica.cl\/home\/#website\",\"url\":\"https:\/\/obispadoarica.cl\/home\/\",\"name\":\"Obispado San Marcos de Arica\",\"description\":\"Di\u00f3cesis San Marcos de Arica\",\"potentialAction\":[{\"@type\":\"SearchAction\",\"target\":{\"@type\":\"EntryPoint\",\"urlTemplate\":\"https:\/\/obispadoarica.cl\/home\/?s={search_term_string}\"},\"query-input\":{\"@type\":\"PropertyValueSpecification\",\"valueRequired\":true,\"valueName\":\"search_term_string\"}}],\"inLanguage\":\"es\"},{\"@type\":\"Person\",\"@id\":\"https:\/\/obispadoarica.cl\/home\/#\/schema\/person\/1a8f4c2a3418412187dff039ecf9d97e\",\"name\":\"Obispado de Arica\",\"image\":{\"@type\":\"ImageObject\",\"inLanguage\":\"es\",\"@id\":\"https:\/\/obispadoarica.cl\/home\/#\/schema\/person\/image\/\",\"url\":\"https:\/\/secure.gravatar.com\/avatar\/c75d5ceafb11502016ed664658884b0b1b183fa6f96260878f47ac58f950c8d9?s=96&d=mm&r=g\",\"contentUrl\":\"https:\/\/secure.gravatar.com\/avatar\/c75d5ceafb11502016ed664658884b0b1b183fa6f96260878f47ac58f950c8d9?s=96&d=mm&r=g\",\"caption\":\"Obispado de Arica\"},\"url\":\"https:\/\/obispadoarica.cl\/home\/author\/c1300590\/\"}]}<\/script>\n<!-- \/ Yoast SEO plugin. -->","yoast_head_json":{"title":"Declaraci\u00f3n del Gran Canciller sobre la eutanasia - Obispado San Marcos de Arica","robots":{"index":"index","follow":"follow","max-snippet":"max-snippet:-1","max-image-preview":"max-image-preview:large","max-video-preview":"max-video-preview:-1"},"canonical":"https:\/\/obispadoarica.cl\/home\/declaracion-del-gran-canciller-sobre-la-eutanasia\/","og_locale":"es_ES","og_type":"article","og_title":"Declaraci\u00f3n del Gran Canciller sobre la eutanasia - Obispado San Marcos de Arica","og_description":"Carta del Cardenal y Arzobispo de Santiago Fernando Chomali, \u00abMorir en paz\u00bb. En medio de una violencia desatada, de la perplejidad de los chilenos frente a la corrupci\u00f3n en muchos estamentos de la sociedad; adem\u00e1s de abutagados de listas de esperas interminables para obtener tratamientos m\u00e9dicos b\u00e1sicos y una gran inseguridad de la poblaci\u00f3n, reaparece, [...]","og_url":"https:\/\/obispadoarica.cl\/home\/declaracion-del-gran-canciller-sobre-la-eutanasia\/","og_site_name":"Obispado San Marcos de Arica","article_published_time":"2025-06-10T23:52:04+00:00","article_modified_time":"2025-06-10T23:52:05+00:00","og_image":[{"width":700,"height":532,"url":"https:\/\/obispadoarica.cl\/home\/wp-content\/uploads\/2025\/06\/fachada-casacentral-uc.700x532.jpg","type":"image\/jpeg"}],"author":"Obispado de Arica","twitter_card":"summary_large_image","twitter_misc":{"Escrito por":"Obispado de Arica","Tiempo de lectura":"5 minutos"},"schema":{"@context":"https:\/\/schema.org","@graph":[{"@type":"WebPage","@id":"https:\/\/obispadoarica.cl\/home\/declaracion-del-gran-canciller-sobre-la-eutanasia\/","url":"https:\/\/obispadoarica.cl\/home\/declaracion-del-gran-canciller-sobre-la-eutanasia\/","name":"Declaraci\u00f3n del Gran Canciller sobre la eutanasia - Obispado San Marcos de Arica","isPartOf":{"@id":"https:\/\/obispadoarica.cl\/home\/#website"},"primaryImageOfPage":{"@id":"https:\/\/obispadoarica.cl\/home\/declaracion-del-gran-canciller-sobre-la-eutanasia\/#primaryimage"},"image":{"@id":"https:\/\/obispadoarica.cl\/home\/declaracion-del-gran-canciller-sobre-la-eutanasia\/#primaryimage"},"thumbnailUrl":"https:\/\/obispadoarica.cl\/home\/wp-content\/uploads\/2025\/06\/fachada-casacentral-uc.700x532.jpg","datePublished":"2025-06-10T23:52:04+00:00","dateModified":"2025-06-10T23:52:05+00:00","author":{"@id":"https:\/\/obispadoarica.cl\/home\/#\/schema\/person\/1a8f4c2a3418412187dff039ecf9d97e"},"breadcrumb":{"@id":"https:\/\/obispadoarica.cl\/home\/declaracion-del-gran-canciller-sobre-la-eutanasia\/#breadcrumb"},"inLanguage":"es","potentialAction":[{"@type":"ReadAction","target":["https:\/\/obispadoarica.cl\/home\/declaracion-del-gran-canciller-sobre-la-eutanasia\/"]}]},{"@type":"ImageObject","inLanguage":"es","@id":"https:\/\/obispadoarica.cl\/home\/declaracion-del-gran-canciller-sobre-la-eutanasia\/#primaryimage","url":"https:\/\/obispadoarica.cl\/home\/wp-content\/uploads\/2025\/06\/fachada-casacentral-uc.700x532.jpg","contentUrl":"https:\/\/obispadoarica.cl\/home\/wp-content\/uploads\/2025\/06\/fachada-casacentral-uc.700x532.jpg","width":700,"height":532},{"@type":"BreadcrumbList","@id":"https:\/\/obispadoarica.cl\/home\/declaracion-del-gran-canciller-sobre-la-eutanasia\/#breadcrumb","itemListElement":[{"@type":"ListItem","position":1,"name":"Portada","item":"https:\/\/obispadoarica.cl\/home\/"},{"@type":"ListItem","position":2,"name":"Declaraci\u00f3n del Gran Canciller sobre la eutanasia"}]},{"@type":"WebSite","@id":"https:\/\/obispadoarica.cl\/home\/#website","url":"https:\/\/obispadoarica.cl\/home\/","name":"Obispado San Marcos de Arica","description":"Di\u00f3cesis San Marcos de Arica","potentialAction":[{"@type":"SearchAction","target":{"@type":"EntryPoint","urlTemplate":"https:\/\/obispadoarica.cl\/home\/?s={search_term_string}"},"query-input":{"@type":"PropertyValueSpecification","valueRequired":true,"valueName":"search_term_string"}}],"inLanguage":"es"},{"@type":"Person","@id":"https:\/\/obispadoarica.cl\/home\/#\/schema\/person\/1a8f4c2a3418412187dff039ecf9d97e","name":"Obispado de Arica","image":{"@type":"ImageObject","inLanguage":"es","@id":"https:\/\/obispadoarica.cl\/home\/#\/schema\/person\/image\/","url":"https:\/\/secure.gravatar.com\/avatar\/c75d5ceafb11502016ed664658884b0b1b183fa6f96260878f47ac58f950c8d9?s=96&d=mm&r=g","contentUrl":"https:\/\/secure.gravatar.com\/avatar\/c75d5ceafb11502016ed664658884b0b1b183fa6f96260878f47ac58f950c8d9?s=96&d=mm&r=g","caption":"Obispado de Arica"},"url":"https:\/\/obispadoarica.cl\/home\/author\/c1300590\/"}]}},"_links":{"self":[{"href":"https:\/\/obispadoarica.cl\/home\/wp-json\/wp\/v2\/posts\/3563","targetHints":{"allow":["GET"]}}],"collection":[{"href":"https:\/\/obispadoarica.cl\/home\/wp-json\/wp\/v2\/posts"}],"about":[{"href":"https:\/\/obispadoarica.cl\/home\/wp-json\/wp\/v2\/types\/post"}],"author":[{"embeddable":true,"href":"https:\/\/obispadoarica.cl\/home\/wp-json\/wp\/v2\/users\/2"}],"replies":[{"embeddable":true,"href":"https:\/\/obispadoarica.cl\/home\/wp-json\/wp\/v2\/comments?post=3563"}],"version-history":[{"count":1,"href":"https:\/\/obispadoarica.cl\/home\/wp-json\/wp\/v2\/posts\/3563\/revisions"}],"predecessor-version":[{"id":3565,"href":"https:\/\/obispadoarica.cl\/home\/wp-json\/wp\/v2\/posts\/3563\/revisions\/3565"}],"wp:featuredmedia":[{"embeddable":true,"href":"https:\/\/obispadoarica.cl\/home\/wp-json\/wp\/v2\/media\/3564"}],"wp:attachment":[{"href":"https:\/\/obispadoarica.cl\/home\/wp-json\/wp\/v2\/media?parent=3563"}],"wp:term":[{"taxonomy":"category","embeddable":true,"href":"https:\/\/obispadoarica.cl\/home\/wp-json\/wp\/v2\/categories?post=3563"},{"taxonomy":"post_tag","embeddable":true,"href":"https:\/\/obispadoarica.cl\/home\/wp-json\/wp\/v2\/tags?post=3563"}],"curies":[{"name":"wp","href":"https:\/\/api.w.org\/{rel}","templated":true}]}}