{"id":3627,"date":"2025-08-06T00:31:47","date_gmt":"2025-08-06T04:31:47","guid":{"rendered":"https:\/\/obispadoarica.cl\/home\/?p=3627"},"modified":"2025-08-06T00:31:48","modified_gmt":"2025-08-06T04:31:48","slug":"celebremos-juntos-a-nuestra-madre","status":"publish","type":"post","link":"https:\/\/obispadoarica.cl\/home\/celebremos-juntos-a-nuestra-madre\/","title":{"rendered":"\u00a1Celebremos juntos a nuestra Madre! &#x1f499;"},"content":{"rendered":"\n\n\n<p>Querida comunidad:<\/p>\n\n\n\n<p>Como cada a\u00f1o, en la Solemnidad de la Asunci\u00f3n de la Virgen Mar\u00eda, el Movimiento de Schoenstatt de Arica te invita a peregrinar al Santuario \u201cCen\u00e1culo Coraz\u00f3n de Am\u00e9rica\u201d para honrar a nuestra Madre en su fiesta.<\/p>\n\n\n\n<p>Ser\u00e1 una jornada de fe, comunidad y encuentro con Mar\u00eda, y este a\u00f1o la Eucarist\u00eda ser\u00e1 presidida por nuestro Obispo, Mons. Mois\u00e9s Atisha.<\/p>\n\n\n\n<p>&#x1f5d3; Viernes 15 de agosto<\/p>\n\n\n\n<p>Programa de la Jornada:<br>\u2022 08:30 hrs. Punto de encuentro: Catedral San Marcos de Arica.<br>\u2022 09:00 hrs. Inicio de la peregrinaci\u00f3n con el primer momento de reflexi\u00f3n en la Catedral.<br>\u2022 09:10 hrs. Traslado en caravana de veh\u00edculos hacia la Parroquia Virgen de las Pe\u00f1as.<br>\u2022 09:30 hrs. Segundo momento de reflexi\u00f3n en la Parroquia.<br>\u2022 09:40 hrs. Desplazamiento de la caravana hasta el punto de inicio de la caminata.<br>\u2022 Lugar de encuentro: Calle Horizonte con Junta de Adelanto, Villa Frontera.<br>\u2022 10:30 hrs. Inicio de la caminata hacia el Santuario de Schoenstatt.<br>\u2022 12:00 hrs. Celebraci\u00f3n de la Santa Misa en el Santuario, presidida por Monse\u00f1or Mois\u00e9s Atisha.<\/p>\n\n\n\n<p>&#x1f499; Mar\u00eda nos espera con el coraz\u00f3n abierto.<br>\u00a1Ven con tu familia, comunidad o grupo pastoral! Ser\u00e1 una fiesta para celebrar la fe que nos une.<\/p>\n\n\n\n<p>Fraternalmente,<\/p>\n\n\n\n<p>Movimiento Apost\u00f3lico de Schoenstatt \u2013 Arica<\/p>\n","protected":false},"excerpt":{"rendered":"<p>Querida comunidad: Como cada a\u00f1o, en la Solemnidad de la Asunci\u00f3n de la Virgen Mar\u00eda, el Movimiento de Schoenstatt de Arica te invita a peregrinar al Santuario \u201cCen\u00e1culo Coraz\u00f3n de Am\u00e9rica\u201d para honrar a nuestra Madre en su fiesta. Ser\u00e1 una jornada de fe, comunidad y encuentro con Mar\u00eda, y este a\u00f1o la Eucarist\u00eda ser\u00e1 [&#8230;]\n","protected":false},"author":2,"featured_media":3629,"comment_status":"closed","ping_status":"open","sticky":false,"template":"","format":"standard","meta":{"footnotes":""},"categories":[7],"tags":[],"class_list":["post-3627","post","type-post","status-publish","format-standard","has-post-thumbnail","hentry","category-noticias"],"yoast_head":"<!-- This site is optimized with the Yoast SEO plugin v24.6 - https:\/\/yoast.com\/wordpress\/plugins\/seo\/ -->\n<title>\u00a1Celebremos juntos a nuestra Madre! &#x1f499; - Obispado San Marcos de Arica<\/title>\n<meta name=\"robots\" content=\"index, follow, max-snippet:-1, max-image-preview:large, max-video-preview:-1\" \/>\n<link rel=\"canonical\" href=\"https:\/\/obispadoarica.cl\/home\/celebremos-juntos-a-nuestra-madre\/\" \/>\n<meta property=\"og:locale\" content=\"es_ES\" \/>\n<meta property=\"og:type\" content=\"article\" \/>\n<meta property=\"og:title\" content=\"\u00a1Celebremos juntos a nuestra Madre! &#x1f499; - Obispado San Marcos de Arica\" \/>\n<meta property=\"og:description\" content=\"Querida comunidad: Como cada a\u00f1o, en la Solemnidad de la Asunci\u00f3n de la Virgen Mar\u00eda, el Movimiento de Schoenstatt de Arica te invita a peregrinar al Santuario \u201cCen\u00e1culo Coraz\u00f3n de Am\u00e9rica\u201d para honrar a nuestra Madre en su fiesta. Ser\u00e1 una jornada de fe, comunidad y encuentro con Mar\u00eda, y este a\u00f1o la Eucarist\u00eda ser\u00e1 [...]\" \/>\n<meta property=\"og:url\" content=\"https:\/\/obispadoarica.cl\/home\/celebremos-juntos-a-nuestra-madre\/\" \/>\n<meta property=\"og:site_name\" content=\"Obispado San Marcos de Arica\" \/>\n<meta property=\"article:published_time\" content=\"2025-08-06T04:31:47+00:00\" \/>\n<meta property=\"article:modified_time\" content=\"2025-08-06T04:31:48+00:00\" \/>\n<meta property=\"og:image\" content=\"https:\/\/obispadoarica.cl\/home\/wp-content\/uploads\/2025\/08\/foto_0000001020180403105913-scaled-1.jpg\" \/>\n\t<meta property=\"og:image:width\" content=\"2000\" \/>\n\t<meta property=\"og:image:height\" content=\"1334\" \/>\n\t<meta property=\"og:image:type\" content=\"image\/jpeg\" \/>\n<meta name=\"author\" content=\"Obispado de Arica\" \/>\n<meta name=\"twitter:card\" content=\"summary_large_image\" \/>\n<meta name=\"twitter:label1\" content=\"Escrito por\" \/>\n\t<meta name=\"twitter:data1\" content=\"Obispado de Arica\" \/>\n\t<meta name=\"twitter:label2\" content=\"Tiempo de lectura\" \/>\n\t<meta name=\"twitter:data2\" content=\"2 minutos\" \/>\n<script type=\"application\/ld+json\" class=\"yoast-schema-graph\">{\"@context\":\"https:\/\/schema.org\",\"@graph\":[{\"@type\":\"WebPage\",\"@id\":\"https:\/\/obispadoarica.cl\/home\/celebremos-juntos-a-nuestra-madre\/\",\"url\":\"https:\/\/obispadoarica.cl\/home\/celebremos-juntos-a-nuestra-madre\/\",\"name\":\"\u00a1Celebremos juntos a nuestra Madre! &#x1f499; - Obispado San Marcos de Arica\",\"isPartOf\":{\"@id\":\"https:\/\/obispadoarica.cl\/home\/#website\"},\"primaryImageOfPage\":{\"@id\":\"https:\/\/obispadoarica.cl\/home\/celebremos-juntos-a-nuestra-madre\/#primaryimage\"},\"image\":{\"@id\":\"https:\/\/obispadoarica.cl\/home\/celebremos-juntos-a-nuestra-madre\/#primaryimage\"},\"thumbnailUrl\":\"https:\/\/obispadoarica.cl\/home\/wp-content\/uploads\/2025\/08\/foto_0000001020180403105913-scaled-1.jpg\",\"datePublished\":\"2025-08-06T04:31:47+00:00\",\"dateModified\":\"2025-08-06T04:31:48+00:00\",\"author\":{\"@id\":\"https:\/\/obispadoarica.cl\/home\/#\/schema\/person\/1a8f4c2a3418412187dff039ecf9d97e\"},\"breadcrumb\":{\"@id\":\"https:\/\/obispadoarica.cl\/home\/celebremos-juntos-a-nuestra-madre\/#breadcrumb\"},\"inLanguage\":\"es\",\"potentialAction\":[{\"@type\":\"ReadAction\",\"target\":[\"https:\/\/obispadoarica.cl\/home\/celebremos-juntos-a-nuestra-madre\/\"]}]},{\"@type\":\"ImageObject\",\"inLanguage\":\"es\",\"@id\":\"https:\/\/obispadoarica.cl\/home\/celebremos-juntos-a-nuestra-madre\/#primaryimage\",\"url\":\"https:\/\/obispadoarica.cl\/home\/wp-content\/uploads\/2025\/08\/foto_0000001020180403105913-scaled-1.jpg\",\"contentUrl\":\"https:\/\/obispadoarica.cl\/home\/wp-content\/uploads\/2025\/08\/foto_0000001020180403105913-scaled-1.jpg\",\"width\":2000,\"height\":1334},{\"@type\":\"BreadcrumbList\",\"@id\":\"https:\/\/obispadoarica.cl\/home\/celebremos-juntos-a-nuestra-madre\/#breadcrumb\",\"itemListElement\":[{\"@type\":\"ListItem\",\"position\":1,\"name\":\"Portada\",\"item\":\"https:\/\/obispadoarica.cl\/home\/\"},{\"@type\":\"ListItem\",\"position\":2,\"name\":\"\u00a1Celebremos juntos a nuestra Madre! &#x1f499;\"}]},{\"@type\":\"WebSite\",\"@id\":\"https:\/\/obispadoarica.cl\/home\/#website\",\"url\":\"https:\/\/obispadoarica.cl\/home\/\",\"name\":\"Obispado San Marcos de Arica\",\"description\":\"Di\u00f3cesis San Marcos de Arica\",\"potentialAction\":[{\"@type\":\"SearchAction\",\"target\":{\"@type\":\"EntryPoint\",\"urlTemplate\":\"https:\/\/obispadoarica.cl\/home\/?s={search_term_string}\"},\"query-input\":{\"@type\":\"PropertyValueSpecification\",\"valueRequired\":true,\"valueName\":\"search_term_string\"}}],\"inLanguage\":\"es\"},{\"@type\":\"Person\",\"@id\":\"https:\/\/obispadoarica.cl\/home\/#\/schema\/person\/1a8f4c2a3418412187dff039ecf9d97e\",\"name\":\"Obispado de Arica\",\"image\":{\"@type\":\"ImageObject\",\"inLanguage\":\"es\",\"@id\":\"https:\/\/obispadoarica.cl\/home\/#\/schema\/person\/image\/\",\"url\":\"https:\/\/secure.gravatar.com\/avatar\/c75d5ceafb11502016ed664658884b0b1b183fa6f96260878f47ac58f950c8d9?s=96&d=mm&r=g\",\"contentUrl\":\"https:\/\/secure.gravatar.com\/avatar\/c75d5ceafb11502016ed664658884b0b1b183fa6f96260878f47ac58f950c8d9?s=96&d=mm&r=g\",\"caption\":\"Obispado de Arica\"},\"url\":\"https:\/\/obispadoarica.cl\/home\/author\/c1300590\/\"}]}<\/script>\n<!-- \/ Yoast SEO plugin. -->","yoast_head_json":{"title":"\u00a1Celebremos juntos a nuestra Madre! &#x1f499; - Obispado San Marcos de Arica","robots":{"index":"index","follow":"follow","max-snippet":"max-snippet:-1","max-image-preview":"max-image-preview:large","max-video-preview":"max-video-preview:-1"},"canonical":"https:\/\/obispadoarica.cl\/home\/celebremos-juntos-a-nuestra-madre\/","og_locale":"es_ES","og_type":"article","og_title":"\u00a1Celebremos juntos a nuestra Madre! &#x1f499; - Obispado San Marcos de Arica","og_description":"Querida comunidad: Como cada a\u00f1o, en la Solemnidad de la Asunci\u00f3n de la Virgen Mar\u00eda, el Movimiento de Schoenstatt de Arica te invita a peregrinar al Santuario \u201cCen\u00e1culo Coraz\u00f3n de Am\u00e9rica\u201d para honrar a nuestra Madre en su fiesta. Ser\u00e1 una jornada de fe, comunidad y encuentro con Mar\u00eda, y este a\u00f1o la Eucarist\u00eda ser\u00e1 [...]","og_url":"https:\/\/obispadoarica.cl\/home\/celebremos-juntos-a-nuestra-madre\/","og_site_name":"Obispado San Marcos de Arica","article_published_time":"2025-08-06T04:31:47+00:00","article_modified_time":"2025-08-06T04:31:48+00:00","og_image":[{"width":2000,"height":1334,"url":"https:\/\/obispadoarica.cl\/home\/wp-content\/uploads\/2025\/08\/foto_0000001020180403105913-scaled-1.jpg","type":"image\/jpeg"}],"author":"Obispado de Arica","twitter_card":"summary_large_image","twitter_misc":{"Escrito por":"Obispado de Arica","Tiempo de lectura":"2 minutos"},"schema":{"@context":"https:\/\/schema.org","@graph":[{"@type":"WebPage","@id":"https:\/\/obispadoarica.cl\/home\/celebremos-juntos-a-nuestra-madre\/","url":"https:\/\/obispadoarica.cl\/home\/celebremos-juntos-a-nuestra-madre\/","name":"\u00a1Celebremos juntos a nuestra Madre! &#x1f499; - Obispado San Marcos de Arica","isPartOf":{"@id":"https:\/\/obispadoarica.cl\/home\/#website"},"primaryImageOfPage":{"@id":"https:\/\/obispadoarica.cl\/home\/celebremos-juntos-a-nuestra-madre\/#primaryimage"},"image":{"@id":"https:\/\/obispadoarica.cl\/home\/celebremos-juntos-a-nuestra-madre\/#primaryimage"},"thumbnailUrl":"https:\/\/obispadoarica.cl\/home\/wp-content\/uploads\/2025\/08\/foto_0000001020180403105913-scaled-1.jpg","datePublished":"2025-08-06T04:31:47+00:00","dateModified":"2025-08-06T04:31:48+00:00","author":{"@id":"https:\/\/obispadoarica.cl\/home\/#\/schema\/person\/1a8f4c2a3418412187dff039ecf9d97e"},"breadcrumb":{"@id":"https:\/\/obispadoarica.cl\/home\/celebremos-juntos-a-nuestra-madre\/#breadcrumb"},"inLanguage":"es","potentialAction":[{"@type":"ReadAction","target":["https:\/\/obispadoarica.cl\/home\/celebremos-juntos-a-nuestra-madre\/"]}]},{"@type":"ImageObject","inLanguage":"es","@id":"https:\/\/obispadoarica.cl\/home\/celebremos-juntos-a-nuestra-madre\/#primaryimage","url":"https:\/\/obispadoarica.cl\/home\/wp-content\/uploads\/2025\/08\/foto_0000001020180403105913-scaled-1.jpg","contentUrl":"https:\/\/obispadoarica.cl\/home\/wp-content\/uploads\/2025\/08\/foto_0000001020180403105913-scaled-1.jpg","width":2000,"height":1334},{"@type":"BreadcrumbList","@id":"https:\/\/obispadoarica.cl\/home\/celebremos-juntos-a-nuestra-madre\/#breadcrumb","itemListElement":[{"@type":"ListItem","position":1,"name":"Portada","item":"https:\/\/obispadoarica.cl\/home\/"},{"@type":"ListItem","position":2,"name":"\u00a1Celebremos juntos a nuestra Madre! &#x1f499;"}]},{"@type":"WebSite","@id":"https:\/\/obispadoarica.cl\/home\/#website","url":"https:\/\/obispadoarica.cl\/home\/","name":"Obispado San Marcos de Arica","description":"Di\u00f3cesis San Marcos de Arica","potentialAction":[{"@type":"SearchAction","target":{"@type":"EntryPoint","urlTemplate":"https:\/\/obispadoarica.cl\/home\/?s={search_term_string}"},"query-input":{"@type":"PropertyValueSpecification","valueRequired":true,"valueName":"search_term_string"}}],"inLanguage":"es"},{"@type":"Person","@id":"https:\/\/obispadoarica.cl\/home\/#\/schema\/person\/1a8f4c2a3418412187dff039ecf9d97e","name":"Obispado de Arica","image":{"@type":"ImageObject","inLanguage":"es","@id":"https:\/\/obispadoarica.cl\/home\/#\/schema\/person\/image\/","url":"https:\/\/secure.gravatar.com\/avatar\/c75d5ceafb11502016ed664658884b0b1b183fa6f96260878f47ac58f950c8d9?s=96&d=mm&r=g","contentUrl":"https:\/\/secure.gravatar.com\/avatar\/c75d5ceafb11502016ed664658884b0b1b183fa6f96260878f47ac58f950c8d9?s=96&d=mm&r=g","caption":"Obispado de Arica"},"url":"https:\/\/obispadoarica.cl\/home\/author\/c1300590\/"}]}},"_links":{"self":[{"href":"https:\/\/obispadoarica.cl\/home\/wp-json\/wp\/v2\/posts\/3627","targetHints":{"allow":["GET"]}}],"collection":[{"href":"https:\/\/obispadoarica.cl\/home\/wp-json\/wp\/v2\/posts"}],"about":[{"href":"https:\/\/obispadoarica.cl\/home\/wp-json\/wp\/v2\/types\/post"}],"author":[{"embeddable":true,"href":"https:\/\/obispadoarica.cl\/home\/wp-json\/wp\/v2\/users\/2"}],"replies":[{"embeddable":true,"href":"https:\/\/obispadoarica.cl\/home\/wp-json\/wp\/v2\/comments?post=3627"}],"version-history":[{"count":1,"href":"https:\/\/obispadoarica.cl\/home\/wp-json\/wp\/v2\/posts\/3627\/revisions"}],"predecessor-version":[{"id":3628,"href":"https:\/\/obispadoarica.cl\/home\/wp-json\/wp\/v2\/posts\/3627\/revisions\/3628"}],"wp:featuredmedia":[{"embeddable":true,"href":"https:\/\/obispadoarica.cl\/home\/wp-json\/wp\/v2\/media\/3629"}],"wp:attachment":[{"href":"https:\/\/obispadoarica.cl\/home\/wp-json\/wp\/v2\/media?parent=3627"}],"wp:term":[{"taxonomy":"category","embeddable":true,"href":"https:\/\/obispadoarica.cl\/home\/wp-json\/wp\/v2\/categories?post=3627"},{"taxonomy":"post_tag","embeddable":true,"href":"https:\/\/obispadoarica.cl\/home\/wp-json\/wp\/v2\/tags?post=3627"}],"curies":[{"name":"wp","href":"https:\/\/api.w.org\/{rel}","templated":true}]}}