{"id":3636,"date":"2025-08-09T02:24:40","date_gmt":"2025-08-09T06:24:40","guid":{"rendered":"https:\/\/obispadoarica.cl\/home\/?p=3636"},"modified":"2025-08-09T02:24:41","modified_gmt":"2025-08-09T06:24:41","slug":"congreso-de-educacion-catolica-reflexiono-sobre-los-desafios-de-la-migracion-con-mirada-latinoamericana","status":"publish","type":"post","link":"https:\/\/obispadoarica.cl\/home\/congreso-de-educacion-catolica-reflexiono-sobre-los-desafios-de-la-migracion-con-mirada-latinoamericana\/","title":{"rendered":"Congreso de Educaci\u00f3n Cat\u00f3lica reflexion\u00f3 sobre los desaf\u00edos de la migraci\u00f3n con mirada latinoamericana"},"content":{"rendered":"\n\n\n<p><em>M\u00e1s de 300 docentes, autoridades y estudiantes se reunieron por primera vez en Arica en el Congreso Nacional de Educaci\u00f3n Cat\u00f3lica, bajo el lema \u201cFui forastero y me recibieron\u201d. Durante dos jornadas, se reflexion\u00f3 sobre los desaf\u00edos de la migraci\u00f3n en la educaci\u00f3n religiosa, promoviendo el di\u00e1logo intercultural, la acogida y una mirada inclusiva desde el compromiso como cristianos.<\/em><\/p>\n\n\n\n<p><\/p>\n\n\n\n<p>Bajo el nombre \u201cFui Forastero y me recibieron: los desaf\u00edos de la migraci\u00f3n para la educaci\u00f3n religiosa\u201d, se llev\u00f3 a cabo en Arica, los d\u00edas 31 de julio y 01 de agosto, primera instancia nacional de educaci\u00f3n cat\u00f3lica, enfocada en la reflexi\u00f3n desde una mirada Latinoamericana. La instancia cont\u00f3 con una asistencia de alrededor de 300 personas provenientes desde Illapel hasta el extremo norte del pa\u00eds, como tambi\u00e9n docentes provenientes de la ciudad de Tacna (Per\u00fa).<\/p>\n\n\n\n<p>El congreso se llev\u00f3 a cabo gracias al apoyo del \u00c1rea de Educaci\u00f3n Cat\u00f3lica de la Conferencia Episcopal de Chile, del \u00c1rea de Educaci\u00f3n Cat\u00f3lica de la Di\u00f3cesis de San Marcos de Arica y de la Corporaci\u00f3n Educacional San Marcos. Se destac\u00f3 especialmente la gesti\u00f3n de Monse\u00f1or Mois\u00e9s Atisha, Obispo de la Di\u00f3cesis de San Marcos de Arica, as\u00ed como la participaci\u00f3n de Monse\u00f1or Marco Antonio Cortez, Obispo de la Di\u00f3cesis de Tacna y Moquegua, y la presencia de Monse\u00f1or Alberto Lorenzelli, Presidente del \u00c1rea de Educaci\u00f3n Cat\u00f3lica de la Conferencia Episcopal de Chile. Asimismo, el encuentro cont\u00f3 con la presencia de autoridades locales, entre ellas el Gobernador de la Regi\u00f3n de Arica y Parinacota.<\/p>\n\n\n\n<p>Durante el acto inaugural, cabe destacar las palabras de Monse\u00f1or Mois\u00e9s Atisha, quien invit\u00f3 a reflexionar en torno al fen\u00f3meno de la migraci\u00f3n y su profundo impacto en la educaci\u00f3n cat\u00f3lica. Asimismo, el Gobernador de la Regi\u00f3n de Arica y Parinacota, Diego Paco Mamani, inst\u00f3 a los asistentes a vivir el congreso con entusiasmo, resaltando la educaci\u00f3n como base fundamental para la formaci\u00f3n integral de ni\u00f1os, adolescentes y j\u00f3venes.<\/p>\n\n\n\n<p>Con gran entusiasmo, vocaci\u00f3n de servicio y compromiso con la educaci\u00f3n cat\u00f3lica, los participantes del encuentro abordaron diversas tem\u00e1ticas relacionadas con el fen\u00f3meno migratorio. En este contexto, se destac\u00f3 la valiosa intervenci\u00f3n de la Dra. Pamela Zapata, de la Universidad de Tarapac\u00e1 de Arica; la Hna. Mar\u00eda Morales, Hija de la Caridad de San Vicente de Pa\u00fal; el Dr. Javier Mercado, de la Universidad Cat\u00f3lica del Norte; y el psic\u00f3logo nicarag\u00fcense Fernando Guzm\u00e1n. Cada uno de ellos ofreci\u00f3 una mirada propositiva y aplicable a los entornos escolares, con especial \u00e9nfasis en la perspectiva social, cultural, antropol\u00f3gica, y educacional.<\/p>\n\n\n\n<p>Durante sus exposiciones, coincidieron en que la migraci\u00f3n no debe entenderse como un paradigma abstracto, sino como una realidad concreta que interpela y enriquece a las comunidades educativas. Subrayaron la necesidad de revisar y fortalecer tanto los contenidos curriculares como la dimensi\u00f3n sociocultural de los proyectos educativos institucionales.<\/p>\n\n\n\n<p>Con el objetivo de propiciar un espacio de di\u00e1logo desde las vivencias personales y profesionales vinculadas a la migraci\u00f3n, se llevaron a cabo dos paneles de reflexi\u00f3n moderados por la periodista Carolina Rojas, profesional con m\u00e1s de 15 a\u00f1os de experiencia en los sectores p\u00fablico y privado.<\/p>\n\n\n\n<p>El primer panel se centr\u00f3 en testimonios de estudiantes migrantes. Participaron Lucas Calvo, de nacionalidad peruana y estudiante del Colegio San Marcos de Arica, con 12 a\u00f1os de residencia en Chile; Daniela Acevedo, de nacionalidad colombiana, estudiante del Colegio Santa Ana de Arica, con dos a\u00f1os en la regi\u00f3n; y la profesora Peggbeth, de nacionalidad boliviana, docente de religi\u00f3n en la localidad de Sierra Gorda, regi\u00f3n de Antofagasta. Este grupo, proveniente de diversas comunidades educativas del norte grande, comparti\u00f3 sus experiencias sobre inserci\u00f3n escolar, adaptaci\u00f3n cultural, barreras ling\u00fc\u00edsticas y procesos de acogida. Tambi\u00e9n abordaron situaciones dif\u00edciles, como la rapidez del habla chilena y, en algunos casos, una percepci\u00f3n de imposici\u00f3n de las tradiciones nacionales por sobre las extranjeras, interpretadas como una forma equivocada de inculturaci\u00f3n.<\/p>\n\n\n\n<p>El segundo panel cont\u00f3 con la presencia de los obispos Monse\u00f1or Mois\u00e9s Atisha y Monse\u00f1or Marco Antonio Cort\u00e9s. Ambos coincidieron en la urgencia de adaptar el curr\u00edculo nacional y los proyectos educativos institucionales para incorporar el enfoque intercultural, superando as\u00ed el modelo cognitivo y competitivo tradicional. Abogaron por una educaci\u00f3n integral, cultural y social, con una mirada transversal e inclusiva. Destacaron tambi\u00e9n el trabajo que han venido desarrollando las di\u00f3cesis de San Marcos de Arica y de Tacna-Moquegua en torno a la migraci\u00f3n, insistiendo en que todo colegio cat\u00f3lico debe revisar y actualizar constantemente su proyecto educativo para responder a las necesidades emergentes de sus comunidades.<\/p>\n\n\n\n<p>Para cerrar esta enriquecedora jornada de reflexi\u00f3n, y como una forma de realzar la diversidad cultural del territorio, se presentaron las agrupaciones folcl\u00f3ricas Caporales Kusi Jatha y Salay de Bolivia, compuestas por residentes bolivianos. Tambi\u00e9n se cont\u00f3 con la emotiva presentaci\u00f3n del violinista venezolano Francisco Alfonso Barczynki, quien conmovi\u00f3 a los asistentes con una interpretaci\u00f3n de nivel sinf\u00f3nico.<\/p>\n\n\n\n<p>Posteriormente y en reconocimiento al compromiso con la educaci\u00f3n cat\u00f3lica, Monse\u00f1or Atisha entreg\u00f3 distinciones a los colegios pertenecientes al Departamento de Educaci\u00f3n Cat\u00f3lica de la Di\u00f3cesis de San Marcos de Arica.<\/p>\n\n\n\n<p>La jornada culmin\u00f3 con la celebraci\u00f3n de la Eucarist\u00eda, presidida por Monse\u00f1or Mois\u00e9s Atisha, Obispo de Arica, Monse\u00f1or Marco Antonio Cort\u00e9s, Obispo de Tacna y por Monse\u00f1or Alberto Lorenzelli, director del \u00c1rea de Educaci\u00f3n de la Conferencia Episcopal de Chile, junto a sacerdotes y capellanes de colegios de Tacna y Arica.<br>Ocasi\u00f3n en la cual Monse\u00f1or Lorenzelli hizo un llamado a adoptar una actitud nueva, al estilo de Jes\u00fas, con \u201cojos nuevos\u201d y libres de prejuicios. Invit\u00f3 a los docentes a educar en la fe, la hospitalidad y el reconocimiento de los milagros cotidianos que ocurren en la escuela, destacando la pedagog\u00eda del \u201cfui forastero y me acogieron\u201d como una experiencia profunda del Reino. \u201cEn este tiempo, ustedes son los profetas en su tierra. No tengan miedo de sembrar hospitalidad, justicia y fe\u201d, concluy\u00f3.<\/p>\n\n\n\n<p><strong>Fuente: Comunicaciones Arica<\/strong><br><em>Arica, 04-08-2025<\/em><\/p>\n\n\n\n<figure class=\"wp-block-gallery has-nested-images columns-default is-cropped wp-block-gallery-1 is-layout-flex wp-block-gallery-is-layout-flex\">\n<figure class=\"wp-block-image size-large\"><a href=\"https:\/\/obispadoarica.cl\/home\/wp-content\/uploads\/2025\/08\/img_gale_6891234c7e29d_04082025.jpg\"><img fetchpriority=\"high\" decoding=\"async\" width=\"1000\" height=\"750\" data-id=\"3637\" src=\"https:\/\/obispadoarica.cl\/home\/wp-content\/uploads\/2025\/08\/img_gale_6891234c7e29d_04082025.jpg\" alt=\"\" class=\"wp-image-3637\" srcset=\"https:\/\/obispadoarica.cl\/home\/wp-content\/uploads\/2025\/08\/img_gale_6891234c7e29d_04082025.jpg 1000w, https:\/\/obispadoarica.cl\/home\/wp-content\/uploads\/2025\/08\/img_gale_6891234c7e29d_04082025-300x225.jpg 300w, https:\/\/obispadoarica.cl\/home\/wp-content\/uploads\/2025\/08\/img_gale_6891234c7e29d_04082025-768x576.jpg 768w, https:\/\/obispadoarica.cl\/home\/wp-content\/uploads\/2025\/08\/img_gale_6891234c7e29d_04082025-640x480.jpg 640w\" sizes=\"(max-width: 1000px) 100vw, 1000px\" \/><\/a><\/figure>\n\n\n\n<figure class=\"wp-block-image size-large\"><a href=\"https:\/\/obispadoarica.cl\/home\/wp-content\/uploads\/2025\/08\/img_gale_6891234c9cfdf_04082025.jpg\"><img decoding=\"async\" width=\"1000\" height=\"750\" data-id=\"3638\" src=\"https:\/\/obispadoarica.cl\/home\/wp-content\/uploads\/2025\/08\/img_gale_6891234c9cfdf_04082025.jpg\" alt=\"\" class=\"wp-image-3638\" srcset=\"https:\/\/obispadoarica.cl\/home\/wp-content\/uploads\/2025\/08\/img_gale_6891234c9cfdf_04082025.jpg 1000w, https:\/\/obispadoarica.cl\/home\/wp-content\/uploads\/2025\/08\/img_gale_6891234c9cfdf_04082025-300x225.jpg 300w, https:\/\/obispadoarica.cl\/home\/wp-content\/uploads\/2025\/08\/img_gale_6891234c9cfdf_04082025-768x576.jpg 768w, https:\/\/obispadoarica.cl\/home\/wp-content\/uploads\/2025\/08\/img_gale_6891234c9cfdf_04082025-640x480.jpg 640w\" sizes=\"(max-width: 1000px) 100vw, 1000px\" \/><\/a><\/figure>\n\n\n\n<figure class=\"wp-block-image size-large\"><a href=\"https:\/\/obispadoarica.cl\/home\/wp-content\/uploads\/2025\/08\/img_gale_6891234c88a00_04082025.jpg\"><img decoding=\"async\" width=\"1000\" height=\"750\" data-id=\"3640\" src=\"https:\/\/obispadoarica.cl\/home\/wp-content\/uploads\/2025\/08\/img_gale_6891234c88a00_04082025.jpg\" alt=\"\" class=\"wp-image-3640\" srcset=\"https:\/\/obispadoarica.cl\/home\/wp-content\/uploads\/2025\/08\/img_gale_6891234c88a00_04082025.jpg 1000w, https:\/\/obispadoarica.cl\/home\/wp-content\/uploads\/2025\/08\/img_gale_6891234c88a00_04082025-300x225.jpg 300w, https:\/\/obispadoarica.cl\/home\/wp-content\/uploads\/2025\/08\/img_gale_6891234c88a00_04082025-768x576.jpg 768w, https:\/\/obispadoarica.cl\/home\/wp-content\/uploads\/2025\/08\/img_gale_6891234c88a00_04082025-640x480.jpg 640w\" sizes=\"(max-width: 1000px) 100vw, 1000px\" \/><\/a><\/figure>\n\n\n\n<figure class=\"wp-block-image size-large\"><a href=\"https:\/\/obispadoarica.cl\/home\/wp-content\/uploads\/2025\/08\/img_gale_6891234c721f8_04082025.jpg\"><img loading=\"lazy\" decoding=\"async\" width=\"1000\" height=\"750\" data-id=\"3639\" src=\"https:\/\/obispadoarica.cl\/home\/wp-content\/uploads\/2025\/08\/img_gale_6891234c721f8_04082025.jpg\" alt=\"\" class=\"wp-image-3639\" srcset=\"https:\/\/obispadoarica.cl\/home\/wp-content\/uploads\/2025\/08\/img_gale_6891234c721f8_04082025.jpg 1000w, https:\/\/obispadoarica.cl\/home\/wp-content\/uploads\/2025\/08\/img_gale_6891234c721f8_04082025-300x225.jpg 300w, https:\/\/obispadoarica.cl\/home\/wp-content\/uploads\/2025\/08\/img_gale_6891234c721f8_04082025-768x576.jpg 768w, https:\/\/obispadoarica.cl\/home\/wp-content\/uploads\/2025\/08\/img_gale_6891234c721f8_04082025-640x480.jpg 640w\" sizes=\"(max-width: 1000px) 100vw, 1000px\" \/><\/a><\/figure>\n\n\n\n<figure class=\"wp-block-image size-large\"><a href=\"https:\/\/obispadoarica.cl\/home\/wp-content\/uploads\/2025\/08\/img_gale_6891234c93534_04082025.jpg\"><img loading=\"lazy\" decoding=\"async\" width=\"1000\" height=\"750\" data-id=\"3643\" src=\"https:\/\/obispadoarica.cl\/home\/wp-content\/uploads\/2025\/08\/img_gale_6891234c93534_04082025.jpg\" alt=\"\" class=\"wp-image-3643\" srcset=\"https:\/\/obispadoarica.cl\/home\/wp-content\/uploads\/2025\/08\/img_gale_6891234c93534_04082025.jpg 1000w, https:\/\/obispadoarica.cl\/home\/wp-content\/uploads\/2025\/08\/img_gale_6891234c93534_04082025-300x225.jpg 300w, https:\/\/obispadoarica.cl\/home\/wp-content\/uploads\/2025\/08\/img_gale_6891234c93534_04082025-768x576.jpg 768w, https:\/\/obispadoarica.cl\/home\/wp-content\/uploads\/2025\/08\/img_gale_6891234c93534_04082025-640x480.jpg 640w\" sizes=\"(max-width: 1000px) 100vw, 1000px\" \/><\/a><\/figure>\n\n\n\n<figure class=\"wp-block-image size-large\"><a href=\"https:\/\/obispadoarica.cl\/home\/wp-content\/uploads\/2025\/08\/img_gale_6891234ca77d0_04082025.jpg\"><img loading=\"lazy\" decoding=\"async\" width=\"1000\" height=\"750\" data-id=\"3646\" src=\"https:\/\/obispadoarica.cl\/home\/wp-content\/uploads\/2025\/08\/img_gale_6891234ca77d0_04082025.jpg\" alt=\"\" class=\"wp-image-3646\" srcset=\"https:\/\/obispadoarica.cl\/home\/wp-content\/uploads\/2025\/08\/img_gale_6891234ca77d0_04082025.jpg 1000w, https:\/\/obispadoarica.cl\/home\/wp-content\/uploads\/2025\/08\/img_gale_6891234ca77d0_04082025-300x225.jpg 300w, https:\/\/obispadoarica.cl\/home\/wp-content\/uploads\/2025\/08\/img_gale_6891234ca77d0_04082025-768x576.jpg 768w, https:\/\/obispadoarica.cl\/home\/wp-content\/uploads\/2025\/08\/img_gale_6891234ca77d0_04082025-640x480.jpg 640w\" sizes=\"(max-width: 1000px) 100vw, 1000px\" \/><\/a><\/figure>\n\n\n\n<figure class=\"wp-block-image size-large\"><a href=\"https:\/\/obispadoarica.cl\/home\/wp-content\/uploads\/2025\/08\/img_gale_6891234cb51dc_04082025.jpg\"><img loading=\"lazy\" decoding=\"async\" width=\"1000\" height=\"750\" data-id=\"3642\" src=\"https:\/\/obispadoarica.cl\/home\/wp-content\/uploads\/2025\/08\/img_gale_6891234cb51dc_04082025.jpg\" alt=\"\" class=\"wp-image-3642\" srcset=\"https:\/\/obispadoarica.cl\/home\/wp-content\/uploads\/2025\/08\/img_gale_6891234cb51dc_04082025.jpg 1000w, https:\/\/obispadoarica.cl\/home\/wp-content\/uploads\/2025\/08\/img_gale_6891234cb51dc_04082025-300x225.jpg 300w, https:\/\/obispadoarica.cl\/home\/wp-content\/uploads\/2025\/08\/img_gale_6891234cb51dc_04082025-768x576.jpg 768w, https:\/\/obispadoarica.cl\/home\/wp-content\/uploads\/2025\/08\/img_gale_6891234cb51dc_04082025-640x480.jpg 640w\" sizes=\"(max-width: 1000px) 100vw, 1000px\" \/><\/a><\/figure>\n\n\n\n<figure class=\"wp-block-image size-large\"><a href=\"https:\/\/obispadoarica.cl\/home\/wp-content\/uploads\/2025\/08\/img_gale_6891234cbf5c7_04082025.jpg\"><img loading=\"lazy\" decoding=\"async\" width=\"1000\" height=\"750\" data-id=\"3645\" src=\"https:\/\/obispadoarica.cl\/home\/wp-content\/uploads\/2025\/08\/img_gale_6891234cbf5c7_04082025.jpg\" alt=\"\" class=\"wp-image-3645\" srcset=\"https:\/\/obispadoarica.cl\/home\/wp-content\/uploads\/2025\/08\/img_gale_6891234cbf5c7_04082025.jpg 1000w, https:\/\/obispadoarica.cl\/home\/wp-content\/uploads\/2025\/08\/img_gale_6891234cbf5c7_04082025-300x225.jpg 300w, https:\/\/obispadoarica.cl\/home\/wp-content\/uploads\/2025\/08\/img_gale_6891234cbf5c7_04082025-768x576.jpg 768w, https:\/\/obispadoarica.cl\/home\/wp-content\/uploads\/2025\/08\/img_gale_6891234cbf5c7_04082025-640x480.jpg 640w\" sizes=\"(max-width: 1000px) 100vw, 1000px\" \/><\/a><\/figure>\n\n\n\n<figure class=\"wp-block-image size-large\"><a href=\"https:\/\/obispadoarica.cl\/home\/wp-content\/uploads\/2025\/08\/img_gale_6891234cc9d97_04082025.jpg\"><img loading=\"lazy\" decoding=\"async\" width=\"1000\" height=\"750\" data-id=\"3641\" src=\"https:\/\/obispadoarica.cl\/home\/wp-content\/uploads\/2025\/08\/img_gale_6891234cc9d97_04082025.jpg\" alt=\"\" class=\"wp-image-3641\" srcset=\"https:\/\/obispadoarica.cl\/home\/wp-content\/uploads\/2025\/08\/img_gale_6891234cc9d97_04082025.jpg 1000w, https:\/\/obispadoarica.cl\/home\/wp-content\/uploads\/2025\/08\/img_gale_6891234cc9d97_04082025-300x225.jpg 300w, https:\/\/obispadoarica.cl\/home\/wp-content\/uploads\/2025\/08\/img_gale_6891234cc9d97_04082025-768x576.jpg 768w, https:\/\/obispadoarica.cl\/home\/wp-content\/uploads\/2025\/08\/img_gale_6891234cc9d97_04082025-640x480.jpg 640w\" sizes=\"(max-width: 1000px) 100vw, 1000px\" \/><\/a><\/figure>\n\n\n\n<figure class=\"wp-block-image size-large\"><a href=\"https:\/\/obispadoarica.cl\/home\/wp-content\/uploads\/2025\/08\/img_gale_6891234cd6a8c_04082025.jpg\"><img loading=\"lazy\" decoding=\"async\" width=\"1000\" height=\"750\" data-id=\"3644\" src=\"https:\/\/obispadoarica.cl\/home\/wp-content\/uploads\/2025\/08\/img_gale_6891234cd6a8c_04082025.jpg\" alt=\"\" class=\"wp-image-3644\" srcset=\"https:\/\/obispadoarica.cl\/home\/wp-content\/uploads\/2025\/08\/img_gale_6891234cd6a8c_04082025.jpg 1000w, https:\/\/obispadoarica.cl\/home\/wp-content\/uploads\/2025\/08\/img_gale_6891234cd6a8c_04082025-300x225.jpg 300w, https:\/\/obispadoarica.cl\/home\/wp-content\/uploads\/2025\/08\/img_gale_6891234cd6a8c_04082025-768x576.jpg 768w, https:\/\/obispadoarica.cl\/home\/wp-content\/uploads\/2025\/08\/img_gale_6891234cd6a8c_04082025-640x480.jpg 640w\" sizes=\"(max-width: 1000px) 100vw, 1000px\" \/><\/a><\/figure>\n<\/figure>\n","protected":false},"excerpt":{"rendered":"<p>M\u00e1s de 300 docentes, autoridades y estudiantes se reunieron por primera vez en Arica en el Congreso Nacional de Educaci\u00f3n Cat\u00f3lica, bajo el lema \u201cFui forastero y me recibieron\u201d. Durante dos jornadas, se reflexion\u00f3 sobre los desaf\u00edos de la migraci\u00f3n en la educaci\u00f3n religiosa, promoviendo el di\u00e1logo intercultural, la acogida y una mirada inclusiva desde [&#8230;]\n","protected":false},"author":2,"featured_media":3642,"comment_status":"closed","ping_status":"open","sticky":false,"template":"","format":"standard","meta":{"footnotes":""},"categories":[7],"tags":[],"class_list":["post-3636","post","type-post","status-publish","format-standard","has-post-thumbnail","hentry","category-noticias"],"yoast_head":"<!-- This site is optimized with the Yoast SEO plugin v24.6 - https:\/\/yoast.com\/wordpress\/plugins\/seo\/ -->\n<title>Congreso de Educaci\u00f3n Cat\u00f3lica reflexion\u00f3 sobre los desaf\u00edos de la migraci\u00f3n con mirada latinoamericana - Obispado San Marcos de Arica<\/title>\n<meta name=\"robots\" content=\"index, follow, max-snippet:-1, max-image-preview:large, max-video-preview:-1\" \/>\n<link rel=\"canonical\" href=\"https:\/\/obispadoarica.cl\/home\/congreso-de-educacion-catolica-reflexiono-sobre-los-desafios-de-la-migracion-con-mirada-latinoamericana\/\" \/>\n<meta property=\"og:locale\" content=\"es_ES\" \/>\n<meta property=\"og:type\" content=\"article\" \/>\n<meta property=\"og:title\" content=\"Congreso de Educaci\u00f3n Cat\u00f3lica reflexion\u00f3 sobre los desaf\u00edos de la migraci\u00f3n con mirada latinoamericana - Obispado San Marcos de Arica\" \/>\n<meta property=\"og:description\" content=\"M\u00e1s de 300 docentes, autoridades y estudiantes se reunieron por primera vez en Arica en el Congreso Nacional de Educaci\u00f3n Cat\u00f3lica, bajo el lema \u201cFui forastero y me recibieron\u201d. Durante dos jornadas, se reflexion\u00f3 sobre los desaf\u00edos de la migraci\u00f3n en la educaci\u00f3n religiosa, promoviendo el di\u00e1logo intercultural, la acogida y una mirada inclusiva desde [...]\" \/>\n<meta property=\"og:url\" content=\"https:\/\/obispadoarica.cl\/home\/congreso-de-educacion-catolica-reflexiono-sobre-los-desafios-de-la-migracion-con-mirada-latinoamericana\/\" \/>\n<meta property=\"og:site_name\" content=\"Obispado San Marcos de Arica\" \/>\n<meta property=\"article:published_time\" content=\"2025-08-09T06:24:40+00:00\" \/>\n<meta property=\"article:modified_time\" content=\"2025-08-09T06:24:41+00:00\" \/>\n<meta property=\"og:image\" content=\"https:\/\/obispadoarica.cl\/home\/wp-content\/uploads\/2025\/08\/img_gale_6891234cb51dc_04082025.jpg\" \/>\n\t<meta property=\"og:image:width\" content=\"1000\" \/>\n\t<meta property=\"og:image:height\" content=\"750\" \/>\n\t<meta property=\"og:image:type\" content=\"image\/jpeg\" \/>\n<meta name=\"author\" content=\"Obispado de Arica\" \/>\n<meta name=\"twitter:card\" content=\"summary_large_image\" \/>\n<meta name=\"twitter:label1\" content=\"Escrito por\" \/>\n\t<meta name=\"twitter:data1\" content=\"Obispado de Arica\" \/>\n\t<meta name=\"twitter:label2\" content=\"Tiempo de lectura\" \/>\n\t<meta name=\"twitter:data2\" content=\"7 minutos\" \/>\n<script type=\"application\/ld+json\" class=\"yoast-schema-graph\">{\"@context\":\"https:\/\/schema.org\",\"@graph\":[{\"@type\":\"WebPage\",\"@id\":\"https:\/\/obispadoarica.cl\/home\/congreso-de-educacion-catolica-reflexiono-sobre-los-desafios-de-la-migracion-con-mirada-latinoamericana\/\",\"url\":\"https:\/\/obispadoarica.cl\/home\/congreso-de-educacion-catolica-reflexiono-sobre-los-desafios-de-la-migracion-con-mirada-latinoamericana\/\",\"name\":\"Congreso de Educaci\u00f3n Cat\u00f3lica reflexion\u00f3 sobre los desaf\u00edos de la migraci\u00f3n con mirada latinoamericana - Obispado San Marcos de Arica\",\"isPartOf\":{\"@id\":\"https:\/\/obispadoarica.cl\/home\/#website\"},\"primaryImageOfPage\":{\"@id\":\"https:\/\/obispadoarica.cl\/home\/congreso-de-educacion-catolica-reflexiono-sobre-los-desafios-de-la-migracion-con-mirada-latinoamericana\/#primaryimage\"},\"image\":{\"@id\":\"https:\/\/obispadoarica.cl\/home\/congreso-de-educacion-catolica-reflexiono-sobre-los-desafios-de-la-migracion-con-mirada-latinoamericana\/#primaryimage\"},\"thumbnailUrl\":\"https:\/\/obispadoarica.cl\/home\/wp-content\/uploads\/2025\/08\/img_gale_6891234cb51dc_04082025.jpg\",\"datePublished\":\"2025-08-09T06:24:40+00:00\",\"dateModified\":\"2025-08-09T06:24:41+00:00\",\"author\":{\"@id\":\"https:\/\/obispadoarica.cl\/home\/#\/schema\/person\/1a8f4c2a3418412187dff039ecf9d97e\"},\"breadcrumb\":{\"@id\":\"https:\/\/obispadoarica.cl\/home\/congreso-de-educacion-catolica-reflexiono-sobre-los-desafios-de-la-migracion-con-mirada-latinoamericana\/#breadcrumb\"},\"inLanguage\":\"es\",\"potentialAction\":[{\"@type\":\"ReadAction\",\"target\":[\"https:\/\/obispadoarica.cl\/home\/congreso-de-educacion-catolica-reflexiono-sobre-los-desafios-de-la-migracion-con-mirada-latinoamericana\/\"]}]},{\"@type\":\"ImageObject\",\"inLanguage\":\"es\",\"@id\":\"https:\/\/obispadoarica.cl\/home\/congreso-de-educacion-catolica-reflexiono-sobre-los-desafios-de-la-migracion-con-mirada-latinoamericana\/#primaryimage\",\"url\":\"https:\/\/obispadoarica.cl\/home\/wp-content\/uploads\/2025\/08\/img_gale_6891234cb51dc_04082025.jpg\",\"contentUrl\":\"https:\/\/obispadoarica.cl\/home\/wp-content\/uploads\/2025\/08\/img_gale_6891234cb51dc_04082025.jpg\",\"width\":1000,\"height\":750},{\"@type\":\"BreadcrumbList\",\"@id\":\"https:\/\/obispadoarica.cl\/home\/congreso-de-educacion-catolica-reflexiono-sobre-los-desafios-de-la-migracion-con-mirada-latinoamericana\/#breadcrumb\",\"itemListElement\":[{\"@type\":\"ListItem\",\"position\":1,\"name\":\"Portada\",\"item\":\"https:\/\/obispadoarica.cl\/home\/\"},{\"@type\":\"ListItem\",\"position\":2,\"name\":\"Congreso de Educaci\u00f3n Cat\u00f3lica reflexion\u00f3 sobre los desaf\u00edos de la migraci\u00f3n con mirada latinoamericana\"}]},{\"@type\":\"WebSite\",\"@id\":\"https:\/\/obispadoarica.cl\/home\/#website\",\"url\":\"https:\/\/obispadoarica.cl\/home\/\",\"name\":\"Obispado San Marcos de Arica\",\"description\":\"Di\u00f3cesis San Marcos de Arica\",\"potentialAction\":[{\"@type\":\"SearchAction\",\"target\":{\"@type\":\"EntryPoint\",\"urlTemplate\":\"https:\/\/obispadoarica.cl\/home\/?s={search_term_string}\"},\"query-input\":{\"@type\":\"PropertyValueSpecification\",\"valueRequired\":true,\"valueName\":\"search_term_string\"}}],\"inLanguage\":\"es\"},{\"@type\":\"Person\",\"@id\":\"https:\/\/obispadoarica.cl\/home\/#\/schema\/person\/1a8f4c2a3418412187dff039ecf9d97e\",\"name\":\"Obispado de Arica\",\"image\":{\"@type\":\"ImageObject\",\"inLanguage\":\"es\",\"@id\":\"https:\/\/obispadoarica.cl\/home\/#\/schema\/person\/image\/\",\"url\":\"https:\/\/secure.gravatar.com\/avatar\/c75d5ceafb11502016ed664658884b0b1b183fa6f96260878f47ac58f950c8d9?s=96&d=mm&r=g\",\"contentUrl\":\"https:\/\/secure.gravatar.com\/avatar\/c75d5ceafb11502016ed664658884b0b1b183fa6f96260878f47ac58f950c8d9?s=96&d=mm&r=g\",\"caption\":\"Obispado de Arica\"},\"url\":\"https:\/\/obispadoarica.cl\/home\/author\/c1300590\/\"}]}<\/script>\n<!-- \/ Yoast SEO plugin. -->","yoast_head_json":{"title":"Congreso de Educaci\u00f3n Cat\u00f3lica reflexion\u00f3 sobre los desaf\u00edos de la migraci\u00f3n con mirada latinoamericana - Obispado San Marcos de Arica","robots":{"index":"index","follow":"follow","max-snippet":"max-snippet:-1","max-image-preview":"max-image-preview:large","max-video-preview":"max-video-preview:-1"},"canonical":"https:\/\/obispadoarica.cl\/home\/congreso-de-educacion-catolica-reflexiono-sobre-los-desafios-de-la-migracion-con-mirada-latinoamericana\/","og_locale":"es_ES","og_type":"article","og_title":"Congreso de Educaci\u00f3n Cat\u00f3lica reflexion\u00f3 sobre los desaf\u00edos de la migraci\u00f3n con mirada latinoamericana - Obispado San Marcos de Arica","og_description":"M\u00e1s de 300 docentes, autoridades y estudiantes se reunieron por primera vez en Arica en el Congreso Nacional de Educaci\u00f3n Cat\u00f3lica, bajo el lema \u201cFui forastero y me recibieron\u201d. Durante dos jornadas, se reflexion\u00f3 sobre los desaf\u00edos de la migraci\u00f3n en la educaci\u00f3n religiosa, promoviendo el di\u00e1logo intercultural, la acogida y una mirada inclusiva desde [...]","og_url":"https:\/\/obispadoarica.cl\/home\/congreso-de-educacion-catolica-reflexiono-sobre-los-desafios-de-la-migracion-con-mirada-latinoamericana\/","og_site_name":"Obispado San Marcos de Arica","article_published_time":"2025-08-09T06:24:40+00:00","article_modified_time":"2025-08-09T06:24:41+00:00","og_image":[{"width":1000,"height":750,"url":"https:\/\/obispadoarica.cl\/home\/wp-content\/uploads\/2025\/08\/img_gale_6891234cb51dc_04082025.jpg","type":"image\/jpeg"}],"author":"Obispado de Arica","twitter_card":"summary_large_image","twitter_misc":{"Escrito por":"Obispado de Arica","Tiempo de lectura":"7 minutos"},"schema":{"@context":"https:\/\/schema.org","@graph":[{"@type":"WebPage","@id":"https:\/\/obispadoarica.cl\/home\/congreso-de-educacion-catolica-reflexiono-sobre-los-desafios-de-la-migracion-con-mirada-latinoamericana\/","url":"https:\/\/obispadoarica.cl\/home\/congreso-de-educacion-catolica-reflexiono-sobre-los-desafios-de-la-migracion-con-mirada-latinoamericana\/","name":"Congreso de Educaci\u00f3n Cat\u00f3lica reflexion\u00f3 sobre los desaf\u00edos de la migraci\u00f3n con mirada latinoamericana - Obispado San Marcos de Arica","isPartOf":{"@id":"https:\/\/obispadoarica.cl\/home\/#website"},"primaryImageOfPage":{"@id":"https:\/\/obispadoarica.cl\/home\/congreso-de-educacion-catolica-reflexiono-sobre-los-desafios-de-la-migracion-con-mirada-latinoamericana\/#primaryimage"},"image":{"@id":"https:\/\/obispadoarica.cl\/home\/congreso-de-educacion-catolica-reflexiono-sobre-los-desafios-de-la-migracion-con-mirada-latinoamericana\/#primaryimage"},"thumbnailUrl":"https:\/\/obispadoarica.cl\/home\/wp-content\/uploads\/2025\/08\/img_gale_6891234cb51dc_04082025.jpg","datePublished":"2025-08-09T06:24:40+00:00","dateModified":"2025-08-09T06:24:41+00:00","author":{"@id":"https:\/\/obispadoarica.cl\/home\/#\/schema\/person\/1a8f4c2a3418412187dff039ecf9d97e"},"breadcrumb":{"@id":"https:\/\/obispadoarica.cl\/home\/congreso-de-educacion-catolica-reflexiono-sobre-los-desafios-de-la-migracion-con-mirada-latinoamericana\/#breadcrumb"},"inLanguage":"es","potentialAction":[{"@type":"ReadAction","target":["https:\/\/obispadoarica.cl\/home\/congreso-de-educacion-catolica-reflexiono-sobre-los-desafios-de-la-migracion-con-mirada-latinoamericana\/"]}]},{"@type":"ImageObject","inLanguage":"es","@id":"https:\/\/obispadoarica.cl\/home\/congreso-de-educacion-catolica-reflexiono-sobre-los-desafios-de-la-migracion-con-mirada-latinoamericana\/#primaryimage","url":"https:\/\/obispadoarica.cl\/home\/wp-content\/uploads\/2025\/08\/img_gale_6891234cb51dc_04082025.jpg","contentUrl":"https:\/\/obispadoarica.cl\/home\/wp-content\/uploads\/2025\/08\/img_gale_6891234cb51dc_04082025.jpg","width":1000,"height":750},{"@type":"BreadcrumbList","@id":"https:\/\/obispadoarica.cl\/home\/congreso-de-educacion-catolica-reflexiono-sobre-los-desafios-de-la-migracion-con-mirada-latinoamericana\/#breadcrumb","itemListElement":[{"@type":"ListItem","position":1,"name":"Portada","item":"https:\/\/obispadoarica.cl\/home\/"},{"@type":"ListItem","position":2,"name":"Congreso de Educaci\u00f3n Cat\u00f3lica reflexion\u00f3 sobre los desaf\u00edos de la migraci\u00f3n con mirada latinoamericana"}]},{"@type":"WebSite","@id":"https:\/\/obispadoarica.cl\/home\/#website","url":"https:\/\/obispadoarica.cl\/home\/","name":"Obispado San Marcos de Arica","description":"Di\u00f3cesis San Marcos de Arica","potentialAction":[{"@type":"SearchAction","target":{"@type":"EntryPoint","urlTemplate":"https:\/\/obispadoarica.cl\/home\/?s={search_term_string}"},"query-input":{"@type":"PropertyValueSpecification","valueRequired":true,"valueName":"search_term_string"}}],"inLanguage":"es"},{"@type":"Person","@id":"https:\/\/obispadoarica.cl\/home\/#\/schema\/person\/1a8f4c2a3418412187dff039ecf9d97e","name":"Obispado de Arica","image":{"@type":"ImageObject","inLanguage":"es","@id":"https:\/\/obispadoarica.cl\/home\/#\/schema\/person\/image\/","url":"https:\/\/secure.gravatar.com\/avatar\/c75d5ceafb11502016ed664658884b0b1b183fa6f96260878f47ac58f950c8d9?s=96&d=mm&r=g","contentUrl":"https:\/\/secure.gravatar.com\/avatar\/c75d5ceafb11502016ed664658884b0b1b183fa6f96260878f47ac58f950c8d9?s=96&d=mm&r=g","caption":"Obispado de Arica"},"url":"https:\/\/obispadoarica.cl\/home\/author\/c1300590\/"}]}},"_links":{"self":[{"href":"https:\/\/obispadoarica.cl\/home\/wp-json\/wp\/v2\/posts\/3636","targetHints":{"allow":["GET"]}}],"collection":[{"href":"https:\/\/obispadoarica.cl\/home\/wp-json\/wp\/v2\/posts"}],"about":[{"href":"https:\/\/obispadoarica.cl\/home\/wp-json\/wp\/v2\/types\/post"}],"author":[{"embeddable":true,"href":"https:\/\/obispadoarica.cl\/home\/wp-json\/wp\/v2\/users\/2"}],"replies":[{"embeddable":true,"href":"https:\/\/obispadoarica.cl\/home\/wp-json\/wp\/v2\/comments?post=3636"}],"version-history":[{"count":1,"href":"https:\/\/obispadoarica.cl\/home\/wp-json\/wp\/v2\/posts\/3636\/revisions"}],"predecessor-version":[{"id":3647,"href":"https:\/\/obispadoarica.cl\/home\/wp-json\/wp\/v2\/posts\/3636\/revisions\/3647"}],"wp:featuredmedia":[{"embeddable":true,"href":"https:\/\/obispadoarica.cl\/home\/wp-json\/wp\/v2\/media\/3642"}],"wp:attachment":[{"href":"https:\/\/obispadoarica.cl\/home\/wp-json\/wp\/v2\/media?parent=3636"}],"wp:term":[{"taxonomy":"category","embeddable":true,"href":"https:\/\/obispadoarica.cl\/home\/wp-json\/wp\/v2\/categories?post=3636"},{"taxonomy":"post_tag","embeddable":true,"href":"https:\/\/obispadoarica.cl\/home\/wp-json\/wp\/v2\/tags?post=3636"}],"curies":[{"name":"wp","href":"https:\/\/api.w.org\/{rel}","templated":true}]}}