{"id":3682,"date":"2025-08-16T01:05:53","date_gmt":"2025-08-16T05:05:53","guid":{"rendered":"https:\/\/obispadoarica.cl\/home\/?p=3682"},"modified":"2025-08-16T01:05:55","modified_gmt":"2025-08-16T05:05:55","slug":"vicarios-pastorales-y-obispos-se-reunen-en-la-jornada-nacional-para-fortalecer-la-mision-de-la-iglesia-en-chile","status":"publish","type":"post","link":"https:\/\/obispadoarica.cl\/home\/vicarios-pastorales-y-obispos-se-reunen-en-la-jornada-nacional-para-fortalecer-la-mision-de-la-iglesia-en-chile\/","title":{"rendered":"Vicarios pastorales y obispos se re\u00fanen en la Jornada Nacional para fortalecer la misi\u00f3n de la Iglesia en Chile"},"content":{"rendered":"\n\n\n<p><em>Como es tradicional al inicio del segundo semestre, se desarroll\u00f3 en Santiago la jornada nacional que re\u00fane a los vicarios pastorales de las di\u00f3cesis del pa\u00eds y sus equipos, junto a los obispos miembros de la Comisi\u00f3n Pastoral (COP) de la Conferencia Episcopal de Chile, quienes presiden las distintas \u00e1reas pastorales. El encuentro se realiz\u00f3 entre el 11 y el 13 de agosto en la Casa de Retiro Padre Hurtado y busc\u00f3 compartir experiencias, revisar lineamientos comunes y proyectar el trabajo conjunto pastoral de la Iglesia en Chile.<\/em><\/p>\n\n\n\n<p>En esta edici\u00f3n, los temas centrales fueron la implementaci\u00f3n de las nuevas Orientaciones para renovar la catequesis de iniciaci\u00f3n cristiana en Chile, la puesta en pr\u00e1ctica de la sinodalidad en las di\u00f3cesis a la luz del documento final del S\u00ednodo, la presentaci\u00f3n de buenas pr\u00e1cticas que responden a la implementacion del Sinodo en procesos y tareas pastorales, y la renovaci\u00f3n de la propuesta formativa del documento Integridad en el Servicio Eclesial (ISE).<\/p>\n\n\n\n<p>La jornada comenz\u00f3 con un di\u00e1logo sobre la realidad nacional que cont\u00f3 con la participaci\u00f3n del soci\u00f3logo Eduardo Valenzuela, director de la Encuesta Nacional Bicentenario UC-Adimark e Investigador Principal del Centro de Estudios Interculturales e Ind\u00edgenas (CIIR) y de Rodolfo N\u00fa\u00f1ez acad\u00e9mico de la Universidad Finis Terrae, Psic\u00f3logo cl\u00ednico, especialista en comportamiento religioso, investigador en desarrollo psicorreligioso. El encuentro, en los d\u00edas sucesivos, incluy\u00f3 espacios formativos, trabajo grupal y la presentaci\u00f3n de experiencias diocesanas, junto a momentos de oraci\u00f3n y celebraci\u00f3n de la Eucarist\u00eda.<\/p>\n\n\n\n<p>El P. Heriberto Cabrera, Secretario Adjunto para la Pastoral del Episcopado, cuenta sobre lo vivido: \u201cAcabamos de terminar nuestra COP Vicarios, que corresponde a un encuentro anual de todos los vicarios pastorales de Chile o las personas que cumplen un rol similar. Este es un momento maravilloso para sentir la iglesia en Chile con sus diversidades y riquezas. Tratamos temas muy importantes como es, por ejemplo, la implementaci\u00f3n de la sinodalidad, tambi\u00e9n la implementaci\u00f3n de la renovaci\u00f3n de las orientaciones pastorales para la Catequesis de Iniciaci\u00f3n Cristiana en Chile. Y adem\u00e1s tuvimos un tiempo importante para ver las novedades a prop\u00f3sito del ISE, la Integridad del Servicio Eclesial. Creo que ha sido un momento de gracia para todos y todas, para poder compartir en torno a estos temas y otros que consideramos muy importantes para nuestra iglesia en Chile\u201d.<\/p>\n\n\n\n<p>Con este espacio de comuni\u00f3n y discernimiento, la COP, el equipo de la CECh y los vicarios pastorales renuevan su compromiso de servir al Pueblo de Dios con una pastoral que responda a los desaf\u00edos actuales y que, desde la sinodalidad, fortalezca la misi\u00f3n evangelizadora en todo el pa\u00eds.<\/p>\n\n\n\n<figure class=\"wp-block-gallery has-nested-images columns-default is-cropped wp-block-gallery-1 is-layout-flex wp-block-gallery-is-layout-flex\">\n<figure class=\"wp-block-image size-large\"><a href=\"https:\/\/obispadoarica.cl\/home\/wp-content\/uploads\/2025\/08\/Gale689cc8e8b92e2_13082025_218pm.jpeg\"><img fetchpriority=\"high\" decoding=\"async\" width=\"964\" height=\"723\" data-id=\"3687\" src=\"https:\/\/obispadoarica.cl\/home\/wp-content\/uploads\/2025\/08\/Gale689cc8e8b92e2_13082025_218pm.jpeg\" alt=\"\" class=\"wp-image-3687\" srcset=\"https:\/\/obispadoarica.cl\/home\/wp-content\/uploads\/2025\/08\/Gale689cc8e8b92e2_13082025_218pm.jpeg 964w, https:\/\/obispadoarica.cl\/home\/wp-content\/uploads\/2025\/08\/Gale689cc8e8b92e2_13082025_218pm-300x225.jpeg 300w, https:\/\/obispadoarica.cl\/home\/wp-content\/uploads\/2025\/08\/Gale689cc8e8b92e2_13082025_218pm-768x576.jpeg 768w, https:\/\/obispadoarica.cl\/home\/wp-content\/uploads\/2025\/08\/Gale689cc8e8b92e2_13082025_218pm-640x480.jpeg 640w\" sizes=\"(max-width: 964px) 100vw, 964px\" \/><\/a><\/figure>\n\n\n\n<figure class=\"wp-block-image size-large\"><a href=\"https:\/\/obispadoarica.cl\/home\/wp-content\/uploads\/2025\/08\/Gale689cc8e9c2e3e_13082025_218pm.jpeg\"><img decoding=\"async\" width=\"964\" height=\"723\" data-id=\"3688\" src=\"https:\/\/obispadoarica.cl\/home\/wp-content\/uploads\/2025\/08\/Gale689cc8e9c2e3e_13082025_218pm.jpeg\" alt=\"\" class=\"wp-image-3688\" srcset=\"https:\/\/obispadoarica.cl\/home\/wp-content\/uploads\/2025\/08\/Gale689cc8e9c2e3e_13082025_218pm.jpeg 964w, https:\/\/obispadoarica.cl\/home\/wp-content\/uploads\/2025\/08\/Gale689cc8e9c2e3e_13082025_218pm-300x225.jpeg 300w, https:\/\/obispadoarica.cl\/home\/wp-content\/uploads\/2025\/08\/Gale689cc8e9c2e3e_13082025_218pm-768x576.jpeg 768w, https:\/\/obispadoarica.cl\/home\/wp-content\/uploads\/2025\/08\/Gale689cc8e9c2e3e_13082025_218pm-640x480.jpeg 640w\" sizes=\"(max-width: 964px) 100vw, 964px\" \/><\/a><\/figure>\n\n\n\n<figure class=\"wp-block-image size-large\"><a href=\"https:\/\/obispadoarica.cl\/home\/wp-content\/uploads\/2025\/08\/Gale689cc8e792b03_13082025_218pm.jpeg\"><img decoding=\"async\" width=\"964\" height=\"723\" data-id=\"3697\" src=\"https:\/\/obispadoarica.cl\/home\/wp-content\/uploads\/2025\/08\/Gale689cc8e792b03_13082025_218pm.jpeg\" alt=\"\" class=\"wp-image-3697\" srcset=\"https:\/\/obispadoarica.cl\/home\/wp-content\/uploads\/2025\/08\/Gale689cc8e792b03_13082025_218pm.jpeg 964w, https:\/\/obispadoarica.cl\/home\/wp-content\/uploads\/2025\/08\/Gale689cc8e792b03_13082025_218pm-300x225.jpeg 300w, https:\/\/obispadoarica.cl\/home\/wp-content\/uploads\/2025\/08\/Gale689cc8e792b03_13082025_218pm-768x576.jpeg 768w, https:\/\/obispadoarica.cl\/home\/wp-content\/uploads\/2025\/08\/Gale689cc8e792b03_13082025_218pm-640x480.jpeg 640w\" sizes=\"(max-width: 964px) 100vw, 964px\" \/><\/a><\/figure>\n\n\n\n<figure class=\"wp-block-image size-large\"><a href=\"https:\/\/obispadoarica.cl\/home\/wp-content\/uploads\/2025\/08\/Gale689cc8e94185d_13082025_218pm.jpeg\"><img loading=\"lazy\" decoding=\"async\" width=\"964\" height=\"723\" data-id=\"3698\" src=\"https:\/\/obispadoarica.cl\/home\/wp-content\/uploads\/2025\/08\/Gale689cc8e94185d_13082025_218pm.jpeg\" alt=\"\" class=\"wp-image-3698\" srcset=\"https:\/\/obispadoarica.cl\/home\/wp-content\/uploads\/2025\/08\/Gale689cc8e94185d_13082025_218pm.jpeg 964w, https:\/\/obispadoarica.cl\/home\/wp-content\/uploads\/2025\/08\/Gale689cc8e94185d_13082025_218pm-300x225.jpeg 300w, https:\/\/obispadoarica.cl\/home\/wp-content\/uploads\/2025\/08\/Gale689cc8e94185d_13082025_218pm-768x576.jpeg 768w, https:\/\/obispadoarica.cl\/home\/wp-content\/uploads\/2025\/08\/Gale689cc8e94185d_13082025_218pm-640x480.jpeg 640w\" sizes=\"(max-width: 964px) 100vw, 964px\" \/><\/a><\/figure>\n\n\n\n<figure class=\"wp-block-image size-large\"><a href=\"https:\/\/obispadoarica.cl\/home\/wp-content\/uploads\/2025\/08\/Gale689cc8e829233_13082025_218pm.jpeg\"><img loading=\"lazy\" decoding=\"async\" width=\"964\" height=\"723\" data-id=\"3699\" src=\"https:\/\/obispadoarica.cl\/home\/wp-content\/uploads\/2025\/08\/Gale689cc8e829233_13082025_218pm.jpeg\" alt=\"\" class=\"wp-image-3699\" srcset=\"https:\/\/obispadoarica.cl\/home\/wp-content\/uploads\/2025\/08\/Gale689cc8e829233_13082025_218pm.jpeg 964w, https:\/\/obispadoarica.cl\/home\/wp-content\/uploads\/2025\/08\/Gale689cc8e829233_13082025_218pm-300x225.jpeg 300w, https:\/\/obispadoarica.cl\/home\/wp-content\/uploads\/2025\/08\/Gale689cc8e829233_13082025_218pm-768x576.jpeg 768w, https:\/\/obispadoarica.cl\/home\/wp-content\/uploads\/2025\/08\/Gale689cc8e829233_13082025_218pm-640x480.jpeg 640w\" sizes=\"(max-width: 964px) 100vw, 964px\" \/><\/a><\/figure>\n\n\n\n<figure class=\"wp-block-image size-large\"><a href=\"https:\/\/obispadoarica.cl\/home\/wp-content\/uploads\/2025\/08\/Gale689cc8ea4dda5_13082025_218pm.jpeg\"><img loading=\"lazy\" decoding=\"async\" width=\"964\" height=\"723\" data-id=\"3691\" src=\"https:\/\/obispadoarica.cl\/home\/wp-content\/uploads\/2025\/08\/Gale689cc8ea4dda5_13082025_218pm.jpeg\" alt=\"\" class=\"wp-image-3691\" srcset=\"https:\/\/obispadoarica.cl\/home\/wp-content\/uploads\/2025\/08\/Gale689cc8ea4dda5_13082025_218pm.jpeg 964w, https:\/\/obispadoarica.cl\/home\/wp-content\/uploads\/2025\/08\/Gale689cc8ea4dda5_13082025_218pm-300x225.jpeg 300w, https:\/\/obispadoarica.cl\/home\/wp-content\/uploads\/2025\/08\/Gale689cc8ea4dda5_13082025_218pm-768x576.jpeg 768w, https:\/\/obispadoarica.cl\/home\/wp-content\/uploads\/2025\/08\/Gale689cc8ea4dda5_13082025_218pm-640x480.jpeg 640w\" sizes=\"(max-width: 964px) 100vw, 964px\" \/><\/a><\/figure>\n\n\n\n<figure class=\"wp-block-image size-large\"><a href=\"https:\/\/obispadoarica.cl\/home\/wp-content\/uploads\/2025\/08\/Gale689cc9ad81254_13082025_221pm.jpeg\"><img loading=\"lazy\" decoding=\"async\" width=\"964\" height=\"723\" data-id=\"3700\" src=\"https:\/\/obispadoarica.cl\/home\/wp-content\/uploads\/2025\/08\/Gale689cc9ad81254_13082025_221pm.jpeg\" alt=\"\" class=\"wp-image-3700\" srcset=\"https:\/\/obispadoarica.cl\/home\/wp-content\/uploads\/2025\/08\/Gale689cc9ad81254_13082025_221pm.jpeg 964w, https:\/\/obispadoarica.cl\/home\/wp-content\/uploads\/2025\/08\/Gale689cc9ad81254_13082025_221pm-300x225.jpeg 300w, https:\/\/obispadoarica.cl\/home\/wp-content\/uploads\/2025\/08\/Gale689cc9ad81254_13082025_221pm-768x576.jpeg 768w, https:\/\/obispadoarica.cl\/home\/wp-content\/uploads\/2025\/08\/Gale689cc9ad81254_13082025_221pm-640x480.jpeg 640w\" sizes=\"(max-width: 964px) 100vw, 964px\" \/><\/a><\/figure>\n\n\n\n<figure class=\"wp-block-image size-large\"><a href=\"https:\/\/obispadoarica.cl\/home\/wp-content\/uploads\/2025\/08\/Gale689cc9ae0efcb_13082025_221pm.jpeg\"><img loading=\"lazy\" decoding=\"async\" width=\"1000\" height=\"667\" data-id=\"3694\" src=\"https:\/\/obispadoarica.cl\/home\/wp-content\/uploads\/2025\/08\/Gale689cc9ae0efcb_13082025_221pm.jpeg\" alt=\"\" class=\"wp-image-3694\" srcset=\"https:\/\/obispadoarica.cl\/home\/wp-content\/uploads\/2025\/08\/Gale689cc9ae0efcb_13082025_221pm.jpeg 1000w, https:\/\/obispadoarica.cl\/home\/wp-content\/uploads\/2025\/08\/Gale689cc9ae0efcb_13082025_221pm-300x200.jpeg 300w, https:\/\/obispadoarica.cl\/home\/wp-content\/uploads\/2025\/08\/Gale689cc9ae0efcb_13082025_221pm-768x512.jpeg 768w\" sizes=\"(max-width: 1000px) 100vw, 1000px\" \/><\/a><\/figure>\n\n\n\n<figure class=\"wp-block-image size-large\"><a href=\"https:\/\/obispadoarica.cl\/home\/wp-content\/uploads\/2025\/08\/Gale689cc9ae2c793_13082025_221pm.jpeg\"><img loading=\"lazy\" decoding=\"async\" width=\"543\" height=\"723\" data-id=\"3689\" src=\"https:\/\/obispadoarica.cl\/home\/wp-content\/uploads\/2025\/08\/Gale689cc9ae2c793_13082025_221pm.jpeg\" alt=\"\" class=\"wp-image-3689\" srcset=\"https:\/\/obispadoarica.cl\/home\/wp-content\/uploads\/2025\/08\/Gale689cc9ae2c793_13082025_221pm.jpeg 543w, https:\/\/obispadoarica.cl\/home\/wp-content\/uploads\/2025\/08\/Gale689cc9ae2c793_13082025_221pm-225x300.jpeg 225w\" sizes=\"(max-width: 543px) 100vw, 543px\" \/><\/a><\/figure>\n\n\n\n<figure class=\"wp-block-image size-large\"><a href=\"https:\/\/obispadoarica.cl\/home\/wp-content\/uploads\/2025\/08\/Gale689cc877a3e45_13082025_216pm.jpeg\"><img loading=\"lazy\" decoding=\"async\" width=\"964\" height=\"723\" data-id=\"3701\" src=\"https:\/\/obispadoarica.cl\/home\/wp-content\/uploads\/2025\/08\/Gale689cc877a3e45_13082025_216pm.jpeg\" alt=\"\" class=\"wp-image-3701\" srcset=\"https:\/\/obispadoarica.cl\/home\/wp-content\/uploads\/2025\/08\/Gale689cc877a3e45_13082025_216pm.jpeg 964w, https:\/\/obispadoarica.cl\/home\/wp-content\/uploads\/2025\/08\/Gale689cc877a3e45_13082025_216pm-300x225.jpeg 300w, https:\/\/obispadoarica.cl\/home\/wp-content\/uploads\/2025\/08\/Gale689cc877a3e45_13082025_216pm-768x576.jpeg 768w, https:\/\/obispadoarica.cl\/home\/wp-content\/uploads\/2025\/08\/Gale689cc877a3e45_13082025_216pm-640x480.jpeg 640w\" sizes=\"(max-width: 964px) 100vw, 964px\" \/><\/a><\/figure>\n\n\n\n<figure class=\"wp-block-image size-large\"><a href=\"https:\/\/obispadoarica.cl\/home\/wp-content\/uploads\/2025\/08\/Gale689cc8781e3d1_13082025_216pm.jpeg\"><img loading=\"lazy\" decoding=\"async\" width=\"964\" height=\"723\" data-id=\"3696\" src=\"https:\/\/obispadoarica.cl\/home\/wp-content\/uploads\/2025\/08\/Gale689cc8781e3d1_13082025_216pm.jpeg\" alt=\"\" class=\"wp-image-3696\" srcset=\"https:\/\/obispadoarica.cl\/home\/wp-content\/uploads\/2025\/08\/Gale689cc8781e3d1_13082025_216pm.jpeg 964w, https:\/\/obispadoarica.cl\/home\/wp-content\/uploads\/2025\/08\/Gale689cc8781e3d1_13082025_216pm-300x225.jpeg 300w, https:\/\/obispadoarica.cl\/home\/wp-content\/uploads\/2025\/08\/Gale689cc8781e3d1_13082025_216pm-768x576.jpeg 768w, https:\/\/obispadoarica.cl\/home\/wp-content\/uploads\/2025\/08\/Gale689cc8781e3d1_13082025_216pm-640x480.jpeg 640w\" sizes=\"(max-width: 964px) 100vw, 964px\" \/><\/a><\/figure>\n\n\n\n<figure class=\"wp-block-image size-large\"><a href=\"https:\/\/obispadoarica.cl\/home\/wp-content\/uploads\/2025\/08\/Gale689cc8789f864_13082025_216pm.jpeg\"><img loading=\"lazy\" decoding=\"async\" width=\"964\" height=\"723\" data-id=\"3695\" src=\"https:\/\/obispadoarica.cl\/home\/wp-content\/uploads\/2025\/08\/Gale689cc8789f864_13082025_216pm.jpeg\" alt=\"\" class=\"wp-image-3695\" srcset=\"https:\/\/obispadoarica.cl\/home\/wp-content\/uploads\/2025\/08\/Gale689cc8789f864_13082025_216pm.jpeg 964w, https:\/\/obispadoarica.cl\/home\/wp-content\/uploads\/2025\/08\/Gale689cc8789f864_13082025_216pm-300x225.jpeg 300w, https:\/\/obispadoarica.cl\/home\/wp-content\/uploads\/2025\/08\/Gale689cc8789f864_13082025_216pm-768x576.jpeg 768w, https:\/\/obispadoarica.cl\/home\/wp-content\/uploads\/2025\/08\/Gale689cc8789f864_13082025_216pm-640x480.jpeg 640w\" sizes=\"(max-width: 964px) 100vw, 964px\" \/><\/a><\/figure>\n\n\n\n<figure class=\"wp-block-image size-large\"><a href=\"https:\/\/obispadoarica.cl\/home\/wp-content\/uploads\/2025\/08\/Gale689cc8791be4f_13082025_216pm.jpeg\"><img loading=\"lazy\" decoding=\"async\" width=\"964\" height=\"723\" data-id=\"3702\" src=\"https:\/\/obispadoarica.cl\/home\/wp-content\/uploads\/2025\/08\/Gale689cc8791be4f_13082025_216pm.jpeg\" alt=\"\" class=\"wp-image-3702\" srcset=\"https:\/\/obispadoarica.cl\/home\/wp-content\/uploads\/2025\/08\/Gale689cc8791be4f_13082025_216pm.jpeg 964w, https:\/\/obispadoarica.cl\/home\/wp-content\/uploads\/2025\/08\/Gale689cc8791be4f_13082025_216pm-300x225.jpeg 300w, https:\/\/obispadoarica.cl\/home\/wp-content\/uploads\/2025\/08\/Gale689cc8791be4f_13082025_216pm-768x576.jpeg 768w, https:\/\/obispadoarica.cl\/home\/wp-content\/uploads\/2025\/08\/Gale689cc8791be4f_13082025_216pm-640x480.jpeg 640w\" sizes=\"(max-width: 964px) 100vw, 964px\" \/><\/a><\/figure>\n\n\n\n<figure class=\"wp-block-image size-large\"><a href=\"https:\/\/obispadoarica.cl\/home\/wp-content\/uploads\/2025\/08\/Gale689cc87720de9_13082025_216pm.jpeg\"><img loading=\"lazy\" decoding=\"async\" width=\"964\" height=\"723\" data-id=\"3690\" src=\"https:\/\/obispadoarica.cl\/home\/wp-content\/uploads\/2025\/08\/Gale689cc87720de9_13082025_216pm.jpeg\" alt=\"\" class=\"wp-image-3690\" srcset=\"https:\/\/obispadoarica.cl\/home\/wp-content\/uploads\/2025\/08\/Gale689cc87720de9_13082025_216pm.jpeg 964w, https:\/\/obispadoarica.cl\/home\/wp-content\/uploads\/2025\/08\/Gale689cc87720de9_13082025_216pm-300x225.jpeg 300w, https:\/\/obispadoarica.cl\/home\/wp-content\/uploads\/2025\/08\/Gale689cc87720de9_13082025_216pm-768x576.jpeg 768w, https:\/\/obispadoarica.cl\/home\/wp-content\/uploads\/2025\/08\/Gale689cc87720de9_13082025_216pm-640x480.jpeg 640w\" sizes=\"(max-width: 964px) 100vw, 964px\" \/><\/a><\/figure>\n\n\n\n<figure class=\"wp-block-image size-large\"><a href=\"https:\/\/obispadoarica.cl\/home\/wp-content\/uploads\/2025\/08\/Gale689cc87618390_13082025_216pm.jpeg\"><img loading=\"lazy\" decoding=\"async\" width=\"964\" height=\"723\" data-id=\"3692\" src=\"https:\/\/obispadoarica.cl\/home\/wp-content\/uploads\/2025\/08\/Gale689cc87618390_13082025_216pm.jpeg\" alt=\"\" class=\"wp-image-3692\" srcset=\"https:\/\/obispadoarica.cl\/home\/wp-content\/uploads\/2025\/08\/Gale689cc87618390_13082025_216pm.jpeg 964w, https:\/\/obispadoarica.cl\/home\/wp-content\/uploads\/2025\/08\/Gale689cc87618390_13082025_216pm-300x225.jpeg 300w, https:\/\/obispadoarica.cl\/home\/wp-content\/uploads\/2025\/08\/Gale689cc87618390_13082025_216pm-768x576.jpeg 768w, https:\/\/obispadoarica.cl\/home\/wp-content\/uploads\/2025\/08\/Gale689cc87618390_13082025_216pm-640x480.jpeg 640w\" sizes=\"(max-width: 964px) 100vw, 964px\" \/><\/a><\/figure>\n\n\n\n<figure class=\"wp-block-image size-large\"><a href=\"https:\/\/obispadoarica.cl\/home\/wp-content\/uploads\/2025\/08\/Gale689cca1f6a634_13082025_223pm.jpeg\"><img loading=\"lazy\" decoding=\"async\" width=\"964\" height=\"723\" data-id=\"3693\" src=\"https:\/\/obispadoarica.cl\/home\/wp-content\/uploads\/2025\/08\/Gale689cca1f6a634_13082025_223pm.jpeg\" alt=\"\" class=\"wp-image-3693\" srcset=\"https:\/\/obispadoarica.cl\/home\/wp-content\/uploads\/2025\/08\/Gale689cca1f6a634_13082025_223pm.jpeg 964w, https:\/\/obispadoarica.cl\/home\/wp-content\/uploads\/2025\/08\/Gale689cca1f6a634_13082025_223pm-300x225.jpeg 300w, https:\/\/obispadoarica.cl\/home\/wp-content\/uploads\/2025\/08\/Gale689cca1f6a634_13082025_223pm-768x576.jpeg 768w, https:\/\/obispadoarica.cl\/home\/wp-content\/uploads\/2025\/08\/Gale689cca1f6a634_13082025_223pm-640x480.jpeg 640w\" sizes=\"(max-width: 964px) 100vw, 964px\" \/><\/a><\/figure>\n\n\n\n<figure class=\"wp-block-image size-large\"><a href=\"https:\/\/obispadoarica.cl\/home\/wp-content\/uploads\/2025\/08\/img_gale_689cc79a1b25f_13082025.jpeg\"><img loading=\"lazy\" decoding=\"async\" width=\"1000\" height=\"750\" data-id=\"3685\" src=\"https:\/\/obispadoarica.cl\/home\/wp-content\/uploads\/2025\/08\/img_gale_689cc79a1b25f_13082025.jpeg\" alt=\"\" class=\"wp-image-3685\" srcset=\"https:\/\/obispadoarica.cl\/home\/wp-content\/uploads\/2025\/08\/img_gale_689cc79a1b25f_13082025.jpeg 1000w, https:\/\/obispadoarica.cl\/home\/wp-content\/uploads\/2025\/08\/img_gale_689cc79a1b25f_13082025-300x225.jpeg 300w, https:\/\/obispadoarica.cl\/home\/wp-content\/uploads\/2025\/08\/img_gale_689cc79a1b25f_13082025-768x576.jpeg 768w, https:\/\/obispadoarica.cl\/home\/wp-content\/uploads\/2025\/08\/img_gale_689cc79a1b25f_13082025-640x480.jpeg 640w\" sizes=\"(max-width: 1000px) 100vw, 1000px\" \/><\/a><\/figure>\n\n\n\n<figure class=\"wp-block-image size-large\"><a href=\"https:\/\/obispadoarica.cl\/home\/wp-content\/uploads\/2025\/08\/img_gale_689cc799a485b_13082025.jpeg\"><img loading=\"lazy\" decoding=\"async\" width=\"1000\" height=\"666\" data-id=\"3683\" src=\"https:\/\/obispadoarica.cl\/home\/wp-content\/uploads\/2025\/08\/img_gale_689cc799a485b_13082025.jpeg\" alt=\"\" class=\"wp-image-3683\" srcset=\"https:\/\/obispadoarica.cl\/home\/wp-content\/uploads\/2025\/08\/img_gale_689cc799a485b_13082025.jpeg 1000w, https:\/\/obispadoarica.cl\/home\/wp-content\/uploads\/2025\/08\/img_gale_689cc799a485b_13082025-300x200.jpeg 300w, https:\/\/obispadoarica.cl\/home\/wp-content\/uploads\/2025\/08\/img_gale_689cc799a485b_13082025-768x511.jpeg 768w\" sizes=\"(max-width: 1000px) 100vw, 1000px\" \/><\/a><\/figure>\n\n\n\n<figure class=\"wp-block-image size-large\"><a href=\"https:\/\/obispadoarica.cl\/home\/wp-content\/uploads\/2025\/08\/img_gale_689cc799c37a5_13082025.jpeg\"><img loading=\"lazy\" decoding=\"async\" width=\"1000\" height=\"750\" data-id=\"3686\" src=\"https:\/\/obispadoarica.cl\/home\/wp-content\/uploads\/2025\/08\/img_gale_689cc799c37a5_13082025.jpeg\" alt=\"\" class=\"wp-image-3686\" srcset=\"https:\/\/obispadoarica.cl\/home\/wp-content\/uploads\/2025\/08\/img_gale_689cc799c37a5_13082025.jpeg 1000w, https:\/\/obispadoarica.cl\/home\/wp-content\/uploads\/2025\/08\/img_gale_689cc799c37a5_13082025-300x225.jpeg 300w, https:\/\/obispadoarica.cl\/home\/wp-content\/uploads\/2025\/08\/img_gale_689cc799c37a5_13082025-768x576.jpeg 768w, https:\/\/obispadoarica.cl\/home\/wp-content\/uploads\/2025\/08\/img_gale_689cc799c37a5_13082025-640x480.jpeg 640w\" sizes=\"(max-width: 1000px) 100vw, 1000px\" \/><\/a><\/figure>\n\n\n\n<figure class=\"wp-block-image size-large\"><a href=\"https:\/\/obispadoarica.cl\/home\/wp-content\/uploads\/2025\/08\/img_gale_689cc799d9e56_13082025.jpeg\"><img loading=\"lazy\" decoding=\"async\" width=\"1000\" height=\"750\" data-id=\"3684\" src=\"https:\/\/obispadoarica.cl\/home\/wp-content\/uploads\/2025\/08\/img_gale_689cc799d9e56_13082025.jpeg\" alt=\"\" class=\"wp-image-3684\" srcset=\"https:\/\/obispadoarica.cl\/home\/wp-content\/uploads\/2025\/08\/img_gale_689cc799d9e56_13082025.jpeg 1000w, https:\/\/obispadoarica.cl\/home\/wp-content\/uploads\/2025\/08\/img_gale_689cc799d9e56_13082025-300x225.jpeg 300w, https:\/\/obispadoarica.cl\/home\/wp-content\/uploads\/2025\/08\/img_gale_689cc799d9e56_13082025-768x576.jpeg 768w, https:\/\/obispadoarica.cl\/home\/wp-content\/uploads\/2025\/08\/img_gale_689cc799d9e56_13082025-640x480.jpeg 640w\" sizes=\"(max-width: 1000px) 100vw, 1000px\" \/><\/a><\/figure>\n<\/figure>\n","protected":false},"excerpt":{"rendered":"<p>Como es tradicional al inicio del segundo semestre, se desarroll\u00f3 en Santiago la jornada nacional que re\u00fane a los vicarios pastorales de las di\u00f3cesis del pa\u00eds y sus equipos, junto a los obispos miembros de la Comisi\u00f3n Pastoral (COP) de la Conferencia Episcopal de Chile, quienes presiden las distintas \u00e1reas pastorales. El encuentro se realiz\u00f3 [&#8230;]\n","protected":false},"author":2,"featured_media":3690,"comment_status":"closed","ping_status":"open","sticky":false,"template":"","format":"standard","meta":{"footnotes":""},"categories":[7],"tags":[],"class_list":["post-3682","post","type-post","status-publish","format-standard","has-post-thumbnail","hentry","category-noticias"],"yoast_head":"<!-- This site is optimized with the Yoast SEO plugin v24.6 - https:\/\/yoast.com\/wordpress\/plugins\/seo\/ -->\n<title>Vicarios pastorales y obispos se re\u00fanen en la Jornada Nacional para fortalecer la misi\u00f3n de la Iglesia en Chile - Obispado San Marcos de Arica<\/title>\n<meta name=\"robots\" content=\"index, follow, max-snippet:-1, max-image-preview:large, max-video-preview:-1\" \/>\n<link rel=\"canonical\" href=\"https:\/\/obispadoarica.cl\/home\/vicarios-pastorales-y-obispos-se-reunen-en-la-jornada-nacional-para-fortalecer-la-mision-de-la-iglesia-en-chile\/\" \/>\n<meta property=\"og:locale\" content=\"es_ES\" \/>\n<meta property=\"og:type\" content=\"article\" \/>\n<meta property=\"og:title\" content=\"Vicarios pastorales y obispos se re\u00fanen en la Jornada Nacional para fortalecer la misi\u00f3n de la Iglesia en Chile - Obispado San Marcos de Arica\" \/>\n<meta property=\"og:description\" content=\"Como es tradicional al inicio del segundo semestre, se desarroll\u00f3 en Santiago la jornada nacional que re\u00fane a los vicarios pastorales de las di\u00f3cesis del pa\u00eds y sus equipos, junto a los obispos miembros de la Comisi\u00f3n Pastoral (COP) de la Conferencia Episcopal de Chile, quienes presiden las distintas \u00e1reas pastorales. El encuentro se realiz\u00f3 [...]\" \/>\n<meta property=\"og:url\" content=\"https:\/\/obispadoarica.cl\/home\/vicarios-pastorales-y-obispos-se-reunen-en-la-jornada-nacional-para-fortalecer-la-mision-de-la-iglesia-en-chile\/\" \/>\n<meta property=\"og:site_name\" content=\"Obispado San Marcos de Arica\" \/>\n<meta property=\"article:published_time\" content=\"2025-08-16T05:05:53+00:00\" \/>\n<meta property=\"article:modified_time\" content=\"2025-08-16T05:05:55+00:00\" \/>\n<meta property=\"og:image\" content=\"https:\/\/obispadoarica.cl\/home\/wp-content\/uploads\/2025\/08\/Gale689cc87720de9_13082025_216pm.jpeg\" \/>\n\t<meta property=\"og:image:width\" content=\"964\" \/>\n\t<meta property=\"og:image:height\" content=\"723\" \/>\n\t<meta property=\"og:image:type\" content=\"image\/jpeg\" \/>\n<meta name=\"author\" content=\"Obispado de Arica\" \/>\n<meta name=\"twitter:card\" content=\"summary_large_image\" \/>\n<meta name=\"twitter:label1\" content=\"Escrito por\" \/>\n\t<meta name=\"twitter:data1\" content=\"Obispado de Arica\" \/>\n\t<meta name=\"twitter:label2\" content=\"Tiempo de lectura\" \/>\n\t<meta name=\"twitter:data2\" content=\"7 minutos\" \/>\n<script type=\"application\/ld+json\" class=\"yoast-schema-graph\">{\"@context\":\"https:\/\/schema.org\",\"@graph\":[{\"@type\":\"WebPage\",\"@id\":\"https:\/\/obispadoarica.cl\/home\/vicarios-pastorales-y-obispos-se-reunen-en-la-jornada-nacional-para-fortalecer-la-mision-de-la-iglesia-en-chile\/\",\"url\":\"https:\/\/obispadoarica.cl\/home\/vicarios-pastorales-y-obispos-se-reunen-en-la-jornada-nacional-para-fortalecer-la-mision-de-la-iglesia-en-chile\/\",\"name\":\"Vicarios pastorales y obispos se re\u00fanen en la Jornada Nacional para fortalecer la misi\u00f3n de la Iglesia en Chile - Obispado San Marcos de Arica\",\"isPartOf\":{\"@id\":\"https:\/\/obispadoarica.cl\/home\/#website\"},\"primaryImageOfPage\":{\"@id\":\"https:\/\/obispadoarica.cl\/home\/vicarios-pastorales-y-obispos-se-reunen-en-la-jornada-nacional-para-fortalecer-la-mision-de-la-iglesia-en-chile\/#primaryimage\"},\"image\":{\"@id\":\"https:\/\/obispadoarica.cl\/home\/vicarios-pastorales-y-obispos-se-reunen-en-la-jornada-nacional-para-fortalecer-la-mision-de-la-iglesia-en-chile\/#primaryimage\"},\"thumbnailUrl\":\"https:\/\/obispadoarica.cl\/home\/wp-content\/uploads\/2025\/08\/Gale689cc87720de9_13082025_216pm.jpeg\",\"datePublished\":\"2025-08-16T05:05:53+00:00\",\"dateModified\":\"2025-08-16T05:05:55+00:00\",\"author\":{\"@id\":\"https:\/\/obispadoarica.cl\/home\/#\/schema\/person\/1a8f4c2a3418412187dff039ecf9d97e\"},\"breadcrumb\":{\"@id\":\"https:\/\/obispadoarica.cl\/home\/vicarios-pastorales-y-obispos-se-reunen-en-la-jornada-nacional-para-fortalecer-la-mision-de-la-iglesia-en-chile\/#breadcrumb\"},\"inLanguage\":\"es\",\"potentialAction\":[{\"@type\":\"ReadAction\",\"target\":[\"https:\/\/obispadoarica.cl\/home\/vicarios-pastorales-y-obispos-se-reunen-en-la-jornada-nacional-para-fortalecer-la-mision-de-la-iglesia-en-chile\/\"]}]},{\"@type\":\"ImageObject\",\"inLanguage\":\"es\",\"@id\":\"https:\/\/obispadoarica.cl\/home\/vicarios-pastorales-y-obispos-se-reunen-en-la-jornada-nacional-para-fortalecer-la-mision-de-la-iglesia-en-chile\/#primaryimage\",\"url\":\"https:\/\/obispadoarica.cl\/home\/wp-content\/uploads\/2025\/08\/Gale689cc87720de9_13082025_216pm.jpeg\",\"contentUrl\":\"https:\/\/obispadoarica.cl\/home\/wp-content\/uploads\/2025\/08\/Gale689cc87720de9_13082025_216pm.jpeg\",\"width\":964,\"height\":723},{\"@type\":\"BreadcrumbList\",\"@id\":\"https:\/\/obispadoarica.cl\/home\/vicarios-pastorales-y-obispos-se-reunen-en-la-jornada-nacional-para-fortalecer-la-mision-de-la-iglesia-en-chile\/#breadcrumb\",\"itemListElement\":[{\"@type\":\"ListItem\",\"position\":1,\"name\":\"Portada\",\"item\":\"https:\/\/obispadoarica.cl\/home\/\"},{\"@type\":\"ListItem\",\"position\":2,\"name\":\"Vicarios pastorales y obispos se re\u00fanen en la Jornada Nacional para fortalecer la misi\u00f3n de la Iglesia en Chile\"}]},{\"@type\":\"WebSite\",\"@id\":\"https:\/\/obispadoarica.cl\/home\/#website\",\"url\":\"https:\/\/obispadoarica.cl\/home\/\",\"name\":\"Obispado San Marcos de Arica\",\"description\":\"Di\u00f3cesis San Marcos de Arica\",\"potentialAction\":[{\"@type\":\"SearchAction\",\"target\":{\"@type\":\"EntryPoint\",\"urlTemplate\":\"https:\/\/obispadoarica.cl\/home\/?s={search_term_string}\"},\"query-input\":{\"@type\":\"PropertyValueSpecification\",\"valueRequired\":true,\"valueName\":\"search_term_string\"}}],\"inLanguage\":\"es\"},{\"@type\":\"Person\",\"@id\":\"https:\/\/obispadoarica.cl\/home\/#\/schema\/person\/1a8f4c2a3418412187dff039ecf9d97e\",\"name\":\"Obispado de Arica\",\"image\":{\"@type\":\"ImageObject\",\"inLanguage\":\"es\",\"@id\":\"https:\/\/obispadoarica.cl\/home\/#\/schema\/person\/image\/\",\"url\":\"https:\/\/secure.gravatar.com\/avatar\/c75d5ceafb11502016ed664658884b0b1b183fa6f96260878f47ac58f950c8d9?s=96&d=mm&r=g\",\"contentUrl\":\"https:\/\/secure.gravatar.com\/avatar\/c75d5ceafb11502016ed664658884b0b1b183fa6f96260878f47ac58f950c8d9?s=96&d=mm&r=g\",\"caption\":\"Obispado de Arica\"},\"url\":\"https:\/\/obispadoarica.cl\/home\/author\/c1300590\/\"}]}<\/script>\n<!-- \/ Yoast SEO plugin. -->","yoast_head_json":{"title":"Vicarios pastorales y obispos se re\u00fanen en la Jornada Nacional para fortalecer la misi\u00f3n de la Iglesia en Chile - Obispado San Marcos de Arica","robots":{"index":"index","follow":"follow","max-snippet":"max-snippet:-1","max-image-preview":"max-image-preview:large","max-video-preview":"max-video-preview:-1"},"canonical":"https:\/\/obispadoarica.cl\/home\/vicarios-pastorales-y-obispos-se-reunen-en-la-jornada-nacional-para-fortalecer-la-mision-de-la-iglesia-en-chile\/","og_locale":"es_ES","og_type":"article","og_title":"Vicarios pastorales y obispos se re\u00fanen en la Jornada Nacional para fortalecer la misi\u00f3n de la Iglesia en Chile - Obispado San Marcos de Arica","og_description":"Como es tradicional al inicio del segundo semestre, se desarroll\u00f3 en Santiago la jornada nacional que re\u00fane a los vicarios pastorales de las di\u00f3cesis del pa\u00eds y sus equipos, junto a los obispos miembros de la Comisi\u00f3n Pastoral (COP) de la Conferencia Episcopal de Chile, quienes presiden las distintas \u00e1reas pastorales. El encuentro se realiz\u00f3 [...]","og_url":"https:\/\/obispadoarica.cl\/home\/vicarios-pastorales-y-obispos-se-reunen-en-la-jornada-nacional-para-fortalecer-la-mision-de-la-iglesia-en-chile\/","og_site_name":"Obispado San Marcos de Arica","article_published_time":"2025-08-16T05:05:53+00:00","article_modified_time":"2025-08-16T05:05:55+00:00","og_image":[{"width":964,"height":723,"url":"https:\/\/obispadoarica.cl\/home\/wp-content\/uploads\/2025\/08\/Gale689cc87720de9_13082025_216pm.jpeg","type":"image\/jpeg"}],"author":"Obispado de Arica","twitter_card":"summary_large_image","twitter_misc":{"Escrito por":"Obispado de Arica","Tiempo de lectura":"7 minutos"},"schema":{"@context":"https:\/\/schema.org","@graph":[{"@type":"WebPage","@id":"https:\/\/obispadoarica.cl\/home\/vicarios-pastorales-y-obispos-se-reunen-en-la-jornada-nacional-para-fortalecer-la-mision-de-la-iglesia-en-chile\/","url":"https:\/\/obispadoarica.cl\/home\/vicarios-pastorales-y-obispos-se-reunen-en-la-jornada-nacional-para-fortalecer-la-mision-de-la-iglesia-en-chile\/","name":"Vicarios pastorales y obispos se re\u00fanen en la Jornada Nacional para fortalecer la misi\u00f3n de la Iglesia en Chile - Obispado San Marcos de Arica","isPartOf":{"@id":"https:\/\/obispadoarica.cl\/home\/#website"},"primaryImageOfPage":{"@id":"https:\/\/obispadoarica.cl\/home\/vicarios-pastorales-y-obispos-se-reunen-en-la-jornada-nacional-para-fortalecer-la-mision-de-la-iglesia-en-chile\/#primaryimage"},"image":{"@id":"https:\/\/obispadoarica.cl\/home\/vicarios-pastorales-y-obispos-se-reunen-en-la-jornada-nacional-para-fortalecer-la-mision-de-la-iglesia-en-chile\/#primaryimage"},"thumbnailUrl":"https:\/\/obispadoarica.cl\/home\/wp-content\/uploads\/2025\/08\/Gale689cc87720de9_13082025_216pm.jpeg","datePublished":"2025-08-16T05:05:53+00:00","dateModified":"2025-08-16T05:05:55+00:00","author":{"@id":"https:\/\/obispadoarica.cl\/home\/#\/schema\/person\/1a8f4c2a3418412187dff039ecf9d97e"},"breadcrumb":{"@id":"https:\/\/obispadoarica.cl\/home\/vicarios-pastorales-y-obispos-se-reunen-en-la-jornada-nacional-para-fortalecer-la-mision-de-la-iglesia-en-chile\/#breadcrumb"},"inLanguage":"es","potentialAction":[{"@type":"ReadAction","target":["https:\/\/obispadoarica.cl\/home\/vicarios-pastorales-y-obispos-se-reunen-en-la-jornada-nacional-para-fortalecer-la-mision-de-la-iglesia-en-chile\/"]}]},{"@type":"ImageObject","inLanguage":"es","@id":"https:\/\/obispadoarica.cl\/home\/vicarios-pastorales-y-obispos-se-reunen-en-la-jornada-nacional-para-fortalecer-la-mision-de-la-iglesia-en-chile\/#primaryimage","url":"https:\/\/obispadoarica.cl\/home\/wp-content\/uploads\/2025\/08\/Gale689cc87720de9_13082025_216pm.jpeg","contentUrl":"https:\/\/obispadoarica.cl\/home\/wp-content\/uploads\/2025\/08\/Gale689cc87720de9_13082025_216pm.jpeg","width":964,"height":723},{"@type":"BreadcrumbList","@id":"https:\/\/obispadoarica.cl\/home\/vicarios-pastorales-y-obispos-se-reunen-en-la-jornada-nacional-para-fortalecer-la-mision-de-la-iglesia-en-chile\/#breadcrumb","itemListElement":[{"@type":"ListItem","position":1,"name":"Portada","item":"https:\/\/obispadoarica.cl\/home\/"},{"@type":"ListItem","position":2,"name":"Vicarios pastorales y obispos se re\u00fanen en la Jornada Nacional para fortalecer la misi\u00f3n de la Iglesia en Chile"}]},{"@type":"WebSite","@id":"https:\/\/obispadoarica.cl\/home\/#website","url":"https:\/\/obispadoarica.cl\/home\/","name":"Obispado San Marcos de Arica","description":"Di\u00f3cesis San Marcos de Arica","potentialAction":[{"@type":"SearchAction","target":{"@type":"EntryPoint","urlTemplate":"https:\/\/obispadoarica.cl\/home\/?s={search_term_string}"},"query-input":{"@type":"PropertyValueSpecification","valueRequired":true,"valueName":"search_term_string"}}],"inLanguage":"es"},{"@type":"Person","@id":"https:\/\/obispadoarica.cl\/home\/#\/schema\/person\/1a8f4c2a3418412187dff039ecf9d97e","name":"Obispado de Arica","image":{"@type":"ImageObject","inLanguage":"es","@id":"https:\/\/obispadoarica.cl\/home\/#\/schema\/person\/image\/","url":"https:\/\/secure.gravatar.com\/avatar\/c75d5ceafb11502016ed664658884b0b1b183fa6f96260878f47ac58f950c8d9?s=96&d=mm&r=g","contentUrl":"https:\/\/secure.gravatar.com\/avatar\/c75d5ceafb11502016ed664658884b0b1b183fa6f96260878f47ac58f950c8d9?s=96&d=mm&r=g","caption":"Obispado de Arica"},"url":"https:\/\/obispadoarica.cl\/home\/author\/c1300590\/"}]}},"_links":{"self":[{"href":"https:\/\/obispadoarica.cl\/home\/wp-json\/wp\/v2\/posts\/3682","targetHints":{"allow":["GET"]}}],"collection":[{"href":"https:\/\/obispadoarica.cl\/home\/wp-json\/wp\/v2\/posts"}],"about":[{"href":"https:\/\/obispadoarica.cl\/home\/wp-json\/wp\/v2\/types\/post"}],"author":[{"embeddable":true,"href":"https:\/\/obispadoarica.cl\/home\/wp-json\/wp\/v2\/users\/2"}],"replies":[{"embeddable":true,"href":"https:\/\/obispadoarica.cl\/home\/wp-json\/wp\/v2\/comments?post=3682"}],"version-history":[{"count":1,"href":"https:\/\/obispadoarica.cl\/home\/wp-json\/wp\/v2\/posts\/3682\/revisions"}],"predecessor-version":[{"id":3703,"href":"https:\/\/obispadoarica.cl\/home\/wp-json\/wp\/v2\/posts\/3682\/revisions\/3703"}],"wp:featuredmedia":[{"embeddable":true,"href":"https:\/\/obispadoarica.cl\/home\/wp-json\/wp\/v2\/media\/3690"}],"wp:attachment":[{"href":"https:\/\/obispadoarica.cl\/home\/wp-json\/wp\/v2\/media?parent=3682"}],"wp:term":[{"taxonomy":"category","embeddable":true,"href":"https:\/\/obispadoarica.cl\/home\/wp-json\/wp\/v2\/categories?post=3682"},{"taxonomy":"post_tag","embeddable":true,"href":"https:\/\/obispadoarica.cl\/home\/wp-json\/wp\/v2\/tags?post=3682"}],"curies":[{"name":"wp","href":"https:\/\/api.w.org\/{rel}","templated":true}]}}