{"id":3798,"date":"2025-08-24T19:32:02","date_gmt":"2025-08-24T23:32:02","guid":{"rendered":"https:\/\/obispadoarica.cl\/home\/?p=3798"},"modified":"2025-08-24T19:33:41","modified_gmt":"2025-08-24T23:33:41","slug":"obispos-llaman-a-unirse-a-la-jornada-de-oracion-por-la-paz-y-la-justicia-convocada-por-el-papa-leon","status":"publish","type":"post","link":"https:\/\/obispadoarica.cl\/home\/obispos-llaman-a-unirse-a-la-jornada-de-oracion-por-la-paz-y-la-justicia-convocada-por-el-papa-leon\/","title":{"rendered":"Obispos llaman a unirse a la Jornada de Oraci\u00f3n por la Paz y la Justicia convocada por el Papa Le\u00f3n"},"content":{"rendered":"\n\n\n<p><em>El Comit\u00e9 Permanente de la Conferencia Episcopal de Chile adhiri\u00f3 al llamado del Papa Le\u00f3n XIV a vivir este viernes 22 de agosto una Jornada de Oraci\u00f3n y Ayuno por la paz y la justicia. Los obispos invitan a implorar no solo por el fin de los conflictos armados internacionales, sino tambi\u00e9n por una paz que toque el coraz\u00f3n de quienes siembran violencia en nuestros barrios, centros educativos, los estadios y en el debate pol\u00edtico.<\/em><\/p>\n\n\n\n<p>Al concluir la Audiencia General de este mi\u00e9rcoles 20 de agosto, el Papa Le\u00f3n XIV dirigi\u00f3 a la Iglesia y al mundo una sentida invitaci\u00f3n a rezar y ayunar por la paz en la memoria lit\u00fargica de la Sant\u00edsima Virgen Mar\u00eda, Reina del Cielo.<\/p>\n\n\n\n<p>\u201c<em>Mientras nuestra tierra contin\u00faa herida por las guerras en Tierra Santa, en Ucrania y en muchas otras regiones del mundo, invito a todos los fieles a vivir el 22 de agosto una jornada de ayuno y oraci\u00f3n, implorando al Se\u00f1or que nos conceda paz y justicia, y que enjugue las l\u00e1grimas de quienes sufren a causa de los conflictos armados en curso. Que Mar\u00eda, Reina de la Paz, interceda para que las personas encuentren el camino de la paz<\/em>\u201d, se\u00f1al\u00f3 el Pont\u00edfice.<\/p>\n\n\n\n<p>En respuesta a este llamado, el Comit\u00e9 Permanente de la Conferencia Episcopal de Chile, en nombre de todos los obispos del pa\u00eds, convoc\u00f3 este 21 de agosto, al Pueblo de Dios a unirse personal y comunitariamente a esta jornada de oraci\u00f3n y ayuno.<\/p>\n\n\n\n<p>Los pastores recordaron que la paz que se implora no se limita a los escenarios internacionales de guerra, sino que tambi\u00e9n debe alcanzar la vida cotidiana en Chile: \u201cCon el Papa imploramos al Se\u00f1or no solo por la paz en medio de los graves conflictos armados internacionales, sino tambi\u00e9n por una paz que toque el coraz\u00f3n de quienes siembran violencia en nuestras calles y barrios, en centros educativos y sociales, en los estadios y en el debate pol\u00edtico\u201d.<\/p>\n\n\n\n<p><strong>Un llamado a creyentes y personas de buena voluntad<\/strong><br>Finalmente, los obispos expresaron que el anhelo com\u00fan es un pa\u00eds y un mundo donde la paz, fruto de la justicia y del perd\u00f3n, sea el fundamento de una vida m\u00e1s fraterna y esperanzadora, invitando a los cat\u00f3licos, a los creyentes de distintas confesiones de fe, como a cada persona de buena voluntad a unirse a esta intenci\u00f3n com\u00fan.<\/p>\n\n\n\n<p>El mensaje es firmado por los integrantes del Comit\u00e9 Permanente de la Conferencia Episcopal de Chile: el Arzobispo de La Serena Ren\u00e9 Rebolledo Salinas, Presidente; el Arzobispo de Antofagasta Ignacio Ducasse Medina, Vicepresidente; el Arzobispo de Santiago Card. Fernando Chomali Garib; el Obispo de San Bernardo Juan Ignacio Gonz\u00e1lez Err\u00e1zuriz; y el obispo de Santa Mar\u00eda de los \u00c1ngeles Cristi\u00e1n Castro Toovey, Secretario general.<\/p>\n\n\n\n<div data-wp-interactive=\"core\/file\" class=\"wp-block-file\"><object data-wp-bind--hidden=\"!state.hasPdfPreview\" hidden class=\"wp-block-file__embed\" data=\"https:\/\/obispadoarica.cl\/home\/wp-content\/uploads\/2025\/08\/21082025_600pm_68a788e8b579c.pdf\" type=\"application\/pdf\" style=\"width:100%;height:600px\" aria-label=\"Incrustado de 21082025_600pm_68a788e8b579c.\"><\/object><a id=\"wp-block-file--media-b76a696d-8b83-4f41-86de-6d412b00b270\" href=\"https:\/\/obispadoarica.cl\/home\/wp-content\/uploads\/2025\/08\/21082025_600pm_68a788e8b579c.pdf\">21082025_600pm_68a788e8b579c<\/a><a href=\"https:\/\/obispadoarica.cl\/home\/wp-content\/uploads\/2025\/08\/21082025_600pm_68a788e8b579c.pdf\" class=\"wp-block-file__button wp-element-button\" download aria-describedby=\"wp-block-file--media-b76a696d-8b83-4f41-86de-6d412b00b270\">Descarga<\/a><\/div>\n","protected":false},"excerpt":{"rendered":"<p>El Comit\u00e9 Permanente de la Conferencia Episcopal de Chile adhiri\u00f3 al llamado del Papa Le\u00f3n XIV a vivir este viernes 22 de agosto una Jornada de Oraci\u00f3n y Ayuno por la paz y la justicia. Los obispos invitan a implorar no solo por el fin de los conflictos armados internacionales, sino tambi\u00e9n por una paz [&#8230;]\n","protected":false},"author":2,"featured_media":3799,"comment_status":"closed","ping_status":"open","sticky":false,"template":"","format":"standard","meta":{"footnotes":""},"categories":[7],"tags":[],"class_list":["post-3798","post","type-post","status-publish","format-standard","has-post-thumbnail","hentry","category-noticias"],"yoast_head":"<!-- This site is optimized with the Yoast SEO plugin v24.6 - https:\/\/yoast.com\/wordpress\/plugins\/seo\/ -->\n<title>Obispos llaman a unirse a la Jornada de Oraci\u00f3n por la Paz y la Justicia convocada por el Papa Le\u00f3n - Obispado San Marcos de Arica<\/title>\n<meta name=\"robots\" content=\"index, follow, max-snippet:-1, max-image-preview:large, max-video-preview:-1\" \/>\n<link rel=\"canonical\" href=\"https:\/\/obispadoarica.cl\/home\/obispos-llaman-a-unirse-a-la-jornada-de-oracion-por-la-paz-y-la-justicia-convocada-por-el-papa-leon\/\" \/>\n<meta property=\"og:locale\" content=\"es_ES\" \/>\n<meta property=\"og:type\" content=\"article\" \/>\n<meta property=\"og:title\" content=\"Obispos llaman a unirse a la Jornada de Oraci\u00f3n por la Paz y la Justicia convocada por el Papa Le\u00f3n - Obispado San Marcos de Arica\" \/>\n<meta property=\"og:description\" content=\"El Comit\u00e9 Permanente de la Conferencia Episcopal de Chile adhiri\u00f3 al llamado del Papa Le\u00f3n XIV a vivir este viernes 22 de agosto una Jornada de Oraci\u00f3n y Ayuno por la paz y la justicia. Los obispos invitan a implorar no solo por el fin de los conflictos armados internacionales, sino tambi\u00e9n por una paz [...]\" \/>\n<meta property=\"og:url\" content=\"https:\/\/obispadoarica.cl\/home\/obispos-llaman-a-unirse-a-la-jornada-de-oracion-por-la-paz-y-la-justicia-convocada-por-el-papa-leon\/\" \/>\n<meta property=\"og:site_name\" content=\"Obispado San Marcos de Arica\" \/>\n<meta property=\"article:published_time\" content=\"2025-08-24T23:32:02+00:00\" \/>\n<meta property=\"article:modified_time\" content=\"2025-08-24T23:33:41+00:00\" \/>\n<meta property=\"og:image\" content=\"https:\/\/obispadoarica.cl\/home\/wp-content\/uploads\/2025\/08\/Gale68a7887ee8dc5_21082025_558pm.jpg\" \/>\n\t<meta property=\"og:image:width\" content=\"1000\" \/>\n\t<meta property=\"og:image:height\" content=\"563\" \/>\n\t<meta property=\"og:image:type\" content=\"image\/jpeg\" \/>\n<meta name=\"author\" content=\"Obispado de Arica\" \/>\n<meta name=\"twitter:card\" content=\"summary_large_image\" \/>\n<meta name=\"twitter:label1\" content=\"Escrito por\" \/>\n\t<meta name=\"twitter:data1\" content=\"Obispado de Arica\" \/>\n\t<meta name=\"twitter:label2\" content=\"Tiempo de lectura\" \/>\n\t<meta name=\"twitter:data2\" content=\"3 minutos\" \/>\n<script type=\"application\/ld+json\" class=\"yoast-schema-graph\">{\"@context\":\"https:\/\/schema.org\",\"@graph\":[{\"@type\":\"WebPage\",\"@id\":\"https:\/\/obispadoarica.cl\/home\/obispos-llaman-a-unirse-a-la-jornada-de-oracion-por-la-paz-y-la-justicia-convocada-por-el-papa-leon\/\",\"url\":\"https:\/\/obispadoarica.cl\/home\/obispos-llaman-a-unirse-a-la-jornada-de-oracion-por-la-paz-y-la-justicia-convocada-por-el-papa-leon\/\",\"name\":\"Obispos llaman a unirse a la Jornada de Oraci\u00f3n por la Paz y la Justicia convocada por el Papa Le\u00f3n - Obispado San Marcos de Arica\",\"isPartOf\":{\"@id\":\"https:\/\/obispadoarica.cl\/home\/#website\"},\"primaryImageOfPage\":{\"@id\":\"https:\/\/obispadoarica.cl\/home\/obispos-llaman-a-unirse-a-la-jornada-de-oracion-por-la-paz-y-la-justicia-convocada-por-el-papa-leon\/#primaryimage\"},\"image\":{\"@id\":\"https:\/\/obispadoarica.cl\/home\/obispos-llaman-a-unirse-a-la-jornada-de-oracion-por-la-paz-y-la-justicia-convocada-por-el-papa-leon\/#primaryimage\"},\"thumbnailUrl\":\"https:\/\/obispadoarica.cl\/home\/wp-content\/uploads\/2025\/08\/Gale68a7887ee8dc5_21082025_558pm.jpg\",\"datePublished\":\"2025-08-24T23:32:02+00:00\",\"dateModified\":\"2025-08-24T23:33:41+00:00\",\"author\":{\"@id\":\"https:\/\/obispadoarica.cl\/home\/#\/schema\/person\/1a8f4c2a3418412187dff039ecf9d97e\"},\"breadcrumb\":{\"@id\":\"https:\/\/obispadoarica.cl\/home\/obispos-llaman-a-unirse-a-la-jornada-de-oracion-por-la-paz-y-la-justicia-convocada-por-el-papa-leon\/#breadcrumb\"},\"inLanguage\":\"es\",\"potentialAction\":[{\"@type\":\"ReadAction\",\"target\":[\"https:\/\/obispadoarica.cl\/home\/obispos-llaman-a-unirse-a-la-jornada-de-oracion-por-la-paz-y-la-justicia-convocada-por-el-papa-leon\/\"]}]},{\"@type\":\"ImageObject\",\"inLanguage\":\"es\",\"@id\":\"https:\/\/obispadoarica.cl\/home\/obispos-llaman-a-unirse-a-la-jornada-de-oracion-por-la-paz-y-la-justicia-convocada-por-el-papa-leon\/#primaryimage\",\"url\":\"https:\/\/obispadoarica.cl\/home\/wp-content\/uploads\/2025\/08\/Gale68a7887ee8dc5_21082025_558pm.jpg\",\"contentUrl\":\"https:\/\/obispadoarica.cl\/home\/wp-content\/uploads\/2025\/08\/Gale68a7887ee8dc5_21082025_558pm.jpg\",\"width\":1000,\"height\":563},{\"@type\":\"BreadcrumbList\",\"@id\":\"https:\/\/obispadoarica.cl\/home\/obispos-llaman-a-unirse-a-la-jornada-de-oracion-por-la-paz-y-la-justicia-convocada-por-el-papa-leon\/#breadcrumb\",\"itemListElement\":[{\"@type\":\"ListItem\",\"position\":1,\"name\":\"Portada\",\"item\":\"https:\/\/obispadoarica.cl\/home\/\"},{\"@type\":\"ListItem\",\"position\":2,\"name\":\"Obispos llaman a unirse a la Jornada de Oraci\u00f3n por la Paz y la Justicia convocada por el Papa Le\u00f3n\"}]},{\"@type\":\"WebSite\",\"@id\":\"https:\/\/obispadoarica.cl\/home\/#website\",\"url\":\"https:\/\/obispadoarica.cl\/home\/\",\"name\":\"Obispado San Marcos de Arica\",\"description\":\"Di\u00f3cesis San Marcos de Arica\",\"potentialAction\":[{\"@type\":\"SearchAction\",\"target\":{\"@type\":\"EntryPoint\",\"urlTemplate\":\"https:\/\/obispadoarica.cl\/home\/?s={search_term_string}\"},\"query-input\":{\"@type\":\"PropertyValueSpecification\",\"valueRequired\":true,\"valueName\":\"search_term_string\"}}],\"inLanguage\":\"es\"},{\"@type\":\"Person\",\"@id\":\"https:\/\/obispadoarica.cl\/home\/#\/schema\/person\/1a8f4c2a3418412187dff039ecf9d97e\",\"name\":\"Obispado de Arica\",\"image\":{\"@type\":\"ImageObject\",\"inLanguage\":\"es\",\"@id\":\"https:\/\/obispadoarica.cl\/home\/#\/schema\/person\/image\/\",\"url\":\"https:\/\/secure.gravatar.com\/avatar\/c75d5ceafb11502016ed664658884b0b1b183fa6f96260878f47ac58f950c8d9?s=96&d=mm&r=g\",\"contentUrl\":\"https:\/\/secure.gravatar.com\/avatar\/c75d5ceafb11502016ed664658884b0b1b183fa6f96260878f47ac58f950c8d9?s=96&d=mm&r=g\",\"caption\":\"Obispado de Arica\"},\"url\":\"https:\/\/obispadoarica.cl\/home\/author\/c1300590\/\"}]}<\/script>\n<!-- \/ Yoast SEO plugin. -->","yoast_head_json":{"title":"Obispos llaman a unirse a la Jornada de Oraci\u00f3n por la Paz y la Justicia convocada por el Papa Le\u00f3n - Obispado San Marcos de Arica","robots":{"index":"index","follow":"follow","max-snippet":"max-snippet:-1","max-image-preview":"max-image-preview:large","max-video-preview":"max-video-preview:-1"},"canonical":"https:\/\/obispadoarica.cl\/home\/obispos-llaman-a-unirse-a-la-jornada-de-oracion-por-la-paz-y-la-justicia-convocada-por-el-papa-leon\/","og_locale":"es_ES","og_type":"article","og_title":"Obispos llaman a unirse a la Jornada de Oraci\u00f3n por la Paz y la Justicia convocada por el Papa Le\u00f3n - Obispado San Marcos de Arica","og_description":"El Comit\u00e9 Permanente de la Conferencia Episcopal de Chile adhiri\u00f3 al llamado del Papa Le\u00f3n XIV a vivir este viernes 22 de agosto una Jornada de Oraci\u00f3n y Ayuno por la paz y la justicia. Los obispos invitan a implorar no solo por el fin de los conflictos armados internacionales, sino tambi\u00e9n por una paz [...]","og_url":"https:\/\/obispadoarica.cl\/home\/obispos-llaman-a-unirse-a-la-jornada-de-oracion-por-la-paz-y-la-justicia-convocada-por-el-papa-leon\/","og_site_name":"Obispado San Marcos de Arica","article_published_time":"2025-08-24T23:32:02+00:00","article_modified_time":"2025-08-24T23:33:41+00:00","og_image":[{"width":1000,"height":563,"url":"https:\/\/obispadoarica.cl\/home\/wp-content\/uploads\/2025\/08\/Gale68a7887ee8dc5_21082025_558pm.jpg","type":"image\/jpeg"}],"author":"Obispado de Arica","twitter_card":"summary_large_image","twitter_misc":{"Escrito por":"Obispado de Arica","Tiempo de lectura":"3 minutos"},"schema":{"@context":"https:\/\/schema.org","@graph":[{"@type":"WebPage","@id":"https:\/\/obispadoarica.cl\/home\/obispos-llaman-a-unirse-a-la-jornada-de-oracion-por-la-paz-y-la-justicia-convocada-por-el-papa-leon\/","url":"https:\/\/obispadoarica.cl\/home\/obispos-llaman-a-unirse-a-la-jornada-de-oracion-por-la-paz-y-la-justicia-convocada-por-el-papa-leon\/","name":"Obispos llaman a unirse a la Jornada de Oraci\u00f3n por la Paz y la Justicia convocada por el Papa Le\u00f3n - Obispado San Marcos de Arica","isPartOf":{"@id":"https:\/\/obispadoarica.cl\/home\/#website"},"primaryImageOfPage":{"@id":"https:\/\/obispadoarica.cl\/home\/obispos-llaman-a-unirse-a-la-jornada-de-oracion-por-la-paz-y-la-justicia-convocada-por-el-papa-leon\/#primaryimage"},"image":{"@id":"https:\/\/obispadoarica.cl\/home\/obispos-llaman-a-unirse-a-la-jornada-de-oracion-por-la-paz-y-la-justicia-convocada-por-el-papa-leon\/#primaryimage"},"thumbnailUrl":"https:\/\/obispadoarica.cl\/home\/wp-content\/uploads\/2025\/08\/Gale68a7887ee8dc5_21082025_558pm.jpg","datePublished":"2025-08-24T23:32:02+00:00","dateModified":"2025-08-24T23:33:41+00:00","author":{"@id":"https:\/\/obispadoarica.cl\/home\/#\/schema\/person\/1a8f4c2a3418412187dff039ecf9d97e"},"breadcrumb":{"@id":"https:\/\/obispadoarica.cl\/home\/obispos-llaman-a-unirse-a-la-jornada-de-oracion-por-la-paz-y-la-justicia-convocada-por-el-papa-leon\/#breadcrumb"},"inLanguage":"es","potentialAction":[{"@type":"ReadAction","target":["https:\/\/obispadoarica.cl\/home\/obispos-llaman-a-unirse-a-la-jornada-de-oracion-por-la-paz-y-la-justicia-convocada-por-el-papa-leon\/"]}]},{"@type":"ImageObject","inLanguage":"es","@id":"https:\/\/obispadoarica.cl\/home\/obispos-llaman-a-unirse-a-la-jornada-de-oracion-por-la-paz-y-la-justicia-convocada-por-el-papa-leon\/#primaryimage","url":"https:\/\/obispadoarica.cl\/home\/wp-content\/uploads\/2025\/08\/Gale68a7887ee8dc5_21082025_558pm.jpg","contentUrl":"https:\/\/obispadoarica.cl\/home\/wp-content\/uploads\/2025\/08\/Gale68a7887ee8dc5_21082025_558pm.jpg","width":1000,"height":563},{"@type":"BreadcrumbList","@id":"https:\/\/obispadoarica.cl\/home\/obispos-llaman-a-unirse-a-la-jornada-de-oracion-por-la-paz-y-la-justicia-convocada-por-el-papa-leon\/#breadcrumb","itemListElement":[{"@type":"ListItem","position":1,"name":"Portada","item":"https:\/\/obispadoarica.cl\/home\/"},{"@type":"ListItem","position":2,"name":"Obispos llaman a unirse a la Jornada de Oraci\u00f3n por la Paz y la Justicia convocada por el Papa Le\u00f3n"}]},{"@type":"WebSite","@id":"https:\/\/obispadoarica.cl\/home\/#website","url":"https:\/\/obispadoarica.cl\/home\/","name":"Obispado San Marcos de Arica","description":"Di\u00f3cesis San Marcos de Arica","potentialAction":[{"@type":"SearchAction","target":{"@type":"EntryPoint","urlTemplate":"https:\/\/obispadoarica.cl\/home\/?s={search_term_string}"},"query-input":{"@type":"PropertyValueSpecification","valueRequired":true,"valueName":"search_term_string"}}],"inLanguage":"es"},{"@type":"Person","@id":"https:\/\/obispadoarica.cl\/home\/#\/schema\/person\/1a8f4c2a3418412187dff039ecf9d97e","name":"Obispado de Arica","image":{"@type":"ImageObject","inLanguage":"es","@id":"https:\/\/obispadoarica.cl\/home\/#\/schema\/person\/image\/","url":"https:\/\/secure.gravatar.com\/avatar\/c75d5ceafb11502016ed664658884b0b1b183fa6f96260878f47ac58f950c8d9?s=96&d=mm&r=g","contentUrl":"https:\/\/secure.gravatar.com\/avatar\/c75d5ceafb11502016ed664658884b0b1b183fa6f96260878f47ac58f950c8d9?s=96&d=mm&r=g","caption":"Obispado de Arica"},"url":"https:\/\/obispadoarica.cl\/home\/author\/c1300590\/"}]}},"_links":{"self":[{"href":"https:\/\/obispadoarica.cl\/home\/wp-json\/wp\/v2\/posts\/3798","targetHints":{"allow":["GET"]}}],"collection":[{"href":"https:\/\/obispadoarica.cl\/home\/wp-json\/wp\/v2\/posts"}],"about":[{"href":"https:\/\/obispadoarica.cl\/home\/wp-json\/wp\/v2\/types\/post"}],"author":[{"embeddable":true,"href":"https:\/\/obispadoarica.cl\/home\/wp-json\/wp\/v2\/users\/2"}],"replies":[{"embeddable":true,"href":"https:\/\/obispadoarica.cl\/home\/wp-json\/wp\/v2\/comments?post=3798"}],"version-history":[{"count":1,"href":"https:\/\/obispadoarica.cl\/home\/wp-json\/wp\/v2\/posts\/3798\/revisions"}],"predecessor-version":[{"id":3801,"href":"https:\/\/obispadoarica.cl\/home\/wp-json\/wp\/v2\/posts\/3798\/revisions\/3801"}],"wp:featuredmedia":[{"embeddable":true,"href":"https:\/\/obispadoarica.cl\/home\/wp-json\/wp\/v2\/media\/3799"}],"wp:attachment":[{"href":"https:\/\/obispadoarica.cl\/home\/wp-json\/wp\/v2\/media?parent=3798"}],"wp:term":[{"taxonomy":"category","embeddable":true,"href":"https:\/\/obispadoarica.cl\/home\/wp-json\/wp\/v2\/categories?post=3798"},{"taxonomy":"post_tag","embeddable":true,"href":"https:\/\/obispadoarica.cl\/home\/wp-json\/wp\/v2\/tags?post=3798"}],"curies":[{"name":"wp","href":"https:\/\/api.w.org\/{rel}","templated":true}]}}