{"id":3835,"date":"2025-08-26T22:07:06","date_gmt":"2025-08-27T02:07:06","guid":{"rendered":"https:\/\/obispadoarica.cl\/home\/?p=3835"},"modified":"2025-08-26T22:07:56","modified_gmt":"2025-08-27T02:07:56","slug":"declaracion-de-caritas-sobre-la-hambruna-provocada-por-el-hombre-y-el-ataque-a-gaza","status":"publish","type":"post","link":"https:\/\/obispadoarica.cl\/home\/declaracion-de-caritas-sobre-la-hambruna-provocada-por-el-hombre-y-el-ataque-a-gaza\/","title":{"rendered":"Declaraci\u00f3n de Caritas sobre la hambruna provocada por el hombre y el ataque a Gaza"},"content":{"rendered":"\n\n\n<p>El 20 de agosto de 2025, las fuerzas israel\u00edes irrumpieron en la Ciudad de Gaza, donde casi un mill\u00f3n de civiles desplazados hab\u00edan buscado refugio, muchos de ellos ya hambrientos. Dos d\u00edas despu\u00e9s, el 22 de agosto, la ONU declar\u00f3 oficialmente la hambruna. Para entonces, el da\u00f1o ya estaba hecho: 273 personas hab\u00edan muerto de inanici\u00f3n, incluyendo 112 ni\u00f1os. La declaraci\u00f3n no fue una advertencia, sino una triste confirmaci\u00f3n de lo que las organizaciones humanitarias llevaban meses denunciando:&nbsp;<strong>los habitantes de Gaza llevan mucho tiempo sufriendo un descenso deliberado hacia la inanici\u00f3n.<\/strong><\/p>\n\n\n\n<p>No se trata de un tr\u00e1gico accidente. Es el resultado de decisiones calculadas. Una poblaci\u00f3n despojada de refugio, sustento y seguridad ha sido abandonada a su suerte ante los ojos del mundo.<\/p>\n\n\n\n<p><strong>Esto no es una guerra. Es la destrucci\u00f3n sistem\u00e1tica de la vida de la poblaci\u00f3n civil.<\/strong>&nbsp;El asedio de Gaza se ha convertido en una maquinaria de aniquilaci\u00f3n, sostenida por la impunidad y el silencio, o la complicidad, de las naciones poderosas. La hambruna aqu\u00ed no es un desastre natural, sino el resultado de una estrategia deliberada: bloquear la ayuda, bombardear los convoyes de alimentos, destruir las infraestructuras y negar las necesidades b\u00e1sicas.<\/p>\n\n\n\n<p>Caritas Internationalis es testigo de este horror. A los civiles, en su mayor\u00eda ni\u00f1os y mujeres, se les mata de hambre, son bombardeados y exterminados. Gobiernos influyentes, corporaciones y multinacionales han permitido esta cat\u00e1strofe, mediante el apoyo militar, la ayuda financiera y la cobertura diplom\u00e1tica. Su silencio no es neutralidad, es aprobaci\u00f3n.<\/p>\n\n\n\n<p>Mientras tanto, la comunidad internacional se limita a declaraciones vac\u00edas y lugares comunes. Esta doble moral solo sirve para ganar tiempo y permitir que contin\u00fae la destrucci\u00f3n. Caritas Internationalis ve en Gaza un ataque deliberado contra la dignidad humana y el colapso del orden moral, un fracaso del liderazgo, de la responsabilidad y de la propia humanidad.<\/p>\n\n\n\n<p><strong>A la luz del Esp\u00edritu que nos gu\u00eda, Caritas aborrece en\u00e9rgicamente todos estos actos y omisiones. Representan un desprecio flagrante de los valores y principios fundamentales de la humanidad y violan claramente el derecho internacional humanitario, los derechos humanos y numerosas disposiciones de convenciones espec\u00edficas de Naciones Unidas, incluyendo la Convenci\u00f3n para la Prevenci\u00f3n y la Sanci\u00f3n del Delito de Genocidio.<\/strong><\/p>\n\n\n\n<p>Como nos recuerda el papa Francisco en&nbsp;<em>Fratelli tutti<\/em>:&nbsp;<strong>\u00abO nos salvamos todos juntos o no se salva nadie\u00bb.<\/strong><\/p>\n\n\n\n<p>Y las Escrituras nos exhortan:&nbsp;<strong>\u00abAlza tu voz por los que no tienen voz\u00bb&nbsp;<\/strong><em>(Proverbios 31, 8)<\/em><strong>. \u00abTodo lo que no hicisteis a uno de estos m\u00e1s peque\u00f1os, tampoco lo hicisteis a m\u00ed\u00bb&nbsp;<\/strong><em>(Mateo 25, 45).<\/em><\/p>\n\n\n\n<p><strong>CARITAS Internationalis exige:<\/strong><\/p>\n\n\n\n<ol class=\"wp-block-list\">\n<li>Un alto el fuego inmediato y permanente.<\/li>\n\n\n\n<li>Acceso humanitario sin restricciones para poner fin a la hambruna y ofrecer<\/li>\n\n\n\n<li>La liberaci\u00f3n de todos los rehenes y personas detenidas arbitrariamente.<\/li>\n\n\n\n<li>El despliegue de una fuerza de paz de Naciones Unidas para proteger a la poblaci\u00f3n civil.<\/li>\n\n\n\n<li>Protecci\u00f3n de todos los civiles, especialmente los ni\u00f1os, las mujeres y los ancianos.<\/li>\n\n\n\n<li>Rendici\u00f3n de cuentas de todos los autores y c\u00f3mplices ante los tribunales nacionales e internacionales.<\/li>\n\n\n\n<li>La plena aplicaci\u00f3n de la Opini\u00f3n Consultiva de la Corte Internacional de Justicia del 19 de julio de 2024, incluyendo:\n<ul class=\"wp-block-list\">\n<li>El fin de la presencia ilegal de Israel en el territorio palestino ocupado.<\/li>\n\n\n\n<li>El cese de las actividades de asentamiento y la evacuaci\u00f3n de los colonos.<\/li>\n\n\n\n<li>Ofrecer reparaciones.<\/li>\n\n\n\n<li>Exigir a los Estados que rechacen la situaci\u00f3n ilegal.<\/li>\n\n\n\n<li>Obligar a los \u00f3rganos de las Naciones Unidas a adoptar medidas concretas para poner fin a la ocupaci\u00f3n.<\/li>\n<\/ul>\n<\/li>\n<\/ol>\n\n\n\n<p>La hambruna en Gaza es una prueba de integridad moral, y son demasiados quienes han defraudado. Matar de hambre a una poblaci\u00f3n es profanar la vida. Permanecer en silencio es ser c\u00f3mplice.<\/p>\n\n\n\n<p>Caritas Internationalis hace una exhortaci\u00f3n a todas las personas de fe y conciencia para que alcen la voz, presionen a sus gobiernos y exijan justicia. El mundo est\u00e1 mirando. La historia est\u00e1 tomando nota. Y Gaza est\u00e1 esperando, no palabras, sino la salvaci\u00f3n.<\/p>\n\n\n\n<p>25\/08\/2025&nbsp;<a href=\"https:\/\/www.caritas.org\/category\/noticias\/comunicados-de-prensa\/?lang=es\">Comunicados de prensa<\/a>,&nbsp;<a href=\"https:\/\/www.caritas.org\/category\/holy-land-es\/?lang=es\">Holy Land<\/a>,&nbsp;<a href=\"https:\/\/www.caritas.org\/category\/incidencia\/?lang=es\">Incidencia<\/a><\/p>\n\n\n\n<p>link: <a href=\"https:\/\/www.caritas.org\/2025\/08\/declaracion-de-caritas-sobre-la-hambruna-provocada-por-el-hombre-y-el-ataque-a-gaza\/?lang=es\">https:\/\/www.caritas.org\/2025\/08\/declaracion-de-caritas-sobre-la-hambruna-provocada-por-el-hombre-y-el-ataque-a-gaza\/?lang=es<\/a><\/p>\n\n\n\n<p><\/p>\n","protected":false},"excerpt":{"rendered":"<p>El 20 de agosto de 2025, las fuerzas israel\u00edes irrumpieron en la Ciudad de Gaza, donde casi un mill\u00f3n de civiles desplazados hab\u00edan buscado refugio, muchos de ellos ya hambrientos. Dos d\u00edas despu\u00e9s, el 22 de agosto, la ONU declar\u00f3 oficialmente la hambruna. Para entonces, el da\u00f1o ya estaba hecho: 273 personas hab\u00edan muerto de [&#8230;]\n","protected":false},"author":2,"featured_media":3836,"comment_status":"closed","ping_status":"open","sticky":false,"template":"","format":"standard","meta":{"footnotes":""},"categories":[7],"tags":[],"class_list":["post-3835","post","type-post","status-publish","format-standard","has-post-thumbnail","hentry","category-noticias"],"yoast_head":"<!-- This site is optimized with the Yoast SEO plugin v24.6 - https:\/\/yoast.com\/wordpress\/plugins\/seo\/ -->\n<title>Declaraci\u00f3n de Caritas sobre la hambruna provocada por el hombre y el ataque a Gaza - Obispado San Marcos de Arica<\/title>\n<meta name=\"robots\" content=\"index, follow, max-snippet:-1, max-image-preview:large, max-video-preview:-1\" \/>\n<link rel=\"canonical\" href=\"https:\/\/obispadoarica.cl\/home\/declaracion-de-caritas-sobre-la-hambruna-provocada-por-el-hombre-y-el-ataque-a-gaza\/\" \/>\n<meta property=\"og:locale\" content=\"es_ES\" \/>\n<meta property=\"og:type\" content=\"article\" \/>\n<meta property=\"og:title\" content=\"Declaraci\u00f3n de Caritas sobre la hambruna provocada por el hombre y el ataque a Gaza - Obispado San Marcos de Arica\" \/>\n<meta property=\"og:description\" content=\"El 20 de agosto de 2025, las fuerzas israel\u00edes irrumpieron en la Ciudad de Gaza, donde casi un mill\u00f3n de civiles desplazados hab\u00edan buscado refugio, muchos de ellos ya hambrientos. Dos d\u00edas despu\u00e9s, el 22 de agosto, la ONU declar\u00f3 oficialmente la hambruna. Para entonces, el da\u00f1o ya estaba hecho: 273 personas hab\u00edan muerto de [...]\" \/>\n<meta property=\"og:url\" content=\"https:\/\/obispadoarica.cl\/home\/declaracion-de-caritas-sobre-la-hambruna-provocada-por-el-hombre-y-el-ataque-a-gaza\/\" \/>\n<meta property=\"og:site_name\" content=\"Obispado San Marcos de Arica\" \/>\n<meta property=\"article:published_time\" content=\"2025-08-27T02:07:06+00:00\" \/>\n<meta property=\"article:modified_time\" content=\"2025-08-27T02:07:56+00:00\" \/>\n<meta property=\"og:image\" content=\"https:\/\/obispadoarica.cl\/home\/wp-content\/uploads\/2025\/08\/53727322236_81cce24d3c_o.jpg\" \/>\n\t<meta property=\"og:image:width\" content=\"2048\" \/>\n\t<meta property=\"og:image:height\" content=\"1365\" \/>\n\t<meta property=\"og:image:type\" content=\"image\/jpeg\" \/>\n<meta name=\"author\" content=\"Obispado de Arica\" \/>\n<meta name=\"twitter:card\" content=\"summary_large_image\" \/>\n<meta name=\"twitter:label1\" content=\"Escrito por\" \/>\n\t<meta name=\"twitter:data1\" content=\"Obispado de Arica\" \/>\n\t<meta name=\"twitter:label2\" content=\"Tiempo de lectura\" \/>\n\t<meta name=\"twitter:data2\" content=\"4 minutos\" \/>\n<script type=\"application\/ld+json\" class=\"yoast-schema-graph\">{\"@context\":\"https:\/\/schema.org\",\"@graph\":[{\"@type\":\"WebPage\",\"@id\":\"https:\/\/obispadoarica.cl\/home\/declaracion-de-caritas-sobre-la-hambruna-provocada-por-el-hombre-y-el-ataque-a-gaza\/\",\"url\":\"https:\/\/obispadoarica.cl\/home\/declaracion-de-caritas-sobre-la-hambruna-provocada-por-el-hombre-y-el-ataque-a-gaza\/\",\"name\":\"Declaraci\u00f3n de Caritas sobre la hambruna provocada por el hombre y el ataque a Gaza - Obispado San Marcos de Arica\",\"isPartOf\":{\"@id\":\"https:\/\/obispadoarica.cl\/home\/#website\"},\"primaryImageOfPage\":{\"@id\":\"https:\/\/obispadoarica.cl\/home\/declaracion-de-caritas-sobre-la-hambruna-provocada-por-el-hombre-y-el-ataque-a-gaza\/#primaryimage\"},\"image\":{\"@id\":\"https:\/\/obispadoarica.cl\/home\/declaracion-de-caritas-sobre-la-hambruna-provocada-por-el-hombre-y-el-ataque-a-gaza\/#primaryimage\"},\"thumbnailUrl\":\"https:\/\/obispadoarica.cl\/home\/wp-content\/uploads\/2025\/08\/53727322236_81cce24d3c_o.jpg\",\"datePublished\":\"2025-08-27T02:07:06+00:00\",\"dateModified\":\"2025-08-27T02:07:56+00:00\",\"author\":{\"@id\":\"https:\/\/obispadoarica.cl\/home\/#\/schema\/person\/1a8f4c2a3418412187dff039ecf9d97e\"},\"breadcrumb\":{\"@id\":\"https:\/\/obispadoarica.cl\/home\/declaracion-de-caritas-sobre-la-hambruna-provocada-por-el-hombre-y-el-ataque-a-gaza\/#breadcrumb\"},\"inLanguage\":\"es\",\"potentialAction\":[{\"@type\":\"ReadAction\",\"target\":[\"https:\/\/obispadoarica.cl\/home\/declaracion-de-caritas-sobre-la-hambruna-provocada-por-el-hombre-y-el-ataque-a-gaza\/\"]}]},{\"@type\":\"ImageObject\",\"inLanguage\":\"es\",\"@id\":\"https:\/\/obispadoarica.cl\/home\/declaracion-de-caritas-sobre-la-hambruna-provocada-por-el-hombre-y-el-ataque-a-gaza\/#primaryimage\",\"url\":\"https:\/\/obispadoarica.cl\/home\/wp-content\/uploads\/2025\/08\/53727322236_81cce24d3c_o.jpg\",\"contentUrl\":\"https:\/\/obispadoarica.cl\/home\/wp-content\/uploads\/2025\/08\/53727322236_81cce24d3c_o.jpg\",\"width\":2048,\"height\":1365},{\"@type\":\"BreadcrumbList\",\"@id\":\"https:\/\/obispadoarica.cl\/home\/declaracion-de-caritas-sobre-la-hambruna-provocada-por-el-hombre-y-el-ataque-a-gaza\/#breadcrumb\",\"itemListElement\":[{\"@type\":\"ListItem\",\"position\":1,\"name\":\"Portada\",\"item\":\"https:\/\/obispadoarica.cl\/home\/\"},{\"@type\":\"ListItem\",\"position\":2,\"name\":\"Declaraci\u00f3n de Caritas sobre la hambruna provocada por el hombre y el ataque a Gaza\"}]},{\"@type\":\"WebSite\",\"@id\":\"https:\/\/obispadoarica.cl\/home\/#website\",\"url\":\"https:\/\/obispadoarica.cl\/home\/\",\"name\":\"Obispado San Marcos de Arica\",\"description\":\"Di\u00f3cesis San Marcos de Arica\",\"potentialAction\":[{\"@type\":\"SearchAction\",\"target\":{\"@type\":\"EntryPoint\",\"urlTemplate\":\"https:\/\/obispadoarica.cl\/home\/?s={search_term_string}\"},\"query-input\":{\"@type\":\"PropertyValueSpecification\",\"valueRequired\":true,\"valueName\":\"search_term_string\"}}],\"inLanguage\":\"es\"},{\"@type\":\"Person\",\"@id\":\"https:\/\/obispadoarica.cl\/home\/#\/schema\/person\/1a8f4c2a3418412187dff039ecf9d97e\",\"name\":\"Obispado de Arica\",\"image\":{\"@type\":\"ImageObject\",\"inLanguage\":\"es\",\"@id\":\"https:\/\/obispadoarica.cl\/home\/#\/schema\/person\/image\/\",\"url\":\"https:\/\/secure.gravatar.com\/avatar\/c75d5ceafb11502016ed664658884b0b1b183fa6f96260878f47ac58f950c8d9?s=96&d=mm&r=g\",\"contentUrl\":\"https:\/\/secure.gravatar.com\/avatar\/c75d5ceafb11502016ed664658884b0b1b183fa6f96260878f47ac58f950c8d9?s=96&d=mm&r=g\",\"caption\":\"Obispado de Arica\"},\"url\":\"https:\/\/obispadoarica.cl\/home\/author\/c1300590\/\"}]}<\/script>\n<!-- \/ Yoast SEO plugin. -->","yoast_head_json":{"title":"Declaraci\u00f3n de Caritas sobre la hambruna provocada por el hombre y el ataque a Gaza - Obispado San Marcos de Arica","robots":{"index":"index","follow":"follow","max-snippet":"max-snippet:-1","max-image-preview":"max-image-preview:large","max-video-preview":"max-video-preview:-1"},"canonical":"https:\/\/obispadoarica.cl\/home\/declaracion-de-caritas-sobre-la-hambruna-provocada-por-el-hombre-y-el-ataque-a-gaza\/","og_locale":"es_ES","og_type":"article","og_title":"Declaraci\u00f3n de Caritas sobre la hambruna provocada por el hombre y el ataque a Gaza - Obispado San Marcos de Arica","og_description":"El 20 de agosto de 2025, las fuerzas israel\u00edes irrumpieron en la Ciudad de Gaza, donde casi un mill\u00f3n de civiles desplazados hab\u00edan buscado refugio, muchos de ellos ya hambrientos. Dos d\u00edas despu\u00e9s, el 22 de agosto, la ONU declar\u00f3 oficialmente la hambruna. Para entonces, el da\u00f1o ya estaba hecho: 273 personas hab\u00edan muerto de [...]","og_url":"https:\/\/obispadoarica.cl\/home\/declaracion-de-caritas-sobre-la-hambruna-provocada-por-el-hombre-y-el-ataque-a-gaza\/","og_site_name":"Obispado San Marcos de Arica","article_published_time":"2025-08-27T02:07:06+00:00","article_modified_time":"2025-08-27T02:07:56+00:00","og_image":[{"width":2048,"height":1365,"url":"https:\/\/obispadoarica.cl\/home\/wp-content\/uploads\/2025\/08\/53727322236_81cce24d3c_o.jpg","type":"image\/jpeg"}],"author":"Obispado de Arica","twitter_card":"summary_large_image","twitter_misc":{"Escrito por":"Obispado de Arica","Tiempo de lectura":"4 minutos"},"schema":{"@context":"https:\/\/schema.org","@graph":[{"@type":"WebPage","@id":"https:\/\/obispadoarica.cl\/home\/declaracion-de-caritas-sobre-la-hambruna-provocada-por-el-hombre-y-el-ataque-a-gaza\/","url":"https:\/\/obispadoarica.cl\/home\/declaracion-de-caritas-sobre-la-hambruna-provocada-por-el-hombre-y-el-ataque-a-gaza\/","name":"Declaraci\u00f3n de Caritas sobre la hambruna provocada por el hombre y el ataque a Gaza - Obispado San Marcos de Arica","isPartOf":{"@id":"https:\/\/obispadoarica.cl\/home\/#website"},"primaryImageOfPage":{"@id":"https:\/\/obispadoarica.cl\/home\/declaracion-de-caritas-sobre-la-hambruna-provocada-por-el-hombre-y-el-ataque-a-gaza\/#primaryimage"},"image":{"@id":"https:\/\/obispadoarica.cl\/home\/declaracion-de-caritas-sobre-la-hambruna-provocada-por-el-hombre-y-el-ataque-a-gaza\/#primaryimage"},"thumbnailUrl":"https:\/\/obispadoarica.cl\/home\/wp-content\/uploads\/2025\/08\/53727322236_81cce24d3c_o.jpg","datePublished":"2025-08-27T02:07:06+00:00","dateModified":"2025-08-27T02:07:56+00:00","author":{"@id":"https:\/\/obispadoarica.cl\/home\/#\/schema\/person\/1a8f4c2a3418412187dff039ecf9d97e"},"breadcrumb":{"@id":"https:\/\/obispadoarica.cl\/home\/declaracion-de-caritas-sobre-la-hambruna-provocada-por-el-hombre-y-el-ataque-a-gaza\/#breadcrumb"},"inLanguage":"es","potentialAction":[{"@type":"ReadAction","target":["https:\/\/obispadoarica.cl\/home\/declaracion-de-caritas-sobre-la-hambruna-provocada-por-el-hombre-y-el-ataque-a-gaza\/"]}]},{"@type":"ImageObject","inLanguage":"es","@id":"https:\/\/obispadoarica.cl\/home\/declaracion-de-caritas-sobre-la-hambruna-provocada-por-el-hombre-y-el-ataque-a-gaza\/#primaryimage","url":"https:\/\/obispadoarica.cl\/home\/wp-content\/uploads\/2025\/08\/53727322236_81cce24d3c_o.jpg","contentUrl":"https:\/\/obispadoarica.cl\/home\/wp-content\/uploads\/2025\/08\/53727322236_81cce24d3c_o.jpg","width":2048,"height":1365},{"@type":"BreadcrumbList","@id":"https:\/\/obispadoarica.cl\/home\/declaracion-de-caritas-sobre-la-hambruna-provocada-por-el-hombre-y-el-ataque-a-gaza\/#breadcrumb","itemListElement":[{"@type":"ListItem","position":1,"name":"Portada","item":"https:\/\/obispadoarica.cl\/home\/"},{"@type":"ListItem","position":2,"name":"Declaraci\u00f3n de Caritas sobre la hambruna provocada por el hombre y el ataque a Gaza"}]},{"@type":"WebSite","@id":"https:\/\/obispadoarica.cl\/home\/#website","url":"https:\/\/obispadoarica.cl\/home\/","name":"Obispado San Marcos de Arica","description":"Di\u00f3cesis San Marcos de Arica","potentialAction":[{"@type":"SearchAction","target":{"@type":"EntryPoint","urlTemplate":"https:\/\/obispadoarica.cl\/home\/?s={search_term_string}"},"query-input":{"@type":"PropertyValueSpecification","valueRequired":true,"valueName":"search_term_string"}}],"inLanguage":"es"},{"@type":"Person","@id":"https:\/\/obispadoarica.cl\/home\/#\/schema\/person\/1a8f4c2a3418412187dff039ecf9d97e","name":"Obispado de Arica","image":{"@type":"ImageObject","inLanguage":"es","@id":"https:\/\/obispadoarica.cl\/home\/#\/schema\/person\/image\/","url":"https:\/\/secure.gravatar.com\/avatar\/c75d5ceafb11502016ed664658884b0b1b183fa6f96260878f47ac58f950c8d9?s=96&d=mm&r=g","contentUrl":"https:\/\/secure.gravatar.com\/avatar\/c75d5ceafb11502016ed664658884b0b1b183fa6f96260878f47ac58f950c8d9?s=96&d=mm&r=g","caption":"Obispado de Arica"},"url":"https:\/\/obispadoarica.cl\/home\/author\/c1300590\/"}]}},"_links":{"self":[{"href":"https:\/\/obispadoarica.cl\/home\/wp-json\/wp\/v2\/posts\/3835","targetHints":{"allow":["GET"]}}],"collection":[{"href":"https:\/\/obispadoarica.cl\/home\/wp-json\/wp\/v2\/posts"}],"about":[{"href":"https:\/\/obispadoarica.cl\/home\/wp-json\/wp\/v2\/types\/post"}],"author":[{"embeddable":true,"href":"https:\/\/obispadoarica.cl\/home\/wp-json\/wp\/v2\/users\/2"}],"replies":[{"embeddable":true,"href":"https:\/\/obispadoarica.cl\/home\/wp-json\/wp\/v2\/comments?post=3835"}],"version-history":[{"count":2,"href":"https:\/\/obispadoarica.cl\/home\/wp-json\/wp\/v2\/posts\/3835\/revisions"}],"predecessor-version":[{"id":3838,"href":"https:\/\/obispadoarica.cl\/home\/wp-json\/wp\/v2\/posts\/3835\/revisions\/3838"}],"wp:featuredmedia":[{"embeddable":true,"href":"https:\/\/obispadoarica.cl\/home\/wp-json\/wp\/v2\/media\/3836"}],"wp:attachment":[{"href":"https:\/\/obispadoarica.cl\/home\/wp-json\/wp\/v2\/media?parent=3835"}],"wp:term":[{"taxonomy":"category","embeddable":true,"href":"https:\/\/obispadoarica.cl\/home\/wp-json\/wp\/v2\/categories?post=3835"},{"taxonomy":"post_tag","embeddable":true,"href":"https:\/\/obispadoarica.cl\/home\/wp-json\/wp\/v2\/tags?post=3835"}],"curies":[{"name":"wp","href":"https:\/\/api.w.org\/{rel}","templated":true}]}}